{"id":2293,"date":"2020-06-16T10:44:58","date_gmt":"2020-06-16T10:44:58","guid":{"rendered":"http:\/\/www.movimientocaamanista.com\/?p=2293"},"modified":"2020-06-16T10:44:59","modified_gmt":"2020-06-16T10:44:59","slug":"argentina-relatos-del-covid-19-cuando-los-casos-son-nombres-que-tienen-historias","status":"publish","type":"post","link":"http:\/\/www.movimientocaamanista.com\/?p=2293","title":{"rendered":"Argentina. Relatos del Covid-19, cuando los casos son nombres que tienen historias"},"content":{"rendered":"\n<p>Charo Blasco Y Bel\u00e9n Brizuela<\/p>\n\n\n\n<p>Fuente: <a href=\"https:\/\/kaosenlared.net\/argentina-relatos-del-covid-19-cuando-los-casos-son-nombres-que-tienen-historias\/\">Kaos en la Red<\/a><\/p>\n\n\n\n<p>La m\u00e9dica generalista Charo Blasco, en su columna Destrozando la Salud del programa radial A mi no me importa, comparti\u00f3 algunos relatos que dan cuenta de c\u00f3mo se vive la pandemia de COVID-19 desde la perspectiva de los y las trabajadoras de la salud. El \u00faltimo de estos escritos es de Bel\u00e9n Brizuela, tambi\u00e9n m\u00e9dica, reformulado con su autorizaci\u00f3n y con los nombres cambiados para preservar la identidad de las personas. Mientras los medios tradicionales muestran n\u00fameros y hablan de casos, aqu\u00ed elegimos ponerles nombres y contar sus historias, aunque nos embargue la tristeza.<\/p>\n\n\n\n<p>De un tiempo a esta parte, el grupo de whatsapp que comparto con mis amigas, el que us\u00e1bamos para arreglar c\u00f3mo ir a los partidos del Arge\u00f1ero o en la casa de quien tocaba juntarse en la semana, se llen\u00f3 de estos mensajes:<\/p>\n\n\n\n<p>\ud83d\udd14&nbsp;<em>Me mand\u00f3 un mensaje, me dijo que no sab\u00eda d\u00f3nde estaba, que le hab\u00edan hecho el hisopado. La subieron a un rem\u00eds y la llevaron a un predio pero nadie le dijo d\u00f3nde era. Le ped\u00ed que me mande la ubicaci\u00f3n por whatsapp, le expliqu\u00e9 c\u00f3mo hacerlo\u2026&nbsp;<\/em><\/p>\n\n\n\n<p>\ud83d\udd14&nbsp;<em>Estuve hasta las ocho esperando la ambulancia con \u00e9l ahog\u00e1ndose. Un c\u00f3digo rojo de SAME tard\u00f3 m\u00e1s de cinco horas. Todo despu\u00e9s de haberlo mandado a la guardia el d\u00eda anterior y que sin m\u00e1s le dijeran que mejor volviera a su casa.<\/em><\/p>\n\n\n\n<p>\ud83d\udd14&nbsp;<em>Che, Charo, se fue In\u00e9s. Se la llev\u00f3 el COVID\u2026&nbsp;<\/em><br>Y yo pens\u00e9: eso y haber vivido la vida entera con las necesidades b\u00e1sicas insatisfechas y subiendo la escalera caracol de su casa de rodillas los \u00faltimos diez a\u00f1os, porque ya no pod\u00eda hacerlo de otra manera por la artrosis.<\/p>\n\n\n\n<p>\ud83d\udd14&nbsp;<em>Nos reunimos antes de empezar el operativo, nos hicieron entrar en calor, mover las articulaciones, bailar el carnavalito, y respirar mientras una persona tocaba un cuenco y otra la flauta. Hab\u00eda que estar energ\u00e9ticamente listas y lindas para la foto, para salir a buscar personas con contacto estrecho de otras personas con hisopado positivo en el barrio.<\/em><\/p>\n\n\n\n<p>\ud83d\udd14&nbsp;<em>Che, amiga, te quer\u00eda contar que ayer falleci\u00f3 Teresa\u2026&nbsp;&nbsp;<\/em><br>Yo la conoc\u00eda de haberla atendido algunas veces en la salita, para ella yo era \u201cesa la que est\u00e1 toda escrachada\u201d, porque tengo tatuajes. Ten\u00eda 30 a\u00f1os y c\u00e1ncer de cuello de \u00fatero, alcanz\u00f3 a despedirse de uno de sus hijos por tel\u00e9fono, estaba sola en el hospital, por esto del COVID-19.<\/p>\n\n\n\n<p>Ayer a la ma\u00f1ana, una de mis amigas nos mand\u00f3 un mensaje, dec\u00eda algo como&nbsp;<em>\u201ccreo que acabo de presenciar el r\u00e9cord de las desgracias en tiempos de COVID\u201d<\/em>. Despu\u00e9s no supimos nada m\u00e1s de ella hasta la noche, cuando nos comparti\u00f3 un relato que hoy me gustar\u00eda compartir con ustedes.<\/p>\n\n\n\n<p>\ud83d\udd14 Como todos los d\u00edas, abrimos la pantalla y vemos c\u00f3mo se va alargando la lista de las personas con COVID. \u00bfC\u00f3mo que lo mandaron a la casa y era positivo? \u00bfC\u00f3mo que no saben que vive con diez personas y comparte el ba\u00f1o con otras veinte? \u00bfC\u00f3mo que le empez\u00f3 a faltar el aire y el SAME no fue? \u00bfC\u00f3mo que no sabes d\u00f3nde est\u00e1 tu familia? \u00bfC\u00f3mo no te comunicaron nada? \u00bfC\u00f3mo que te echaron del trabajo porque tenes COVID?<br>Hoy, a las 9.24 me sent\u00e9 para llamar a Juan. \u00c9l vive con su pap\u00e1 Severo, su hermana Ana y su mam\u00e1 Rosa. Este es el llamado que hago a diario desde que internaron a Severo y a&nbsp; Ana en distintos hospitales, por diagn\u00f3stico de COVID. \u00bfC\u00f3mo est\u00e1s Juan? \u00bfC\u00f3mo est\u00e1 Rosa? \u00bfHoy tuvieron alg\u00fan s\u00edntoma? \u2018Doctora\u2019, dijo con la voz entrecortada. \u2018Pas\u00f3 una tragedia\u2019. La angustia que tengo, ya habitual, se transform\u00f3 en una presi\u00f3n en el pecho, bien fuerte. No pod\u00eda imaginar qu\u00e9 cosa empeorar\u00eda su situaci\u00f3n. Ya sab\u00eda que Severo empezaba a necesitar ox\u00edgeno, nos lo hab\u00edan comunicado desde el hospital; y Rosa, con muchas enfermedades cr\u00f3nicas, depend\u00eda de que Juan no enferme.<\/p>\n\n\n\n<p>\u2018Mi mam\u00e1 falleci\u00f3 anoche\u2019, dijo. Fue a levantar Rosa, a la hora de la cena y ella no respondi\u00f3. Llam\u00f3 al SAME. La ambulancia la llev\u00f3 al hospital y \u00e9l no puedo ir porque ambos estaban haciendo aislamiento por contacto estrecho con personas con diagn\u00f3stico de COVID-19. Lo llamaron horas despu\u00e9s, para comunicarle que la madre hab\u00eda fallecido de un probable ACV sin m\u00e1s explicaci\u00f3n, y le pidieron que se acerque a la ma\u00f1ana siguiente a retirar el certificado de defunci\u00f3n.<\/p>\n\n\n\n<p>Juan no sab\u00eda c\u00f3mo ni cu\u00e1ndo comunicarle a Ana, su hermana, sobre el fallecimiento. Y mucho menos a Severo, ya que sab\u00eda que su estado de salud estaba empeorando. \u00c9l, en aislamiento, se acerc\u00f3 al hospital donde est\u00e1 Severo, su pap\u00e1, para llevarle algo de ropa. Habl\u00f3 con lxs medicxs y les pidi\u00f3 que no se le diga nada, ten\u00eda miedo que la noticia lo empeore.<\/p>\n\n\n\n<p>Le pregunt\u00e9 c\u00f3mo le parec\u00eda hacer con Ana, si necesitaba algo del equipo de salud. \u00c9l prefiri\u00f3 que seamos nosotras quienes le contemos la noticia.<\/p>\n\n\n\n<p>Conoc\u00ed a la familia en el 2019, cuando abri\u00f3 la salita. Rosa entr\u00f3 al consultorio en una silla de ruedas empujada por Juan. Ella, una mujer adulta mayor, hablaba con firmeza y mirada profunda. Sab\u00eda su medicaci\u00f3n, las dosis exactas y los horarios de toma. Me pidi\u00f3 explicaciones sobre las m\u00faltiples intervenciones que le hab\u00eda hecho en el \u00faltimo a\u00f1o, no confiaba.<\/p>\n\n\n\n<p>Vuelvo a llamar a Juan para avisarle que van a ir a ver Ana y comunicarle la noticia. Me atiende y me dice que est\u00e1 en la entrada del Hospital, donde la polic\u00eda lo retiene: \u2018No me dejan irme\u2019. Le hab\u00edan avisado por tel\u00e9fono que su madre era COVID positivo. \u2018Me retienen porque quieren que me hisope doctora\u2019. Le pido que me pase con las fuerzas de seguridad, escucho que se niegan a hablar. Llamo a una conocida que est\u00e1 en el hospital, ella avisa a la guardia para que alguien se acerque a ver qu\u00e9 pasa con Juan, \u00e9l solamente quiere despedirse de su madre. El m\u00e9dico de la guardia le comenta que en la madrugada, la ambulancia dej\u00f3 \u2018tirada\u2019 -cito textual- en una camilla a una se\u00f1ora que no pod\u00eda hablar ni identificarse. Que llamaron a la polic\u00eda notificando una NN y ausencia de familiar de la misma. Entonces me llaman y la historia de Rosa coincid\u00eda con la se\u00f1ora NN que permanec\u00eda a\u00fan sin poder ser identificada.&nbsp; Juan segu\u00eda retenido en la puerta del hospital, entonces el m\u00e9dico de la guardia decidi\u00f3 sacarle una foto a la se\u00f1ora y mostr\u00e1rsela a ese \u2018tal Juan\u2019 que estaba buscando el cuerpo de su madre. Duel\u00e1ndola, desesperado y sin poder irse a su casa ni ser escuchado por quienes lo reten\u00edan. Juan reconoce que efectivamente la se\u00f1ora era Rosa.<\/p>\n\n\n\n<p>\u00bfDiagn\u00f3stico? Traumatismo de cr\u00e1neo por una ca\u00edda con sangrado intracraneal que la dej\u00f3 sin habla, pero en la guardia lo \u00fanico que se hizo fue hisoparla para ver si ten\u00eda COVID-19.<\/p>\n\n\n\n<p>Rosa no puede hablar, no puede preguntar qu\u00e9 le pasa, no puede ni decir su nombre. Pero est\u00e1 viva\u201d.<\/p>\n\n\n\n<p>Al momento de publicar estas l\u00edneas, Rosa hab\u00eda fallecido.<\/p>\n","protected":false},"excerpt":{"rendered":"<p>Charo Blasco Y Bel\u00e9n Brizuela Fuente: Kaos en la Red La m\u00e9dica generalista Charo Blasco, en su columna Destrozando la Salud del programa radial A mi no me importa, comparti\u00f3 algunos relatos que dan cuenta de c\u00f3mo se vive la pandemia de COVID-19 desde la perspectiva de los y las trabajadoras de la salud. El [&hellip;]<\/p>\n","protected":false},"author":1,"featured_media":2294,"comment_status":"open","ping_status":"open","sticky":false,"template":"","format":"standard","meta":{"footnotes":""},"categories":[5,3],"tags":[],"_links":{"self":[{"href":"http:\/\/www.movimientocaamanista.com\/index.php?rest_route=\/wp\/v2\/posts\/2293"}],"collection":[{"href":"http:\/\/www.movimientocaamanista.com\/index.php?rest_route=\/wp\/v2\/posts"}],"about":[{"href":"http:\/\/www.movimientocaamanista.com\/index.php?rest_route=\/wp\/v2\/types\/post"}],"author":[{"embeddable":true,"href":"http:\/\/www.movimientocaamanista.com\/index.php?rest_route=\/wp\/v2\/users\/1"}],"replies":[{"embeddable":true,"href":"http:\/\/www.movimientocaamanista.com\/index.php?rest_route=%2Fwp%2Fv2%2Fcomments&post=2293"}],"version-history":[{"count":1,"href":"http:\/\/www.movimientocaamanista.com\/index.php?rest_route=\/wp\/v2\/posts\/2293\/revisions"}],"predecessor-version":[{"id":2295,"href":"http:\/\/www.movimientocaamanista.com\/index.php?rest_route=\/wp\/v2\/posts\/2293\/revisions\/2295"}],"wp:featuredmedia":[{"embeddable":true,"href":"http:\/\/www.movimientocaamanista.com\/index.php?rest_route=\/wp\/v2\/media\/2294"}],"wp:attachment":[{"href":"http:\/\/www.movimientocaamanista.com\/index.php?rest_route=%2Fwp%2Fv2%2Fmedia&parent=2293"}],"wp:term":[{"taxonomy":"category","embeddable":true,"href":"http:\/\/www.movimientocaamanista.com\/index.php?rest_route=%2Fwp%2Fv2%2Fcategories&post=2293"},{"taxonomy":"post_tag","embeddable":true,"href":"http:\/\/www.movimientocaamanista.com\/index.php?rest_route=%2Fwp%2Fv2%2Ftags&post=2293"}],"curies":[{"name":"wp","href":"https:\/\/api.w.org\/{rel}","templated":true}]}}