{"id":2296,"date":"2020-06-16T10:48:20","date_gmt":"2020-06-16T10:48:20","guid":{"rendered":"http:\/\/www.movimientocaamanista.com\/?p=2296"},"modified":"2020-06-16T10:48:21","modified_gmt":"2020-06-16T10:48:21","slug":"mexico-el-agravamiento-de-la-pandemia-revierte-las-fantasias-de-amlo","status":"publish","type":"post","link":"http:\/\/www.movimientocaamanista.com\/?p=2296","title":{"rendered":"M\u00e9xico. El agravamiento de la pandemia revierte las fantas\u00edas de AMLO"},"content":{"rendered":"\n<p>Jaime Gonz\u00e1lez<\/p>\n\n\n\n<p>Fuente: <a href=\"https:\/\/kaosenlared.net\/mexico-el-agravamiento-de-la-pandemia-revierte-las-fantasias-de-amlo\/\">Kaos en la Red<\/a><\/p>\n\n\n\n<p>A principios del pasado mes de mayo, el presidente Andr\u00e9s Manuel L\u00f3pez Obrador (AMLO) pidi\u00f3 a la poblaci\u00f3n dar \u201cel \u00faltimo jal\u00f3n\u201d para vencer a la pandemia de COVID-19. \u201cYa falta poco, ya se ve la luz al final del t\u00fanel\u201d.(1) Estimaba que las actividades laborales y educativas podr\u00edan reanudarse el 17 de mayo en las zonas con pocos contagios, y el primero de junio en el resto del pa\u00eds.<\/p>\n\n\n\n<p>La figura de la \u201cluz al final del t\u00fanel\u201d nos evoca el mensaje que el comandante de las fuerzas estadounidenses en Vietnam, General William Westmoreland, dirigi\u00f3 el 11 de noviembre de 1967 a los medios de comunicaci\u00f3n. Se trataba de un intento por levantar los \u00e1nimos de la poblaci\u00f3n, en vista de las preocupantes noticias que llegaban desde los frentes de batalla en el Sureste Asi\u00e1tico. La mencionada expresi\u00f3n fue atribuida a Westmoreland,(2) aunque este neg\u00f3 haberla usado.(3) Pero independientemente de que lo haya dicho o no, quedar\u00eda como una de las m\u00e1s memorables iron\u00edas relativas a la colosal derrota sufrida por los Estados Unidos (EUA) en la Guerra de Vietnam.(4)<\/p>\n\n\n\n<p>En M\u00e9xico, el d\u00eda de hoy la fase ha recobrado su sentido tr\u00e1gico e ir\u00f3nico, junto con tantas otras fantas\u00edas pronunciadas por el presidente de la Rep\u00fablica en sus conferencias matinales, las famosas \u201cma\u00f1aneras\u201d.<\/p>\n\n\n\n<p><strong>La pandemia que sigue avanzando en M\u00e9xico<\/strong><\/p>\n\n\n\n<p>Sobra decir que las actividades laborales y educativas no pudieron ser reanudadas en las fechas previstas por AMLO. Del 3 de mayo al 3 junio, la cantidad de casos de COVID-19 confirmados por la Secretar\u00eda de Salud hab\u00eda crecido de 23,471 a 101,238, y el n\u00famero de muertes oficialmente registradas hab\u00eda avanzado de 2,154 a 11,729; es decir, que del inicio al final del mencionado periodo se hab\u00edan contabilizado 9,575 muertes y 77,767 casos m\u00e1s.(5) Peor a\u00fan, ambas cantidades han seguido creciendo de manera muy preocupante: para el d\u00eda 9 de junio, la cantidad de casos de infecci\u00f3n por COVID-19 creci\u00f3 a 124,301, y la de fallecidos a 14,649.<\/p>\n\n\n\n<p>Es necesario tomar en cuenta, tambi\u00e9n, que tanto el n\u00famero de casos como el de fallecimientos dados a conocer por la Secretar\u00eda de Salud han sido fuertemente cuestionados en varias investigaciones period\u00edsticas realizadas por cuatro de los m\u00e1s reconocidos diarios a nivel internacional. El caso m\u00e1s sonado fue el del reportaje publicado por el New York Times sobre las omisiones en el conteo de fallecimientos en la ciudad de M\u00e9xico.(6) En lugar de solicitar una indagaci\u00f3n sobre los hechos planteados en los mencionados reportajes, AMLO atac\u00f3 a estos diarios y los acus\u00f3 de falta de \u00e9tica. Sin embargo, tal como acostumbra hacerlo en sus conferencias ma\u00f1aneras\u2013 no respondi\u00f3 a los argumentos presentados por dichos diarios.<\/p>\n\n\n\n<p>D\u00edas m\u00e1s tarde, el semanario Proceso public\u00f3 un art\u00edculo donde entrevist\u00f3 a la Directora de Informaci\u00f3n de la Secretar\u00eda de Salud, Sof\u00eda Granados, quien admiti\u00f3 que la dependencia s\u00f3lo contaba con datos preliminares para 2019, y los de 2020 ni siquiera se podr\u00edan considerar preliminares, ya que existe un atraso en en su captura y recopilaci\u00f3n.(7)<\/p>\n\n\n\n<div class=\"wp-block-image\"><figure class=\"aligncenter\"><img decoding=\"async\" src=\"https:\/\/correspondenciadeprensa.files.wordpress.com\/2020\/06\/mc3a9xico1406-ii.jpg?w=594&amp;h=397\" alt=\"M\u00e9xico1406 II\" class=\"wp-image-12339\"\/><\/figure><\/div>\n\n\n\n<p>Mario Romero Zavala y Laureanne Despeghel publicaron en la revista Nexos los resultados de un estudio realizado en base a comparar las muertes registradas en la Ciudad de M\u00e9xico en 2020, con el promedio de fallecimientos registrados en actas de defunci\u00f3n durante los cuatro a\u00f1os anteriores.(8) Para el periodo de enero a mayo, los autores de la investigaci\u00f3n estimaron un excedente de 120 por ciento entre el promedio de actas emitidas los a\u00f1os anteriores y la cantidad correspondiente a 2020. Del 1 de abril hasta el 20 de mayo, encontraron 7,359 casos de muerte excedentes en comparaci\u00f3n con el promedio para el mismo periodo durante los a\u00f1os anteriores. Por supuesto, no todos los excedentes mencionadas corresponden a muertes por COVID-19; pero si comparamos estas 7,359 defunciones con los 1,832 decesos oficialmente reconocidos como ocasionados por la pandemia, podemos darnos una idea de la magnitud que pueden alcanzar las cifras reales.<\/p>\n\n\n\n<p>Existen, pues, bases muy fuertes para sustentar las investigaciones period\u00edsticas que AMLO considera como faltas de \u00e9tica.<\/p>\n\n\n\n<p>No se conoce, tampoco, siquiera una aproximaci\u00f3n de la cantidad de personas contagiadas de COVID-19 en M\u00e9xico, que debe ser muy superior a la cantidad de casos oficialmente reconocidos. Este hecho ha sido parcialmente reconocido por L\u00f3pez-Gatell, aunque se escuda bajo el pretexto de que en ning\u00fan otro pa\u00eds se conoce la cifra real. Es necesario a\u00f1adir, sin embargo, que la diferencia con muchos otros pa\u00edses consiste en que \u2013contrariamente a las insistentes recomendaciones de la Organizaci\u00f3n Mundial de la Salud\u2013 en M\u00e9xico se realizan relativamente pocas pruebas cl\u00ednicas para determinar la prevalencia de COVID-19 entre la poblaci\u00f3n. El gobierno mexicano est\u00e1 navegando a ciegas, y de ah\u00ed que sus modelos y estimaciones est\u00e9n tan alejados de la realidad.(9)<\/p>\n\n\n\n<p><strong>No llega el tan anunciado pico de la pandemia<\/strong><\/p>\n\n\n\n<p>Una de las manifestaciones m\u00e1s claras del grado al cual AMLO y el subsecretario de Salubridad L\u00f3pez-Gatell andan a obscuras sobre el desarrollo de la pandemia en M\u00e9xico han sido los constantes cambios en cuanto a las fechas en las cuales el n\u00famero de contagios llegar\u00eda a su m\u00e1ximo, conocido como el \u201cpico\u201d de la pandemia. Les es muy importante que se haya alcanzado el pico, porque se espera que despu\u00e9s de este los casos comiencen a descender. El 24 abril, L\u00f3pez-Gatell preve\u00eda que el pico llegar\u00eda durante la semana siguiente (26 de abril al 2 de mayo), (10) pero el escabullidizo fen\u00f3meno no lleg\u00f3, y la cantidad de casos continu\u00f3 creciendo. Poco despu\u00e9s, AMLO dijo que iniciar\u00eda el 8 de mayo, y podr\u00eda durar hasta el d\u00eda 20 de ese mes.(11)<\/p>\n\n\n\n<p>Ra\u00fal Rojas, uno de los matem\u00e1ticos m\u00e1s respetados en M\u00e9xico, escribi\u00f3 un art\u00edculo que fue publicado el 9 de mayo por El Universal, titulado \u201c\u00bfPor qu\u00e9 los modelos matem\u00e1ticos del gobierno para la epidemia de COVID-19 son fallidos?\u201d. (12) Entre otros errores en el mencionado modelo, Rojas se\u00f1ala que la gr\u00e1fica para el \u201cValle de M\u00e9xico\u201d pronostica el fin abrupto de la pandemia el 25 de junio \u2013ni un d\u00eda m\u00e1s, ni un d\u00eda menos\u2013, lo cual es imposible de prever, ya que se trata de una simulaci\u00f3n que debe considerar un margen de incertidumbre. Pero no s\u00f3lo eso, sino que en modelos m\u00e1s serios elaborados por el Instituto Koch de Alemania se considera que la epidemia puede tardar en extinguirse hasta tres a\u00f1os. En el Instituto Koch, nos dice Rojas, \u201cno apuestan a los milagros\u201d.<\/p>\n\n\n\n<p>Nuevamente, en lugar de considerar los argumentos, AMLO ha atacado a los cient\u00edficos mexicanos que lo critican mediante el uso de ep\u00edtetos, y de manera absurda los presenta como partidarios de la dictadura porfirista de fines del siglo XIX y principios del XX.<\/p>\n\n\n\n<p><strong>Un problema pol\u00edtico de liderazgo<\/strong><\/p>\n\n\n\n<p>Algo anda muy mal, no s\u00f3lo con las estimaciones de AMLO y los modelos matem\u00e1ticos de la Secretar\u00eda de Salud. Y el problema no reside en el uso de modelos matem\u00e1ticos, a los cuales \u2013con todo y sus m\u00e1rgenes de incertidumbre\u2013 se les ha sacado un gran provecho en instituciones como el Instituto Koch en Alemania y el Imperial College en el Reino Unido.(13) En M\u00e9xico cuenta tambi\u00e9n con instituciones y personal de investigaci\u00f3n capaz de sacar provecho al empleo de modelos matem\u00e1ticos; pero el problema del gobierno de AMLO reside m\u00e1s bien en el \u00e1mbito pol\u00edtico: L\u00f3pez-Gatell y su equipo han venido planteando las alternativas y cursos de acci\u00f3n que AMLO desea escuchar, en lugar de dejar en claro lo que conviene al pa\u00eds. Por ejemplo, el subsecretario se ha aferrado a no hacer pruebas cl\u00ednicas extensivas para detectar focos de infecci\u00f3n de COVID-19, seguramente debido que el costo de los insumos y equipos necesarios interferir\u00eda con otros proyectos de AMLO, cuya importancia en estos momentos palidece en comparaci\u00f3n con la gravedad de la pandemia.<\/p>\n\n\n\n<p>Algo muy similar sucede con las prisas de AMLO por reiniciar lo antes posible las actividades econ\u00f3micas y educativas. Es por ello que el gobierno de la llamada Cuarta Transformaci\u00f3n (4T) opt\u00f3 por lo que le pareci\u00f3 un curso de acci\u00f3n aparentemente m\u00e1s f\u00e1cil y barato: dejar correr los contagios, al grado de recomendar que la poblaci\u00f3n se diera besos y abrazos, y continuara su vida como si nada estuviera sucediendo. Peor todav\u00eda, los d\u00edas 14 y 15 de marzo se realiz\u00f3 el Festival Vive Latino en la Ciudad de M\u00e9xico, cuando ya se sab\u00eda que eventos masivos similares hab\u00edan acelerado de manera muy peligrosa los contagios en Italia y el Reino Unido.<\/p>\n\n\n\n<p>No fue sino hasta el 24 de ese mes que se decret\u00f3 la llamada Fase 2 de la respuesta a la pandemia, que inclu\u00eda medidas como la suspensi\u00f3n de clases en las escuelas. Poco despu\u00e9s se decret\u00f3 la Fase 3, que inclu\u00eda medidas generalizadas de confinamiento social, aunque el cumplimiento de estas fue m\u00e1s bien laxo. Para entonces, se hab\u00edan perdido tiempo y oportunidades preciosas para emprender un curso de acci\u00f3n oportuno y decidido, como el que tomaron pa\u00edses como Alemania, Corea del Sur, Dinamarca e Irlanda, que hoy han podido restablecer gran parte \u2013si no es que la casi totalidad\u2013 de sus actividades econ\u00f3micas y educativas. Est\u00e1n tambi\u00e9n los ejemplos de Cuba (14) y del Estado de Kerala en la India, donde con recursos limitados, pero con medidas oportunas y bien dirigidas han logrado resultados excepcionales en el combate a la pandemia.<\/p>\n\n\n\n<p>Estoy consciente que quedo de deuda con las personas que nos leen, porque existen varios temas urgentes que debemos tratar en relaci\u00f3n a la pandemia. Hay, por ejemplo, un enorme sector de la poblaci\u00f3n que depende de la econom\u00eda informal, y que no fue tomado en cuenta a la hora de decretar las medidas de confinamiento. Lo mismo podemos decir de otros sectores que han quedado desamparados, como es el caso de las personas trabajadoras de la cultura. Y, no menos importante, est\u00e1 el tema del estado que guardan los hospitales del sistema de salud en M\u00e9xico. Saldar\u00e9 esta deuda a la brevedad posible.<\/p>\n\n\n\n<p><em><strong>&nbsp;* Jaime Gonz\u00e1lez<\/strong>&nbsp;es militante de la Liga de Unidad Socialista (LUS).<\/em><\/p>\n\n\n\n<p><strong>Notas<\/strong><\/p>\n\n\n\n<p>1) Villa y Ca\u00f1a, P. (2020, 4 de mayo). \u201cVamos a darle el \u00faltimo jal\u00f3n, ya se ve la luz al final del t\u00fanel\u201d: AMLO sobre COVID-19. El Universal.&nbsp;<a href=\"https:\/\/www.eluniversal.com.mx\/nacion\/politica\/vamos-darle-el-ultimo-jalon-ya-se-ve-la-luz-al-final-del-tunel-amlo-sobre-COVID-19\">https:\/\/www.eluniversal.com.mx\/nacion\/politica\/vamos-darle-el-ultimo-jalon-ya-se-ve-la-luz-al-final-del-tunel-amlo-sobre-COVID-19<\/a><\/p>\n\n\n\n<p>2) Mo\u00efse, E. E. (2017, Nov. 20). Lyndon Johnson\u2019s War Propaganda. The New York Times.&nbsp;<a href=\"https:\/\/www.nytimes.com\/2017\/11\/20\/opinion\/johnson-propaganda-vietnam-westmoreland.html\">https:\/\/www.nytimes.com\/2017\/11\/20\/opinion\/johnson-propaganda-vietnam-westmoreland.html<\/a><\/p>\n\n\n\n<p>3) Farber, M. A. (1984, Nov. 30). General disputes quote in CBS trial. The New York Times.&nbsp;<a href=\"https:\/\/www.nytimes.com\/1984\/11\/30\/arts\/general-disputes-quote-in-cbs-trial.html\">https:\/\/www.nytimes.com\/1984\/11\/30\/arts\/general-disputes-quote-in-cbs-trial.html&nbsp;<\/a><\/p>\n\n\n\n<p>4) Rotter, A., ed. (2010). Light at the end of the tunnel\u202f: a Vietnam War anthology (3rd ed., p. xxv ). Rowman &amp; Littlefield.&nbsp;<a href=\"https:\/\/books.google.com.mx\/books?id=YluDE6X-CgUC&amp;lpg=PP1&amp;dq=Rotter%20light%20at%20the%20end%20of%20the%20tunnel&amp;hl=es&amp;pg=PR25#v=onepage&amp;q&amp;f=false\">https:\/\/books.google.com.mx\/books?id=YluDE6X-CgUC&amp;lpg=PP1&amp;dq=Rotter%20light%20at%20the%20end%20of%20the%20tunnel&amp;hl=es&amp;pg=PR25#v=onepage&amp;q&amp;f=false<\/a><\/p>\n\n\n\n<p>5) Datos tomados del tablero publicado por el Centro de Ciencia e Ingenier\u00eda de Sistemas de la Universidad de Johns Hopkins,&nbsp;<a href=\"https:\/\/coronavirus.jhu.edu\/map.html\">https:\/\/coronavirus.jhu.edu\/map.html&nbsp;&nbsp;&nbsp;<\/a><\/p>\n\n\n\n<p>6) Ahmed, A. (2020, May 8). Hidden Toll: Mexico Ignores Wave of Coronavirus Deaths in Capital. The New York Times.&nbsp;<a href=\"https:\/\/www.nytimes.com\/2020\/05\/08\/world\/americas\/mexico-coronavirus-count.html\">https:\/\/www.nytimes.com\/2020\/05\/08\/world\/americas\/mexico-coronavirus-count.html<\/a><\/p>\n\n\n\n<p>7) Fierro, J. O. (2020, 12 de mayo). Es oficial: hay subregistro de muertes por COVID-19. Proceso.&nbsp;&nbsp;<a href=\"https:\/\/www.proceso.com.mx\/629770\/es-oficial-hay-subregistro-de-muertes-por-COVID-19\">https:\/\/www.proceso.com.mx\/629770\/es-oficial-hay-subregistro-de-muertes-por-COVID-19&nbsp;<\/a><\/p>\n\n\n\n<p>8) Romero Zavala, M., &amp; Despeghel, L. (2020, 25 de mayo). \u00bfQu\u00e9 nos dicen las actas de defunci\u00f3n de la CDMX? Nexos.&nbsp;<a href=\"https:\/\/datos.nexos.com.mx\/?p=1388\">https:\/\/datos.nexos.com.mx\/?p=1388<\/a><\/p>\n\n\n\n<p>9) S\u00e1nchez Jim\u00e9nez, A. y Rom\u00e1n, J. A. (2020, 28 de abril). El modelo centinela no arroja cifras reales sobre el COVID-19: UNAM. La Jornada.&nbsp;<a href=\"https:\/\/www.jornada.com.mx\/ultimas\/politica\/2020\/04\/28\/el-modelo-centinela-no-arroja-cifras-reales-sobre-el-COVID-19-unam-6223.html\">https:\/\/www.jornada.com.mx\/ultimas\/politica\/2020\/04\/28\/el-modelo-centinela-no-arroja-cifras-reales-sobre-el-COVID-19-unam-6223.html<\/a><\/p>\n\n\n\n<p>10) Cruz Mart\u00ednez, \u00c1. (2020, 24 de abril). L\u00f3pez-Gatell: el pico de la epidemia durar\u00e1 3 semanas . La Jornada.&nbsp;<a href=\"https:\/\/www.jornada.com.mx\/ultimas\/politica\/2020\/04\/24\/lopez-gatell-el-pico-de-la-epidemia-durara-3-semanas-9654.html\">https:\/\/www.jornada.com.mx\/ultimas\/politica\/2020\/04\/24\/lopez-gatell-el-pico-de-la-epidemia-durara-3-semanas-9654.html<\/a><\/p>\n\n\n\n<p>11) Redacci\u00f3n. (2020, 9 de mayo). Difieren por fecha del pico de contagios: AMLO dice mayo; acad\u00e9micos, junio. El Universal.&nbsp;<a href=\"https:\/\/www.eluniversal.com.mx\/nacion\/difieren-por-fecha-del-pico-de-contagios-amlo-dice-mayo-academicos-junio\">https:\/\/www.eluniversal.com.mx\/nacion\/difieren-por-fecha-del-pico-de-contagios-amlo-dice-mayo-academicos-junio<\/a><\/p>\n\n\n\n<p>12) Rojas, R. (2020, May 6). \u00bfPor qu\u00e9 los modelos matem\u00e1ticos del gobierno para la epidemia de COVID-19 son fallidos? El Universal.&nbsp;<a href=\"https:\/\/www.eluniversal.com.mx\/ciencia-y-salud\/por-que-los-modelos-matematicos-del-gobierno-para-la-epidemia-del-COVID-19-son\">https:\/\/www.eluniversal.com.mx\/ciencia-y-salud\/por-que-los-modelos-matematicos-del-gobierno-para-la-epidemia-del-COVID-19-son&nbsp;<\/a><\/p>\n\n\n\n<p><a href=\"https:\/\/www.eluniversal.com.mx\/ciencia-y-salud\/por-que-los-modelos-matematicos-del-gobierno-para-la-epidemia-del-COVID-19-son\">13) Flaxman, S., Mishra, S., Gandy, A\u2026 Ferguson, N., Okell<\/a>, L., &amp; Bhatt, S. (2020). Estimating the effects of non-pharmaceutical interventions on COVID-19 in Europe. Nature.&nbsp;<a href=\"https:\/\/doi.org\/10.1038\/s41586-020-2405-7\">https:\/\/doi.org\/10.1038\/s41586-020-2405-7&nbsp;<\/a><\/p>\n\n\n\n<p>14) Agustin, E. (2020, June). Cuba sets example with successful programme to contain coronavirus. The Guardian.&nbsp;<a href=\"https:\/\/www.theguardian.com\/world\/2020\/jun\/07\/cuba-coronavirus-success-contact-tracing-isolation\">https:\/\/www.theguardian.com\/world\/2020\/jun\/07\/cuba-coronavirus-success-contact-tracing-isolation<\/a><\/p>\n","protected":false},"excerpt":{"rendered":"<p>Jaime Gonz\u00e1lez Fuente: Kaos en la Red A principios del pasado mes de mayo, el presidente Andr\u00e9s Manuel L\u00f3pez Obrador (AMLO) pidi\u00f3 a la poblaci\u00f3n dar \u201cel \u00faltimo jal\u00f3n\u201d para vencer a la pandemia de COVID-19. \u201cYa falta poco, ya se ve la luz al final del t\u00fanel\u201d.(1) Estimaba que las actividades laborales y educativas [&hellip;]<\/p>\n","protected":false},"author":1,"featured_media":2134,"comment_status":"open","ping_status":"open","sticky":false,"template":"","format":"standard","meta":{"footnotes":""},"categories":[5,3],"tags":[],"_links":{"self":[{"href":"http:\/\/www.movimientocaamanista.com\/index.php?rest_route=\/wp\/v2\/posts\/2296"}],"collection":[{"href":"http:\/\/www.movimientocaamanista.com\/index.php?rest_route=\/wp\/v2\/posts"}],"about":[{"href":"http:\/\/www.movimientocaamanista.com\/index.php?rest_route=\/wp\/v2\/types\/post"}],"author":[{"embeddable":true,"href":"http:\/\/www.movimientocaamanista.com\/index.php?rest_route=\/wp\/v2\/users\/1"}],"replies":[{"embeddable":true,"href":"http:\/\/www.movimientocaamanista.com\/index.php?rest_route=%2Fwp%2Fv2%2Fcomments&post=2296"}],"version-history":[{"count":1,"href":"http:\/\/www.movimientocaamanista.com\/index.php?rest_route=\/wp\/v2\/posts\/2296\/revisions"}],"predecessor-version":[{"id":2297,"href":"http:\/\/www.movimientocaamanista.com\/index.php?rest_route=\/wp\/v2\/posts\/2296\/revisions\/2297"}],"wp:featuredmedia":[{"embeddable":true,"href":"http:\/\/www.movimientocaamanista.com\/index.php?rest_route=\/wp\/v2\/media\/2134"}],"wp:attachment":[{"href":"http:\/\/www.movimientocaamanista.com\/index.php?rest_route=%2Fwp%2Fv2%2Fmedia&parent=2296"}],"wp:term":[{"taxonomy":"category","embeddable":true,"href":"http:\/\/www.movimientocaamanista.com\/index.php?rest_route=%2Fwp%2Fv2%2Fcategories&post=2296"},{"taxonomy":"post_tag","embeddable":true,"href":"http:\/\/www.movimientocaamanista.com\/index.php?rest_route=%2Fwp%2Fv2%2Ftags&post=2296"}],"curies":[{"name":"wp","href":"https:\/\/api.w.org\/{rel}","templated":true}]}}