{"id":2318,"date":"2020-06-18T23:45:18","date_gmt":"2020-06-18T23:45:18","guid":{"rendered":"http:\/\/www.movimientocaamanista.com\/?p=2318"},"modified":"2020-06-18T23:45:18","modified_gmt":"2020-06-18T23:45:18","slug":"crisis-ninez-y-humanidad-empobrecida","status":"publish","type":"post","link":"http:\/\/www.movimientocaamanista.com\/?p=2318","title":{"rendered":"CRISIS, NI\u00d1EZ Y HUMANIDAD EMPOBRECIDA"},"content":{"rendered":"\n<p>Narciso Isa Conde<\/p>\n\n\n\n<p>El gran capital privado, la partidocracia y los Estados que convergen en un capitalismo endurecido, gansterizado y en decadencia, han decidido volcar los costos de la crisis que los estremece \u2013desnudada y acelerada brutalmente por la COVID 19- sobre el proletariado mundial y el conjunto de la humanidad empobrecida, excluida, abusada y oprimida.<\/p>\n\n\n\n<p>Esa determinaci\u00f3n se traduce en despidos masivos de decenas de millones de asalariados\/as, reducci\u00f3n del poder de compra y precarizaci\u00f3n de los ingresos de quienes logren conservar su empleo, acompa\u00f1ados del empobrecimiento de grandes contingentes de cuenta-propistas y quiebra en cascadas de peque\u00f1os, medianos y micro-empresarios.<\/p>\n\n\n\n<p>Esa din\u00e1mica perversa, a su vez, implica profundizaci\u00f3n de las desigualdades sociales, sobre-explotaci\u00f3n en escala m\u00e1s intensas de todos los sectores discriminados y menospreciados por las elites capitalistas dentro de la pir\u00e1mides social de una dominaci\u00f3n no solo clasista en extremo, sino tambi\u00e9n patriarcal, racista, adulto-c\u00e9ntrica, xen\u00f3foba y homof\u00f3bica.<\/p>\n\n\n\n<p>Se traducir\u00e1, adem\u00e1s, en una mayor depredaci\u00f3n y empobrecimiento de la naturaleza no humana, a consecuencia del incremento de la voracidad minera y otros procesos industriales presentados como \u201cimprescindibles\u201d para la recuperaci\u00f3n de la econom\u00eda capitalista.<\/p>\n\n\n\n<p>\u00b7 ENSA\u00d1AMIENTO, VORACIDAD E INDIGNACI\u00d3N.<\/p>\n\n\n\n<p>En tiempo de grandes crisis \u2013 y esta podr\u00eda ser m\u00e1s grave que todas las anteriores- las garras del capital tienden a ensa\u00f1arse contra todo lo que le permita recuperar ganancias y acumular riquezas.<\/p>\n\n\n\n<p>Entran de manera sobresaliente en ese cap\u00edtulo todos los sectores cuya vulnerabilidad hist\u00f3rica, por opresiones y discriminaciones de larga data, le facilita al poder capitalista sobre-explotar, exprimir y generar plus ganancias; as\u00ed como todo componente del suelo y el subsuelo que le ayude a potenciar su productividad en medio de de la depresi\u00f3n.<\/p>\n\n\n\n<p>Volcada esa voracidad sobre pueblos dominados y sobre el patrimonio natural de la humanidad, es visible como la manipulaci\u00f3n de la crisis -acompa\u00f1ada de la coerci\u00f3n con que se procura contener indignaciones multitudinarias- potencia, junto a la opresi\u00f3n de pobrec\u00eda mundial por la burgues\u00eda mundial, las opresiones machistas y racistas, y la dictadura impuesta a j\u00f3venes y ni\u00f1os\/as.<\/p>\n\n\n\n<p>En casa y fuera de casa, en calles y campos, en empresas paralizadas o reabiertas, en nuevas opciones y en la falta opciones en cuanto a educaci\u00f3n, salud y trabajo, de frente y al interior de los cuerpos de represi\u00f3n, la pesada carga se torna mucho m\u00e1s desigual y agobiante para todos\/as los\/as discriminados\/as y menospreciados\/as.<\/p>\n\n\n\n<p>\u00b7 AGRESI\u00d3N SENSIBLE.<\/p>\n\n\n\n<p>No es pues accidental que los estallidos sociales detonen por esos eslabones s\u00faper-maltratados de la cadena opresiva.<\/p>\n\n\n\n<p>Y dentro de ese conjunto de grandes canalladas, agreden el coraz\u00f3n de los pueblos las perspectivas inmediatas de la ni\u00f1ez, en tanto la insurgencia global en gestaci\u00f3n no logre sus frutos emancipadores.<\/p>\n\n\n\n<p>Una insurgencia ciertamente en marcha, espoleada en este periodo por el ajuste global de corte fondomonetarista que ha representado una pandemia que ha sido manipulada para convertirla en cr\u00f3nica, y, sobre todo, en un gran negocio.<\/p>\n\n\n\n<p>Tan grave pinta el panorama de ni\u00f1ez de estos tiempos que la UNICEF y la OIT en su reciente informe \u201cLa COVID-19 y el trabajo infantil: per\u00edodo de crisis\u201d y sus principales ejecutivos y especialistas se ven obligados a advertirnos:<\/p>\n\n\n\n<ul><li><em>Que \u201clos ni\u00f1os que ya trabajan podr\u00edan tener que hacerlo durante m\u00e1s horas, o en peores condiciones. Muchos de ellos podr\u00edan verse obligados a realizar las peores formas de trabajo, lo que causar\u00eda un da\u00f1o significativo a su salud y a su seguridad.\u201d<\/em><\/li><\/ul>\n\n\n\n<ul><li><em>Que &#8220;habida cuenta de las graves consecuencias de la pandemia en los ingresos de las familias, muchas de estas, al no tener apoyo alguno, podr\u00edan recurrir al trabajo infantil&#8221;. (Guy Ryder, Director General de la OIT).<\/em><\/li><li><em>Que \u201cla COVID-19 podr\u00eda resultar en un aumento de la pobreza y por tanto en un incremento del trabajo infantil, ya que los hogares utilizan todos los medios disponibles para sobrevivir\u201d<\/em><\/li><li><em>Que \u201cen tiempos de crisis, el trabajo infantil se convierte en un mecanismo de supervivencia para muchas familias. A medida que la pobreza aumenta, las escuelas cierran y la disponibilidad de los servicios sociales disminuye, m\u00e1s ni\u00f1os se ven empujados a trabajar. (Directora Ejecutiva de UNICEF, Henrietta Fore)<\/em><\/li><\/ul>\n\n\n\n<p><em>(\u201cSeg\u00fan la OIT y UNICEF, millones de ni\u00f1os podr\u00edan verse obligados a realizar trabajo infantil como consecuencia de la COVID-19\u201d.- Bolet\u00edn UNICEF para cada ni\u00f1o\/Am\u00e9rica Latina y el Caribe)<\/em><\/p>\n\n\n\n<p>La racionalidad del gran capital nada tiene que ver con el futuro de la humanidad que encarna la ni\u00f1ez. Ni con la salud de mujeres y j\u00f3venes, ni con los derechos de negros y mestizos, ni con las necesidades de los seres humanos, ni con la sanidad del ambiente, ni con el destino de r\u00edos, bosques, mares y arroyos.<\/p>\n\n\n\n<p>Ella se basa en obtener ganancias, en recuperar ganancias, en multiplicar ganancias. Y en tiempo de mega-crisis sus juegos, m\u00e1s que pesados, se tornan genocidas y ecocidas.<\/p>\n\n\n\n<p>\u00a1Apuremos la siembra de soberan\u00eda y socialismo, porque si nos dilatamos m\u00e1s de la cuenta, no habr\u00e1 cabezas para colocar los sombreros!<\/p>\n","protected":false},"excerpt":{"rendered":"<p>Narciso Isa Conde El gran capital privado, la partidocracia y los Estados que convergen en un capitalismo endurecido, gansterizado y en decadencia, han decidido volcar los costos de la crisis que los estremece \u2013desnudada y acelerada brutalmente por la COVID 19- sobre el proletariado mundial y el conjunto de la humanidad empobrecida, excluida, abusada y [&hellip;]<\/p>\n","protected":false},"author":1,"featured_media":2319,"comment_status":"open","ping_status":"open","sticky":false,"template":"","format":"standard","meta":{"footnotes":""},"categories":[5,16],"tags":[],"_links":{"self":[{"href":"http:\/\/www.movimientocaamanista.com\/index.php?rest_route=\/wp\/v2\/posts\/2318"}],"collection":[{"href":"http:\/\/www.movimientocaamanista.com\/index.php?rest_route=\/wp\/v2\/posts"}],"about":[{"href":"http:\/\/www.movimientocaamanista.com\/index.php?rest_route=\/wp\/v2\/types\/post"}],"author":[{"embeddable":true,"href":"http:\/\/www.movimientocaamanista.com\/index.php?rest_route=\/wp\/v2\/users\/1"}],"replies":[{"embeddable":true,"href":"http:\/\/www.movimientocaamanista.com\/index.php?rest_route=%2Fwp%2Fv2%2Fcomments&post=2318"}],"version-history":[{"count":1,"href":"http:\/\/www.movimientocaamanista.com\/index.php?rest_route=\/wp\/v2\/posts\/2318\/revisions"}],"predecessor-version":[{"id":2320,"href":"http:\/\/www.movimientocaamanista.com\/index.php?rest_route=\/wp\/v2\/posts\/2318\/revisions\/2320"}],"wp:featuredmedia":[{"embeddable":true,"href":"http:\/\/www.movimientocaamanista.com\/index.php?rest_route=\/wp\/v2\/media\/2319"}],"wp:attachment":[{"href":"http:\/\/www.movimientocaamanista.com\/index.php?rest_route=%2Fwp%2Fv2%2Fmedia&parent=2318"}],"wp:term":[{"taxonomy":"category","embeddable":true,"href":"http:\/\/www.movimientocaamanista.com\/index.php?rest_route=%2Fwp%2Fv2%2Fcategories&post=2318"},{"taxonomy":"post_tag","embeddable":true,"href":"http:\/\/www.movimientocaamanista.com\/index.php?rest_route=%2Fwp%2Fv2%2Ftags&post=2318"}],"curies":[{"name":"wp","href":"https:\/\/api.w.org\/{rel}","templated":true}]}}