{"id":2334,"date":"2020-06-20T10:46:41","date_gmt":"2020-06-20T10:46:41","guid":{"rendered":"http:\/\/www.movimientocaamanista.com\/?p=2334"},"modified":"2020-06-20T10:46:43","modified_gmt":"2020-06-20T10:46:43","slug":"cuba-reanuda-el-turismo-con-protocolos-de-bioseguridad","status":"publish","type":"post","link":"http:\/\/www.movimientocaamanista.com\/?p=2334","title":{"rendered":"Cuba. Reanuda el turismo con protocolos de bioseguridad"},"content":{"rendered":"\n<p>Fuente: <a href=\"https:\/\/www.resumenlatinoamericano.org\/2020\/06\/18\/cuba-reanuda-el-turismo-con-protocolos-de-bioseguridad\/\">Resumen Latinoamericano<\/a><\/p>\n\n\n\n<p><strong>El sector tur\u00edstico de Cuba se reanud\u00f3 a partir de este jueves 18 de junio, adoptando las medidas de bioseguridad para evitar posibles contagios con la Covid-19.<\/strong><\/p>\n\n\n\n<p>El ministro de Turismo de Cuba, Juan Carlos Garc\u00eda, inform\u00f3 este jueves, sobre la reanudaci\u00f3n de las operaciones de la industria del Turismo, las cuales cerraron&nbsp;durante el mes de marzo, con el objetivo de contener la propagaci\u00f3n de la pandemia del coronavirus&nbsp;en la isla.<\/p>\n\n\n\n<figure class=\"wp-block-image\"><img decoding=\"async\" src=\"https:\/\/pbs.twimg.com\/media\/EawEU4-WoAIgCmM?format=jpg&amp;name=360x360\" alt=\"Imagen\"\/><\/figure>\n\n\n\n<p>Durante una entrevista para un medio de comunicaci\u00f3n local, Garc\u00eda detall\u00f3 que junto al trabajo realizado con las autoridades sanitarias, profesionales de la salud, y la Organizaci\u00f3n Mundial de la Salud (OMS), Cuba&nbsp;elabor\u00f3 un plan de tres fases para reabrir el sector tur\u00edstico.<\/p>\n\n\n\n<p>Entre las medidas adoptadas se decret\u00f3 como fase uno, la apertura del mercado interno como las instalaciones hoteleras&nbsp;y actividades recreativas de campismo&nbsp;a partir del 18 de junio, a excepci\u00f3n de las ciudades de La Habana (capital de Cuba), y Matanza, donde se registra el mayor foco de infecci\u00f3n con la Covid-19.<\/p>\n\n\n\n<figure class=\"wp-block-image\"><img decoding=\"async\" src=\"https:\/\/pbs.twimg.com\/media\/EawEU41XQAgnAbF?format=jpg&amp;name=360x360\" alt=\"Imagen\"\/><\/figure>\n\n\n\n<p>Asimismo, el ministro Garc\u00eda se\u00f1al\u00f3 que la segunda etapa de las operaciones&nbsp;se implementar\u00e1 a partir del 1 de julio, al permitir&nbsp;el turismo internacional al interior de las islas de Cayo Largo, Cayo Coco, Cayo Guillermo, Cayo Cruz y Cayo Santa Mar\u00eda, extremando las medidas de bioseguridad con los ciudadanos locales.<\/p>\n\n\n\n<p>\u201cLa circulaci\u00f3n del turismo internacional ser\u00e1 solo en el interior de los cayos donde vacacionen. Incluso las excursiones ser\u00e1n dentro del \u00e1rea del cayo\u201d expres\u00f3 el comunicado del Ministerio de Turismo cubano.<\/p>\n\n\n\n<p>En ese sentido, la tercera fase de la reanudaci\u00f3n de la industria del turismo en Cuba, se llevar\u00e1 a cabo con la activaci\u00f3n de&nbsp;los turoperadores y agencias de viaje, los cuales podr\u00e1n vender viajes a todos los destinos.<\/p>\n\n\n\n<p>\u201cSe restablecer\u00e1n las operaciones de circuitos, limitado a un volumen m\u00e1ximo de clientes y se crear\u00e1n condiciones en hoteles para el aislamiento de turistas extranjeros con s\u00edntomas respiratorios\u201d agreg\u00f3 la misiva del organismo.<\/p>\n","protected":false},"excerpt":{"rendered":"<p>Fuente: Resumen Latinoamericano El sector tur\u00edstico de Cuba se reanud\u00f3 a partir de este jueves 18 de junio, adoptando las medidas de bioseguridad para evitar posibles contagios con la Covid-19. El ministro de Turismo de Cuba, Juan Carlos Garc\u00eda, inform\u00f3 este jueves, sobre la reanudaci\u00f3n de las operaciones de la industria del Turismo, las cuales [&hellip;]<\/p>\n","protected":false},"author":1,"featured_media":1999,"comment_status":"open","ping_status":"open","sticky":false,"template":"","format":"standard","meta":{"footnotes":""},"categories":[5,3],"tags":[],"_links":{"self":[{"href":"http:\/\/www.movimientocaamanista.com\/index.php?rest_route=\/wp\/v2\/posts\/2334"}],"collection":[{"href":"http:\/\/www.movimientocaamanista.com\/index.php?rest_route=\/wp\/v2\/posts"}],"about":[{"href":"http:\/\/www.movimientocaamanista.com\/index.php?rest_route=\/wp\/v2\/types\/post"}],"author":[{"embeddable":true,"href":"http:\/\/www.movimientocaamanista.com\/index.php?rest_route=\/wp\/v2\/users\/1"}],"replies":[{"embeddable":true,"href":"http:\/\/www.movimientocaamanista.com\/index.php?rest_route=%2Fwp%2Fv2%2Fcomments&post=2334"}],"version-history":[{"count":1,"href":"http:\/\/www.movimientocaamanista.com\/index.php?rest_route=\/wp\/v2\/posts\/2334\/revisions"}],"predecessor-version":[{"id":2335,"href":"http:\/\/www.movimientocaamanista.com\/index.php?rest_route=\/wp\/v2\/posts\/2334\/revisions\/2335"}],"wp:featuredmedia":[{"embeddable":true,"href":"http:\/\/www.movimientocaamanista.com\/index.php?rest_route=\/wp\/v2\/media\/1999"}],"wp:attachment":[{"href":"http:\/\/www.movimientocaamanista.com\/index.php?rest_route=%2Fwp%2Fv2%2Fmedia&parent=2334"}],"wp:term":[{"taxonomy":"category","embeddable":true,"href":"http:\/\/www.movimientocaamanista.com\/index.php?rest_route=%2Fwp%2Fv2%2Fcategories&post=2334"},{"taxonomy":"post_tag","embeddable":true,"href":"http:\/\/www.movimientocaamanista.com\/index.php?rest_route=%2Fwp%2Fv2%2Ftags&post=2334"}],"curies":[{"name":"wp","href":"https:\/\/api.w.org\/{rel}","templated":true}]}}