{"id":2352,"date":"2020-06-23T10:47:05","date_gmt":"2020-06-23T10:47:05","guid":{"rendered":"http:\/\/www.movimientocaamanista.com\/?p=2352"},"modified":"2020-06-23T10:47:06","modified_gmt":"2020-06-23T10:47:06","slug":"danilo-leonel-y-abinader","status":"publish","type":"post","link":"http:\/\/www.movimientocaamanista.com\/?p=2352","title":{"rendered":"DANILO, LEONEL Y ABINADER"},"content":{"rendered":"\n<p>Jos\u00e9 Antonio L\u00f3pez (El Che)<\/p>\n\n\n\n<p>Tres piezas del mismo engranaje pol\u00edtico, econ\u00f3mico y social de un sistema corrupto, corruptor y por dem\u00e1s pervertido al servicio del poder imperial del Norte Revuelto y brutal. <\/p>\n\n\n\n<p>Los tres representan la entrega de nuestra independencia y reniegan de nuestro derecho de auto determinaci\u00f3n como pueblo. Se alinean en contra de los paises que hoy recorren caminos diferentes a los designios imperiales; no tienen empacho en definirse como amigo de Guaido y de la usurpadora presidenta de Bolivia Jaimine A\u00f1ez; se lanzan contra el comandante Daniel Ortega, siempre acatando \u00f3rdenes de Almagro y su ministerio de colonia llamada OEA. <\/p>\n\n\n\n<p>En nuestro pa\u00eds, Leonel y Danilo son amanuences y defensores c\u00f3mplices de la clase empresarial, Abinader por su parte empresario depredador, miembro de una familia del mismo nivel como explotadores; con una candidata vice-presidencial amarrada a lo peor de la oligarqu\u00eda cibae\u00f1a y forma parte de ella. <\/p>\n\n\n\n<p>As\u00ed que nada que buscar el venidero 5 de julio que no sean m\u00e1s contagios y muertes. Campa\u00f1a de humillaci\u00f3n de un gobierno indolente que quiere ganar adectos para su pupilo bruto como el Kico de do\u00f1a Florinda y ladr\u00f3n como su mentor y gu\u00eda Danilo Medina S\u00e1nchez y su familia. Un Gonzalo candidato que ya no alcanza a v\u00e9rsele la punta del final de la cola del robo por lo que un d\u00eda deber\u00e1 ir a la carcel. Un actual presidente que apoya y participa del robo de su candidato. <\/p>\n\n\n\n<p>Un Leon (Leonel) que propicio y allan\u00f3 el camino de la corrupci\u00f3n al mismo tiempo que blind\u00f3 a los corruptos con el sello de la impunidad. M\u00e1s de lo mismo, el mismo sistema de impunidad\u2026Dios los cre\u00f3 y el diablo los junt\u00f3 para el qu\u00edtate t\u00fa para ponerme yo. Enga\u00f1o con una campa\u00f1a que denigra la dignidad de hombres y mujeres con caramelos envenenados del pica pollo, salamis podridos de maldad, comidas trasnochadas de los comedores econ\u00f3micos convertidos en comederos para llenar bolsillos de administradores corruptos. <\/p>\n\n\n\n<p>Por otro lado, adem\u00e1s de LOS 3 PARTIDOS QUE HAN ECHADO AL PUEBLO EN EL POZO, entre ellos uno con una M que no lo diferencia en nada del PRD de Baninter y de el de la matanza de abril del 84, existe otra llamada cuarta opci\u00f3n que no se define contra \u00e9l sistema opresor y su dependencia del Imperio. <\/p>\n\n\n\n<p>Alianza Pa\u00eds y su adherida Opci\u00f3n Democr\u00e1tica de Minuo Tavares Mirabal no arrancan y se mantienen atados al sistema sin pol\u00edticas definidas que los desliguen de la partidocracia. Cierto que Alpais cuenta con referentes hist\u00f3ricos de esp\u00edritu de combate como Fidelio Despradel pero que no ha sido m\u00e1s que una manzana sana dentro de un manzanal podrido como el congreso de diputado; nada m\u00e1s que un clavito en el zapato de esa c\u00e1fila de ladrones! <\/p>\n\n\n\n<p>Este 5 de julio ser\u00e1 una especie de escuela para que los verdaderos revolucionarios m\u00e1xime los que equivocados o no se han enganchados a la podredumbre un sistema opresor como este con una t\u00e1ctica reciclada cada 4 a\u00f1os y que seg\u00fan ellos abre la posibilidad de ganar espacios para una estrategia futura. Olvid\u00e1ndose de que las t\u00e1cticas est\u00e1n siempre concatenadas con los fines estrat\u00e9gicos sin sacrificar y mucho menos traicionar principios fundamentales del pensamiento pr\u00e1ctico de la teor\u00eda marxista-leninista! <\/p>\n\n\n\n<p>A partir del 5, venga quien venga se pondr\u00e1 m\u00e1s a la orden del d\u00eda la consignas del CAMBIO RADICAL Y POR UNA NUEVA CONSTITUYENTE POPULAR E INCLUYENTE! <\/p>\n\n\n\n<p>Vamos a pasarle la cuenta al sistema con la unidad y la lucha de calle! <\/p>\n\n\n\n<p> <\/p>\n","protected":false},"excerpt":{"rendered":"<p>Jos\u00e9 Antonio L\u00f3pez (El Che) Tres piezas del mismo engranaje pol\u00edtico, econ\u00f3mico y social de un sistema corrupto, corruptor y por dem\u00e1s pervertido al servicio del poder imperial del Norte Revuelto y brutal. Los tres representan la entrega de nuestra independencia y reniegan de nuestro derecho de auto determinaci\u00f3n como pueblo. Se alinean en contra [&hellip;]<\/p>\n","protected":false},"author":1,"featured_media":2276,"comment_status":"open","ping_status":"open","sticky":false,"template":"","format":"standard","meta":{"footnotes":""},"categories":[5,16],"tags":[],"_links":{"self":[{"href":"http:\/\/www.movimientocaamanista.com\/index.php?rest_route=\/wp\/v2\/posts\/2352"}],"collection":[{"href":"http:\/\/www.movimientocaamanista.com\/index.php?rest_route=\/wp\/v2\/posts"}],"about":[{"href":"http:\/\/www.movimientocaamanista.com\/index.php?rest_route=\/wp\/v2\/types\/post"}],"author":[{"embeddable":true,"href":"http:\/\/www.movimientocaamanista.com\/index.php?rest_route=\/wp\/v2\/users\/1"}],"replies":[{"embeddable":true,"href":"http:\/\/www.movimientocaamanista.com\/index.php?rest_route=%2Fwp%2Fv2%2Fcomments&post=2352"}],"version-history":[{"count":1,"href":"http:\/\/www.movimientocaamanista.com\/index.php?rest_route=\/wp\/v2\/posts\/2352\/revisions"}],"predecessor-version":[{"id":2353,"href":"http:\/\/www.movimientocaamanista.com\/index.php?rest_route=\/wp\/v2\/posts\/2352\/revisions\/2353"}],"wp:featuredmedia":[{"embeddable":true,"href":"http:\/\/www.movimientocaamanista.com\/index.php?rest_route=\/wp\/v2\/media\/2276"}],"wp:attachment":[{"href":"http:\/\/www.movimientocaamanista.com\/index.php?rest_route=%2Fwp%2Fv2%2Fmedia&parent=2352"}],"wp:term":[{"taxonomy":"category","embeddable":true,"href":"http:\/\/www.movimientocaamanista.com\/index.php?rest_route=%2Fwp%2Fv2%2Fcategories&post=2352"},{"taxonomy":"post_tag","embeddable":true,"href":"http:\/\/www.movimientocaamanista.com\/index.php?rest_route=%2Fwp%2Fv2%2Ftags&post=2352"}],"curies":[{"name":"wp","href":"https:\/\/api.w.org\/{rel}","templated":true}]}}