{"id":2395,"date":"2020-06-26T02:43:58","date_gmt":"2020-06-26T02:43:58","guid":{"rendered":"http:\/\/www.movimientocaamanista.com\/?p=2395"},"modified":"2020-07-09T22:38:22","modified_gmt":"2020-07-09T22:38:22","slug":"warrenbuffet-hay-una-guerra-de-clases-y-la-estamos-ganando-los-ricos","status":"publish","type":"post","link":"http:\/\/www.movimientocaamanista.com\/?p=2395","title":{"rendered":"WARREN BUFFET: \u201cHAY UNA GUERRA DE CLASES Y LA ESTAMOS GANANDO LOS RICOS\u201d"},"content":{"rendered":"\n<p>Rafael Jim\u00e9nez Abad<\/p>\n\n\n\n<p>El t\u00edtulo de este trabajo, en medio de la pandemia, es la proclama del multimillonario norteamericano WarrenBuffet, presidente de la empresa manufacturera BerleshireHathaway, citado por LuisCasado. Su fortuna lo ubica en el club de Jeff Bezos de Amazon, Bill Gates de Microsoft y Bernand Arnult de LouisVuitton.<\/p>\n\n\n\n<p>Pero esta guerra ser\u00e1 ganada por la humanidad y por la naturaleza.<\/p>\n\n\n\n<p>LOS SUPER RICOS SABEN EN LO QUE ESTAN<\/p>\n\n\n\n<p>Esa frase no es aislada. Es la posici\u00f3n de los s\u00faper-ricos, que corresponde a las pol\u00edticas y acciones del Banco Central Europeo, Fondo monetario Internacional, Banco Mundial y otras instituciones de las que prestan dineros condicionados para asfixiar los pueblos.<\/p>\n\n\n\n<p>\u201cA confesi\u00f3n de parte, relevo de pruebas\u201d: queda confirmada as\u00ed esa guerra de los ricos contra la humanidad y contra la naturaleza.<\/p>\n\n\n\n<p>Es una guerra global, total e integral. Est\u00e1 en todos los rincones del planeta. Es econ\u00f3mica, militar, cultural, ideol\u00f3gica, pol\u00edtica, ambiental, sanitaria, alimentaria etc.<\/p>\n\n\n\n<p>Destruyeron la salud p\u00fablica, la educaci\u00f3n, el medio ambiente, la seguridad social y varias \u00e1reas m\u00e1s de la vida. La Organizaci\u00f3n Mundial de la salud (OMS) fue privatizada en un 80%.<\/p>\n\n\n\n<p>Sus industrias destruyen la capa de ozono con las emisiones contaminantes y de esa manera han da\u00f1ado el clima del planeta.<\/p>\n\n\n\n<p>Antes de la pandemia -lo dijo el Papa- hab\u00eda 4 mil millones de personas convertidas en zombis de las redes sociales sin inter\u00e9s de incorporarse a la necesaria resistencia a esta voracidad destructiva; aunque reconozco que hay otra parte que sabe usar las redes.<\/p>\n\n\n\n<p>Los fabricantes de \u201cmedicina\u201d y de \u201calimentos\u201d repletos de t\u00f3xicos o transg\u00e9nicos enferman y matan a miles de personas cada a\u00f1o.<\/p>\n\n\n\n<p>Su ataque es bestial: envenenan, destruyen, matan para ganarse cientos de miles de millones de d\u00f3lares y euros.<\/p>\n\n\n\n<p>EN ALGO TIENEN RAZON<\/p>\n\n\n\n<p>Cierto, no estamos en ninguna otra cosa que no sea en una guerra.<\/p>\n\n\n\n<p>Por un lado los ricos y en la otra esquina la humanidad y la naturaleza no humana.<\/p>\n\n\n\n<p>Es \u00fatil que sean ellos que lo digan para que los pueblos convertidos en muchedumbre actuante ejerzan su papel de contraparte.<\/p>\n\n\n\n<p>El tiempo hace fluir las verdades. Esta guerra es hoy m\u00e1s evidente, encarnizada y cruel. Las modalidades de la opresi\u00f3n al tenor de los hechos intra y extra pandemia resultan ser tremenda lecci\u00f3n.<\/p>\n\n\n\n<p>TROFEOS DE GUERRA EXHIBIDOS POR LOS RICOS<\/p>\n\n\n\n<p>Lanzamientos de la bomba at\u00f3mica sobre Jap\u00f3n que destroz\u00f3 indiscriminadamente hasta el alma de una masa humana.<\/p>\n\n\n\n<p>Destrucci\u00f3n de los sistemas educativos y de salud (en USA, la principal potencia del capitalista, vimos enfermeras envueltas en funda de basura como protecci\u00f3n para atender a pacientes de COVID).<\/p>\n\n\n\n<p>Tres guerras mundiales (incluyendo la actual), en las que millones de seres humanos fueron destrozados y abatidos.<\/p>\n\n\n\n<p>Cientos de guerras locales y regionales que han devastado pa\u00edses enteros, donde las muertes inocentes no tienen tiempo para ser llorada.<\/p>\n\n\n\n<p>Asesinatos y desapariciones de presos lanzados a los oc\u00e9anos o asfixiados como George Floyd.<\/p>\n\n\n\n<p>Saqueos de riquezas ajenas, contaminaciones y destrucci\u00f3n ecol\u00f3gica, hambrunas, pobreza, enajenaci\u00f3n, pandemias, manipulaciones, golpes de estados, bloqueos y pirater\u00eda. Millones que mueren cada a\u00f1o de enfermedades prevenibles.<\/p>\n\n\n\n<p>40 millones de km2 de tierra en el mundo se usan para criar y alimentar animales. Imagine nuestro mundo si solamente la mitad de esa tierra se dedicara a plantar \u00e1rboles y a la agricultura ecol\u00f3gica. \u00a1Cu\u00e1n fabuloso ser\u00eda el clima de la tierra y que recia la salud humana!<\/p>\n\n\n\n<p>TRAMPAS, CRIMENES Y ABUSOS EN ESTA GUERRA<\/p>\n\n\n\n<p>\u00b7 Vacunas que envenenan<\/p>\n\n\n\n<p>\u00b7 \u201cAlimentos\u201d y \u201cmedicinas\u201d t\u00f3xicas<\/p>\n\n\n\n<p>\u00b7 Pr\u00e9stamos para empobrecer y controlar<\/p>\n\n\n\n<p>\u00b7 Alienaci\u00f3n a trav\u00e9s de los medios de comunicaci\u00f3n controlados por el gran capital.<\/p>\n\n\n\n<p>\u00b7 Drogas, presiones, bloqueos financieros e intercambio desigual<\/p>\n\n\n\n<p>\u00b7 Control ideol\u00f3gico y robo de cerebro.<\/p>\n\n\n\n<p>\u00b7 Transferencia a los bancos de la riqueza creada por el trabajo de los pueblos y los recursos saqueados a los pa\u00edses pobres<\/p>\n\n\n\n<p>\u00b7 Capitalismo mafioso, neofascista y guerrerista en fase de decadencia agresiva.<\/p>\n\n\n\n<p>\u00bfCUAL DE ESTOS DOS BANDOS GANAR\u00c1 ESTA GUERRA?<\/p>\n\n\n\n<p>El poder de la humanidad, convertido en pueblos movilizados, es cientos de veces superior al poder burgu\u00e9s.<\/p>\n\n\n\n<p>La humanidad despliega un intenso accionar y nuevos niveles de conciencia forjados al calor de las luchas acaecidos a lo largo de las \u00faltimas d\u00e9cadas y de los fen\u00f3menos que estamos viendo en este 2020.<\/p>\n\n\n\n<p>El capitalismo con su rapacidad provoca una vida llena de incertidumbres, generando caos, racismo, exclusi\u00f3n social, viejas y nuevas enfermedades que lanzan a las personas a la infelicidad y a la muerte. Y eso ya est\u00e1 haciendo crecer la conciencia a niveles nunca visto.<\/p>\n\n\n\n<p>A partir de ahora las muchedumbres articuladas de pa\u00eds en pa\u00eds producir\u00e1n las rupturas, cambios y transformaciones. Crecer\u00e1 la auto-transformaci\u00f3n individual y colectiva de los estilos de vida de millones de personas en cada pa\u00eds de forma que aprenderemos a cuidar el binomio mente\/cuerpo para jam\u00e1s dejarlo a merced de los demonios del capitalismo.<\/p>\n\n\n\n<p>Me consta que desde ya se han iniciado distintos procesos formativos y auto-formativos de personas y de colectivos sociales, religiosos, culturales, comunicacionales, profesionales, populares, de izquierda, ecol\u00f3gicos, y no tengo dudas de que alg\u00fan proceso anticapitalista y antiimperialista reaparecer\u00e1 renovado en estructuras c\u00edvico\/militares.<\/p>\n\n\n\n<p>Apropiarnos de altos niveles de conciencia y sabidur\u00eda es condici\u00f3n indispensable para liberarnos de la sumisi\u00f3n, del sufrimiento y de la muerte. Toda persona es verdaderamente integra cuando es solidaria consigo, con las dem\u00e1s y con la madre tierra; y si no es holgazana y no tiene miedo, nadie la puede enga\u00f1ar.<\/p>\n\n\n\n<p>Los s\u00faper-ricos \u201cfabricaron\u201d seres humanos miserables de esp\u00edritu, zombis, enfermos, enclenques. Personas deterioradas, necesarias para mantener el sistema de opresi\u00f3n,<\/p>\n\n\n\n<p>porque no luchan ni siquiera por su propia supervivencia ni por la de su familia, muchos menos por la humanidad. Los sistemas educativos del capitalismo son para transmitir conocimientos t\u00e9cnicos y productivos en vez de formar seres humanos libres y solidarios.<\/p>\n\n\n\n<p>Su resignaci\u00f3n lo hace vivir en la esclavitud, pose\u00eddas de pensamientos permanentes de baja vibraci\u00f3n. La depresi\u00f3n y la ansiedad en fin decuentas han sido generadas por un modelo social azaroso que le impide a la gente crecer y defender su h\u00e1bitat.<\/p>\n\n\n\n<p>El derribo de ese modelo es cuesti\u00f3n de tiempo, pero mientras tanto grandes masas poblacionales est\u00e1n encontrando las maneras de zafarse de sus garras para combatirlo mejor y con \u00e9xitos. Experiencias del pasado ser\u00e1n recreadas y potenciadas.<\/p>\n\n\n\n<p>FIN DEL CAPITALISMO Y DEL IMPERIO USA<\/p>\n\n\n\n<p>Las tenazas de los ricos caer\u00e1n por la acci\u00f3n combinada de una mayor\u00eda mundial desplegada sobre la autodestrucci\u00f3n que el capitalismo produce de s\u00ed mismo. El capitalismo es la pescadilla que no solo se muerde su cola, sino que se la come progresivamente.<\/p>\n\n\n\n<p>El capitalismo destruye su propio asiento, siempre detr\u00e1s de aumentar ilimitadamente las ganancias y fortunas de la clase dominante, enfrentado a la naturaleza y a la humanidad.<\/p>\n\n\n\n<p>LA CAIDA DEL FEUDALISMO Y DEL IMPERIO ROMANO<\/p>\n\n\n\n<p>Historiadores y escritores ponen a coincidir el fin de este imperio a los cambios en el clima y a las pandemias.<\/p>\n\n\n\n<p>B\u00e1rbara W Tuchman, historiadora, periodista y escritura estadounidense, Premio Pulitzer, en su libro de 1978 titulado UN ESPEJO DISTANTE: el calamitoso siglo XIV afirm\u00f3:<\/p>\n\n\n\n<p>\u201cEl mar B\u00e1ltico se congel\u00f3 dos veces (1303 y 1306-07); a\u00f1os seguidos de frio, tormentas y lluvias fuera de temporada y un aumento en el nivel del mar.El hambre, dada la escasez de comida en esas condiciones, hizo familiar los informes de personas que comen a sus propios hijos, de los pobres en Polonia que se alimentaban de cuerpos colgados sacados de la horca\u201d.<\/p>\n\n\n\n<p>Y A SEGUIDAS LAS PLAGAS<\/p>\n\n\n\n<p>En el a\u00f1o 165, siglo II, la Peste Ant\u00f3nima, en referencia al emperador Marco Aurelio Antonino, o gran plaga como la llamaba Galeno, el m\u00e9dico de P\u00e9rgamo, causada por la viruela que mat\u00f3 a 7 millones de personas. Esta fue la primera pandemia de la historia.<\/p>\n\n\n\n<p>En el a\u00f1o 249, siglo III, la plaga de Cipriano, atribuida a filo- virus como el \u00c9bola, mat\u00f3 a 5 mil personas por d\u00eda en la ciudad de Roma, as\u00ed dice Miguel Sola en su trabajo sobre la plaga de Cipriano.<\/p>\n\n\n\n<p>En el a\u00f1o 1347, siglo XIV, aparece LA Peste Negra, mat\u00f3 a un tercio de la poblaci\u00f3n mundial\u2026\u201cY as\u00ed murieron y no se pudo encontrar a nadie que enterrara a los muertos por dinero o amistad. Solo el hedor de sus cuerpos informaba de su muerte\u201d, escribi\u00f3 Tuchman citada por Jon Meachem. Dice esta autora que el Papa autoriz\u00f3 procesiones penitentes que ayudaron a propagar a\u00fan m\u00e1s la plaga.<\/p>\n\n\n\n<p>En Francia las monjas sin temor a la muerte atend\u00edan con dulzura a los enfermos y \u201clas nuevas monjas tomaban repetidamente los lugares de las que mor\u00edan\u201d.<\/p>\n\n\n\n<p>Y QUE PAS\u00d3?.<\/p>\n\n\n\n<p>La gente perdi\u00f3 la fe en las monarqu\u00edas, en las aristocracias, en el Papado e hizo su \u00e9nfasis en el individuo.<\/p>\n\n\n\n<p>Lo que sucedi\u00f3, escribe Tuchman, fue que \u201cese flagelo hab\u00eda sido demasiado terrible para aceptarlo sin cuestionarlo y se soltaron de sus amarres. Las mentes que se abrieron para admitir estas preguntas nunca m\u00e1s podr\u00edan cerrarse. Una vez que la gente imagin\u00f3. la posibilidad de un cambio. en un orden fijo, apareci\u00f3 el final de una era de sumisi\u00f3n. El giro hacia la conciencia individual estaba por delante. La Peste Negra pudo haber sido el comienzo no reconocido del hombre moderno\u201d.<\/p>\n\n\n\n<p>\u00a1ALIMENTACION, SALUD Y VIDA MISERABLES!<\/p>\n\n\n\n<p>Los sistemas de salud p\u00fablica fueron deteriorados o aniquilados. Usan las enfermedades como fuente de riqueza. Y metieron los bancos en la sanidad y de inmediato desfalcaron a los pobre.<\/p>\n\n\n\n<p>Hoy nos enredan ofert\u00e1ndonos \u201calimentos\u201d transg\u00e9nicos que alteran nuestras c\u00e9lulas, o rociados o cultivados con agro-t\u00f3xicos que nos envenenan.<\/p>\n\n\n\n<p>Tambi\u00e9n la oferta de carne y pescado est\u00e1n plagados de hormonas y antibi\u00f3ticos que generan enfermedades serias en nuestros organismos.<\/p>\n\n\n\n<p>Una gama de otros productos est\u00e1n repletos de colorantes, preservantes, industrializados y retinados carentes de nutrientes y que act\u00faan contra nuestro sistema.<\/p>\n\n\n\n<p>Los llamados efectos secundarios de los medicamentos, los descuidos en centros de salud, la contaminaci\u00f3n y la falta de higiene est\u00e1n entre las primeras causas de muerte.<\/p>\n\n\n\n<p>La alimentaci\u00f3n saludable es un tema excluido de los sistemas educativos. Igual el cuidado al medio ambiente.<\/p>\n\n\n\n<p>El paso de los virus a las personas tiene que ver con la agresi\u00f3n al medio ambiente, y con las mugres y la salud deteriorada.<\/p>\n\n\n\n<p>Las vacunas generan otros problemas, mientras las defensas del organismo generan vitalidad.<\/p>\n\n\n\n<p>El capitalismo se apoder\u00f3 de los servicios de salud, de los medicamentos y de los \u201calimentos\u201d bajo la premisa de ganar dinero con la enfermedad.<\/p>\n\n\n\n<p>A pesar de la dictadura de los conservantes, refinados, colorantes, transg\u00e9nicos, pesticidas, hierbicida, madurantes y abono qu\u00edmicos, a\u00fan podemos encontrar productos silvestos, v\u00edrgenes, org\u00e1nicas y tambi\u00e9n podemos cultivarlos en la huerta.<\/p>\n\n\n\n<p>Los suicidios cada a\u00f1o en el mundo de personas que no saben y no tienen como enfrentar la guerra declarada por los ricos, ascienden a cifras que dan miedo, m\u00e1s de 800 mil y de ellas 200 mil son j\u00f3venes entre 20 y 29 a\u00f1os.<\/p>\n\n\n\n<p>Pero mayor es la cifra de personas que viven una vida miserable: repleto de miedo, angustiadas, pobres de esp\u00edritu, conformes, drogadas sin consumir estupefacientes, consumistas, sin energ\u00eda en el cuerpo, impotentes, traumadas, envenenadas por \u201ccomida y medicina\u201d manipuladas, enfermos de dolencias que se curar\u00edan con tan solo cambiar sus estilos de vida y la forma de verla.<\/p>\n\n\n\n<p>\u00b7 Son personas muertas en vida.<\/p>\n\n\n\n<p>\u00b7 No tienen fe en la victoria y en la liberaci\u00f3n.<\/p>\n\n\n\n<p>\u00b7 Un porcentaje m\u00ednimo de esas personas est\u00e1n en las organizaciones transformadoras, infectando su entorno social de desaliento.<\/p>\n\n\n\n<p>\u00b7 Otro inmenso porcentaje simplemente vegeta.<\/p>\n\n\n\n<p>\u00bfQuien puso de esa manera a esas personas?<\/p>\n\n\n\n<p>El sistema capitalista con su propaganda de la mentira, su terror, su control, sus venenos. Su desmonte de los sistemas educativos, de salud y protecci\u00f3n social.<\/p>\n\n\n\n<p>El combate y la resistencia a los ricos, por la libertad de la humanidad, requiere para el triunfo que la mayor\u00eda de estas personas se liberen de esos estados miserables para fortalecer los colectivos y las luchas.<\/p>\n\n\n\n<p>SUBIR A UN ESTADO ALTO AGOTANDO RETOS Y DESAFIOS<\/p>\n\n\n\n<p>El proceso liberador estar\u00e1 en hombros de una humanidad saludable, unida, inteligente, evolucionada, que piensa en forma maravillosa de la naturaleza y de s\u00ed misma, capaz de recargarse de la energ\u00eda planetaria y universal para volcar esa potencia en las transformaciones.<\/p>\n\n\n\n<p>Permanecer enfermo del cuerpo o de la mente o dejarse enfermar es caer en la estrategia de la perversidad de la embestida capitalista de los ricos contra la humanidad.<\/p>\n\n\n\n<p>\u00a1Z\u00e1fatele!<\/p>\n\n\n\n<p>La salud del cuerpo y de la mente est\u00e1 en uno mismo y en la naturaleza, encontr\u00e9mosla.<\/p>\n\n\n\n<p>\u00a1Actuemos!<\/p>\n\n\n\n<p>No te tambalee viviendo con la conciencia sin centrarla en la lucha por el bienestar propio y de los dem\u00e1s.<\/p>\n\n\n\n<p>El bienestar no es la riqueza ni el poder. Una buena parte de gente con poder y riqueza vive una vida miserable.<\/p>\n\n\n\n<p>Hazte m\u00e1s y m\u00e1s consciente sin parar porque si te paras se te bajas el voltaje.<\/p>\n\n\n\n<p>Hacerte m\u00e1s consciente te permite ver todo claramente.<\/p>\n\n\n\n<p>Mant\u00e9n tus energ\u00edas elevadas con estabilidad sin enredarte con nada.<\/p>\n\n\n\n<p>Esto es parte de la espiritualidad.<\/p>\n\n\n\n<p>LA PLENITUD DEPENDE DE COSAS SENCILLAS<\/p>\n\n\n\n<p>La medicina oficial hace hincapi\u00e9 en los f\u00e1rmacos y vacunas ignorando el rol estelar del sistema inmunol\u00f3gico de las personas.<\/p>\n\n\n\n<p>Una vacuna viene mucho despu\u00e9s de que se presenta la enfermedad, sin embargo el sistema inmunol\u00f3gico si est\u00e1 activado es un preventivo que cuida.<\/p>\n\n\n\n<p>Es el sistema inmunol\u00f3gico es quien salva la vida de 97 personas de cada 100 infectadas por COVID-19.<\/p>\n\n\n\n<p>Alim\u00e9ntate de vegetales org\u00e1nicos, que al igual que las frutas con \u00edndice glic\u00e9mico bajo, tienen glucosa aut\u00e9ntica que es el mejor combustible para que tu cerebro ejecute tantas funciones maravillosas.<\/p>\n\n\n\n<p>Come frutos secos y granos integrales que est\u00e1n provistas de sus vitaminas y minerales sin degradar.<\/p>\n\n\n\n<p>Practica ejercicio, yoga, estiramiento de su cuerpo, respiraci\u00f3n consciente, caminar, nadar, ir a la playa y al bosque.<\/p>\n\n\n\n<p>Permanece en silencio y sin hacer nada alg\u00fan tiempo al d\u00eda.<\/p>\n\n\n\n<p>Ejerce la solidaridad.<\/p>\n\n\n\n<p>Lucha a favor de la humanidad y de la naturaleza de forma independiente, pero mejor si crea o te une a una organizaci\u00f3n seria.<\/p>\n\n\n\n<p>Apaga o aleja de su cuerpo todo tipo de aparato electr\u00f3nico por alg\u00fan tiempo al d\u00eda y en las noches.<\/p>\n\n\n\n<p>Cuida tu mente, tu interior, tu cuerpo, tus energ\u00edas, tu espiritualidad.<\/p>\n\n\n\n<p>Enf\u00f3cate en el presente.<\/p>\n\n\n\n<p>Come poco, sano y bueno.<\/p>\n\n\n\n<p>Realiza ayunos intermitentes.<\/p>\n\n\n\n<p>Baile en espacios sanos!<\/p>\n\n\n\n<p>CONCLUSION<\/p>\n\n\n\n<p>El sistema y sus paradigmas ser\u00e1n barridos por la nueva conciencia colectiva que est\u00e1 surgiendo. Los medios de informaci\u00f3n que les sirvan a viejos moldes caer\u00e1n. As\u00ed como gobiernos y reg\u00edmenes sociales y econ\u00f3micos.<\/p>\n\n\n\n<p>Est\u00e1 en marcha un cambio de conciencia colectiva y tambi\u00e9n nos llega la energ\u00eda global que nos har\u00e1 desconocer esos sistemas pol\u00edticos enfrentados a denuncias, niveles de conciencia social y acciones que lo har\u00e1n insostenibles.<\/p>\n\n\n\n<p>Hay una confluencia de todas las energ\u00edas para producir una victoria global sobre la explotaci\u00f3n, la subyugaci\u00f3n y el despojo.<\/p>\n\n\n\n<p>No son solo los hechos horripilantes de los s\u00faper-ricos y su sistema burgu\u00e9s lo que est\u00e1n provocando este surgimiento de conciencia. \u00a1Hasta las llamaradas del sol y m\u00e1s fen\u00f3menos gal\u00e1cticos-universales inciden en la creaci\u00f3n de esta voluntad transformadora.<\/p>\n\n\n\n<p>Sin embargo, hay que tener cuidado porque estas energ\u00edas tambi\u00e9n respaldan a quienes quieren vivir pisoteado\/a. La vida tambi\u00e9n genera miseria espiritual, pero si de verdad quiere implicarte en las transformaciones, estas energ\u00edas te llevaran por ese maravilloso camino.<\/p>\n\n\n\n<p>Esta turbulencia, esta guerra. ser\u00e1 ganada por la humanidad o por la parte de ella que entrar\u00e1 en este proceso que pasa por producir transformaciones en cada persona.<\/p>\n","protected":false},"excerpt":{"rendered":"<p>Rafael Jim\u00e9nez Abad El t\u00edtulo de este trabajo, en medio de la pandemia, es la proclama del multimillonario norteamericano WarrenBuffet, presidente de la empresa manufacturera BerleshireHathaway, citado por LuisCasado. Su fortuna lo ubica en el club de Jeff Bezos de Amazon, Bill Gates de Microsoft y Bernand Arnult de LouisVuitton. Pero esta guerra ser\u00e1 ganada [&hellip;]<\/p>\n","protected":false},"author":1,"featured_media":2396,"comment_status":"open","ping_status":"open","sticky":false,"template":"","format":"standard","meta":{"footnotes":""},"categories":[5,16],"tags":[],"_links":{"self":[{"href":"http:\/\/www.movimientocaamanista.com\/index.php?rest_route=\/wp\/v2\/posts\/2395"}],"collection":[{"href":"http:\/\/www.movimientocaamanista.com\/index.php?rest_route=\/wp\/v2\/posts"}],"about":[{"href":"http:\/\/www.movimientocaamanista.com\/index.php?rest_route=\/wp\/v2\/types\/post"}],"author":[{"embeddable":true,"href":"http:\/\/www.movimientocaamanista.com\/index.php?rest_route=\/wp\/v2\/users\/1"}],"replies":[{"embeddable":true,"href":"http:\/\/www.movimientocaamanista.com\/index.php?rest_route=%2Fwp%2Fv2%2Fcomments&post=2395"}],"version-history":[{"count":2,"href":"http:\/\/www.movimientocaamanista.com\/index.php?rest_route=\/wp\/v2\/posts\/2395\/revisions"}],"predecessor-version":[{"id":2401,"href":"http:\/\/www.movimientocaamanista.com\/index.php?rest_route=\/wp\/v2\/posts\/2395\/revisions\/2401"}],"wp:featuredmedia":[{"embeddable":true,"href":"http:\/\/www.movimientocaamanista.com\/index.php?rest_route=\/wp\/v2\/media\/2396"}],"wp:attachment":[{"href":"http:\/\/www.movimientocaamanista.com\/index.php?rest_route=%2Fwp%2Fv2%2Fmedia&parent=2395"}],"wp:term":[{"taxonomy":"category","embeddable":true,"href":"http:\/\/www.movimientocaamanista.com\/index.php?rest_route=%2Fwp%2Fv2%2Fcategories&post=2395"},{"taxonomy":"post_tag","embeddable":true,"href":"http:\/\/www.movimientocaamanista.com\/index.php?rest_route=%2Fwp%2Fv2%2Ftags&post=2395"}],"curies":[{"name":"wp","href":"https:\/\/api.w.org\/{rel}","templated":true}]}}