{"id":2457,"date":"2020-07-03T23:35:24","date_gmt":"2020-07-03T23:35:24","guid":{"rendered":"http:\/\/www.movimientocaamanista.com\/?p=2457"},"modified":"2020-07-03T23:35:25","modified_gmt":"2020-07-03T23:35:25","slug":"la-pandemia-acelera-las-tendencias","status":"publish","type":"post","link":"http:\/\/www.movimientocaamanista.com\/?p=2457","title":{"rendered":"La pandemia acelera las tendencias"},"content":{"rendered":"\n<p>Rafael Poch de Feliu<\/p>\n\n\n\n<p>Fuente: <a href=\"https:\/\/rebelion.org\/619849-2\/\">Rebeli\u00f3n<\/a><\/p>\n\n\n\n<p>En Estados Unidos la protesta ciudadana ampl\u00eda la divisi\u00f3n de los que mandan y dibuja en el horizonte un panorama de \u2018guerra civil fr\u00eda\u2019.<\/p>\n\n\n\n<p>Con diez millones de casos confirmados y medio mill\u00f3n de muertos conocidos, las cifras de finales de junio (recordemos que eran 300.000 y 11.000, respectivamente, en marzo) ratifican la expansi\u00f3n general de la pandemia como amenaza global. Las consecuencias que la covid-19 est\u00e1 teniendo en las potencias y sus relaciones no han cambiado las tendencias generales anteriores a ella. Solo las ha agravado y acelerado.<\/p>\n\n\n\n<p>Esas tendencias \u2013cuyo contexto es la crisis del sistema econ\u00f3mico mundial conocido como&nbsp;<em>capitalismo<\/em>&nbsp;y una desglobalizaci\u00f3n accidental de la econom\u00eda, con cierta renacionalizaci\u00f3n de las relaciones entre pa\u00edses\u2013 son las siguientes: 1) Radicalizaci\u00f3n de la pelea interna en Estados Unidos, que ya no solo es una brecha entre sectores del&nbsp;<em>establishment<\/em>&nbsp;sino que incluye una protesta social. 2) Agudizaci\u00f3n de la rivalidad y la competencia entre Estados Unidos y China. 3) Una China crecida. 4) Debilitaci\u00f3n de la Uni\u00f3n Europea y de las instituciones multilaterales y 5) Maduraci\u00f3n de las contradicciones del r\u00e9gimen ruso. La actualidad exige concentrarse en lo primero.<\/p>\n\n\n\n<p><strong>Los dineros se acaban en julio<\/strong><\/p>\n\n\n\n<p>En marzo Estados Unidos aprob\u00f3, con el apoyo de dem\u00f3cratas y republicanos, la mayor operaci\u00f3n de rescate de la historia: dos billones de d\u00f3lares. La llamada&nbsp;<em>Cares Act e<\/em>s una gigantesca lluvia de dinero p\u00fablico para las grandes empresas y sus accionistas. Ese dinero permite a estos administrar la situaci\u00f3n a su entera conveniencia. No hay condiciones, ni prop\u00f3sito alguno de reconversi\u00f3n: por ejemplo, las compa\u00f1\u00edas a\u00e9reas \u2013incluido ese pilar del complejo industrial-militar llamado Boeing\u2013 reciben 46.000 millones. Familias y sectores populares solo reciben lo que la congresista Alexandria Ocasio-Cortez describe como \u201cmigajas\u201d.<\/p>\n\n\n\n<p>En julio, los dineros que ese descarado \u201cm\u00e1s de lo mismo\u201d para los que m\u00e1s tienen destina a ayudas sociales (2.200 millones) se habr\u00e1n gastado ya en su mayor\u00eda. Eso quiere decir que millones de americanos se enfrentar\u00e1n a serias dificultades. Julio ser\u00e1, por tanto, un mes crucial en Estados Unidos. Esas dificultades llegan acompa\u00f1adas por la evidencia de que la naci\u00f3n m\u00e1s poderosa del mundo ha sido v\u00edctima de una de las administraciones m\u00e1s negligentes de la pandemia. Su presidente idiota y descaradamente indiferente hacia la salud de la gente ha puesto en evidencia de una forma innecesariamente burda a todo el sistema. Como ha ocurrido tantas veces en la historia, la pandemia ha extendido el descontento, ejemplarizado por el movimiento ciudadano contra los asesinatos policiales de negros y el movimiento&nbsp;<em>Black Lives Matter.<\/em><\/p>\n\n\n\n<p><strong>Raza sin econom\u00eda e imperio, igual a cero<\/strong><\/p>\n\n\n\n<p>La ola de protestas a\u00f1ade nuevos matices a la pelea institucional que enfrenta desde hace a\u00f1os al&nbsp;<em>trumpismo<\/em>&nbsp;con sectores del&nbsp;<em>establishment,&nbsp;<\/em>a los que desagrada la evidencia que Trump ofrece de la podredumbre del sistema que defienden a d\u00fao republicanos y dem\u00f3cratas. \u00bfSer\u00e1n capaces las protestas de llegar al fondo del asunto?<\/p>\n\n\n\n<p>Desde su origen como naci\u00f3n, imperialismo y racismo son dos cabezas de un mismo orden pol\u00edtico en Estados Unidos. Como recuerda Behrooz Ghamari Tabrizi, historiador de la Universidad de Illinois, los padres fundadores brit\u00e1nicos y estadounidenses del liberalismo no entendieron la democracia y el colonialismo en t\u00e9rminos mutuamente excluyentes sino como aspectos del mismo proyecto civilizador. \u201cLos mismos generales que encabezaron la conquista estadounidense de Filipinas en 1898-1902 libraron las guerras de aniquilaci\u00f3n contra los indios estadounidenses en su pa\u00eds\u201d.<\/p>\n\n\n\n<p>Mientras la m\u00e1quina de guerra estadounidense funcione a toda velocidad, los estadounidenses negros no ser\u00e1n tratados como ciudadanos iguales<\/p>\n\n\n\n<p>Mientras la m\u00e1quina de guerra estadounidense funcione a toda velocidad, dejando destrucci\u00f3n, devastaci\u00f3n y muerte en todo el mundo, en casa los estadounidenses negros no ser\u00e1n tratados como ciudadanos iguales. Por eso, si la protesta ciudadana americana no establece nexos entre el racismo y el orden econ\u00f3mico que representa el sistema de descarado gobierno de los ricos en el pa\u00eds y su criminal proyecci\u00f3n imperial en el mundo, el&nbsp;<em>Black Lives Matter<\/em>&nbsp;quedar\u00e1 en nada. No pasar\u00e1 de una de esas \u201crevoluciones de color\u201d comunitaristas y bien compartimentadas cuyo mismo nombre evoca, en palabras de la expresidenta de los&nbsp;<em>Panteras Negras<\/em>&nbsp;Elaine Brown, una \u201creivindicaci\u00f3n de plantaci\u00f3n\u201d: simplemente, no nos maten por favor.<\/p>\n\n\n\n<p>Sea como fuera, tener a millones de indignados en la calle es algo que inquieta. Con su habitual torpeza y brutalidad, el&nbsp;<em>trumpismo<\/em>&nbsp;ha amenazado con llevar al terreno interno lo que es norma en la permanente guerra exterior del Imperio; disparar sobre la poblaci\u00f3n civil, emplear al ej\u00e9rcito contra ella. El secretario de Defensa Mark Esper le ha asegurado a Trump que el Pent\u00e1gono \u201cdomina el terreno de batalla\u201d, pero el sistema tiene otras recetas para integrar la protesta y hacerla respetable.<\/p>\n\n\n\n<p>Los oligarcas del Partido Dem\u00f3crata se arrodillan. No ya el cobarde Obama sino hasta el mismo George W. Bush, responsable directo de centenares de miles de muertes en Irak, expresa su \u201cempat\u00eda\u201d con la protesta. Las grandes empresas como Twitter, Adidas, Amazon, Target, General Motors, Coca Cola, WalMart, YouTube, Netflix, Nike, IBM, Google, Microsoft, MasterCard, McDonald\u2019s, Starbucks, Warner Brothers, Procter &amp; Gamble, la National Football League y otras, incluyendo bancos como Goldman Sachs, JPMorgan, Chase, Capital One, expresan sus respetos. Solidaria en la repulsa del asesinato de George Floyd, HBO retira de su cat\u00e1logo&nbsp;<em>Lo que el viento se llev\u00f3<\/em>. Todas esas instituciones que mantienen y perpet\u00faan el dominio del racismo y el imperialismo est\u00e1n trabajando arduamente para cooptar el movimiento con la habitual hipocres\u00eda. Si la protesta contra el racismo estableciera los nexos l\u00f3gicos que la situaci\u00f3n requiere, apuntando a la CIA, los cr\u00edmenes exteriores, el Pent\u00e1gono, la Reserva Federal o el aparato de propaganda de Hollywood, otro gallo cantar\u00eda. Pero incluso si no se llega a nada de todo eso, la situaci\u00f3n es relevante.<\/p>\n\n\n\n<p><strong>Se ampl\u00eda la pelea elitaria<\/strong><\/p>\n\n\n\n<p>Lo que estamos presenciando en Estados Unidos es una crisis en el seno de la coalici\u00f3n conservadora y plutocr\u00e1tica que domina el pa\u00eds desde hace cuarenta a\u00f1os. La brecha que Trump abri\u00f3 en el&nbsp;<em>establishment<\/em>&nbsp;se ha ampliado con las turbulencias de la pandemia y las diferencias de estilo para atajar la protesta ciudadana por la violencia contra los negros. La divisi\u00f3n del pa\u00eds se ha hecho m\u00e1s evidente. Los ataques contra monumentos, el del presidente Lincoln, los de generales sudistas, etc., ilustran, en palabras del periodista Carl Berstein, un clima de&nbsp;<em>guerra civil fr\u00eda<\/em>.<\/p>\n\n\n\n<p>Las elecciones presidenciales de noviembre ofrecen terreno propicio para que el conflicto elitario llegue a las manos<\/p>\n\n\n\n<p>La hip\u00f3tesis de que la guerra exterior llegue a casa no es ninguna tonter\u00eda. \u201cAhora que vemos claramente que los&nbsp;<em>Antifa<\/em>&nbsp;(<a rel=\"noreferrer noopener\" href=\"https:\/\/rafaelpoch.com\/2020\/06\/21\/el-atropello-de-genova\/\" target=\"_blank\">esa escena de las protestas tradicionalmente infiltrada por provocadores<\/a>) son terroristas, podemos cazarlos como hacemos en Oriente Medio\u201d, ha dicho Matt Gaetz, congresista de Florida. \u201cSi una ciudad o un estado rechaza tomar medidas para defender la vida y la propiedad de sus residentes, desplegar\u00e9 al ej\u00e9rcito y resolver\u00e9 r\u00e1pidamente el problema\u201d, amenaz\u00f3 Trump a principios de junio. Claramente anticonstitucional, su mensaje fue cuestionado hasta por altos mandos militares. Es el momento de recordar que contrariamente a lo que suele pensarse, las guerras civiles se producen sobre todo como consecuencia de la divisi\u00f3n de las \u00e9lites dirigentes.<\/p>\n\n\n\n<p>Las elecciones presidenciales de noviembre ofrecen terreno propicio para que el conflicto elitario llegue a las manos. Tal como est\u00e1n la calle y los pron\u00f3sticos de la pandemia para oto\u00f1o, las elecciones pueden celebrarse \u2013o no celebrarse\u2013 en condiciones parecidas a las del estado de sitio y con la divisi\u00f3n entre estados rojos (republicanos) y azules (dem\u00f3cratas) muy candente. Todo lo que no sea una victoria rotunda de alguno de los dos candidatos, Biden o Trump, puede acelerar mucho las cosas. \u00bfC\u00f3mo reaccionar\u00e1n los l\u00edderes y los ciudadanos de estados republicanos si, por ejemplo, Biden gana la consulta de noviembre por un margen muy ajustado y Trump insiste en que le han robado las elecciones? La pregunta est\u00e1 estos d\u00edas en boca de no pocos observadores que recuerdan en ese contexto que entre los seguidores de Trump abundan los activistas armados que en abril ya salieron a la calle con banderas confederadas para protestar contra las medidas de aislamiento de la pandemia\u2026 El presidente puede movilizar en su apoyo a toda una armada de militares, miembros de las milicias y ciudadanos ultras armados para mantenerse en el poder.&nbsp;<\/p>\n\n\n\n<p>Lo que pasa en Estados Unidos tiene una enorme fuerza ejemplarizante en el resto del mundo. Las ondas del caso George Floyd han llegado a Europa, Australia, Kenia y Argentina. Como Francia en Europa, Estados Unidos es un pa\u00eds cuyo ejemplo inspira en todo el mundo, y en cualquier caso, independientemente de lo que resulte de la actual protesta ciudadana, podemos constatar que la divisi\u00f3n interna avanza de forma din\u00e1mica. Y eso solo significa una cosa: que la tendencia hacia la debilidad en la primera potencia mundial se acelera.<\/p>\n\n\n\n<p><em><strong>Rafael Poch-de-Feliu<\/strong>&nbsp;(Barcelona) fue corresponsal de&nbsp;La Vanguardia&nbsp;en Mosc\u00fa, Pek\u00edn y Berl\u00edn. Autor de varios libros; sobre el fin de la URSS, sobre la Rusia de Putin, sobre China, y un ensayo colectivo sobre la Alemania&nbsp; de la eurocrisis.<\/em><\/p>\n","protected":false},"excerpt":{"rendered":"<p>Rafael Poch de Feliu Fuente: Rebeli\u00f3n En Estados Unidos la protesta ciudadana ampl\u00eda la divisi\u00f3n de los que mandan y dibuja en el horizonte un panorama de \u2018guerra civil fr\u00eda\u2019. Con diez millones de casos confirmados y medio mill\u00f3n de muertos conocidos, las cifras de finales de junio (recordemos que eran 300.000 y 11.000, respectivamente, [&hellip;]<\/p>\n","protected":false},"author":1,"featured_media":2212,"comment_status":"open","ping_status":"open","sticky":false,"template":"","format":"standard","meta":{"footnotes":""},"categories":[5,3],"tags":[],"_links":{"self":[{"href":"http:\/\/www.movimientocaamanista.com\/index.php?rest_route=\/wp\/v2\/posts\/2457"}],"collection":[{"href":"http:\/\/www.movimientocaamanista.com\/index.php?rest_route=\/wp\/v2\/posts"}],"about":[{"href":"http:\/\/www.movimientocaamanista.com\/index.php?rest_route=\/wp\/v2\/types\/post"}],"author":[{"embeddable":true,"href":"http:\/\/www.movimientocaamanista.com\/index.php?rest_route=\/wp\/v2\/users\/1"}],"replies":[{"embeddable":true,"href":"http:\/\/www.movimientocaamanista.com\/index.php?rest_route=%2Fwp%2Fv2%2Fcomments&post=2457"}],"version-history":[{"count":1,"href":"http:\/\/www.movimientocaamanista.com\/index.php?rest_route=\/wp\/v2\/posts\/2457\/revisions"}],"predecessor-version":[{"id":2458,"href":"http:\/\/www.movimientocaamanista.com\/index.php?rest_route=\/wp\/v2\/posts\/2457\/revisions\/2458"}],"wp:featuredmedia":[{"embeddable":true,"href":"http:\/\/www.movimientocaamanista.com\/index.php?rest_route=\/wp\/v2\/media\/2212"}],"wp:attachment":[{"href":"http:\/\/www.movimientocaamanista.com\/index.php?rest_route=%2Fwp%2Fv2%2Fmedia&parent=2457"}],"wp:term":[{"taxonomy":"category","embeddable":true,"href":"http:\/\/www.movimientocaamanista.com\/index.php?rest_route=%2Fwp%2Fv2%2Fcategories&post=2457"},{"taxonomy":"post_tag","embeddable":true,"href":"http:\/\/www.movimientocaamanista.com\/index.php?rest_route=%2Fwp%2Fv2%2Ftags&post=2457"}],"curies":[{"name":"wp","href":"https:\/\/api.w.org\/{rel}","templated":true}]}}