{"id":2481,"date":"2020-07-10T10:40:47","date_gmt":"2020-07-10T10:40:47","guid":{"rendered":"http:\/\/www.movimientocaamanista.com\/?p=2481"},"modified":"2020-07-10T10:40:49","modified_gmt":"2020-07-10T10:40:49","slug":"en-defensa-del-autentico-periodismo","status":"publish","type":"post","link":"http:\/\/www.movimientocaamanista.com\/?p=2481","title":{"rendered":"En defensa del aut\u00e9ntico periodismo"},"content":{"rendered":"\n<p><a href=\"https:\/\/atilioboron.com.ar\/en-defensa-del-autentico-periodismo\/\">Atilio Boron<\/a><\/p>\n\n\n\n<p>En la Argentina actual muchos periodistas de los grandes medios hegem\u00f3nicos sienten que no s\u00f3lo tienen el derecho de opinar, lo que es incuestionable, sino tambi\u00e9n de mentir u ocultar toda informaci\u00f3n que pueda exponer a la luz p\u00fablica los negociados (e inclusive los delitos) de sus patrones. Creen que la libertad de prensa, en su caso un escandaloso libertinaje, los faculta para desinformar deliberada e irresponsablemente a la poblaci\u00f3n; lanzar campa\u00f1as de terrorismo medi\u00e1tico contra quienes no comulgan con sus ideas e intereses; silenciar o difamar a sus contradictores; burlarse y escarnecer a los m\u00e1s altos funcionarios del gobierno nacional, comenzando por el propio presidente de la Rep\u00fablica y su investidura; a descargar un torrente interminable de \u00abfake news\u00bb y a presentar las opiniones que les ordenan difundir los empresarios que contratan sus servicios como si fueran obra genuina de periodistas \u201cindependientes, objetivos y ecu\u00e1nimes.\u201d La misi\u00f3n de estos pseudo-periodistas -que jam\u00e1s salieron a defender a un Julian Assange, a un Edward Snowden o a Chelsea Manning, y que no dijeron una palabra cuando bajo el gobierno de Mauricio Macri se lanz\u00f3 una brutal cacer\u00eda de periodistas en TELAM y muchos otros medios, se aval\u00f3 a la patota que arras\u00f3 la redacci\u00f3n de Tiempo Argentino y expuls\u00f3 a la se\u00f1al TeleSur de la Televisi\u00f3n Digital Abierta- no es honrar y ejercer la libertad de prensa sino disimular, bajo un inmoral subterfugio, su condici\u00f3n de operadores propagand\u00edsticos al servicio de los grandes conglomerados econ\u00f3micos que en este momento se han lanzado con todas sus fuerzas y descaro a debilitar y derrocar al gobierno nacional, proyecto que s\u00f3lo podr\u00e1 ser desbaratado mediante una firme resistencia popular en defensa de la democracia.<\/p>\n\n\n\n<p>Por eso mi apoyo a esta declaraci\u00f3n que transcribo a continuaci\u00f3n, en la convicci\u00f3n de que, como lo demuestran la historia y la experiencia cotidiana, no habr\u00e1 democracia pol\u00edtica digna de ese nombre mientras no se democratice al sistema medi\u00e1tico, la gran tarea pendiente que deber\u00e1 ser encarada ni bien el Covid-19 sea un doloroso recuerdo del pasado.<\/p>\n\n\n\n<p><strong>Las voces de los periodistas que no se comercializan por un plato de lentejas.<\/strong><\/p>\n\n\n\n<p><strong>100 empleados de los grupos hegem\u00f3nicos, responsables de instituir un relato para favorecer a sus empleadores millonarios, firmaron una solicitada para defender a uno de ellos, el imputado por ser parte de una red de inteligencia ilegal, el vocero de las corporaciones, Luis Majul. Le contestamos m\u00e1s de mil (1000) comunicadores en esta solicitada que obviamente ser\u00e1 silenciada por las propaladoras del odio y el poder concentrado. Hag\u00e1mosla circular!&nbsp;<\/strong><\/p>\n\n\n\n<figure class=\"wp-block-embed-wordpress wp-block-embed is-type-wp-embed is-provider-socompa\"><div class=\"wp-block-embed__wrapper\">\n<blockquote class=\"wp-embedded-content\" data-secret=\"uwzVYhTjs1\"><a href=\"http:\/\/socompa.info\/noticias\/periodistas\/\">Periodistas<\/a><\/blockquote><iframe title=\"&#171;Periodistas&#187; &#8212; Socompa\" class=\"wp-embedded-content\" sandbox=\"allow-scripts\" security=\"restricted\" style=\"position: absolute; clip: rect(1px, 1px, 1px, 1px);\" src=\"http:\/\/socompa.info\/noticias\/periodistas\/embed\/#?secret=uwzVYhTjs1\" data-secret=\"uwzVYhTjs1\" width=\"600\" height=\"338\" frameborder=\"0\" marginwidth=\"0\" marginheight=\"0\" scrolling=\"no\"><\/iframe>\n<\/div><\/figure>\n","protected":false},"excerpt":{"rendered":"<p>Atilio Boron En la Argentina actual muchos periodistas de los grandes medios hegem\u00f3nicos sienten que no s\u00f3lo tienen el derecho de opinar, lo que es incuestionable, sino tambi\u00e9n de mentir u ocultar toda informaci\u00f3n que pueda exponer a la luz p\u00fablica los negociados (e inclusive los delitos) de sus patrones. Creen que la libertad de [&hellip;]<\/p>\n","protected":false},"author":1,"featured_media":2482,"comment_status":"open","ping_status":"open","sticky":false,"template":"","format":"standard","meta":{"footnotes":""},"categories":[5,3],"tags":[],"_links":{"self":[{"href":"http:\/\/www.movimientocaamanista.com\/index.php?rest_route=\/wp\/v2\/posts\/2481"}],"collection":[{"href":"http:\/\/www.movimientocaamanista.com\/index.php?rest_route=\/wp\/v2\/posts"}],"about":[{"href":"http:\/\/www.movimientocaamanista.com\/index.php?rest_route=\/wp\/v2\/types\/post"}],"author":[{"embeddable":true,"href":"http:\/\/www.movimientocaamanista.com\/index.php?rest_route=\/wp\/v2\/users\/1"}],"replies":[{"embeddable":true,"href":"http:\/\/www.movimientocaamanista.com\/index.php?rest_route=%2Fwp%2Fv2%2Fcomments&post=2481"}],"version-history":[{"count":1,"href":"http:\/\/www.movimientocaamanista.com\/index.php?rest_route=\/wp\/v2\/posts\/2481\/revisions"}],"predecessor-version":[{"id":2483,"href":"http:\/\/www.movimientocaamanista.com\/index.php?rest_route=\/wp\/v2\/posts\/2481\/revisions\/2483"}],"wp:featuredmedia":[{"embeddable":true,"href":"http:\/\/www.movimientocaamanista.com\/index.php?rest_route=\/wp\/v2\/media\/2482"}],"wp:attachment":[{"href":"http:\/\/www.movimientocaamanista.com\/index.php?rest_route=%2Fwp%2Fv2%2Fmedia&parent=2481"}],"wp:term":[{"taxonomy":"category","embeddable":true,"href":"http:\/\/www.movimientocaamanista.com\/index.php?rest_route=%2Fwp%2Fv2%2Fcategories&post=2481"},{"taxonomy":"post_tag","embeddable":true,"href":"http:\/\/www.movimientocaamanista.com\/index.php?rest_route=%2Fwp%2Fv2%2Ftags&post=2481"}],"curies":[{"name":"wp","href":"https:\/\/api.w.org\/{rel}","templated":true}]}}