{"id":2518,"date":"2020-07-15T00:42:16","date_gmt":"2020-07-15T00:42:16","guid":{"rendered":"http:\/\/www.movimientocaamanista.com\/?p=2518"},"modified":"2020-07-21T10:57:10","modified_gmt":"2020-07-21T10:57:10","slug":"republica-dominicana-y-los-responsables-del-rebrote-de-la-covid-19","status":"publish","type":"post","link":"http:\/\/www.movimientocaamanista.com\/?p=2518","title":{"rendered":"REP\u00daBLICA DOMINICANA Y LOS RESPONSABLES DEL REBROTE DE LA COVID 19"},"content":{"rendered":"\n<p>Narciso Isa Conde<\/p>\n\n\n\n<p><em>\u201cEstos desatinos solo se explican por la existencia de una dominaci\u00f3n clasista y partidocr\u00e1tica, en la que la salud y la vida de tanta gente nunca ha ocupado el primer lugar en su ejercicio de poder; ni siquiera la COVID 19 conmovi\u00f3 sus corazones.\u201d<\/em><\/p>\n\n\n\n<p>La experiencia dominicana en materia de apertura econ\u00f3mica y elecciones presidenciales y congresuales en el curso de la pandemia COVID 19, debe ser apreciada a nivel internacional en su grave negatividad.<\/p>\n\n\n\n<p>El pa\u00eds est\u00e1 en su peor momento desde el inicio de la pandemia.<\/p>\n\n\n\n<p>Pocos nos atrevimos a advertir y denunciar la peligrosidad de ambas decisiones avaladas por todos los poderes del Estado, por la llamada clase pol\u00edtica tradicional (oficialista y opositora), las c\u00fapulas eclesiales de todas confesiones, las organizaciones corporativas del gran capital privado, los grandes medios de comunicaci\u00f3n\u2026 y hasta por las delegaciones de la OMS y la OPS.<\/p>\n\n\n\n<p>La opini\u00f3n provino de c\u00fapulas sociales, pol\u00edticas e ideol\u00f3gicas deshumanizadas e insensibles en grado extremo, que explotaron necesidades y sentimientos con fuertes arraigos.<\/p>\n\n\n\n<p>Resalta el absurdo, puesto que no hab\u00eda que ser genio en la conducci\u00f3n del Estado, la econom\u00eda y la pol\u00edtica para pensar anticipadamente y vaticinar lo que ha pasado \u2013y est\u00e1 pasando- con la pandemia, sobre todo luego de la mala experiencia en el tratamiento del contagio inicial en vista de la resistencia a cerrar los aeropuertos para defender intereses de los magnates del turismo, seguida de unas elecciones municipales realizadas en medio del contagio.<\/p>\n\n\n\n<p>El agravamiento del brote inicial pudo ser apreciado por todo el mundo, con casos comprobados de contagio importado y comunitario, a causa de la tardanza en el cierre del pa\u00eds y su inmediata expansi\u00f3n durante las votaciones municipales.<\/p>\n\n\n\n<p><strong>\u00b7 UN CORO AUTO-ALIENADO<\/strong><\/p>\n\n\n\n<p>De nuevo se hicieron las advertencias, pero estas fueron arrinconadas por un apabullante coro sist\u00e9mico que brot\u00f3 de un bloque social y pol\u00edticamente dominante obnubilado por sus ambiciones; con muchas facciones adictas al enriquecimiento y al poder pol\u00edtico a cualquier precio, incluso sin medir consecuencias previsibles que podr\u00edan, como acontece ahora, convertirse en \u201cboomerangs\u201d.<\/p>\n\n\n\n<p>Ese fen\u00f3meno ideol\u00f3gico, acompa\u00f1ado de un enorme poder de expansi\u00f3n medi\u00e1tica y dominio de mentes, resulta curioso y peligroso a la vez; y al parecer generado por la decadencia del sistema establecido y su proclividad al caos: la auto-enajenaci\u00f3n de los que se la pasan enajenando a los pueblos.<\/p>\n\n\n\n<p>No quer\u00edamos tener raz\u00f3n, m\u00e1s bien dese\u00e1bamos equivocarnos.<\/p>\n\n\n\n<p>Pero para colmo, la aventura criticada en fase inicial, se repiti\u00f3 en varias oportunidades con una emergencia y una cuarentena mal manejadas, una apertura econ\u00f3mica inoportuna y sin posibilidades de cuajar, convocatoria a elecciones presidenciales y congresuales \u201caunque entrara el mar\u201d, campa\u00f1a electoral clientelista e irrespetuosa de normas sanitarias vitales, y votaciones y celebraciones altamente contaminantes.<\/p>\n\n\n\n<p>El rebrote le da en el rostro a sus gestores y promotores obnubilados\u2026 hasta generar la alarma y los peligros actuales, que incluso resuenan a nivel internacional; pendiente todav\u00eda la suma de los contagios generados por un final de campa\u00f1a tumultuoso, por los descontroles durante las votaciones del 5 de julio y las irresponsables celebraciones posteriores, que podr\u00eda generar algo ser peor.<\/p>\n\n\n\n<p><strong>\u00b7 CAUSAS Y CULPAS.<\/strong><\/p>\n\n\n\n<p>Estos desatinos solo se explican por la existencia de una dominaci\u00f3n clasista y partidocr\u00e1tica, en la que la salud y la vida de tanta gente nunca ha ocupado el primer lugar en su ejercicio de poder; ni siquiera la COVID 19 conmovi\u00f3 los corazones de sus instrumentos pol\u00edticos, grandes empresarios y tutores supranacionales, movidos fundamentalmente por el dinero, por la ambici\u00f3n, o por el dominio sobre el Estado y el territorio nacional.<\/p>\n\n\n\n<p>El \u201cEstado de Emergencia\u201d y la \u201cCuarentena\u201d nunca han sido aplicada con rigor, siempre ha primado el af\u00e1n de control autoritario del Presidente Danilo Medina, el ventajismo electoral, el uso clientelista del Estado y sus recursos, el empleo de dinero sucio acumulado en ocho a\u00f1os de corruptela y la oportunidad de robar con las ventajas que permiten los atributos excepcionales de la emergencia.<\/p>\n\n\n\n<p>Esto, a su vez, gener\u00f3 en la c\u00fapula opositora -puntera en cuanto a respaldo de electores- enormes tensiones que la condujeron a intensificar sus pr\u00e1cticas clientelistas, a emplear recursos espurios y a inclinarse por riesgosas complacencias con la c\u00fapula empresarial.<\/p>\n\n\n\n<p>\u00a1Hay criminalidad sist\u00e9mica compartida y hay tambi\u00e9n responsables impunes en esas decisiones genocidas, las cuales la historia habr\u00e1 de juzgar y castigar!<\/p>\n\n\n\n<p>Ellos, ellas, tienen nombres y apellidos, personales y corporativos. Los hay presidentes y ex -presidentes, altos funcionarios, candidatos derrotados y triunfantes, partidos del gobierno y de la oposici\u00f3n, empresarios elitistas, autoridades del sector salud, asesores bien pagados, comunicadores de todas las pintas, curas \u201censotanados\u201d y pastores \u201cencorbatados\u201d de varias religiones, diplom\u00e1ticos encumbrados y funcionarios de la OMS.<\/p>\n\n\n\n<p>Alarma que siguen actuando como si nada hubieran tenido que ver en este desastre.<\/p>\n\n\n\n<p>No cuestiono la justeza del inmenso anhelo popular alcanzado, que culmin\u00f3 con el castigo al gobierno saliente y a todas las perversidade de dictadura constitucional mafiosa del Partido de la Liberaci\u00f3n Dominicana-PLD.<\/p>\n\n\n\n<p>Incluso es explicable el gran inter\u00e9s puesto por la mayor\u00eda dispuesta a votar en desplazar al PLD del gobierno, que en medio de la abstenci\u00f3n m\u00e1s alta de la historia electoral de las \u00faltimas d\u00e9cadas, logr\u00f3 su prop\u00f3sito, confiando en el discurso enga\u00f1oso de que concurriendo a las urnas no se corr\u00eda riesgos mayores.<\/p>\n\n\n\n<p>Pero no se justifica el desprecio esencial y persistente del triunfante Partido Revolucionario Moderno-PRM y aliados, y de todo el abanico defensor de este sistema de dominaci\u00f3n, respecto al previsible impacto tr\u00e1gico de una apertura econ\u00f3mica, una campa\u00f1a electoral y unas votaciones evidentemente a destiempo y re\u00f1idas con la salud y la vida de esta sociedad.<\/p>\n\n\n\n<p>En verdad, determinados motivos justos, no eximen de culpas a los responsables de los agravamientos expresamente provocadas y, adem\u00e1s, previsibles, de este tipo de tragedia social y humana.<\/p>\n","protected":false},"excerpt":{"rendered":"<p>Narciso Isa Conde \u201cEstos desatinos solo se explican por la existencia de una dominaci\u00f3n clasista y partidocr\u00e1tica, en la que la salud y la vida de tanta gente nunca ha ocupado el primer lugar en su ejercicio de poder; ni siquiera la COVID 19 conmovi\u00f3 sus corazones.\u201d La experiencia dominicana en materia de apertura econ\u00f3mica [&hellip;]<\/p>\n","protected":false},"author":1,"featured_media":2519,"comment_status":"open","ping_status":"open","sticky":false,"template":"","format":"standard","meta":{"footnotes":""},"categories":[5,16],"tags":[],"_links":{"self":[{"href":"http:\/\/www.movimientocaamanista.com\/index.php?rest_route=\/wp\/v2\/posts\/2518"}],"collection":[{"href":"http:\/\/www.movimientocaamanista.com\/index.php?rest_route=\/wp\/v2\/posts"}],"about":[{"href":"http:\/\/www.movimientocaamanista.com\/index.php?rest_route=\/wp\/v2\/types\/post"}],"author":[{"embeddable":true,"href":"http:\/\/www.movimientocaamanista.com\/index.php?rest_route=\/wp\/v2\/users\/1"}],"replies":[{"embeddable":true,"href":"http:\/\/www.movimientocaamanista.com\/index.php?rest_route=%2Fwp%2Fv2%2Fcomments&post=2518"}],"version-history":[{"count":1,"href":"http:\/\/www.movimientocaamanista.com\/index.php?rest_route=\/wp\/v2\/posts\/2518\/revisions"}],"predecessor-version":[{"id":2520,"href":"http:\/\/www.movimientocaamanista.com\/index.php?rest_route=\/wp\/v2\/posts\/2518\/revisions\/2520"}],"wp:featuredmedia":[{"embeddable":true,"href":"http:\/\/www.movimientocaamanista.com\/index.php?rest_route=\/wp\/v2\/media\/2519"}],"wp:attachment":[{"href":"http:\/\/www.movimientocaamanista.com\/index.php?rest_route=%2Fwp%2Fv2%2Fmedia&parent=2518"}],"wp:term":[{"taxonomy":"category","embeddable":true,"href":"http:\/\/www.movimientocaamanista.com\/index.php?rest_route=%2Fwp%2Fv2%2Fcategories&post=2518"},{"taxonomy":"post_tag","embeddable":true,"href":"http:\/\/www.movimientocaamanista.com\/index.php?rest_route=%2Fwp%2Fv2%2Ftags&post=2518"}],"curies":[{"name":"wp","href":"https:\/\/api.w.org\/{rel}","templated":true}]}}