{"id":2521,"date":"2020-07-15T00:49:59","date_gmt":"2020-07-15T00:49:59","guid":{"rendered":"http:\/\/www.movimientocaamanista.com\/?p=2521"},"modified":"2020-07-15T00:50:01","modified_gmt":"2020-07-15T00:50:01","slug":"carta-publica-a-antonio-pena-mirabal-y-roberto-fulcar","status":"publish","type":"post","link":"http:\/\/www.movimientocaamanista.com\/?p=2521","title":{"rendered":"CARTA P\u00daBLICA A ANTONIO PE\u00d1A MIRABAL Y ROBERTO FULCAR"},"content":{"rendered":"\n<p>Rosanna Salazar<\/p>\n\n\n\n<p>Fuente: <a href=\"https:\/\/m.facebook.com\/story.php?story_fbid=10223818594079942&amp;id=1447511640\">Facebook<\/a><\/p>\n\n\n\n<p>Se\u00f1ores ministros:<br>\nSu autoridad en materia educativa est\u00e1 en juego en estos momentos de crisis sanitaria. La salud de cientos de miles de estudiantes, maestros, psic\u00f3logos, personal administrativo y de apoyo y en consecuencia de todos sus familiares, no puede ser asunto de un a\u00f1o escolar, sino una prioridad esencial: \u00a1una necesidad de vida!<br>\nAbrir el pr\u00f3ximo a\u00f1o escolar en forma semipresencial es una insensatez pol\u00edtica y una total carencia de prudencia, sentido human\u00edstico y violatorio a todas las normas y protocolos de salud que han dicho, ustedes los pol\u00edticos, que debe seguir el pueblo.<br>\nComo maestra con mas de 30 a\u00f1os de experiencia y muy definida vocaci\u00f3n docente, me siento en el deber ciudadano de demandarles cordura, compasi\u00f3n, benevolencia y compromiso social con la poblaci\u00f3n escolar dominicana.<br>\nNo es cierto que ir un d\u00eda y el otro no, asegura la salud de nuestros muchachos. Piensen en ese escenario de 15, 20 o 30 alumnos de edades distintas jugando a quirarse las mascarillas, a escond\u00e9rselas a sus compa\u00f1eros, a usarlas en todas partes menos sobre sus bocas y narices, al &#8220;bullying&#8221; si alguien sabe de alg\u00fan familiar que estuvo enfermo, al desgaste de maestros y directivos al intentar controlar todas esas situaciones. <br>\nNo es verdad, se\u00f1ores ministros, que un ni\u00f1o en edad preescolar o de primaria va a controlar sus necesidades afectivas de abrazar a sus maestras y a sus compa\u00f1eros o a corretear uno detr\u00e1s del otro durante el recreo o toparse en sus naturales juegos. Es una insensatez y desconocimiento de la psicolog\u00eda de los adolescentes, creer que estos no se rebelar\u00e1n por estar seis o siete horas sentados con la boca tapada en medio de este calor del tr\u00f3pico y con el temor al contagio, pero a la vez desafiando, en su contrafobia juvenil y natural, reglas e instrucciones. <br>\n\u00a1 Esto no es Jap\u00f3n ni China donde hay otros criterios culturales y los muchachos no expresan emociones ni acuden al contacto. Yo tengo 12 alumnos asi\u00e1ticos y ni se mueven en el aula, pero los nuestros lo menos que hacen es estar quietos!  En Rep\u00fablica Dominicana, todav\u00eda los ni\u00f1os y adolescentes quieren y necesitan ser abrazados, cuidados, consentidos y protegidos. Solo un maestro que ha estado en aulas sabe c\u00f3mo demandan esos afectos a cualquier edad o nivel escolar.<br>\nNo hay condiciones de salubridad para abrir las clases presenciales. Si un adulto viola las disposiciones, qu\u00e9 no har\u00e1 un ni\u00f1o o un adolescente. <br>\nEllos, nuestros muchachos, tambi\u00e9n tienen sus miedos y han manejado altas dosis de estr\u00e9s cuando nos vimos en la necesidad de irnos a la forma virtual, pero entendieron que era por su seguridad y la de sus familias. Muchos de ellos y sus familares estuvieron contagiados y otros tem\u00ecan estarlo\u2026 \u00bfAcaso ha cambiado esa realidad que ahora ustedes los quieren en las aulas para someterlos al riesgo de enfermar o perder la vida?<br>\n\u00bfQu\u00e9 garant\u00eda tienen ustedes de que las escuelas dominicanas no se convertir\u00e1n en el pr\u00f3ximo foco de explosi\u00f3n del virus? <br>\nDe todos es sabido que en la mayor\u00eda de los centros p\u00fablicos, el agua en los ba\u00f1os es inexistente, que la higiene campea por su ausencia, que los padres no tendr\u00e1n para comprar una mascarilla diaria ni ustedes se la proporcionar\u00e1n o lo har\u00e1n unos dias hasta que haya periodistas merodeando. <br>\nSi su decisi\u00f3n es para complacer a los empresarios de la educaci\u00f3n, les recuerdo que la Salud P\u00fablica est\u00e1 por encima de cualquier actividad, d\u00edgase comercio o recreaci\u00f3n.  Si es debido a los contratos para el desayuno y el almuerzo escolar, inviertan ese dinero en dotar a los alumnos de peque\u00f1as computadoras o tabletas y entr\u00e9guenles a sus padres un dispositivo para internet m\u00f3vil y m\u00e1ndenles esa comida a sus casas en forma de bonos o compras. Todo eso se determinar\u00eda a la hora de la inscripci\u00f3n, bajo la supervisi\u00f3n de las asociaciones de padres de las escuelas y t\u00e9cnicos de ese ministerio.<br>\nImpartan cursos y talleres a los docentes sobre el manejo de plataformas digitales, manejo del estr\u00e9s (durante estos cuatro meses muchos maestros estuvimos a punto de la locura con tanta responsabilidad y presi\u00f3n laboral). <br>\nEscuchen las voces de padres y maestros que somos qui\u00e9nes estamos todo el tiempo con los muchachos. Los empresarios de la educaci\u00f3n solo obedecen al inter\u00e9s econ\u00f3mico. Nosotros velamos por la salud f\u00edsica, mental, emocional e intelectual de nuestros hijos. <br>\n\u00a1Este a\u00f1o escolar no puede ni debe ser presencial ni semipresencial, porque nos quedaremos con semipoblaci\u00f3n magisterial y estudiantil!<br>\n&#8221; Un rey que ama a su pueblo, da \u00f3rdenes justas y  sensatas&#8221;.<\/p>\n","protected":false},"excerpt":{"rendered":"<p>Rosanna Salazar Fuente: Facebook Se\u00f1ores ministros: Su autoridad en materia educativa est\u00e1 en juego en estos momentos de crisis sanitaria. La salud de cientos de miles de estudiantes, maestros, psic\u00f3logos, personal administrativo y de apoyo y en consecuencia de todos sus familiares, no puede ser asunto de un a\u00f1o escolar, sino una prioridad esencial: \u00a1una [&hellip;]<\/p>\n","protected":false},"author":1,"featured_media":2522,"comment_status":"open","ping_status":"open","sticky":false,"template":"","format":"standard","meta":{"footnotes":""},"categories":[5,2],"tags":[],"_links":{"self":[{"href":"http:\/\/www.movimientocaamanista.com\/index.php?rest_route=\/wp\/v2\/posts\/2521"}],"collection":[{"href":"http:\/\/www.movimientocaamanista.com\/index.php?rest_route=\/wp\/v2\/posts"}],"about":[{"href":"http:\/\/www.movimientocaamanista.com\/index.php?rest_route=\/wp\/v2\/types\/post"}],"author":[{"embeddable":true,"href":"http:\/\/www.movimientocaamanista.com\/index.php?rest_route=\/wp\/v2\/users\/1"}],"replies":[{"embeddable":true,"href":"http:\/\/www.movimientocaamanista.com\/index.php?rest_route=%2Fwp%2Fv2%2Fcomments&post=2521"}],"version-history":[{"count":1,"href":"http:\/\/www.movimientocaamanista.com\/index.php?rest_route=\/wp\/v2\/posts\/2521\/revisions"}],"predecessor-version":[{"id":2523,"href":"http:\/\/www.movimientocaamanista.com\/index.php?rest_route=\/wp\/v2\/posts\/2521\/revisions\/2523"}],"wp:featuredmedia":[{"embeddable":true,"href":"http:\/\/www.movimientocaamanista.com\/index.php?rest_route=\/wp\/v2\/media\/2522"}],"wp:attachment":[{"href":"http:\/\/www.movimientocaamanista.com\/index.php?rest_route=%2Fwp%2Fv2%2Fmedia&parent=2521"}],"wp:term":[{"taxonomy":"category","embeddable":true,"href":"http:\/\/www.movimientocaamanista.com\/index.php?rest_route=%2Fwp%2Fv2%2Fcategories&post=2521"},{"taxonomy":"post_tag","embeddable":true,"href":"http:\/\/www.movimientocaamanista.com\/index.php?rest_route=%2Fwp%2Fv2%2Ftags&post=2521"}],"curies":[{"name":"wp","href":"https:\/\/api.w.org\/{rel}","templated":true}]}}