{"id":2532,"date":"2020-07-15T23:33:20","date_gmt":"2020-07-15T23:33:20","guid":{"rendered":"http:\/\/www.movimientocaamanista.com\/?p=2532"},"modified":"2020-08-13T00:11:09","modified_gmt":"2020-08-13T00:11:09","slug":"un-genocida-innombrable","status":"publish","type":"post","link":"http:\/\/www.movimientocaamanista.com\/?p=2532","title":{"rendered":"Un genocida innombrable"},"content":{"rendered":"\n<p>FARC-EP <\/p>\n\n\n\n<p>Valerosa, muy valerosa la denuncia del Daniel Mendoza Leal a trav\u00e9s de su extraordinaria serie <strong>MATARIFE<\/strong> <em>un genocida innombrable<\/em>, contra \u00c1lvaro Uribe V\u00e9lez, esa &#8220;tormenta de muerte que no deja de azotar al pa\u00eds&#8221;. El pueblo entero, la dignidad humana, debe respaldar su valent\u00eda que recoge el decoro de muchos compatriotas que siempre han esperado justicia contra los abusos del tirano. <\/p>\n\n\n\n<p>Seguir leyendo&#8230;<\/p>\n\n\n\n<div class=\"wp-block-file\"><a href=\"http:\/\/www.movimientocaamanista.com\/wp-content\/uploads\/2020\/07\/Un-genocida-innombrable.pdf\"><img loading=\"lazy\" decoding=\"async\" width=\"300\" height=\"176\" class=\"wp-image-2534\" style=\"width: 150px;\" src=\"http:\/\/www.movimientocaamanista.com\/wp-content\/uploads\/2020\/07\/Matafire.jpg\" alt=\"\">Un-genocida-innombrable<\/a><a href=\"http:\/\/www.movimientocaamanista.com\/wp-content\/uploads\/2020\/07\/Un-genocida-innombrable.pdf\" class=\"wp-block-file__button\" download>Download<\/a><\/div>\n\n\n\n<figure class=\"wp-block-embed-youtube wp-block-embed is-type-video is-provider-youtube wp-embed-aspect-16-9 wp-has-aspect-ratio\"><div class=\"wp-block-embed__wrapper\">\n<iframe loading=\"lazy\" title=\"Matarife: Un genocida innombrable, todos los cap\u00edtulos del 1 al 5 en un solo v\u00eddeo\" width=\"640\" height=\"360\" src=\"https:\/\/www.youtube.com\/embed\/5FXhL0TSV8U?feature=oembed\" frameborder=\"0\" allow=\"accelerometer; autoplay; encrypted-media; gyroscope; picture-in-picture\" allowfullscreen><\/iframe>\n<\/div><figcaption> <strong>MATARIFE<\/strong> <em>un genocida innombrable<\/em> <\/figcaption><\/figure>\n","protected":false},"excerpt":{"rendered":"<p>FARC-EP Valerosa, muy valerosa la denuncia del Daniel Mendoza Leal a trav\u00e9s de su extraordinaria serie MATARIFE un genocida innombrable, contra \u00c1lvaro Uribe V\u00e9lez, esa &#8220;tormenta de muerte que no deja de azotar al pa\u00eds&#8221;. El pueblo entero, la dignidad humana, debe respaldar su valent\u00eda que recoge el decoro de muchos compatriotas que siempre han [&hellip;]<\/p>\n","protected":false},"author":1,"featured_media":2534,"comment_status":"open","ping_status":"open","sticky":false,"template":"","format":"standard","meta":{"footnotes":""},"categories":[5,3],"tags":[],"_links":{"self":[{"href":"http:\/\/www.movimientocaamanista.com\/index.php?rest_route=\/wp\/v2\/posts\/2532"}],"collection":[{"href":"http:\/\/www.movimientocaamanista.com\/index.php?rest_route=\/wp\/v2\/posts"}],"about":[{"href":"http:\/\/www.movimientocaamanista.com\/index.php?rest_route=\/wp\/v2\/types\/post"}],"author":[{"embeddable":true,"href":"http:\/\/www.movimientocaamanista.com\/index.php?rest_route=\/wp\/v2\/users\/1"}],"replies":[{"embeddable":true,"href":"http:\/\/www.movimientocaamanista.com\/index.php?rest_route=%2Fwp%2Fv2%2Fcomments&post=2532"}],"version-history":[{"count":2,"href":"http:\/\/www.movimientocaamanista.com\/index.php?rest_route=\/wp\/v2\/posts\/2532\/revisions"}],"predecessor-version":[{"id":2536,"href":"http:\/\/www.movimientocaamanista.com\/index.php?rest_route=\/wp\/v2\/posts\/2532\/revisions\/2536"}],"wp:featuredmedia":[{"embeddable":true,"href":"http:\/\/www.movimientocaamanista.com\/index.php?rest_route=\/wp\/v2\/media\/2534"}],"wp:attachment":[{"href":"http:\/\/www.movimientocaamanista.com\/index.php?rest_route=%2Fwp%2Fv2%2Fmedia&parent=2532"}],"wp:term":[{"taxonomy":"category","embeddable":true,"href":"http:\/\/www.movimientocaamanista.com\/index.php?rest_route=%2Fwp%2Fv2%2Fcategories&post=2532"},{"taxonomy":"post_tag","embeddable":true,"href":"http:\/\/www.movimientocaamanista.com\/index.php?rest_route=%2Fwp%2Fv2%2Ftags&post=2532"}],"curies":[{"name":"wp","href":"https:\/\/api.w.org\/{rel}","templated":true}]}}