{"id":2606,"date":"2020-07-26T11:36:35","date_gmt":"2020-07-26T11:36:35","guid":{"rendered":"http:\/\/www.movimientocaamanista.com\/?p=2606"},"modified":"2020-08-07T01:01:35","modified_gmt":"2020-08-07T01:01:35","slug":"divinotesoro","status":"publish","type":"post","link":"http:\/\/www.movimientocaamanista.com\/?p=2606","title":{"rendered":"divinotesoro@&#8230;"},"content":{"rendered":"\n<p>Narciso Isa Conde<\/p>\n\n\n\n<p>Su correo electr\u00f3nico se iniciaba as\u00ed. F\u00e9lix ten\u00eda una vena po\u00e9tica y gran sentido del humor que siempre reflejaba en su hablar y su escribir. Sus ocurrencias le pon\u00edan la cara alegre a cualquier \u201csangr\u00fa\u201d. Todos\/as celebr\u00e1bamos y admir\u00e1bamos su manera de enfrentar las controversias en la relaciones humanas y en la militancia revolucionaria, siempre con tranquilidad de esp\u00edritu y con sonrisas en los labios.<\/p>\n\n\n\n<p>Ese divino tesoro se lo llev\u00f3 el pasado mi\u00e9rcoles de esta vida terrenal la pandemia inducida que azota al mundo, el virus de dudoso origen que impacta desgarradoramente esta sociedad plagada de injusticias e iniquidades.<\/p>\n\n\n\n<p>Yo lo conoc\u00ed a principio de 1990 cuando construimos Fuerza de la Revoluci\u00f3n-FR y participaba en el Colectivo de Organizaciones Populares, y m\u00e1s tarde fortalecimos hermandad y camarader\u00eda en el Movimiento Caama\u00f1ista-MC, del cual fue miembro de su Coordinaci\u00f3n Nacional y director del peri\u00f3dico Tiro al Blanco.<\/p>\n\n\n\n<p>Un ser bondadoso, solidario, talentoso\u2026 Un animador cultural y maestro de ceremonia de fina inteligencia. Con un humor lleno de picard\u00eda y sabidur\u00eda popular. Con un inmenso amor por la poes\u00eda, las artes y la buena canci\u00f3n, sin presumir de poeta o intelectual, aunque ciertamente lo era de verdad.<\/p>\n\n\n\n<p>Valiente, sin alardear de guerrero. Protagonista de m\u00faltiples y variados combates por la libertad y la justicia. Siempre inclinado a vivir la cotidianidad del pueblo explotado y excluido. Siempre vinculado a los esfuerzos de organizaci\u00f3n comunitaria y lucha popular. Sabana Perdida, el barrio donde resid\u00eda, supo de sus desvelos en defensa de sus humildes moradores. El Colectivo Caracol tras la huellas de Caama\u00f1o, tambi\u00e9n.<\/p>\n\n\n\n<p>Cultor del amor y la amistad consecuente, padre e hijo ejemplar, supo granjearse un cari\u00f1o especial en todos los entornos de su militancia por el socialismo y en su vida en pareja, familia y sociedad. Un gordito que emanaba humanidad. Tierno como las flores y firme como el acero.<\/p>\n\n\n\n<p>Duele su desgarradora muerte en \u201csoledad sanitaria\u201d. Duele su entierro cruelmente condicionado por el estado de pandemia. Pero al menos F\u00e9lix tiene muchos y muchas que le escriban, no como el coronel de Garc\u00eda M\u00e1rquez. No como los 30 seres humanos que fallecieron el mismo d\u00eda de su muerte a causa del advertido genocidio generado por unas elecciones irresponsables y una apertura econ\u00f3mica p\u00e9simamente manejada.<\/p>\n\n\n\n<p>Es la diferencia entre los soldados conocidos por su impacto en la sociedad y los desconocidos por su marginalidad. Diferencia injusta, enraizada en la condici\u00f3n de clase y diferentes roles sociales y pol\u00edticos. F\u00e9lix, tesoro humano, manantial de amor, bondad y compromiso revolucionario, nos acompa\u00f1ar\u00e1 siempre.<\/p>\n","protected":false},"excerpt":{"rendered":"<p>Narciso Isa Conde Su correo electr\u00f3nico se iniciaba as\u00ed. F\u00e9lix ten\u00eda una vena po\u00e9tica y gran sentido del humor que siempre reflejaba en su hablar y su escribir. Sus ocurrencias le pon\u00edan la cara alegre a cualquier \u201csangr\u00fa\u201d. Todos\/as celebr\u00e1bamos y admir\u00e1bamos su manera de enfrentar las controversias en la relaciones humanas y en la [&hellip;]<\/p>\n","protected":false},"author":1,"featured_media":2607,"comment_status":"open","ping_status":"open","sticky":false,"template":"","format":"standard","meta":{"footnotes":""},"categories":[5,16],"tags":[],"_links":{"self":[{"href":"http:\/\/www.movimientocaamanista.com\/index.php?rest_route=\/wp\/v2\/posts\/2606"}],"collection":[{"href":"http:\/\/www.movimientocaamanista.com\/index.php?rest_route=\/wp\/v2\/posts"}],"about":[{"href":"http:\/\/www.movimientocaamanista.com\/index.php?rest_route=\/wp\/v2\/types\/post"}],"author":[{"embeddable":true,"href":"http:\/\/www.movimientocaamanista.com\/index.php?rest_route=\/wp\/v2\/users\/1"}],"replies":[{"embeddable":true,"href":"http:\/\/www.movimientocaamanista.com\/index.php?rest_route=%2Fwp%2Fv2%2Fcomments&post=2606"}],"version-history":[{"count":1,"href":"http:\/\/www.movimientocaamanista.com\/index.php?rest_route=\/wp\/v2\/posts\/2606\/revisions"}],"predecessor-version":[{"id":2608,"href":"http:\/\/www.movimientocaamanista.com\/index.php?rest_route=\/wp\/v2\/posts\/2606\/revisions\/2608"}],"wp:featuredmedia":[{"embeddable":true,"href":"http:\/\/www.movimientocaamanista.com\/index.php?rest_route=\/wp\/v2\/media\/2607"}],"wp:attachment":[{"href":"http:\/\/www.movimientocaamanista.com\/index.php?rest_route=%2Fwp%2Fv2%2Fmedia&parent=2606"}],"wp:term":[{"taxonomy":"category","embeddable":true,"href":"http:\/\/www.movimientocaamanista.com\/index.php?rest_route=%2Fwp%2Fv2%2Fcategories&post=2606"},{"taxonomy":"post_tag","embeddable":true,"href":"http:\/\/www.movimientocaamanista.com\/index.php?rest_route=%2Fwp%2Fv2%2Ftags&post=2606"}],"curies":[{"name":"wp","href":"https:\/\/api.w.org\/{rel}","templated":true}]}}