{"id":2623,"date":"2020-07-30T00:56:12","date_gmt":"2020-07-30T00:56:12","guid":{"rendered":"http:\/\/www.movimientocaamanista.com\/?p=2623"},"modified":"2020-07-30T00:56:13","modified_gmt":"2020-07-30T00:56:13","slug":"camarada-men-a-tres-anos-de-tu-muerte-seguimos-tu-norte-29-de-julio-del-2017-2020","status":"publish","type":"post","link":"http:\/\/www.movimientocaamanista.com\/?p=2623","title":{"rendered":"Camarada Men a tres a\u00f1os de tu muerte seguimos tu norte                  (29 de julio del 2017-2020)"},"content":{"rendered":"\n<p>Movimiento Popular Dominicano (M.P.D.)<\/p>\n\n\n\n<p>Transcurr\u00edan los meses duros y candentes del a\u00f1o 1978, el PRD sustituir\u00eda al nefasto gobierno del d\u00e9spota ilustrado Joaqu\u00edn Balaguer. La lucha electoral y pol\u00edtica fue \u00e1lgida y casi a muerte, pol\u00edticamente hablando. <br>\nLa lucha intensa por las libertades pol\u00edticas no amainaba, el imperialismo met\u00eda sus manos como siempre, los llamados liberales de Washington con Jimmy Carter a la cabeza deciden que ya Balaguer y sus cr\u00edmenes no pod\u00edan seguir, necesitaban una nueva corriente para que le garantizara sus intereses. (Eso hizo el PRD de Pe\u00f1a G\u00f3mez), no obstante se le arranc\u00f3 la liberaci\u00f3n de los presos pol\u00edticos y el regreso de los exiliados y ciertas libertades pol\u00edticas.<br>\nDentro de ese contexto, estaba lograr la liberaci\u00f3n del camarada Jorge Puello (EL Men), quien hab\u00eda  sido apresado el 6 de febrero del a\u00f1o 1976. Sufri\u00f3 una vez m\u00e1s en carne propia la represi\u00f3n y tortura psicol\u00f3gica.  Al camarada Men lo pasearon por todas las c\u00e1rceles principales del pa\u00eds, desde la Victoria hasta la c\u00e1rcel de Dajab\u00f3n.<\/p>\n\n\n\n<p>El ejemplo de firmeza del camarada Men nos hizo crecer moral y pol\u00edticamente. Daba c\u00e1tedra de historia y de marxismo en cada juicio que  se le celebraba.<br>\nEl camarada Men no est\u00e1  f\u00edsicamente con nosotros despu\u00e9s de haber fallecido un 29 de noviembre del 20017.  Su deceso se produce tras haber cumplido 91 a\u00f1os de vida tensa e inclaudicable frente al sistema capitalista y olig\u00e1rquico dominicano, sobre todo contra el imperialismo  estadounidense.<br>\nSiempre nos manten\u00eda al tanto de la lucha pol\u00edtica t\u00e1ctica y estrat\u00e9gica frente al sistema y como forma de construir una l\u00ednea pol\u00edtica y program\u00e1tica correcta como gu\u00eda del MPD. Fue un gran propulsor de la l\u00ednea, Solo la izquierda revolucionaria es cambio.<\/p>\n\n\n\n<p>Fue y es uno de los revolucionarios m\u00e1s respetado por los revolucionarios y los no revolucionarios del pa\u00eds, es decir hasta el enemigo de clase respetaba y admiraba al camarada Men. Es decir, muri\u00f3 como vivi\u00f3.<\/p>\n\n\n\n<p>Nuestro partido Marxista \u2013leninista y revolucionario, MPD, levanta orgullosamente la bandera rojinegra y la bandera roja del proletariado internacional al cumplirse un a\u00f1o m\u00e1s de la muerte f\u00edsica del camarada Men.<br>\nExhortamos a la juventud rojinegra, a la de todo el pueblo dominicano, a los hombres y mujeres progresistas y revolucionarios del pueblo, a no descansar ante las nuevas maniobras del capitalismo dominicano y su nuevo gobierno de turno encabezado por  Abinader  y comparsas.<\/p>\n\n\n\n<p>Julio: mes de Otto Morales y los m\u00e1rtires emepedeistas!<\/p>\n\n\n\n<p>\u00a1El camarada Men  ejemplo proletario!<br>\n\u00a1Redoblemos la lucha y educaci\u00f3n popular!<br>\n\u00a1Solo el pueblo salva al pueblo!<br>\n\u00a1Honor y gloria al camarada Men!<\/p>\n\n\n\n<p>\u00a1El Partido de Pablo Mart\u00ednez, El Moreno y El Men Presente!<\/p>\n\n\n\n<p>Comit\u00e9 Pol\u00edtico del Comit\u00e9 Central.<\/p>\n","protected":false},"excerpt":{"rendered":"<p>Movimiento Popular Dominicano (M.P.D.) Transcurr\u00edan los meses duros y candentes del a\u00f1o 1978, el PRD sustituir\u00eda al nefasto gobierno del d\u00e9spota ilustrado Joaqu\u00edn Balaguer. La lucha electoral y pol\u00edtica fue \u00e1lgida y casi a muerte, pol\u00edticamente hablando. La lucha intensa por las libertades pol\u00edticas no amainaba, el imperialismo met\u00eda sus manos como siempre, los llamados [&hellip;]<\/p>\n","protected":false},"author":1,"featured_media":2624,"comment_status":"open","ping_status":"open","sticky":false,"template":"","format":"standard","meta":{"footnotes":""},"categories":[5,16],"tags":[],"_links":{"self":[{"href":"http:\/\/www.movimientocaamanista.com\/index.php?rest_route=\/wp\/v2\/posts\/2623"}],"collection":[{"href":"http:\/\/www.movimientocaamanista.com\/index.php?rest_route=\/wp\/v2\/posts"}],"about":[{"href":"http:\/\/www.movimientocaamanista.com\/index.php?rest_route=\/wp\/v2\/types\/post"}],"author":[{"embeddable":true,"href":"http:\/\/www.movimientocaamanista.com\/index.php?rest_route=\/wp\/v2\/users\/1"}],"replies":[{"embeddable":true,"href":"http:\/\/www.movimientocaamanista.com\/index.php?rest_route=%2Fwp%2Fv2%2Fcomments&post=2623"}],"version-history":[{"count":1,"href":"http:\/\/www.movimientocaamanista.com\/index.php?rest_route=\/wp\/v2\/posts\/2623\/revisions"}],"predecessor-version":[{"id":2625,"href":"http:\/\/www.movimientocaamanista.com\/index.php?rest_route=\/wp\/v2\/posts\/2623\/revisions\/2625"}],"wp:featuredmedia":[{"embeddable":true,"href":"http:\/\/www.movimientocaamanista.com\/index.php?rest_route=\/wp\/v2\/media\/2624"}],"wp:attachment":[{"href":"http:\/\/www.movimientocaamanista.com\/index.php?rest_route=%2Fwp%2Fv2%2Fmedia&parent=2623"}],"wp:term":[{"taxonomy":"category","embeddable":true,"href":"http:\/\/www.movimientocaamanista.com\/index.php?rest_route=%2Fwp%2Fv2%2Fcategories&post=2623"},{"taxonomy":"post_tag","embeddable":true,"href":"http:\/\/www.movimientocaamanista.com\/index.php?rest_route=%2Fwp%2Fv2%2Ftags&post=2623"}],"curies":[{"name":"wp","href":"https:\/\/api.w.org\/{rel}","templated":true}]}}