{"id":2633,"date":"2020-08-02T12:30:46","date_gmt":"2020-08-02T12:30:46","guid":{"rendered":"http:\/\/www.movimientocaamanista.com\/?p=2633"},"modified":"2020-08-02T12:30:48","modified_gmt":"2020-08-02T12:30:48","slug":"proyecciones-preocupantes-de-la-cepal","status":"publish","type":"post","link":"http:\/\/www.movimientocaamanista.com\/?p=2633","title":{"rendered":"Proyecciones preocupantes de la CEPAL"},"content":{"rendered":"\n<p>Julio C. Gambina<\/p>\n\n\n\n<p>Fuente: <a href=\"https:\/\/rebelion.org\/proyecciones-preocupantes-de-la-cepal\/\">Rebeli\u00f3n<\/a><\/p>\n\n\n\n<p>Con informaci\u00f3n hasta el 30 de junio del 2020, la Comisi\u00f3n Econ\u00f3mica para Am\u00e9rica Latina y el Caribe, la CEPAL, actualiz\u00f3 el impacto regional de la situaci\u00f3n econ\u00f3mica, afectada por el receso derivado del COVID19. [1] Se\u00f1ala el informe, con base en el Banco Mundial, que \u201cLa econom\u00eda mundial experimentar\u00e1 su mayor ca\u00edda desde la [\u2026]<\/p>\n\n\n\n<p>Con informaci\u00f3n hasta el 30 de junio del 2020, la Comisi\u00f3n Econ\u00f3mica para Am\u00e9rica Latina y el Caribe, la CEPAL, actualiz\u00f3 el impacto regional de la situaci\u00f3n econ\u00f3mica, afectada por el receso derivado del COVID19. [1]<\/p>\n\n\n\n<p>Se\u00f1ala el informe, con base en el Banco Mundial, que \u201cLa econom\u00eda mundial experimentar\u00e1 su mayor ca\u00edda desde la Segunda Guerra Mundial y el producto interno bruto (PIB) per c\u00e1pita disminuir\u00e1 en el 90% de los pa\u00edses, en un proceso sincr\u00f3nico sin precedentes\u201d.<\/p>\n\n\n\n<p>El dato es en s\u00ed mismo muy grave porque afecta al orden mundial emergente en la segunda posguerra, con preminencia del d\u00f3lar y el poder\u00edo ideol\u00f3gico y militar de EEUU.<\/p>\n\n\n\n<p>No se trata de un problema circunstancial, sino y m\u00e1s all\u00e1 de la disputa con China, como hemos sostenido en varias ocasiones, se constituye en un problema civilizatorio, que trasciende a la econom\u00eda. No es solo la dominaci\u00f3n lo que se discute, sino que la propia supervivencia del planeta y la humanidad est\u00e1 en cuesti\u00f3n por la afectaci\u00f3n de la Naturaleza.<\/p>\n\n\n\n<p>Queda claro que, si el tema es global, entonces, la regi\u00f3n nuestramericana se ve tambi\u00e9n afectada, m\u00e1s a\u00fan cuando el COVID19 toma a la regi\u00f3n como epicentro.<\/p>\n\n\n\n<p>No solo es Brasil o M\u00e9xico los que preocupan, con casi 87.000 y 43.000 fallecidos respectivamente, sino que tomando muertes por mill\u00f3n de habitantes encabeza la lista Per\u00fa, seguidos por Chile y reci\u00e9n Brasil y M\u00e9xico.<\/p>\n\n\n\n<p>Enfatizo este dato, porque ambos pa\u00edses andinos, Per\u00fa y Chile, han sido destacados en el \u00faltimo tiempo como los \u201cmodelos econ\u00f3micos\u201d a seguir, tomando sus procesos de liberalizaci\u00f3n econ\u00f3mica como paradigmas a imitar.<\/p>\n\n\n\n<p>Las consecuencias de la mercantilizaci\u00f3n se hacen notar ahora en la pauperizaci\u00f3n de la poblaci\u00f3n y el deterioro de la salud p\u00fablica, que recae sobre la poblaci\u00f3n m\u00e1s desprotegida.<\/p>\n\n\n\n<p>Proyecta el informe de CEPAL:<\/p>\n\n\n\n<p>\u201cpara el conjunto de la regi\u00f3n, una ca\u00edda promedio del PIB del 9,1% en 2020, con disminuciones del 9,4% en Am\u00e9rica del Sur, el 8,4% en Centroam\u00e9rica y M\u00e9xico, y el 7,9% en el Caribe, sin incluir Guyana, cuyo fuerte crecimiento lleva el total subregional a una ca\u00edda del 5,4%\u201d.<\/p>\n\n\n\n<p>En ese marco, es Sudam\u00e9rica la zona m\u00e1s afectada, con datos por encima del promedio para Brasil con una baja del -9,2%, la Argentina con una ca\u00edda del -10,5%, Per\u00fa del -13% y Venezuela en las peores condiciones del -26%.<\/p>\n\n\n\n<p>Hay que destacar para el caso venezolano, que m\u00e1s all\u00e1 de los problemas locales, las sanciones y el bloqueo estadounidense perjudican seriamente el funcionamiento econ\u00f3mico.<\/p>\n\n\n\n<p>Sobresalen algunos datos sobre la recesi\u00f3n en curso, en especial se menciona que:<\/p>\n\n\n\n<p>\u201cLa producci\u00f3n industrial en M\u00e9xico cay\u00f3 un 29,3% interanual en abril, mientras que la actividad total de la econom\u00eda en el mismo per\u00edodo disminuy\u00f3 un 26,4% en la Argentina, un 15,1% en el Brasil, un 14,1% en Chile, un 20,1% en Colombia y un 40,5% en el Per\u00fa.\u201d<\/p>\n\n\n\n<p>No se trata de la especificidad de una econom\u00eda, sino que a los problemas locales se suma una situaci\u00f3n agravada mundialmente por el coronavirus.<\/p>\n\n\n\n<p><strong>Dimensi\u00f3n social del problema<\/strong><\/p>\n\n\n\n<p>El impacto es fenomenal para buena parte de la poblaci\u00f3n en Nuestram\u00e9rica.<\/p>\n\n\n\n<p>\u201cLa fuerte contracci\u00f3n en 2020 se traducir\u00e1 en una ca\u00edda del PIB per c\u00e1pita regional del 9,9%. Despu\u00e9s de que hubiera pr\u00e1cticamente un estancamiento entre 2014 y 2019 (cuando el crecimiento promedio anual fue de solo un 0,1%), esta ca\u00edda del PIB per c\u00e1pita implica un retroceso de diez a\u00f1os: su nivel en 2020 ser\u00e1 similar al registrado en 2010.\u201d<\/p>\n\n\n\n<p>Recordemos que, para la d\u00e9cada del 80 del siglo pasado, la CEPAL populariz\u00f3 la frase de la \u201cd\u00e9cada perdida\u201d, a prop\u00f3sito de la crisis de la deuda mexicana de 1982 y las secuelas derivadas de la generalizaci\u00f3n de la hegemon\u00eda neoliberal.<\/p>\n\n\n\n<p>Es la d\u00e9cada, bajo el liderazgo de Fidel, en la que se intenta crear el Club de los pa\u00edses deudores, para enfrentar al de los acreedores, que estaba bajo la gerencia del FMI.<\/p>\n\n\n\n<p>Se trataba del estancamiento econ\u00f3mico en un decenio caracterizado por pol\u00edticas de ajuste y reforma estructural, las que se generalizaron y popularizaron bajo el designio del Consenso de Washington en los 90.<\/p>\n\n\n\n<p>As\u00ed se impusieron las privatizaciones, la desregulaci\u00f3n, la liberalizaci\u00f3n y el aliento a la iniciativa privada con normas orientadas al ajuste fiscal.<\/p>\n\n\n\n<p>Ese saldo se proyect\u00f3 en el \u00faltimo decenio del Siglo XX como una \u201cmedia d\u00e9cada perdida\u201d, que se sumaba a la anterior.<\/p>\n\n\n\n<p>Los primeros 10 a\u00f1os del Siglo XXI aparecen como de repunte, con crecimiento y distribuci\u00f3n del ingreso, producto de la combinaci\u00f3n de precios internacionales de exportaci\u00f3n en alza y una voluntad pol\u00edtica para la mejora en la distribuci\u00f3n del ingreso.<\/p>\n\n\n\n<p>El clima de cambio pol\u00edtico en toda la regi\u00f3n indujo la extensi\u00f3n de las pol\u00edticas asistenciales, m\u00e1s all\u00e1 de la orientaci\u00f3n a izquierda o derecha de los diferentes gobiernos.<\/p>\n\n\n\n<p>Por eso, resalta el hecho que la CEPAL nos recuerde ahora que el 2020 lleva a la regi\u00f3n al nivel registrado en 2010, por lo que consolida otra d\u00e9cada perdida, que supone un impacto social regresivo en materia de empleo y pobreza, agravando y consolidando la desigualdad.<\/p>\n\n\n\n<p>El mercado laboral ser\u00e1 fuertemente impactado, al comentar la CEPAL que:<\/p>\n\n\n\n<p>\u201c\u2026la tasa de desocupaci\u00f3n regional se ubique en alrededor del 13,5% al cierre de 2020, lo que representa una revisi\u00f3n al alza (2 puntos porcentuales) de la estimaci\u00f3n presentada en abril de 2020 y un incremento de 5,4 puntos porcentuales respecto del valor registrado en 2019 (8,1%).\u201d<\/p>\n\n\n\n<p>Afirma que:<\/p>\n\n\n\n<p>\u201cCon la nueva estimaci\u00f3n, el n\u00famero de desocupados llegar\u00eda a 44,1 millones de personas, lo que representa un aumento cercano a 18 millones con respecto al nivel de 2019 (26,1 millones de desocupados).\u201d<\/p>\n\n\n\n<p>Agrega que:<\/p>\n\n\n\n<p>\u201cEstas cifras son significativamente mayores que las observadas durante la crisis financiera mundial, cuando la tasa de desocupaci\u00f3n se increment\u00f3 del 6,7% en 2008 al 7,3% en 2009 (0,6 puntos porcentuales).\u201d<\/p>\n\n\n\n<p>En rigor, no es novedad, ya que la OIT contempla una escalada del desempleo y la informalidad en el \u00e1mbito global, con mayor perjuicio hacia las mujeres y los j\u00f3venes.<\/p>\n\n\n\n<p>As\u00ed, en un marco de ofensiva del capital contra el trabajo, las condiciones de la recesi\u00f3n mundial y regional consolida la iniciativa capitalista que en la coyuntura aceler\u00f3 una demanda demorada por el trabajo a distancia, remoto o teletrabajo.<\/p>\n\n\n\n<p>Es parte de la b\u00fasqueda por disminuir el costo de producci\u00f3n laboral, transfiriendo a las trabajadoras y trabajadores parte del gasto en mantenimiento de los instrumentos y medios de trabajo.<\/p>\n\n\n\n<p>Por eso no hay que sorprenderse que el mercado laboral haga evidente el costo en t\u00e9rminos de ingreso y empleo que demuestran los datos de la CEPAL.<\/p>\n\n\n\n<p>M\u00e1s grave a\u00fan resulta el tema en t\u00e9rminos de pobreza e indigencia.<\/p>\n\n\n\n<p>\u201cLa CEPAL proyecta que el n\u00famero de personas en situaci\u00f3n de pobreza se incrementar\u00e1 en 45,4 millones en 2020, con lo que el total de personas en situaci\u00f3n de pobreza pasar\u00eda de 185,5 millones en 2019 a 230,9 millones en 2020, cifra que representa el 37,3% de la poblaci\u00f3n latinoamericana. Dentro de este grupo, el n\u00famero de personas en situaci\u00f3n de pobreza extrema se incrementar\u00eda en 28,5 millones, pasando de 67,7 millones de personas en 2019 a 96,2 millones de personas en 2020, cifra que equivale al 15,5% del total de la poblaci\u00f3n.\u201d<\/p>\n\n\n\n<p>Se\u00f1ala el informe que:<\/p>\n\n\n\n<p>\u201cLos mayores incrementos de la tasa de pobreza (de al menos 7 puntos porcentuales) se producir\u00edan en la Argentina, el Brasil, el Ecuador, M\u00e9xico y el Per\u00fa.\u201d.<\/p>\n\n\n\n<p>Para el caso de la Argentina, la pobreza extrema pasa de 3,8% al 6,9%, con una variaci\u00f3n de 3,1 puntos porcentuales de crecimiento; y la pobreza pasa del 26,7% al 37,5%, con 10,8 puntos porcentuales de incremento.<\/p>\n\n\n\n<p>Hace tiempo que la regi\u00f3n nuestramericana llama la atenci\u00f3n por los niveles de desigualdad, que son crecientes y este informe corrobora.<\/p>\n\n\n\n<p>En esta ocasi\u00f3n no se difunden los datos de la concentraci\u00f3n del ingreso y de la riqueza, que agravan la situaci\u00f3n de inequidad que configura a Latinoam\u00e9rica y al Caribe como el territorio de mayor desigualdad en el sistema mundial.<\/p>\n\n\n\n<p><strong>Propuestas de la CEPAL<\/strong><\/p>\n\n\n\n<p>Sostiene en el informe cuatro l\u00edneas de acci\u00f3n:<\/p>\n\n\n\n<p>a) un ingreso b\u00e1sico de emergencia como instrumento de protecci\u00f3n social;<\/p>\n\n\n\n<p>b) un bono contra el hambre;<\/p>\n\n\n\n<p>c) el apoyo a las empresas y los empleos en riesgo;<\/p>\n\n\n\n<p>d) el fortalecimiento del rol de las instituciones financieras internacionales.<\/p>\n\n\n\n<p>Parece poco, y discutible, para un diagn\u00f3stico tan crudo, aun cuando sustenta medidas urgentes que promueven buena parte de los perjudicados social y econ\u00f3micamente.<\/p>\n\n\n\n<p>Son demandas, las tres primeras, que se sostienen desde las organizaciones sociales y pol\u00edticas que agrupan en el territorio a los sectores m\u00e1s desprotegidos.<\/p>\n\n\n\n<p>Las dos primeras son sugerencias para la emergencia social y la tercera apunta a contener el entramado de peque\u00f1as y medianas empresas, incluso las \u201cmicro\u201d, que son en conjunto, el principal sustento del empleo en todos los pa\u00edses.<\/p>\n\n\n\n<p>M\u00e1s dif\u00edcil resulta la \u00faltima, que remite a un fortalecimiento de organismos que debieran incluirse m\u00e1s como parte del problema que, como soluci\u00f3n, m\u00e1s a\u00fan cuando detr\u00e1s del diagn\u00f3stico aparece la dependencia financiera y el sobreendeudamiento de varias de las econom\u00edas con problemas.<\/p>\n\n\n\n<p>Sin ir m\u00e1s lejos, el caso argentino es paradigm\u00e1tico en la coyuntura, cuando se encuentra discutiendo el refinanciamiento de su deuda con grandes Fondos Financieros y con un FMI que hundi\u00f3 al pa\u00eds con un pr\u00e9stamo impagable que condiciona el presente y futuro de la econom\u00eda y su pueblo.<\/p>\n\n\n\n<p>Es tiempo de pensar en una perspectiva civilizatoria en contra y m\u00e1s all\u00e1 del capitalismo.<\/p>\n\n\n\n<p><strong>Nota:<\/strong><\/p>\n\n\n\n<p>[1] CEPAL. Informe especial COVID19, 15\/07\/2020, en:&nbsp;&nbsp;<a rel=\"noreferrer noopener\" href=\"https:\/\/repositorio.cepal.org\/bitstream\/handle\/11362\/45782\/1\/S2000471_es.pdf\" target=\"_blank\">https:\/\/repositorio.cepal.org\/bitstream\/handle\/11362\/45782\/1\/S2000471_es.pdf<\/a><\/p>\n\n\n\n<p><strong>Julio C. Gambina es presidente de la Fundaci\u00f3n de Investigaciones Sociales y Pol\u00edticas, FISYP<\/strong><\/p>\n","protected":false},"excerpt":{"rendered":"<p>Julio C. Gambina Fuente: Rebeli\u00f3n Con informaci\u00f3n hasta el 30 de junio del 2020, la Comisi\u00f3n Econ\u00f3mica para Am\u00e9rica Latina y el Caribe, la CEPAL, actualiz\u00f3 el impacto regional de la situaci\u00f3n econ\u00f3mica, afectada por el receso derivado del COVID19. [1] Se\u00f1ala el informe, con base en el Banco Mundial, que \u201cLa econom\u00eda mundial experimentar\u00e1 [&hellip;]<\/p>\n","protected":false},"author":1,"featured_media":1378,"comment_status":"open","ping_status":"open","sticky":false,"template":"","format":"standard","meta":{"footnotes":""},"categories":[5,3],"tags":[],"_links":{"self":[{"href":"http:\/\/www.movimientocaamanista.com\/index.php?rest_route=\/wp\/v2\/posts\/2633"}],"collection":[{"href":"http:\/\/www.movimientocaamanista.com\/index.php?rest_route=\/wp\/v2\/posts"}],"about":[{"href":"http:\/\/www.movimientocaamanista.com\/index.php?rest_route=\/wp\/v2\/types\/post"}],"author":[{"embeddable":true,"href":"http:\/\/www.movimientocaamanista.com\/index.php?rest_route=\/wp\/v2\/users\/1"}],"replies":[{"embeddable":true,"href":"http:\/\/www.movimientocaamanista.com\/index.php?rest_route=%2Fwp%2Fv2%2Fcomments&post=2633"}],"version-history":[{"count":1,"href":"http:\/\/www.movimientocaamanista.com\/index.php?rest_route=\/wp\/v2\/posts\/2633\/revisions"}],"predecessor-version":[{"id":2634,"href":"http:\/\/www.movimientocaamanista.com\/index.php?rest_route=\/wp\/v2\/posts\/2633\/revisions\/2634"}],"wp:featuredmedia":[{"embeddable":true,"href":"http:\/\/www.movimientocaamanista.com\/index.php?rest_route=\/wp\/v2\/media\/1378"}],"wp:attachment":[{"href":"http:\/\/www.movimientocaamanista.com\/index.php?rest_route=%2Fwp%2Fv2%2Fmedia&parent=2633"}],"wp:term":[{"taxonomy":"category","embeddable":true,"href":"http:\/\/www.movimientocaamanista.com\/index.php?rest_route=%2Fwp%2Fv2%2Fcategories&post=2633"},{"taxonomy":"post_tag","embeddable":true,"href":"http:\/\/www.movimientocaamanista.com\/index.php?rest_route=%2Fwp%2Fv2%2Ftags&post=2633"}],"curies":[{"name":"wp","href":"https:\/\/api.w.org\/{rel}","templated":true}]}}