{"id":2672,"date":"2020-08-11T00:57:08","date_gmt":"2020-08-11T00:57:08","guid":{"rendered":"http:\/\/www.movimientocaamanista.com\/?p=2672"},"modified":"2020-08-11T00:57:10","modified_gmt":"2020-08-11T00:57:10","slug":"el-obispo-pedro-casaldaliga-a-la-galeria-de-losgrandes-de-nuestra-america","status":"publish","type":"post","link":"http:\/\/www.movimientocaamanista.com\/?p=2672","title":{"rendered":"EL OBISPO PEDRO CASALD\u00c1LIGA: \u00a1A LA GALER\u00cdA DE LOSGRANDES DE NUESTRA AM\u00c9RICA!"},"content":{"rendered":"\n<p>Movimiento Continental Bolivariano-MCB<\/p>\n\n\n\n<p>Ha fallecido el destacado Obispo brasile\u00f1o Pedro Casald\u00e1liga, uno se los gestores de la teolog\u00eda de la liberaci\u00f3n.Ha fallecido un verdadero pastor de almas de los pueblos latino-caribe\u00f1os, entregado permanentemente a la causa de la emancipaci\u00f3n de la humanidad. So\u00f1\u00f3 y luch\u00f3 permanentemente por convertir este continente y este mundo en un espacio de justicia, igualdad y paz.\u00a0Opt\u00f3 por los empobrecidos del planeta y convirti\u00f3 su fe en insurgencia contra el oprobioso yugo del capital. Abraz\u00f3 desde su fe, con singular creatividad, las ideas del socialismo y la libertad; sin reparar en la radicalidad de las resistencias y ofensivas populares. Venci\u00f3 miedos y dogmas para que floreciera la verdad, el amor y la equidad entre los sereshumanos. Fue, sobretodo, un rebelde bondadoso abrazado a una causa de extraordinario valor colectivo.Y lo fue, al interior de su Iglesia conservadora, en su Brasil colmado de injusticias y en Nuestra Am\u00e9rica irredenta, cuya conmovedora actualidad y proverbial insumisi\u00f3n contra el imperialismo, le dan toda la raz\u00f3n a su formidable legado en pensamiento y acci\u00f3n.Nos acompa\u00f1\u00f3 en la Presidencia Colectiva del Movimiento Continental Bolivariano-MCB junto a los inolvidables comandantes Schafik Handal del FMLN de El Salvador y Manuel Marulanda V\u00e9lez y Alfonso Cano de las FARC-EP de Colombia; Jorge Beinstein,pensador marxista argentino; Patricio Echegaray, Secretario General del Partido Comunista de Argentina; Juvenal Herrera, historiador colombiano; Oscar Niemeyer, gran arquitecto brasile\u00f1o; y Jer\u00f3nimo Carrera, Presidente del Partido Comunista de Venezuela-PCV. Siempre concibi\u00f3 la paz anhelada como algo inseparable de la liberaci\u00f3n social y nacional. Ahora, como\u00a0 ellos, escala el pedestal de la Presidencia de Honor del MCB y a las alturas de Galer\u00eda de H\u00e9roes y Hero\u00ednas de Nuestra Am\u00e9rica. \u00a1RECONOCIMIENTO ETERNO A DON PEDRO CASALDALIGA!\u00a1Su ejemplo y su obra nunca dejar\u00e1n de ser\u00a0 fuentes de inspiraci\u00f3n de nuestro movimiento en lucha! <\/p>\n\n\n\n<p>Por la Presidencia Colectiva y el Comit\u00e9 Ejecutivo: Narciso Isa Conde y Carlos Casanueva<\/p>\n","protected":false},"excerpt":{"rendered":"<p>Movimiento Continental Bolivariano-MCB Ha fallecido el destacado Obispo brasile\u00f1o Pedro Casald\u00e1liga, uno se los gestores de la teolog\u00eda de la liberaci\u00f3n.Ha fallecido un verdadero pastor de almas de los pueblos latino-caribe\u00f1os, entregado permanentemente a la causa de la emancipaci\u00f3n de la humanidad. So\u00f1\u00f3 y luch\u00f3 permanentemente por convertir este continente y este mundo en un [&hellip;]<\/p>\n","protected":false},"author":1,"featured_media":2673,"comment_status":"open","ping_status":"open","sticky":false,"template":"","format":"standard","meta":{"footnotes":""},"categories":[5,3],"tags":[],"_links":{"self":[{"href":"http:\/\/www.movimientocaamanista.com\/index.php?rest_route=\/wp\/v2\/posts\/2672"}],"collection":[{"href":"http:\/\/www.movimientocaamanista.com\/index.php?rest_route=\/wp\/v2\/posts"}],"about":[{"href":"http:\/\/www.movimientocaamanista.com\/index.php?rest_route=\/wp\/v2\/types\/post"}],"author":[{"embeddable":true,"href":"http:\/\/www.movimientocaamanista.com\/index.php?rest_route=\/wp\/v2\/users\/1"}],"replies":[{"embeddable":true,"href":"http:\/\/www.movimientocaamanista.com\/index.php?rest_route=%2Fwp%2Fv2%2Fcomments&post=2672"}],"version-history":[{"count":1,"href":"http:\/\/www.movimientocaamanista.com\/index.php?rest_route=\/wp\/v2\/posts\/2672\/revisions"}],"predecessor-version":[{"id":2674,"href":"http:\/\/www.movimientocaamanista.com\/index.php?rest_route=\/wp\/v2\/posts\/2672\/revisions\/2674"}],"wp:featuredmedia":[{"embeddable":true,"href":"http:\/\/www.movimientocaamanista.com\/index.php?rest_route=\/wp\/v2\/media\/2673"}],"wp:attachment":[{"href":"http:\/\/www.movimientocaamanista.com\/index.php?rest_route=%2Fwp%2Fv2%2Fmedia&parent=2672"}],"wp:term":[{"taxonomy":"category","embeddable":true,"href":"http:\/\/www.movimientocaamanista.com\/index.php?rest_route=%2Fwp%2Fv2%2Fcategories&post=2672"},{"taxonomy":"post_tag","embeddable":true,"href":"http:\/\/www.movimientocaamanista.com\/index.php?rest_route=%2Fwp%2Fv2%2Ftags&post=2672"}],"curies":[{"name":"wp","href":"https:\/\/api.w.org\/{rel}","templated":true}]}}