{"id":2708,"date":"2020-08-16T12:24:19","date_gmt":"2020-08-16T12:24:19","guid":{"rendered":"http:\/\/www.movimientocaamanista.com\/?p=2708"},"modified":"2020-08-25T01:06:44","modified_gmt":"2020-08-25T01:06:44","slug":"danilo-lo-sabe","status":"publish","type":"post","link":"http:\/\/www.movimientocaamanista.com\/?p=2708","title":{"rendered":"DANILO LO SABE"},"content":{"rendered":"\n<p>Narciso Isa Conde<\/p>\n\n\n\n<p>La anunciada ausencia de Danilo en la ceremonia de la Asamblea Nacional-Discurso de Abinader, es una se\u00f1al de alta significaci\u00f3n pol\u00edtica. Danilo sabe lo que  podr\u00eda venir en contra de su r\u00e9gimen. Su reinado concluy\u00f3 plagado de corrupci\u00f3n e impunidad. Punta Catalina es un gran cuerpo del delito de Estado\u2026 y no el \u00fanico.<\/p>\n\n\n\n<p>Danilo sabe lo que puede caerle arriba  a su entorno y a \u00e9l en una sociedad  impregnada del prop\u00f3sito de ponerle fin a la impunidad y recuperar lo robado. Algo en esa vertiente -no s\u00e9 sabe todav\u00eda hasta qu\u00e9 nivel de profundidad- est\u00e1n obligados a hacer los nuevos gobernantes y sus padrinos del exterior, si no es que decidan \u201cquemarse\u201d r\u00e1pido y volver poner en riesgo la institucionalidad vigente y la estabilidad del sistema de dominaci\u00f3n.<\/p>\n\n\n\n<p>En esta sociedad hay demasiada sed de justicia, aunque no tanta conciencia sobre el car\u00e1cter estructural-sist\u00e9mico de los males acumulados, incluida la corrupci\u00f3n; y estamos en medio de una crisis mundial y local de decadencia ca\u00f3tica de un sistema capitalista-imperialista gansterizado, donde por voluntad y angurria de los de arriba, no hay peces y panes a repartir.<br> Algo de todas maneras -no necesariamente material- tienen que hacer los mandamases para liberar tensiones explosivas y podr\u00eda ser  mont\u00e1ndose sobre el enorme repudio popular a la corrupta corporaci\u00f3n peledeista; procurando  a la vez mantener la impunidad empresarial privada de alto vuelo y aquella de otras matrices  pol\u00edticas.<\/p>\n\n\n\n<p>Est\u00e1n bastante forzados a dar se\u00f1ales esperanzadoras de \u201crectificaci\u00f3n, remozamiento y renovaci\u00f3n\u201d del sistema pol\u00edtico, dentro de una institucionalidad y unas bases capitalistas altamente contaminadas, que ciertamente no dan para mucho en cuando a arrancar del ra\u00edz el mal.<br> En esas recetas parciales, espectaculares, pero mediatizadora de los cambios necesarios, los jefes del imperio son expertos y se ocupan de aplicarlas en sus dependencias; sacrificando partes de lo que ya se quem\u00f3, especialmente la que genera la mayor indignaci\u00f3n o resulta una carga perjudicial. No les importa los buenos aliados o servidores que hayan sido. <\/p>\n\n\n\n<p>Esa f\u00f3rmula parece imprescindible para reciclar temporalmente en alguna medida el sistema en deterioro. El \u201cGobierno Profundo\u201d de EE.UU, incluidos componentes de su actual Administraci\u00f3n, tipo Pompeo, est\u00e1 en esa tesitura respecto al delicado cuadro de este pa\u00eds. Igual una parte de la c\u00fapula empresarial criolla, interesada en que solo el gobierno saliente cargue con las enormes culpas hist\u00f3ricamente compartidas.<\/p>\n\n\n\n<p>Danilo lo sabe y comenz\u00f3 a preparar su dif\u00edcil resistencia evadiendo una primera merecida humillaci\u00f3n. \u00bfInicio de la encerrona? Algo oli\u00f3 de lo que podr\u00eda venir\u2026<\/p>\n","protected":false},"excerpt":{"rendered":"<p>Narciso Isa Conde La anunciada ausencia de Danilo en la ceremonia de la Asamblea Nacional-Discurso de Abinader, es una se\u00f1al de alta significaci\u00f3n pol\u00edtica. Danilo sabe lo que podr\u00eda venir en contra de su r\u00e9gimen. Su reinado concluy\u00f3 plagado de corrupci\u00f3n e impunidad. Punta Catalina es un gran cuerpo del delito de Estado\u2026 y no [&hellip;]<\/p>\n","protected":false},"author":1,"featured_media":2709,"comment_status":"open","ping_status":"open","sticky":false,"template":"","format":"standard","meta":{"footnotes":""},"categories":[5,2],"tags":[],"_links":{"self":[{"href":"http:\/\/www.movimientocaamanista.com\/index.php?rest_route=\/wp\/v2\/posts\/2708"}],"collection":[{"href":"http:\/\/www.movimientocaamanista.com\/index.php?rest_route=\/wp\/v2\/posts"}],"about":[{"href":"http:\/\/www.movimientocaamanista.com\/index.php?rest_route=\/wp\/v2\/types\/post"}],"author":[{"embeddable":true,"href":"http:\/\/www.movimientocaamanista.com\/index.php?rest_route=\/wp\/v2\/users\/1"}],"replies":[{"embeddable":true,"href":"http:\/\/www.movimientocaamanista.com\/index.php?rest_route=%2Fwp%2Fv2%2Fcomments&post=2708"}],"version-history":[{"count":1,"href":"http:\/\/www.movimientocaamanista.com\/index.php?rest_route=\/wp\/v2\/posts\/2708\/revisions"}],"predecessor-version":[{"id":2710,"href":"http:\/\/www.movimientocaamanista.com\/index.php?rest_route=\/wp\/v2\/posts\/2708\/revisions\/2710"}],"wp:featuredmedia":[{"embeddable":true,"href":"http:\/\/www.movimientocaamanista.com\/index.php?rest_route=\/wp\/v2\/media\/2709"}],"wp:attachment":[{"href":"http:\/\/www.movimientocaamanista.com\/index.php?rest_route=%2Fwp%2Fv2%2Fmedia&parent=2708"}],"wp:term":[{"taxonomy":"category","embeddable":true,"href":"http:\/\/www.movimientocaamanista.com\/index.php?rest_route=%2Fwp%2Fv2%2Fcategories&post=2708"},{"taxonomy":"post_tag","embeddable":true,"href":"http:\/\/www.movimientocaamanista.com\/index.php?rest_route=%2Fwp%2Fv2%2Ftags&post=2708"}],"curies":[{"name":"wp","href":"https:\/\/api.w.org\/{rel}","templated":true}]}}