{"id":2717,"date":"2020-08-16T16:07:25","date_gmt":"2020-08-16T16:07:25","guid":{"rendered":"http:\/\/www.movimientocaamanista.com\/?p=2717"},"modified":"2020-08-16T16:07:51","modified_gmt":"2020-08-16T16:07:51","slug":"dejame-contarte-una-historia-sobre-el-racismo","status":"publish","type":"post","link":"http:\/\/www.movimientocaamanista.com\/?p=2717","title":{"rendered":"D\u00e9jame contarte una historia sobre el racismo"},"content":{"rendered":"\n<p>Fuente: <a href=\"https:\/\/www.facebook.com\/100001239581126\/posts\/3521115971273021\/?d=n\">Jack Daise<\/a><\/p>\n\n\n\n<p>D\u00e9jame contarte una historia sobre el racismo. El primer valedictorian afro-latino real de la Escuela de Derecho de Harvard, Pedro Albizu Campos se gradu\u00f3 en 1921. Se gradu\u00f3 mientras estudiaba simult\u00e1neamente Literatura, Filosof\u00eda, Ingenier\u00eda Qu\u00edmica y Ciencias Militares. Habl\u00f3 con fluidez seis idiomas modernos y dos idiomas cl\u00e1sicos: ingl\u00e9s, espa\u00f1ol, franc\u00e9s, alem\u00e1n, portugu\u00e9s, italiano, latino y antiguo griego.<\/p>\n\n\n\n<p>A Pedro le negaron la distinci\u00f3n de valedictoriana por un profesor que retras\u00f3 su grado final para evitar que tuviera el promedio de puntuaci\u00f3n m\u00e1s alto en la clase 1921 Quer\u00edan evitar el \u2032\u2032 bochorno \u2032\u2032 de tener a un puertorrique\u00f1o negra ser el valedictoriano de una de las escuelas de derecho m\u00e1s prestigiosas del pa\u00eds.<\/p>\n\n\n\n<p>Pedro Albizu Campos rechaz\u00f3 un secretario de la Corte Suprema, m\u00faltiples ofertas de firma de prestigio y citas del gobierno de ciruela para volver a Puerto Rico y practicar la ley de pobreza. En lugar de hacerse rico, trabaj\u00f3 para la gente y a menudo recibe el pago en forma de pollos de agricultores pobres. Entonces comenz\u00f3 a liderar el naciente movimiento independentista de Puerto Rico. Para esto, fue atacado por el FBI de Hoover y finalmente fue metido en prisi\u00f3n por liderar el movimiento independentista. En ese momento, era ilegal ondear la bandera de Puerto Rico.<\/p>\n\n\n\n<p>Pedro Albizu Campos sufri\u00f3 durante a\u00f1os en prisi\u00f3n y fue sometido a horribles torturas y experimentos humanos. Experimentaron con \u00e9l usando radiaci\u00f3n. Esto fue en un momento en el que los militares estadounidenses expusieron deliberadamente a los hombres puertorrique\u00f1os a gas mostaza para ver c\u00f3mo les afectaba. M\u00e1s tarde sufri\u00f3 un derrame cerebral despu\u00e9s de una d\u00e9cada en prisi\u00f3n y fue perdonado y liberado s\u00f3lo para morir meses despu\u00e9s en 1965.<\/p>\n\n\n\n<p>Esto es s\u00f3lo un breve relato de esta historia. El racismo est\u00e1 horneado en el ADN del gobierno de los Estados Unidos y c\u00f3mo es tratado a los puertorrique\u00f1os. Tener un t\u00edtulo de derecho de una escuela de Ivy League no te protege cuando vas contra el sistema. Te recomiendo que leas el libro La guerra contra todos los puertorrique\u00f1os para obtener una mejor imagen de su vida.<\/p>\n","protected":false},"excerpt":{"rendered":"<p>Fuente: Jack Daise D\u00e9jame contarte una historia sobre el racismo. El primer valedictorian afro-latino real de la Escuela de Derecho de Harvard, Pedro Albizu Campos se gradu\u00f3 en 1921. Se gradu\u00f3 mientras estudiaba simult\u00e1neamente Literatura, Filosof\u00eda, Ingenier\u00eda Qu\u00edmica y Ciencias Militares. Habl\u00f3 con fluidez seis idiomas modernos y dos idiomas cl\u00e1sicos: ingl\u00e9s, espa\u00f1ol, franc\u00e9s, alem\u00e1n, [&hellip;]<\/p>\n","protected":false},"author":1,"featured_media":2718,"comment_status":"open","ping_status":"open","sticky":false,"template":"","format":"standard","meta":{"footnotes":""},"categories":[4],"tags":[],"_links":{"self":[{"href":"http:\/\/www.movimientocaamanista.com\/index.php?rest_route=\/wp\/v2\/posts\/2717"}],"collection":[{"href":"http:\/\/www.movimientocaamanista.com\/index.php?rest_route=\/wp\/v2\/posts"}],"about":[{"href":"http:\/\/www.movimientocaamanista.com\/index.php?rest_route=\/wp\/v2\/types\/post"}],"author":[{"embeddable":true,"href":"http:\/\/www.movimientocaamanista.com\/index.php?rest_route=\/wp\/v2\/users\/1"}],"replies":[{"embeddable":true,"href":"http:\/\/www.movimientocaamanista.com\/index.php?rest_route=%2Fwp%2Fv2%2Fcomments&post=2717"}],"version-history":[{"count":1,"href":"http:\/\/www.movimientocaamanista.com\/index.php?rest_route=\/wp\/v2\/posts\/2717\/revisions"}],"predecessor-version":[{"id":2719,"href":"http:\/\/www.movimientocaamanista.com\/index.php?rest_route=\/wp\/v2\/posts\/2717\/revisions\/2719"}],"wp:featuredmedia":[{"embeddable":true,"href":"http:\/\/www.movimientocaamanista.com\/index.php?rest_route=\/wp\/v2\/media\/2718"}],"wp:attachment":[{"href":"http:\/\/www.movimientocaamanista.com\/index.php?rest_route=%2Fwp%2Fv2%2Fmedia&parent=2717"}],"wp:term":[{"taxonomy":"category","embeddable":true,"href":"http:\/\/www.movimientocaamanista.com\/index.php?rest_route=%2Fwp%2Fv2%2Fcategories&post=2717"},{"taxonomy":"post_tag","embeddable":true,"href":"http:\/\/www.movimientocaamanista.com\/index.php?rest_route=%2Fwp%2Fv2%2Ftags&post=2717"}],"curies":[{"name":"wp","href":"https:\/\/api.w.org\/{rel}","templated":true}]}}