{"id":2720,"date":"2020-08-16T16:40:53","date_gmt":"2020-08-16T16:40:53","guid":{"rendered":"http:\/\/www.movimientocaamanista.com\/?p=2720"},"modified":"2020-08-16T16:40:54","modified_gmt":"2020-08-16T16:40:54","slug":"cien-mil-vidas-perdidas-no-aceptes-la-nueva-normalidad","status":"publish","type":"post","link":"http:\/\/www.movimientocaamanista.com\/?p=2720","title":{"rendered":"Cien mil vidas perdidas, no aceptes \u00abla nueva normalidad\u00bb"},"content":{"rendered":"\n<p>Editorial<\/p>\n\n\n\n<p>Fuente: <a href=\"https:\/\/rebelion.org\/cien-mil-vidas-perdidas-no-aceptes-la-nueva-normalidad\/\">Rebeli\u00f3n<\/a><\/p>\n\n\n\n<p>Patricia Beatriz ten\u00eda 38 a\u00f1os y muri\u00f3 en Goi\u00e2nia sin conocer a su hija. Ten\u00eda 34 semanas de embarazo cuando le diagnosticaron covid-19. Danilo Moura, de 41 a\u00f1os, era enfermero en Acre y se contagi\u00f3 el coronavirus trabajando en la l\u00ednea del frente. Fue hospitalizado el 1 de julio y muri\u00f3 unos d\u00edas despu\u00e9s. El jefe Aritana Yawalapiti, l\u00edder del Alto Xingu, ten\u00eda 71 a\u00f1os cuando sinti\u00f3 un fuerte dolor en un viaje de pesca y muri\u00f3 dos semanas despu\u00e9s.<\/p>\n\n\n\n<p>Ocho de cada diez mujeres embarazadas y pu\u00e9rperas que murieron de covid-19 en el mundo murieron aqu\u00ed. El Brasil es tambi\u00e9n un l\u00edder mundial en lo que respecta a las muertes de trabajadores de la salud en la pandemia. Y los ind\u00edgenas son el grupo \u00e9tnico con la mayor tasa de mortalidad de la enfermedad en el pa\u00eds. El desprecio con el que se trata a los pueblos nativos, un verdadero genocidio, la amenaza de aniquilar culturas milenarias.<\/p>\n\n\n\n<p>Patricia, la madre, Danilo, un enfermero, y Aritana, una mujer ind\u00edgena, son tres de las m\u00e1s de 100.000 v\u00edctimas del covid-19 en el Brasil. Los n\u00fameros de la pandemia, anunciados diariamente en la televisi\u00f3n con gr\u00e1ficos coloridos, no revelan casi nada de los seres humanos detr\u00e1s de las fr\u00edas estad\u00edsticas. No hablan del dolor de los que han perdido a sus seres queridos sin siquiera contar el derecho a una despedida digna. No hablan de los sue\u00f1os que fueron enterrados junto con los cuerpos.<\/p>\n\n\n\n<p>Las cifras \u2013 m\u00e1s de mil muertes cada d\u00eda \u2013 son ahora tratadas como un hecho ordinario, como el pron\u00f3stico del tiempo en el Jornal Nacional. En un proceso de trivializaci\u00f3n de la muerte, las vidas perdidas parecen una fatalidad ineludible, como la noche que pasa todos los d\u00edas.<\/p>\n\n\n\n<p>El Presidente de la Rep\u00fablica, hace d\u00edas, dijo que es necesario \u00abtocar la vida\u00bb, despreciando, como siempre lo hace, a los que ya se han ido y a los muchos otros que se ver\u00e1n mortalmente afectados por el virus. Es como si la vida de los trabajadores y los negros de las periferias, que constituyen la gran mayor\u00eda de las v\u00edctimas de la enfermedad, no valiera nada.<\/p>\n\n\n\n<p>Obedeciendo los llamamientos de la comunidad empresarial, sedienta de ganancias y que se inclina ante Bolsonaro, sedientos de sangre, los gobernadores y alcaldes reanudan la circulaci\u00f3n de personas y las actividades comerciales. La cuota diaria de sacrificio de los seres humanos es la \u00abnueva normalidad\u00bb.<\/p>\n\n\n\n<p>As\u00ed, desde junio, hemos llegado a una meseta macabra que parece no tener fin. Desde la cima de la monta\u00f1a de cuerpos, se grita que \u00abhay camas disponibles en las UCI\u00bb destinadas a todos los que sufrir\u00e1n los graves s\u00edntomas de la enfermedad. Por consiguiente, el objetivo principal ya no es salvar la vida del mayor n\u00famero posible de personas (lo que s\u00f3lo puede hacerse con un aislamiento social efectivo y testeos masivos), sino gestionar los miles de muertes sin afectar a las actividades comerciales. Al ritmo actual, llegaremos a 200.000 muertes oficiales a mediados de octubre. El cinismo y la degradaci\u00f3n moral en las c\u00fapulas gobernantes y la gran burgues\u00eda han alcanzado niveles incalculables de sordidez.<\/p>\n\n\n\n<p><strong>La trivializaci\u00f3n de la pandemia y la presi\u00f3n para reabrir las escuelas<\/strong><\/p>\n\n\n\n<p>El cansancio causado por la pandemia, que ha durado cinco largos meses, y la devastaci\u00f3n de los empleos e ingresos provocada por la brutal crisis econ\u00f3mica (en junio, 8,9 millones de personas hab\u00edan perdido su empleo) ayudan a la propaganda de la trivializaci\u00f3n de la pandemia. Esta vil campa\u00f1a est\u00e1 dirigida por Jair Bolsonaro, patrocinada por la clase dirigente y ahora apoyada, con pocos disfraces, por gobernadores y alcaldes.<\/p>\n\n\n\n<p>Una parte significativa de la poblaci\u00f3n, especialmente los bolsonaristas, se ha convencido de esta idea. Pero no es cierto que la mayor\u00eda del pueblo brasile\u00f1o haya cedido a la indiferencia y apat\u00eda propagada por los gobernantes y la burgues\u00eda. La clase trabajadora, en su mayor\u00eda, se ha adherido al aislamiento social en la medida de sus posibilidades concretas, es contraria a la pol\u00edtica genocida de Bolsonaro, es solidaria con los dem\u00e1s y sigue preocupada por la propagaci\u00f3n de la enfermedad.<\/p>\n\n\n\n<p>En este momento, la principal batalla es la lucha contra la reapertura de las escuelas \u2013 tal vez una de las \u00faltimas fronteras colectivas en la lucha contra el coronavirus. La plena reanudaci\u00f3n de los negocios capitalistas requiere el regreso a la escuela, de manera que las madres, especialmente, y los padres sean liberados para ejercer plenamente sus trabajos sin tener que pasar muchas horas del d\u00eda cuidando a sus hijos.<\/p>\n\n\n\n<p>Como demuestran varios estudios, la reapertura de las escuelas conducir\u00e1 inevitablemente a un empeoramiento de la pandemia. En primer lugar, porque aumentar\u00e1 considerablemente la circulaci\u00f3n en las ciudades al implicar el transporte diario de millones de estudiantes, profesores y empleados del sistema educativo. En segundo lugar, porque causar\u00e1 la contaminaci\u00f3n de muchos ni\u00f1os y adolescentes, que llevar\u00e1n el virus al hogar, donde se encuentran sus padres y abuelos, muchos de ellos pertenecientes al grupo de riesgo. Finalmente, causar\u00e1 la infecci\u00f3n -y, por consiguiente, la muerte- de muchos profesionales de la educaci\u00f3n. Un a\u00f1o escolar se recupera, las vidas que se pierden no..<\/p>\n\n\n\n<p><strong>La lucha por la vida y la resistencia de la clase trabajadora<\/strong><\/p>\n\n\n\n<p>A pesar de todas las dificultades y el dolor impuesto por la tragedia humanitaria sin precedentes, el pueblo trabajador resiste y lucha. Incluso con la sobrecarga de trabajo con sus hijos en casa, las madres y los padres, en su mayor\u00eda, no quieren la reapertura de las escuelas y apoyan la lucha de los profesionales de la educaci\u00f3n. La presi\u00f3n popular fue muy importante para la aprobaci\u00f3n de la FUNDEB (Fondo de Mantenimiento y Desarrollo de la Educaci\u00f3n B\u00e1sica) en el Congreso, frente a la l\u00ednea del gobierno de Bolsonaro, que actu\u00f3 en contra del aumento de los recursos p\u00fablicos para la educaci\u00f3n b\u00e1sica.<\/p>\n\n\n\n<p>Otro ejemplo de resistencia proviene de la lucha de los repartidores de aplicaciones, que hicieron dos d\u00edas nacionales de par\u00e1lisis, poniendo de relieve a la sociedad la cruel explotaci\u00f3n a la que est\u00e1n sometidos. Tambi\u00e9n tenemos la valiente lucha de los metal\u00fargicos de Renault, en Paran\u00e1, que se declararon en huelga contra el despido de 747 trabajadores, obligando a la Justicia a impedir, por ahora, los despidos masivos.<\/p>\n\n\n\n<p>La lucha de los trabajadores del metro de S\u00e3o Paulo tambi\u00e9n merece ser destacada. Estos trabajadores esenciales, que garantizan el transporte p\u00fablico en la ciudad m\u00e1s grande del pa\u00eds, tienen sus derechos destrozados por el gobierno de Doria en medio de una pandemia. Con el decreto de la huelga en la capital de S\u00e3o Paulo, lograron evitar los ataques. Otra categor\u00eda que prepara su lucha son los trabajadores postales, que marcaron un paro nacional para el 18 de octubre en defensa de los derechos y contra la privatizaci\u00f3n de la empresa estatal.<\/p>\n\n\n\n<p>La lucha por la vida unifica a la gran mayor\u00eda del pueblo brasile\u00f1o. Incluso con el refuerzo de la pol\u00edtica de muerte en nombre de las ganancias de los grandes capitalistas \u2013 ya sea en la expresi\u00f3n salvaje de Bolsonaro, o en la forma m\u00e1s sutil de la mayor\u00eda de los gobernadores y alcaldes \u2013 las luchas de la clase trabajadora se est\u00e1n abriendo camino.<\/p>\n\n\n\n<p>Es cierto que siguen siendo movilizaciones defensivas en un contexto de tragedia humanitaria y de un gobierno neofascista que todav\u00eda cuenta con el apoyo de una parte importante de la poblaci\u00f3n. Pero estas movilizaciones parciales son semillas para una batalla mayor: la necesaria lucha de masas para el derrocamiento de Bolsonaro y su gobierno genocida, para salvar vidas, empleos, derechos sociales y libertades democr\u00e1ticas.<\/p>\n\n\n\n<p><strong>Traducci\u00f3n: Ernesto Herrera, para&nbsp;<a href=\"https:\/\/correspondenciadeprensa.com\/\"><em>Correspondencia de Prensa<\/em><\/a>.<\/strong><\/p>\n","protected":false},"excerpt":{"rendered":"<p>Editorial Fuente: Rebeli\u00f3n Patricia Beatriz ten\u00eda 38 a\u00f1os y muri\u00f3 en Goi\u00e2nia sin conocer a su hija. Ten\u00eda 34 semanas de embarazo cuando le diagnosticaron covid-19. Danilo Moura, de 41 a\u00f1os, era enfermero en Acre y se contagi\u00f3 el coronavirus trabajando en la l\u00ednea del frente. Fue hospitalizado el 1 de julio y muri\u00f3 unos [&hellip;]<\/p>\n","protected":false},"author":1,"featured_media":1700,"comment_status":"open","ping_status":"open","sticky":false,"template":"","format":"standard","meta":{"footnotes":""},"categories":[5,3],"tags":[],"_links":{"self":[{"href":"http:\/\/www.movimientocaamanista.com\/index.php?rest_route=\/wp\/v2\/posts\/2720"}],"collection":[{"href":"http:\/\/www.movimientocaamanista.com\/index.php?rest_route=\/wp\/v2\/posts"}],"about":[{"href":"http:\/\/www.movimientocaamanista.com\/index.php?rest_route=\/wp\/v2\/types\/post"}],"author":[{"embeddable":true,"href":"http:\/\/www.movimientocaamanista.com\/index.php?rest_route=\/wp\/v2\/users\/1"}],"replies":[{"embeddable":true,"href":"http:\/\/www.movimientocaamanista.com\/index.php?rest_route=%2Fwp%2Fv2%2Fcomments&post=2720"}],"version-history":[{"count":1,"href":"http:\/\/www.movimientocaamanista.com\/index.php?rest_route=\/wp\/v2\/posts\/2720\/revisions"}],"predecessor-version":[{"id":2721,"href":"http:\/\/www.movimientocaamanista.com\/index.php?rest_route=\/wp\/v2\/posts\/2720\/revisions\/2721"}],"wp:featuredmedia":[{"embeddable":true,"href":"http:\/\/www.movimientocaamanista.com\/index.php?rest_route=\/wp\/v2\/media\/1700"}],"wp:attachment":[{"href":"http:\/\/www.movimientocaamanista.com\/index.php?rest_route=%2Fwp%2Fv2%2Fmedia&parent=2720"}],"wp:term":[{"taxonomy":"category","embeddable":true,"href":"http:\/\/www.movimientocaamanista.com\/index.php?rest_route=%2Fwp%2Fv2%2Fcategories&post=2720"},{"taxonomy":"post_tag","embeddable":true,"href":"http:\/\/www.movimientocaamanista.com\/index.php?rest_route=%2Fwp%2Fv2%2Ftags&post=2720"}],"curies":[{"name":"wp","href":"https:\/\/api.w.org\/{rel}","templated":true}]}}