{"id":2851,"date":"2020-09-09T11:17:44","date_gmt":"2020-09-09T11:17:44","guid":{"rendered":"http:\/\/www.movimientocaamanista.com\/?p=2851"},"modified":"2020-09-30T00:45:29","modified_gmt":"2020-09-30T00:45:29","slug":"neurocapitalismo-fascismo-e-inteligencia-general-artificial-como-vencerlo","status":"publish","type":"post","link":"http:\/\/www.movimientocaamanista.com\/?p=2851","title":{"rendered":"Neurocapitalismo, fascismo e Inteligencia General Artificial. C\u00f3mo vencerlo"},"content":{"rendered":"\n<p>Aurora Despierta<\/p>\n\n\n\n<p>Fuente: <a href=\"https:\/\/kaosenlared.net\/neurocapitalismo-fascismo-e-inteligencia-general-artificial-como-vencerlo\/\">Kaos en la Red<\/a><\/p>\n\n\n\n<p>Advertencia. Estimado lector\/a. Si hasta ahora ignorabas la existencia del asunto objeto de este art\u00edculo, quiz\u00e1s creas que la autora \u201calucina\u201d. T\u00f3matelo con un poco de paciencia y comprobar\u00e1s que las pruebas est\u00e1n a tu alcance por los medios m\u00e1s accesibles y acreditados del mundo, sin \u201cnoticias falsas\u201d, bulos,&nbsp;<em>frikadas<\/em>&nbsp;ni&nbsp;<em>conspiranoias<\/em>, aunque de entrada te cueste creerlo, como a m\u00ed misma en un primer momento. En las&nbsp;<em>Notas<\/em>&nbsp;encontrar\u00e9is informaci\u00f3n de primera categor\u00eda, reflexiones de largo alcance y acceso a recursos muy importantes.<\/p>\n\n\n\n<p>Las secciones de este art\u00edculo son:&nbsp;<em><strong>Presentaci\u00f3n<\/strong><\/em>.&nbsp;<strong>I.-<\/strong>&nbsp;<em><strong>La amenaza tecno-neuronal capitalista<\/strong><\/em>.&nbsp;<strong>II.-<\/strong>&nbsp;\u00bf<em><strong>Dejamos el progreso en manos del capitalismo y su Estado?<\/strong><\/em>.&nbsp;<strong>III.-<\/strong>&nbsp;<em><strong>\u00bfQu\u00e9 podemos hacer? \u00bfC\u00f3mo luchar?. La llave. NOTAS.<\/strong><\/em><\/p>\n\n\n\n<p><strong>GU\u00c1RDATE este ART\u00cdCULO para DESCARGARTE con tiempo los RECURSOS RECOMENDADOS.<\/strong><\/p>\n\n\n\n<p><strong>Presentaci\u00f3n<\/strong>. Como suele decirse \u201cno ganamos para disgustos\u201d, \u201cya \u00e9ramos \u201cpocos\u201d, y ahora pari\u00f3 la abuela\u201d. Por no retroceder m\u00e1s en el tiempo, tenemos la crisis no del todo superada de 2008, la pandemia de la covid-19 (con nula previsi\u00f3n y mala gesti\u00f3n), la crisis econ\u00f3mica&nbsp;detonada&nbsp;por la pandemia (ya hab\u00eda \u201cmar de fondo\u201d para una crisis), el desempleo masivo, la d\u00e9cada de recortes sociales que nos espera a cuenta de la reducci\u00f3n de la disparada deuda p\u00fablica, el imparable cambio clim\u00e1tico, el agotamiento de recursos naturales como el petr\u00f3leo, la crisis de la biodiversidad y extinci\u00f3n de especies que nos afectar\u00e1n tambi\u00e9n, el ascenso de los populismos de derecha y la ultraderecha, y un futuro fascismo, la creciente escalada militar con sus tensiones mundiales, la vigilancia masiva de la ciudadan\u00eda, los peligros de emergencia en un futuro no lejano de la&nbsp;<em>Inteligencia General Artificial<\/em>&nbsp;(IGA)\u2026 (<strong>NOTA 1<\/strong>). Y a esto se a\u00f1ade la&nbsp;<em>tecnolog\u00eda neuronal<\/em>.<\/p>\n\n\n\n<p>Pero no desesperemos. Aunque muy \u201ccuesta arriba\u201d, tenemos posibilidades de salir airosos, triunfar, y esto puede empezar de una forma aparentemente muy modesta, pero tan poderosa como puede serlo una llave para poder abrir las puertas acorazadas de una fortaleza, aunque todav\u00eda quede pendiente conquistarla.<\/p>\n\n\n\n<p><strong>I.- La AMENAZA TECNO-NEURONAL CAPITALISTA<\/strong>.<\/p>\n\n\n\n<p>No es magia, ni ciencia-ficci\u00f3n aunque lo parezca; es ciencia y tecnolog\u00eda muy real, de hoy, y s\u00ed, \u00a1da miedo!. Sobre todo cuando las advertencias no provienen de gente a la que f\u00e1cilmente podr\u00edan descalificar como&nbsp;<em>frikis<\/em>&nbsp;o&nbsp;<em>conspiranoicos<\/em>, sino de acreditada competencia cient\u00edfica y gran prestigio, a las que se les atiende en medios de informaci\u00f3n convencionales importantes. Es el caso, como veremos detenidamente, de&nbsp;<strong>Rafael Yuste<\/strong>&nbsp;(espa\u00f1ol, pero reconocido mundialmente), destacado promotor de la investigaci\u00f3n en esta \u00e1rea, pero que le est\u00e1 viendo \u201clas orejas al lobo\u201d, adivina un probable futuro desastre para la Humanidad, quiere alertarnos del peligro que acecha y propone su \u201csoluci\u00f3n\u201d, proyectando su iniciativa (<strong>NeuroRights Initiative)<\/strong>&nbsp;a escala internacional (<strong>NOTA 2<\/strong>).<\/p>\n\n\n\n<p>Algunos cient\u00edficos del&nbsp;<em>proyecto Manhattan<\/em>, que inventaron y fabricaron la bomba at\u00f3mica norteamericana, quisieron evitar que se lanzasen sobre la poblaci\u00f3n civil, pero ya conocemos los resultados: dos bombas sobre Jap\u00f3n y una expansi\u00f3n militar-nuclear que todav\u00eda contin\u00faa (v\u00e9anse estos documentales&nbsp;<a href=\"https:\/\/www.documaniatv.com\/historia\/hiroshima-la-verdadera-historia-video_af2820de8.html\">https:\/\/www.documaniatv.com\/historia\/hiroshima-la-verdadera-historia-video_af2820de8.html<\/a>&nbsp;; y&nbsp;<a href=\"https:\/\/www.documaniatv.com\/historia\/atomo-150-anos-de-mentiras-video_4a32ceb30.html\">https:\/\/www.documaniatv.com\/historia\/atomo-150-anos-de-mentiras-video_4a32ceb30.html<\/a>&nbsp;; hay m\u00e1s sobre el tema en la web ). Lo que las neurotecnolog\u00edas se traen entre manos es mucho peor que las bombas at\u00f3micas, pues no habr\u00e1 miedo a utilizarlas ya que no llevar\u00e1n de inmediato a la extinci\u00f3n de la especie sino,&nbsp;como veremos, a su pr\u00e1ctica&nbsp;esclavizaci\u00f3n mental, primero por otros seres humanos y despu\u00e9s por las m\u00e1quinas. \u00bfPueden tener Rafael Yuste y otros como \u00e9l, \u00e9xito en su pretensi\u00f3n, con sus propuestas \u201crealistas\u201d de reformas legales?<\/p>\n\n\n\n<p>El capitalismo y su Estado burgu\u00e9s disponen de enorme capacidad para determinar y medios para condicionar, manipular nuestro comportamiento (<strong>NOTA 3<\/strong>). En \u00faltimo extremo, siempre pueden recurrir a la represi\u00f3n, mediante despidos, detenciones, multas, encarcelamientos y el derramamiento de sangre.<\/p>\n\n\n\n<p>Lo que ya se ve venir con las neurotecnolog\u00edas, muchas veces tras pasos aparentemente inofensivos e incluso beneficiosos (medicina, pr\u00f3tesis\u2026), es algo todav\u00eda peor:&nbsp;<strong>el control directo del funcionamiento de nuestro cerebro mediante aparatos inform\u00e1tico-mec\u00e1nicos<\/strong>.<\/p>\n\n\n\n<p>No son s\u00f3lo las grandes empresas (como&nbsp;<em>Microsoft<\/em>&nbsp;,&nbsp;<em>Facebook, Google<\/em>,invirtiendo<em>&nbsp;o&nbsp;<\/em>comprando empresas innovadoras, punteras en esta investigaci\u00f3n), sino especialmente los estados m\u00e1s importantes (Estados Unidos, China, Israel, etc.) y, en particular, desde sus organizaciones militares, los que impulsan la carrera por esas tecnolog\u00edas. En Estados Unidos (EEUU), el presidente Barack Obama lanzo en 2013 la iniciativa llamada&nbsp;<strong>BRAIN<\/strong>&nbsp;(brain es cerebro en ingl\u00e9s; Brain Research through Advancing Innovative Neurotechnologies,&nbsp;<strong>Investigaci\u00f3n Cerebral a Trav\u00e9s de Neurotecnolog\u00edas Innovadoras Avanzadas<\/strong>). Dentro de esa iniciativa&nbsp;la principal promotora&nbsp;del desarrollo de los aparatos que permitir\u00edan esa intrusi\u00f3n en nuestras mentes (las&nbsp;<strong>ICC<\/strong>: interfaces cerebro-computadora o interfaces cerebro-m\u00e1quina) es&nbsp;<strong>DARPA<\/strong>,&nbsp;agencia de proyectos de investigaci\u00f3n avanzada del Departamento de Defensa de los EEUU, o sea, los militares de la primera potencia militar mundial.<\/p>\n\n\n\n<p>Con determinados dispositivos neuronales, para estar conectados a internet, ya no se necesitar\u00e1 tener a mano un smartphone o un ordenador personal de mesa, pues nuestro cerebro lo har\u00e1 sin m\u00e1s mediaci\u00f3n que esos dispositivos.<\/p>\n\n\n\n<p>Esta tecnolog\u00eda no consiste s\u00f3lo en introducir electrodos en el cerebro, ni en cascos o gorras con cables para colocarse en la cabeza (seguir la actividad neuronal e intervenir en ella), sino que puede adoptar la discreta y est\u00e9tica forma de una diadema, incluso llegar a grados de miniaturizaci\u00f3n prodigiosos, que parecen magia, como el llamado \u201c<em>polvo neuronal<\/em>\u201d (chips inal\u00e1mbricos y microsc\u00f3picos) (v\u00e9ase el art\u00edculo de Clara Baselga-Garriga, en nota 2).<\/p>\n\n\n\n<p>Aunque de momento lo m\u00e1s desarrollado es la tecnolog\u00eda para conocer la actividad mental, no hace falta ser&nbsp;<em>conspiranoico<\/em>, ni siquiera especialmente desconfiado, para sospechar que su principal inter\u00e9s no ser\u00e1n las aplicaciones en medicina (intervenir en el funcionamiento neuronal para curar, dotar de pr\u00f3tesis\u2026), sino, como ya nos advierten, potenciar determinadas capacidades neuronales para crear \u201cs\u00faper-soldados\u201d, privilegiar las capacidades de una minor\u00eda social con poder econ\u00f3mico y pol\u00edtico, el espionaje de nuestra mente (incluso de los procesos subconscientes), el control de nuestros pensamientos, memoria y comportamiento. Ya se ha experimento en animales en el laboratorio. Por eso, en EEUU, la principal promotora no son los centros m\u00e9dicos, sino una agencia militar (DARPA), financiando, con grandes cantidades de dinero, en centros universitarios, las investigaciones que le interesan y orientando los esfuerzos en esa direcci\u00f3n si quiere que les llueva el dinero.<\/p>\n\n\n\n<p>Ya sabemos c\u00f3mo \u201cgarantiza\u201d el capitalismo y su Estado burgu\u00e9s la&nbsp;igualdad social, incluso la llamada \u201cigualdad de oportunidades\u201d y la \u201cigualdad de todos ante la ley\u201d, cuando todav\u00eda se siguen imponiendo los sesgos racistas m\u00e1s brutales (v\u00e9ase, EEUU y el trato policial a los negros y su pr\u00e1ctica impunidad pese a las muertes), o el sesgo de g\u00e9nero contra las mujeres, manifiesto en la violencia de g\u00e9nero. Pero el principal \u201csesgo\u201d es el de&nbsp;<em>clase social<\/em>, impuesto por la extracci\u00f3n de la plusval\u00eda en el trabajo (origen del beneficio capitalista), sea el trabajador\/a blanco, negro o verde\u2026, cat\u00f3lico, protestante, musulm\u00e1n, jud\u00edo, budista, agn\u00f3stico, ateo\u2026 La neurotecnolog\u00eda llevar\u00e1 la desigualdad mucho m\u00e1s lejos.<\/p>\n\n\n\n<p>Ya sabemos como \u201cgarantiza\u201d el capitalismo el&nbsp;derecho a la identidad personal, cuando ni siquiera quiere que nos reconozcamos como miembros de la clase trabajadora y con unos intereses antag\u00f3nicos a la existencia del capitalismo y su Estado, sino como individuos ciudadanos \u201clibres e iguales ante la ley\u201d, y separados por \u201craza\u201d, identidad sexual, lengua, naci\u00f3n, religi\u00f3n\u2026, cualquier cosa por arbitraria y est\u00fapida que sea (lucha por barrios entre bandas, por equipos de f\u00fatbol\u2026) que pueda contribuir a dividirnos y enfrentarnos (\u201cdivide y vencer\u00e1s\u201d). El capital es capaz de juntarnos a todos bajo su f\u00e9rula, pero procura dividirnos y enfrentarnos. La neurotecnolog\u00eda socavar\u00e1 todav\u00eda m\u00e1s nuestra identidad, incluso al nivel m\u00e1s privado, \u00edntimo.<\/p>\n\n\n\n<p>Ya sabemos como \u201cgarantiza\u201d el capitalismo el&nbsp;libre albedr\u00edo&nbsp;cuando destila espont\u00e1neamente conciencia falsa sobre su propia naturaleza (intercambio justo, a cada cual lo suyo\u2026) y nuestro lugar en ella (sometidos a la \u201csabidur\u00eda\u201d de la \u201cmano invisible\u201d del mercado\u2026), lo que podemos o no pensar y hacer (el llamado \u201cfetichismo de la mercanc\u00eda\u201d, ver nota 3; el capitalismo como la \u00faltima sociedad imaginable e insuperable\u2026). Y desde la familia, la escuela, la universidad, el cuartel, la empresa, las iglesias, el entretenimiento, los medios de comunicaci\u00f3n, los partidos pol\u00edticos, etc., se dedica a una labor constante de \u201clavado de cerebro\u201d para que no ejerzamos realmente nuestro libre albedr\u00edo, no sea que aspiremos a ser libres de verdad acabando con este sistema, y vivir una vida aut\u00e9ntica. La neurotecnolog\u00eda permitir\u00e1 que se manipule todav\u00eda m\u00e1s nuestra voluntad, hasta esclavizarnos de hecho.<\/p>\n\n\n\n<p>Ya sabemos del nulo respeto que empresas (las redes sociales, telecomunicaciones, etc.) y estados (servicios de espionaje, etc.), tienen por nuestra&nbsp;privacidad, pasando por encima incluso de la legalidad. Telefon\u00eda, internet, tarjetas de pago, de transporte, c\u00e1maras de videovigilancia, etc., se han convertido en campo abonado para que incluso ni siquiera sepamos bien qui\u00e9n conoce de nosotros hasta m\u00e1s que nosotros mismos. La neurotecnolog\u00eda convertir\u00e1 la privacidad en algo ni siquiera pensable.<\/p>\n\n\n\n<p>Conociendo su vocaci\u00f3n intrusiva, es del g\u00e9nero bobo pensar que no estar\u00e1n interesados en explotar a tope las posibilidades que les ofrecer\u00e1n las nuevas tecnolog\u00edas de vigilancia y control de la actividad cerebral. Imaginemos lo que podr\u00edan hacer organizaciones estatales del corte de la CIA, la NSA y el FBI norteamericanos (expertos en la lucha \u201canti-subversiva\u201d), la que fue la KGB \u201csovi\u00e9tica\u201d, la Gestapo nazi, y much\u00edsimas m\u00e1s similares por todo el mundo, en el pasado y el presente.<\/p>\n\n\n\n<p>Si nunca ha habido barreras \u00e9ticas para la represi\u00f3n m\u00e1s salvaje, incluso genocida (por no remontarnos m\u00e1s atr\u00e1s, recordemos el Cono Sur latinoamericano en la d\u00e9cada de los 70s, Indonesia en los 60s), la guerra civil contrarrevolucionaria (sin ir m\u00e1s lejos, la espa\u00f1ola con Franco), para el bombardeo m\u00e1s asesino de la poblaci\u00f3n civil (ciudades en la guerra civil espa\u00f1ola, en la II GM -f\u00f3sforo sobre Alemania, napalm y bombas at\u00f3micas sobre Jap\u00f3n- , Vietnam, Siria, Palestina, etc.), y la escalada armament\u00edstica nuclear, tampoco las habr\u00e1 en el futuro para las neurotecnolog\u00edas.<\/p>\n\n\n\n<p>Al contrario de lo que hace Yuste, no se puede comparar la eficacia de la deontolog\u00eda m\u00e9dica (curar, no matar; juramento hipocr\u00e1tico) para asegurar unas pr\u00e1cticas m\u00e9dicas \u00e9ticas, y lo que ser\u00eda necesario para que el capitalismo y sus estados renunciasen a aprovechar el potencial intrusivo y esclavizador de la neurotecnolog\u00eda, pues lo que est\u00e1 en juego (dinero, poder\u2026) es much\u00edsimo m\u00e1s importante para el capital y sus Estados que las consideraciones sobre derechos. Un \u201cjuramento tecnocr\u00e1tico\u201d, como \u00e9l propone, ser\u00eda totalmente insuficiente, aunque pretendi\u00e9semos asegurarlo con determinadas medidas tecnol\u00f3gicas. Ya sabemos de lo que son capaces los&nbsp;<em>hackers<\/em>&nbsp;y las m\u00e1s importantes organizaciones privadas o estatales cuando quieren entrar en las bases de datos, infiltrarlas y hacerlo sin que la v\u00edctima (por poderosa que tambi\u00e9n sea) se percate de nada o pueda impedirlo. Ser\u00eda como pretender obligar al capital a renunciar al beneficio, su raz\u00f3n de existir y motor de su movimiento. Es por eso por lo que la&nbsp;<em>Declaraci\u00f3n Universal de los Derechos Humanos<\/em>&nbsp;(<strong>DUDH<\/strong>, acceso al documento de la&nbsp;<strong>ONU<\/strong>&nbsp;<a href=\"https:\/\/www.un.org\/es\/universal-declaration-human-rights\/\">https:\/\/www.un.org\/es\/universal-declaration-human-rights\/<\/a>&nbsp;), pese a limitarse a los ideales de un capitalismo \u201ccon rostro humano\u201d, y la democracia burguesa, es violada a diario, sistem\u00e1ticamente, con la miseria, la represi\u00f3n, las guerras, los desplazados, etc. Est\u00e1 en la naturaleza del capitalismo y su Estado burgu\u00e9s, y no se puede esperar otra cosa, como en el comportamiento del escorpi\u00f3n que pidi\u00f3 a la rana que le ayudase a cruzar el r\u00edo sobre su espalda, pero en mitad del trayecto la pic\u00f3 con su aguij\u00f3n venenoso y ambos se ahogaron, alegando el escorpi\u00f3n no poder evitarlo, pues est\u00e1 en su naturaleza actuar as\u00ed, aunque tambi\u00e9n le vaya la existencia (en nuestro caso, la degradaci\u00f3n de la Humanidad, ponernos en manos de la emergente IGA).<\/p>\n\n\n\n<p>Surgir\u00e1n iniciativas similares, como la que se debe estar desarrollando ahora en Espa\u00f1a de elaborar una&nbsp;<em><strong>Carta de Derechos Digitales<\/strong><\/em>&nbsp;(CDD). Pero por muchos que sean sus m\u00e9ritos, todas pecar\u00e1n de lo mismo: dar una confianza al capitalismo y sus estados que no se merecen y que socavar\u00e1n finalmente esos derechos. Sobre todo cuando la iniciativa parte del propio Estado, como ocurre con la CDD (parecido a aquello de \u201cponer el gallinero al cuidado del zorro\u201d).<\/p>\n\n\n\n<p>\u00bfCabe hasta ahora mayor amenaza para la Humanidad que el armamento nuclear? \u00bfNo hemos visto durante d\u00e9cadas como proliferaban esas armas y c\u00f3mo, tras un cierto desarme, vuelve el rearme, con un potencial destructivo enorme, y aumentando el n\u00famero de estados que cuentan con \u00e9l? \u00bfHay mayor contradicci\u00f3n y atentado a la&nbsp;<em>DUDH<\/em>&nbsp;que el riesgo del holocausto nuclear, quiz\u00e1s hasta la extinci\u00f3n de nuestra especie tras un \u201cinvierno nuclear\u201d?<\/p>\n\n\n\n<p>Los Estados Unidos (EEUU) desde hace un siglo cuando menos, se las dan de campeones de la democracia, y defensores de los derechos humanos, pese a su racismo interior, imperialismo, promoci\u00f3n de golpes de estado militares, y apoyo durante cuarenta a\u00f1os al r\u00e9gimen de Franco en Espa\u00f1a. \u00bfAcaso los EEUU no se han \u201cpasado por el arco del triunfo\u201d todos los derechos cuando hace s\u00f3lo unos pocos a\u00f1os ten\u00edan c\u00e1rceles clandestinas en muchos pa\u00edses, incluso europeos (\u00a1tan democr\u00e1ticos y humanitarios!), y organizaban vuelos para transportar a los detenidos y torturados a la prisi\u00f3n-tormento de su base en Guant\u00e1namo (isla de Cuba), sin olvidar el caso sangrante de las torturas en su prisi\u00f3n de Abu Ghraib en Irak?. Ya no hay ning\u00fan inter\u00e9s en recordar las dimensiones de la destrucci\u00f3n de Vietnam y sus habitantes en la guerra que contra ellos sostuvo EEUU durante una d\u00e9cada y que tant\u00edsimas protestas levant\u00f3 en su d\u00eda, despertando a toda una generaci\u00f3n. A diario los estados, mediante mil y un variantes, sin el menor escr\u00fapulo e impunemente, pisotean los m\u00e1s elementales derechos humanos.<\/p>\n\n\n\n<p>El equipo de Yuste ha contactado con el gobierno chileno para incluir en la nueva constituci\u00f3n los neuroderechos. Recordemos que el Estado burgu\u00e9s democr\u00e1tico chileno es el que en los \u00faltimos tiempos ha venido desatando una enorme represi\u00f3n que ha costado vidas humanas, torturas, violaciones de mujeres, que contradice a la&nbsp;<em>DUDH<\/em>&nbsp;que ese mismo estado ha firmado, incluso a disposiciones \u201cprogresistas\u201d que tenga la constituci\u00f3n actual, como ocurre siempre. \u00bfSe supone que ese mismo Estado y la misma burgues\u00eda a la que protege con su represi\u00f3n, respetar\u00e1n los neuroderechos? Aunque figuren en la Constituci\u00f3n chilena, se convertir\u00e1n en \u201cpapel mojado\u201d cuando as\u00ed convengan al capital y al Estado. Siempre podr\u00e1n hacer trampas legales, y si son ilegales se asegurar\u00edan la impunidad \u00a1como siempre! (<strong>NOTA 4<\/strong>).<\/p>\n\n\n\n<p>Por eso son ingenuos y a la larga est\u00e1n condenados al fracaso los esfuerzos bien intencionados de gente, como Rafael Yuste, que pretenden hacer frente a las amenazas de esta tecnolog\u00eda, a base de c\u00f3digos \u00e9ticos, deontol\u00f3gicos (como el de los m\u00e9dicos, el juramento hipocr\u00e1tico) y legislaci\u00f3n que proteja nuestra privacidad (\u00bfc\u00f3mo la que viene \u201cprotegi\u00e9ndonos\u201d hasta hoy?), inclusi\u00f3n de \u201cneuroderechos\u201d en la&nbsp;<em>DUDH<\/em>&nbsp;y en las constituciones de los estados. Si el capitalismo y sus estados no se detienen en arrollar la naturaleza y provocar los desastres medioambientales conocidos y por conocer, y en masacrar a las oposiciones populares, en imponer dictaduras feroces, tambi\u00e9n pasar\u00e1n por encima, como \u201cpapel mojado\u201d, sobre leyes, c\u00f3digos, declaraciones universales, etc., en cuanto les convenga. Es como querer imponer \u201cpuertas al campo\u201d.<\/p>\n\n\n\n<p>Este asunto y los esfuerzos de gente como Yuste, me recuerdan mucho lo que ya observ\u00e9 y critiqu\u00e9 a ra\u00edz de mi investigaci\u00f3n sobre la&nbsp;<em>Inteligencia Artificial General<\/em>&nbsp;(IAG o IGA) y las pretensiones bien intencionadas, por ejemplo, de Jos\u00e9 Ignacio Latorre Sent\u00eds (v\u00e9ase mi texto referido en la&nbsp;<strong>NOTA 5<\/strong>).<\/p>\n\n\n\n<p>Si la democracia burguesa no se detendr\u00eda en recurrir a esos medios, aunque fuese selectivamente (<strong>NOTA 6<\/strong>), podemos imaginar lo que podr\u00eda hacer un r\u00e9gimen de corte fascista-nazi (<strong>NOTA 7<\/strong>).<\/p>\n\n\n\n<p>Peor todav\u00eda, y tampoco es ciencia-ficci\u00f3n, ni una&nbsp;<em>frikada<\/em>, sino algo muy serio reconocido por cient\u00edficos del mayor prestigio. Esta tecnolog\u00eda, seg\u00fan se desarrolle m\u00e1s, se lo estar\u00eda poniendo \u201cen bandeja\u201d \u2013 controlar hasta nuestros pensamientos m\u00e1s \u00edntimos y secretos -, a la emergencia de una&nbsp;<em>Inteligencia General<\/em>&nbsp;<em>Artificial<\/em>&nbsp;(IGA) hostil a nuestra especie (en principio, no puede ser de otra manera) (ver la nota 5).<\/p>\n\n\n\n<p>Quiz\u00e1s alguien piense que todos estos son temores exagerados, hasta infundados. \u00bfC\u00f3mo en su d\u00eda el temor a una guerra mundial, o al genocidio de los jud\u00edos, o a la bomba at\u00f3mica, o las crisis de 1929, la del \u201cpetr\u00f3leo\u201d de 1973, la de 2008, o al espionaje masivo gracias a internet y la telefon\u00eda m\u00f3vil, o a la crisis clim\u00e1tica, a las pandemias hoy\u2026? Demasiados \u201cimpensables\u201d, \u201cimposibles\u201d, se vienen haciendo reales gracias al capitalismo y sus estados. \u00bfVamos a tomarnos esto a la ligera cuando las mentes cient\u00edficas y m\u00e1s preclaras nos advierten de sus peligros? \u00bfSeremos tan gilipollas?.<\/p>\n\n\n\n<p><strong>II.- \u00bfDEJAMOS el PROGRESO en MANOS del CAPITALISMO y su ESTADO?<\/strong>.<\/p>\n\n\n\n<p>Si tenemos, en pol\u00edtica, \u201cmemoria de pez\u201d, es porque deseamos \u201cseguir adelante\u201d, alimentar nuestras esperanzas, olvidar cuanto antes las calamidades pasadas y a los ca\u00eddos (aunque sean millones, incluidos ni\u00f1os, y atroz su final), y por eso somos adictos a tragarnos los cuentos y promesas que nos hacen para que no nos rebelemos, sean en forma c\u00f3digos, leyes, declaraciones universales\u2026<\/p>\n\n\n\n<p>Pero pon a disposici\u00f3n del capitalismo y su Estado la bomba at\u00f3mica, y la utilizar\u00e1, pues su naturaleza explotadora y opresora, le impulsa a ello, no puede resistirse a la \u201ctentaci\u00f3n\u201d. Pon en sus manos esta tecnolog\u00eda neurol\u00f3gica, y la aprovechar\u00e1 contra nosotros, aunque prometa solemnemente no hacerlo, si ve que con ello puede aumentar los beneficios de sus empresas y fortalecer el poder del control de su Estado. Es tan inevitable como todo lo que ya hemos visto.<\/p>\n\n\n\n<p>Son ya demasiados los casos en los que se ha cre\u00eddo que una innovaci\u00f3n tecnol\u00f3gica nos har\u00eda necesariamente m\u00e1s libres (internet) o que pondr\u00eda fin a la guerra dada su atrocidad (la dinamita, la ametralladora, la bomba at\u00f3mica\u2026), pero nunca es as\u00ed, pues todo tiene su cara B, su lado malvado, y el capitalismo y su Estado burgu\u00e9s, \u201cno se cortan un pelo\u201d a la hora de sacar partido de todo lo que se le ponga delante si puede contribuir a las ganancias y a su poder sobre las masas trabajadoras.<\/p>\n\n\n\n<p>El papel del capitalismo y su Estado en la promoci\u00f3n de la tecnolog\u00eda ya no se parece a la historia del jovencito aprendiz de brujo al que se le descontrola completamente su encantamiento (v\u00e9ase la pel\u00edcula de dibujos animados de Disney, con Mickey Mouse y los cubos de agua y fregonas que act\u00faan por su cuenta), sino cada vez m\u00e1s a la del viejo y experimentado cient\u00edfico inventor, loco y malvado, que quiere dominar a la Humanidad y\/o destruir el mundo.<\/p>\n\n\n\n<p>Pero podemos quedar fascinados, deslumbrados e hipnotizados como conejos en medio de la carretera ante las luces brillantes de las innovaciones tecnol\u00f3gicas que nos arrollar\u00e1n, obnubilados por la ideolog\u00eda del \u201cprogreso\u201d, o (versi\u00f3n \u201cmarxista\u201d) del \u201cdesarrollo de las fuerzas productivas\u201d (\u00bftodas? \u00bftambi\u00e9n las neurotecnolog\u00edas?, \u00bfhasta la emergencia de la Inteligencia General Artificial \u2013IGA- que nos esclavice y extermine?).&nbsp;En el capitalismo decadente, las innovaciones tecnol\u00f3gicas m\u00e1s asombrosas, acusan cada vez m\u00e1s su potencial perverso y amenazante; es m\u00e1s, su impulso viene dictado muchas veces, directamente, por esos intereses, como se ve en el caso del liderazgo de organismos militares&nbsp;como DARPA.<\/p>\n\n\n\n<p>El capitalismo, desde comienzos del siglo XX (en particular, con el estallido de la Primera Guerra Mundial), se ha convertido en una&nbsp;<em><strong>traba<\/strong><\/em>&nbsp;para el desarrollo (bien entendido, no s\u00f3lo crecimiento) de la Humanidad, y cada vez m\u00e1s en una&nbsp;<em><strong>amenaza<\/strong><\/em>&nbsp;a su existencia. Pues no nos amenaza s\u00f3lo con guerras apocal\u00edpticas, el desastre medioambiental sino, en el futuro pr\u00f3ximo, tambi\u00e9n con la transformaci\u00f3n en esclavos mentales e incluso en robots biol\u00f3gicos.&nbsp;El capitalismo ya es una amenaza para la Humanidad desde la Primera Guerra Mundial&nbsp;pues con ella destru\u00eda, en el coraz\u00f3n mismo de la civilizaci\u00f3n capitalista (Europa), a la potencial&nbsp;<em><strong>fuerza social<\/strong><\/em>&nbsp;capaz de acabar con \u00e9l (el proletariado, la clase trabajadora), no s\u00f3lo f\u00edsicamente (la matanza), sino sobre todo pol\u00edticamente (oblig\u00e1ndolo a matarse entre s\u00ed, anulando el internacionalismo proletario, vital para poder acabar con el capitalismo mundial). Con la Segunda Guerra Mundial, la barbarie fue todav\u00eda m\u00e1s lejos y alcanz\u00f3 su culmen con el inicio de la era nuclear armamentista que todav\u00eda puede aniquilarnos a todos. Los anteriores&nbsp;<em>modos de producci\u00f3n<\/em>&nbsp;(esclavista, feudal\u2026) llegado un momento, se convirtieron en una traba, un estorbo al desarrollo de la Humanidad, pero pese a las barbaridades que pudieran cometer, nunca llegaron a ser una amenaza para la existencia de la Humanidad, lo que s\u00ed se puede decir del capitalismo desde el comienzo del siglo XX, pues durante el tiempo precedente (siglo XIX y anteriores), incluso con sus miserias, brutalidades y desastres, no alcanz\u00f3 jam\u00e1s semejante estatus \u00bfy aun as\u00ed le negaremos ahora su condici\u00f3n de decadente y superable ya?.<\/p>\n\n\n\n<p>Por eso, desde el punto de vista humano cr\u00edtico (la medida de las cosas, no la opini\u00f3n que el sistema capitalista tendr\u00eda de s\u00ed mismo si pudiese o la de sus fieles servidores), el capitalismo es desde entonces una&nbsp;<strong>sociedad decadente<\/strong>&nbsp;que debiera haber desaparecido hace un siglo pues pod\u00eda haber sido sustituida por una sociedad mucho mejor (socialista-comunista); sociedad decadente que a estas alturas s\u00f3lo podr\u00eda ser celebrada por una IGA, al considerarla su \u201cmadre\u201d por permitir su emergencia. Durante su \u00e9poca ascendente (siglo XVIII-XIX) la Humanidad (con su debilidad moral) era incapaz de generar progreso si no era dentro del marco del capitalismo. Desde comienzos del siglo XX el progreso de la Humanidad es posible y necesario sin el capitalismo, convertido en un estorbo y amenaza existencial, y que con su Estado burgu\u00e9s se ha dedicado a aplastar a quienes se han atrevido a cuestionarlo.<\/p>\n\n\n\n<p>En tanto el capitalismo&nbsp;<strong>no<\/strong>&nbsp;fuese un sistema decadente, s\u00f3lo podr\u00edamos esperar a que siguiese desarrollando su papel progresista para la Humanidad, y no deber\u00edamos pensar en hacer una revoluci\u00f3n socialista-comunista, pues no ser\u00eda viable al no estar maduras las condiciones objetivas para ello. Si&nbsp;<strong>no<\/strong>&nbsp;fuese decadente, todas las calamidades que venimos sufriendo (guerras mundiales, muchas guerras locales, crisis, despilfarro, armamentismo, dictaduras, degradaci\u00f3n del medio natural, extinci\u00f3n de especies\u2026) ser\u00edan el precio a pagar, pues el balance seguir\u00eda siendo claramente positivo para la Humanidad con el capitalismo y sus estados. En esas condiciones objetivas, los trabajadores\/as no podr\u00edan aspirar al poder, pues tampoco podr\u00edan haber hecho las cosas mejor que el capitalismo ya que las condiciones objetivas materiales no estar\u00edan maduras para la organizaci\u00f3n de una sociedad socialista-comunista. Si no fuese decadente, deber\u00edamos esperar a que el capitalismo desarrollase \u201c<em><strong>todas<\/strong><\/em>&nbsp;las fuerzas productivas de las que sea capaz\u201d (a la par inseparable, sobre todo en el tiempo, de las destructivas, como el armamentismo, y la consiguiente degradaci\u00f3n medioambiental), \u00bfy nos ponga al l\u00edmite de la esclavizaci\u00f3n neurol\u00f3gica y la emergencia de la IGA para concluir que, entonces ya s\u00ed, se ha convertido en decadente y en una amenaza, a riesgo de que no tengamos fuerzas para resistirnos a eso y menos para hacer la revoluci\u00f3n?<\/p>\n\n\n\n<p>La realidad es que&nbsp;la burgues\u00eda viene demostrando de sobra que ya no tiene un papel progresista que jugar&nbsp;ni para desarrollar la democracia (represi\u00f3n, recorte de libertades, violaci\u00f3n de la privacidad, ultraderecha, fascismos, dictaduras militares\u2026), ni para evitar o afrontar el hambre y la miseria en el mundo, la crisis del cambio clim\u00e1tico, ni las pandemias, ni la rob\u00f3tica, ni las neurotecnolog\u00edas, ni la inteligencia general artificial, ni la extinci\u00f3n de especies, ni el agotamiento de recursos naturales, ni\u2026. S\u00f3lo el poder de los trabajadores\/as podr\u00eda abordar con un criterio social justo y un inter\u00e9s genuino por el futuro de la Humanidad (no la prioridad al beneficio mercantil, al dinero), los potenciales negativos y riesgos existenciales que todo eso entra\u00f1a.&nbsp;A la burgues\u00eda no le queda ninguna tarea hist\u00f3rica pendiente que s\u00f3lo ella pueda culminar satisfactoriamente para la Humanidad&nbsp;(ya acab\u00f3 hace m\u00e1s de un siglo con lo que quedaba del feudalismo y las monarqu\u00edas absolutas, y cre\u00f3 las condiciones materiales sociales que pod\u00edan pasar a la gesti\u00f3n de los trabajadores\/as asociados liberados de la condici\u00f3n asalariada\u2026), y menos en derechos humanos y que, por tanto, justifique su permanencia liderando la sociedad y establecido su poder con su dominio de los medios de producci\u00f3n y con el Estado burgu\u00e9s.<\/p>\n\n\n\n<p>El capitalismo no desarrollar\u00e1 m\u00e1s las condiciones para que los trabajadores\/as asociados tomen el&nbsp;<em>dominio<\/em>&nbsp;de los medios de producci\u00f3n mundiales, sino que tiende a desplazarlos y desposeerlos todav\u00eda m\u00e1s: desempleo por la robotizaci\u00f3n;&nbsp;<em><strong>subsunci\u00f3n<\/strong><\/em>&nbsp;(sometimiento, subordinaci\u00f3n) no s\u00f3lo&nbsp;<em>formal<\/em>&nbsp;\u2013cumplir la jornada laboral- y&nbsp;<em>real<\/em>&nbsp;\u2013supeditados a las conveniencias de la maquinaria y la explotaci\u00f3n- sino&nbsp;<em>vital<\/em>&nbsp;\u2013neurotecnolog\u00edas aplicadas al trabajador\/a-. No facilitar\u00e1 m\u00e1s la superaci\u00f3n de la&nbsp;<em>divisi\u00f3n social y clasista del trabajo<\/em>, sino a reforzarla: clase dominante \u201cmejorada\u201d con la neurotecnolog\u00eda, trabajadores\/as m\u00e1s subordinados a la direcci\u00f3n de la clase dominante y la inteligencia artificial.<\/p>\n\n\n\n<p>La negativa a considerar decadente a esta civilizaci\u00f3n no es m\u00e1s que el reflejo del culto a los valores econ\u00f3micos del capital, en lugar de poner por delante los intereses de los trabajadores\/as y de la Humanidad, aunque usemos un lenguaje marxista (\u201ctodav\u00eda no se han desarrollado&nbsp;<em>todas<\/em>&nbsp;las fuerzas productivas posibles en el capitalismo\u201d \u00bftodas? \u00bfhasta las neurol\u00f3gicas y de la IGA?). Para declarar decadente al capitalismo la condici\u00f3n&nbsp;no es&nbsp;la incapacidad absoluta del desarrollo de las fuerzas productivas, el estancamiento total, el retroceso econ\u00f3mico, el colapso, sino simplemente que se haya convertido en una&nbsp;<em><strong>traba<\/strong><\/em>&nbsp;(estorbo, dificultad) para el desarrollo de la Humanidad, y que existan las condiciones objetivas para sustituirlo por algo mejor; ya es un estorbo, ya se dan de sobra las condiciones para poder superarlo, desde comienzos del siglo XX, y adem\u00e1s es una&nbsp;<em>amenaza existencial<\/em>.<\/p>\n\n\n\n<p>Las condiciones&nbsp;<em>objetivas<\/em>&nbsp;(materiales) para la sustituci\u00f3n de la civilizaci\u00f3n capitalista por otra humanamente mejor no s\u00f3lo est\u00e1n de sobra maduras, sino que ya se est\u00e1n empezando a \u201cpudrir\u201d y pueden llegar a hacer imposible esa superaci\u00f3n (completa degradaci\u00f3n medioambiental, cambio clim\u00e1tico desbocado, \u201cinvierno nuclear\u201d a cuenta de la guerra at\u00f3mica, dominados por la IGA\u2026). En cuanto a las condiciones&nbsp;<em>subjetivas<\/em>&nbsp;(conciencia, combatividad\u2026, su traducci\u00f3n en organizaci\u00f3n\u2026), su desarrollo (peor que muy pobre) tiende tambi\u00e9n a frustrarse por la degradaci\u00f3n de las condiciones objetivas: disgregaci\u00f3n de la clase trabajadora tradicional y p\u00e9rdida de la identidad de clase, auge del narcisismo, irracionalismo, teor\u00edas de la conspiraci\u00f3n, fundamentalismos y fanatismos religiosos (no s\u00f3lo islamistas, sino cristianos\u2026), negacionismo de la evidencia hist\u00f3rica o cient\u00edfica, ideolog\u00edas de corte fascista\u2026 (<strong>NOTA 8<\/strong>).<\/p>\n\n\n\n<p>Negar la decadencia, y&nbsp;limitarnos&nbsp;a los planteamientos al estilo de Yuste, es como \u201c<em>opio para el pueblo<\/em>\u201d, pues nos lleva a seguir confiando en el papel progresista del capitalismo (a cuenta de las innovaciones tecnol\u00f3gicas, eficiencia de la propiedad privada empresarial y el mercado, etc.) y su Estado burgu\u00e9s (supuesto garante de las libertades y derechos humanos\u2026).<\/p>\n\n\n\n<p>Tambi\u00e9n nos lleva a los anticapitalista a&nbsp;justificar que hasta ahora lo hayamos hecho tan mal pol\u00edticamente para superar el capitalismo o, cuando menos, incrementar exponencialmente la conciencia anticapitalista, con la falsa creencia consoladora de que no podr\u00edamos haberlo hecho mucho mejor desde comienzos del siglo XX, aunque lo hubi\u00e9semos querido, pues \u201clas condiciones objetivas, materiales, no estaban maduras durante todo este tiempo para hacer la revoluci\u00f3n contra el capitalismo\u201d, lo que hac\u00eda inevitable que tampoco estuviesen maduras las \u201ccondiciones subjetivas\u201d (aspiraci\u00f3n, conciencia, combatividad, autoorganizaci\u00f3n, lucha), por lo que pretenderlo no habr\u00eda sido m\u00e1s que&nbsp;<em>voluntarismo<\/em>. No lleva a creer que, en el caso extremo y por circunstancias excepcionales, de haber triunfado en la primera mitad del siglo XX (o incluso en la segunda mitad) la revoluci\u00f3n en Alemania, Reino Unido, EEUU\u2026, habr\u00eda sido inevitable su r\u00e1pido retroceso otra vez hasta el capitalismo y su Estado burgu\u00e9s, pues no se podr\u00eda saltar voluntaristamente esa etapa hist\u00f3rica no agotada y que todav\u00eda ser\u00eda imprescindible para el desarrollo de la Humanidad (con el liderazgo de la burgues\u00eda); tan imposible como pretender que un ni\u00f1a de cinco a\u00f1os se convierta en madre biol\u00f3gica.<\/p>\n\n\n\n<p>As\u00ed&nbsp;no nos vemos impelidos a replantearnos nada, sino a la autocomplacencia, reconfortarnos para seguir como hasta ahora, profundizando en la senda que nos ha llevado a una derrota tras otra (v\u00e9anse los textos de la nota 1, sobre todo los dedicados al Programa), hasta la derrota m\u00e1s absoluta, por mucho que estemos confiados en que \u201cde derrota en derrota, hasta la victoria final\u201d.<\/p>\n\n\n\n<p>Con estas concepciones, de hecho, nos&nbsp;prohibimos&nbsp;aspirar a superar el capitalismo y su Estado (s\u00ed podemos fantasear, pero como ni\u00f1os incapaces de hacer realidad sus sue\u00f1os),&nbsp;nos condenamos a una lucha a la defensiva, hasta en lo ideol\u00f3gico (pues no podemos cuestionar el capitalismo hasta su ra\u00edz y ni siquiera su necesidad actual), y por consiguiente, ante la ofensiva constante de la burgues\u00eda y su Estado, a retroceder cada vez m\u00e1s, a recular, a perder terreno, a debilitarnos y derrotarnos (como venimos comprobando desde hace d\u00e9cadas), para acabar en el futuro convirti\u00e9ndonos en s\u00fabditos neuronales del capitalismo fascista y, finalmente, en \u201cbio-robots\u201d conectados a la&nbsp;<em>Inteligencia General Artificial<\/em>&nbsp;y sirvi\u00e9ndola (estudia el tema con los textos que recomiendo en la nota 5 y comprobar\u00e1s que para nada se trata de una&nbsp;<em>frikada<\/em>&nbsp;o ciencia-ficci\u00f3n terror\u00edfica, sino de un potencial muy real).<\/p>\n\n\n\n<p><strong>III.-&nbsp;<\/strong>\u00bf<strong>QU\u00c9 PODEMOS HACER? \u00bfC\u00d3MO LUCHAR?. La LLAVE.<\/strong><\/p>\n\n\n\n<p>El mayor m\u00e9rito de las iniciativas de gente como Yuste o Latorre no es lo que proponen como soluci\u00f3n, sino que sus propuestas demuestran a los ojos de cualquiera la enorme gravedad (existencial) de las amenazas que representan la neurotecnolog\u00eda y la inteligencia artificial en v\u00edas de convertirse en general.<\/p>\n\n\n\n<p>Por consiguiente, teniendo en cuenta los pros y contras que he presentado a esa iniciativa \u00bfqu\u00e9 debemos hacer?.<\/p>\n\n\n\n<p><strong>\u00bfDebemos estar a favor o en contra de los&nbsp;<\/strong><em><strong>neuroderechos<\/strong><\/em><strong>, y de la iniciativa de Yuste y c\u00eda.?<\/strong>. No podemos estar, sin m\u00e1s, ni a favor, ni en contra. Debemos estar a favor por la denuncia y advertencia que supone, pero mostrarnos muy cr\u00edticos por sus enormes limitaciones, y contrarios porque contribuir\u00e1 a crear ilusiones en un capitalismo neurotecnol\u00f3gico \u201ccon rostro humano\u201d y en un Estado burgu\u00e9s preservador de nuestros derechos humanos.<\/p>\n\n\n\n<p>Favorablemente por:&nbsp;<strong>A)<\/strong>&nbsp;Fuentes reconocidas mundialmente por su val\u00eda cient\u00edfica e incluso relaci\u00f3n con las m\u00e1s altas instancias del poder (Yuste convence a Obama y \u00e9ste impulsa el programa BRAIN), advierten de los enormes peligros de la neurotecnolog\u00eda y de su ligaz\u00f3n con la inteligencia artificial, y la noticia es difundida incluso por medios de comunicaci\u00f3n convencionales y de gran difusi\u00f3n. Esto facilitar\u00e1 mucho la credibilidad de nuestra denuncia ante los sectores populares m\u00e1s ignorantes y esc\u00e9pticos, as\u00ed que debemos aprovecharlo a tope. De hecho, si no fuese por Yuste, mi denuncia en este art\u00edculo habr\u00eda sido mucho m\u00e1s dif\u00edcil de plantear y de creerse, y yo misma no me habr\u00eda enterado de la existencia de su iniciativa y de muchos detalles tecnol\u00f3gicos si no hubiese le\u00eddo la informaci\u00f3n de&nbsp;<em>El Pa\u00eds<\/em>&nbsp;(simplemente por cuesti\u00f3n de tiempo y energ\u00edas, no puedo atender a todo lo que me gustar\u00eda).&nbsp;<strong>B)<\/strong>&nbsp;La constancia de los neuroderechos en los c\u00f3digos deontol\u00f3gicos, la legislaci\u00f3n, DUDH y constituciones, en el mejor de los casos tal vez nos proteja un poquito, dificulte un poco el neurocapitalismo, pero sobre todo nos facilitar\u00e1 poner en evidencia que unos derechos humanos fundamentales son violados sistem\u00e1ticamente por el capital y su Estado, lo que es importante sobre todo cara a los sectores menos conscientes y formados en tecnolog\u00eda de las masas populares.<\/p>\n\n\n\n<p>Nos encontramos tan d\u00e9biles y adem\u00e1s en un momento tan cr\u00edtico para la Humanidad, que no podemos caer en sectarismos que s\u00f3lo contribuyen a aislarnos m\u00e1s y debilitarnos a todos, y hacerles m\u00e1s fuertes a ellos.<\/p>\n\n\n\n<p>Cr\u00edticamente por: Debemos dejar bien claro que&nbsp;creer en las limitaciones legales a las&nbsp;<em>ICC<\/em>&nbsp;como una soluci\u00f3n efectiva y definitiva es no s\u00f3lo irreal, ut\u00f3pico (en el peor sentido de la palabra), sino plantear el problema totalmente a la defensiva (a base de intentar reformas), y al no plantear la batalla en el terreno real que nos favorece, condenarnos finalmente a la derrota m\u00e1s completa, por muchas reformas legales que se consigan (sobre el papel); como creer que impediremos los cr\u00edmenes de un psic\u00f3pata s\u00e1dico y asesino a base de discursos morales o las prohibiciones legales, en lugar de ir a por \u00e9l, arrestarle y ponerlo a buen recaudo de por vida.<\/p>\n\n\n\n<p>No basta con advertir de riesgos, con la ilusi\u00f3n de que podr\u00edan resolverse en el marco del capitalismo. Es preciso denunciar claramente que&nbsp;el capitalismo ya no puede garantizar a la Humanidad un progreso real y seguro, pues se ha convertido en una amenaza existencial, y por ello, irresponsablemente, \u201cjuega con fuego\u201d con potenciales amenazas existenciales (como la crisis clim\u00e1tica, la extinci\u00f3n de especies, la IGA). Seguir sembrando ilusiones en la progresividad del capitalismo, nos pone a la defensiva, y nos condena a la derrota y el desastre total.<\/p>\n\n\n\n<p>Por eso, el peso respectivo de lo favorable y de lo cr\u00edtico a iniciativas como la de Yuste y c\u00eda., depender\u00e1 de las circunstancias (nivel de conocimiento de la problem\u00e1tica, logros de la iniciativa, grado de las ilusiones que genera; diferentes p\u00fablicos a los que nos dirigimos a la hora de explicarnos, para hacernos entender mejor y que avancen en conciencia\u2026).<\/p>\n\n\n\n<p>Para librarnos de esta amenaza adicional, esta nueva \u201cespada de Damocles\u201d que tiende sobre nuestras cabezas el capitalismo y su Estado burgu\u00e9s y a la que no renunciar\u00e1n (como no renuncian a las guerras, la bomba at\u00f3mica, la tortura\u2026),&nbsp;no hay m\u00e1s remedio que apuntar contra las causas \u00faltimas, es decir,&nbsp;la existencia del propio capitalismo y su Estado.<\/p>\n\n\n\n<p>Para orientarnos en la buena direcci\u00f3n, necesitamos unos ejes t\u00e1ctico-estrat\u00e9gicos muy similares a los expuestos en mi texto sobre el antifascismo (v\u00e9ase la Nota 7).<\/p>\n\n\n\n<p>Si queremos&nbsp;ir a la ra\u00edz&nbsp;de esta planta de frutos venenosos, debemos poner el acento especialmente en la ra\u00edz del capitalismo, de su Estado y toda su civilizaci\u00f3n, que no es otra que la explotaci\u00f3n del trabajo asalariado,&nbsp;la&nbsp;<em><strong>plusval\u00eda<\/strong><\/em>&nbsp;o parte del trabajo nunca pagada y origen de la ganancia capitalista, objetivo motor impulsor de todo el sistema&nbsp;(<strong>NOTA 9<\/strong>).<\/p>\n\n\n\n<p>\u00bfNo ser\u00eda esto ir demasiado al fondo sin necesidad? \u00bfC\u00f3mo establecer la relaci\u00f3n entre las neurotecnolog\u00edas y la explotaci\u00f3n, el beneficio, la plusval\u00eda?<\/p>\n\n\n\n<p>Si el capitalismo, desde su nacimiento, explota directamente nuestro trabajo en la producci\u00f3n de mercanc\u00edas, y ya se aprovecha hoy hasta de nuestros datos en telefon\u00eda, internet, tarjetas de cr\u00e9dito,\u2026, para facilitar la realizaci\u00f3n de sus beneficios (vendernos mercanc\u00edas), el control cerebral mediante las neurotecnolog\u00edas permitir\u00eda no s\u00f3lo profundizar en eso, sino una mayor explotaci\u00f3n de la capacidad de trabajo, adem\u00e1s del control ideol\u00f3gico, pol\u00edtico, represivo por parte del Estado burgu\u00e9s, con el consiguiente aumento de las desigualdades e injusticias sociales, al punto de crear seres humanos mejorados en sus habilidades entre los ricos, y seres humanos \u201clobotomizados\u201d entre los pobres. De ah\u00ed que algunos llamen a esto \u201cneurocapitalismo\u201d. Pero&nbsp;hasta que eso se d\u00e9, y precisamente para evitar que llegue a convertirse en una realidad diab\u00f3lica, lo que debemos hacer es denunciar la explotaci\u00f3n tal como se da ahora en el capitalismo, para as\u00ed deslegitimarlo y poder pasar a la ofensiva, primero ideol\u00f3gica, y luego pol\u00edtica. Esto es, la denuncia del mecanismo de la&nbsp;<em>plusval\u00eda<\/em>.<\/p>\n\n\n\n<p>La tecnolog\u00eda neural facilitar\u00e1 el control de los trabajadores\/as mientras laboran y en su \u201ctiempo libre\u201d; el control mental de las crecientes masas de desempleados a cuenta de la robotizaci\u00f3n de la econom\u00eda y, finalmente, el sometimiento de los humanos a las m\u00e1quinas inteligentes.<\/p>\n\n\n\n<p>La tecnolog\u00eda neuronal no servir\u00eda s\u00f3lo para ayudar (como lo hace una pr\u00f3tesis) o para controlar nosotros mejor a la&nbsp;inteligencia artificial, sino m\u00e1s bien a supeditarnos m\u00e1s a ella en el trabajo, a que ella nos controlase mejor a nosotros, m\u00e1s directamente, sobre todo caso de emerger una&nbsp;<strong>IGA<\/strong>, situaci\u00f3n que las tecnolog\u00edas neuronales, al volvernos m\u00e1s sumisos, controlables y conectados constantemente a la inteligencia artificial, hace m\u00e1s probable, y que adem\u00e1s nos pille totalmente por sorpresa&nbsp;(como advierten los escenarios previstos para una probable IGA).<\/p>\n\n\n\n<p>Creo que no es necesario argumentar aqu\u00ed m\u00e1s para quien tenga s\u00f3lo un poquito de imaginaci\u00f3n y sepa lo que puede ocurrir con un r\u00e9gimen fascista (fascista, nazi, militar\u2026) o con todo el arsenal de control y vigilancia ya existente adem\u00e1s del potencial terror\u00edfico que tendr\u00eda una&nbsp;<em>Inteligencia General Artificial<\/em>, como advierten cient\u00edficos del mayor prestigio, y he demostrado sin lugar a la menor duda en mis textos (ver en la nota 5).<\/p>\n\n\n\n<p>Si la Humanidad ha llegado a este punto de peligro para su propia existencia es, en gran parte, por&nbsp;nuestra desorientaci\u00f3n, y la falta de ambici\u00f3n para conseguir orientarnos, nuestro \u201cpasotismo\u201d y alegre inconsciencia, se convierte en nuestra tragedia en esta \u00e9poca crucial para la Humanidad. Debemos comprender que al capitalismo y al Estado burgu\u00e9s hay que matarlos directamente, pues son la causa social fundamental de nuestros males y no est\u00e1n pre\u00f1ados de autoliberaci\u00f3n proletaria (clase trabajadora), sino de engendros (miseria, represi\u00f3n, crisis clim\u00e1tica, holocausto nuclear, neurotecnolog\u00edas fascistas, IGA\u2026). El capitalismo y su Estado burgu\u00e9s son indomables por mucho que se los quiera gestionar \u201cdemocr\u00e1tica, socialmente\u201d por los trabajadores\/as, etc., como un animal carn\u00edvoro no puede sobrevivir como lo hace una planta, ni siquiera como herb\u00edvoro.<\/p>\n\n\n\n<p>En un mundo donde el sistema social, como un pantano, emana espont\u00e1neamente ideas que son como gases venenosos, imponi\u00e9ndose la confusi\u00f3n y el irracionalismo m\u00e1s desaforado y antihumano,&nbsp;es fundamental disponer de un ancla&nbsp;que nos asiente firmemente en la realidad en lugar de ir a la deriva,&nbsp;y de una br\u00fajula&nbsp;que nos d\u00e9 la certeza de orientarnos ante tanta teor\u00eda y explicaci\u00f3n desorientadora. Y esto nos lo da la teor\u00eda revisada de la plusval\u00eda. Claro que para navegar y llegar a destino, hacen falta muchos m\u00e1s recursos (nave en condiciones, saber navegar, carta de navegaci\u00f3n, etc.; organizaci\u00f3n, estrategia y t\u00e1ctica\u2026).<\/p>\n\n\n\n<p>La teor\u00eda revisada de la plusval\u00eda&nbsp;permite una&nbsp;visi\u00f3n general, hist\u00f3rica e internacional de nuestra civilizaci\u00f3n, centrar la atenci\u00f3n sobre la causa \u00faltima de gran cantidad de fen\u00f3menos que nos flagelan y as\u00ed tambi\u00e9n comprenderlos mejor, en lugar de aisladamente o estableciendo relaciones equivocadas,&nbsp;atacar a la causa en lugar de quedarnos, como siempre, en el tratamiento multi-sintom\u00e1tico interminable, atacar a la ra\u00edz en lugar de limitarnos a podar una ramas que acaban adquiriendo m\u00e1s vigor. Permite dar una explicaci\u00f3n&nbsp;racional&nbsp;accesible a todos, contribuyendo as\u00ed a evitar las derivas irracionales, las teor\u00edas conspiranoicas, la b\u00fasqueda de \u201ccabezas de turco\u201d o \u201cchivos expiatorios\u201d, y de \u201csalvadores\u201d carism\u00e1ticos (la angustia, la ira, la necesidad de sentido, puede arrojarnos en brazos de nuevos Mussolini, Hitler, Stalin\u2026), las \u201csalidas\u201d nacionalistas, xen\u00f3fobas, militaristas, la multitud de&nbsp;falsas soluciones&nbsp;(reformismo antineoliberal, Capitalismo de Estado, autogesti\u00f3n \u201cobrera\u201d de las empresas, cooperativismo, vuelta a una sociedad preindustrial\u2026), etc., que proliferar\u00e1n en un mundo cada vez m\u00e1s ca\u00f3tico, peligroso y antihumano, buscando desesperadamente \u201cexplicaciones\u201d simples y \u201csoluciones\u201d f\u00e1ciles (m\u00e1s sencillo y c\u00f3modo que lo \u00fanico eficaz: superar el capitalismo y sus estados), desvi\u00e1ndonos de la verdadera soluci\u00f3n, contribuyendo a agravar m\u00e1s nuestros problemas, e impidiendo que se levante una&nbsp;alternativa salvadora y una fuerza social&nbsp;capaz de imponerla.<\/p>\n\n\n\n<p>Precisamente&nbsp;la teor\u00eda de la plusval\u00eda permite comprender que lo principal, lo tenemos en com\u00fan, nos une a todos los trabajadores\/as asalariados del mundo, en lugar de confundirnos con la peque\u00f1as diferencias (de \u201craza\u201d, nacionales, religiosas\u2026) que atiza la burgues\u00eda para dividirnos y enfrentarnos. Que somos nosotros\/as lo que producimos la plusval\u00eda y tambi\u00e9n los que podemos acabar con esa producci\u00f3n y con ello con el capitalismo. Que podemos constituirnos en la&nbsp;<em><strong>fuerza social<\/strong><\/em>&nbsp;anticapitalista y pro-comunista.<\/p>\n\n\n\n<p>Si queremos que surja una&nbsp;<em><strong>fuerza social<\/strong><\/em>&nbsp;capaz de acabar con el capitalismo&nbsp;(evitar la llegada del neuro-fascismo, y la emergencia de la IGA), deber\u00e1 estar constituida sobre todo por los trabajadores\/as asalariados. Eso no se puede conseguir haciendo el mismo tipo de labor sindical y pol\u00edtica que hasta ahora. El anticapitalismo imperante no llega en su denuncia hasta la&nbsp;ra\u00edz&nbsp;(la mayor\u00eda de las veces no pasa de la denuncia del neoliberalismo). Por ello hay que denunciar la&nbsp;<em><strong>plusval\u00eda<\/strong><\/em>&nbsp;(con mi revisi\u00f3n te\u00f3rica). S\u00f3lo as\u00ed conseguiremos que el anticapitalismo vaya hasta el fondo, se haga u\u00f1a y carne con las masas trabajadoras, y se forje la&nbsp;<em><strong>fuerza social<\/strong><\/em>&nbsp;capaz de acabar con el capitalismo y su Estado burgu\u00e9s, liber\u00e1ndonos del origen de tant\u00edsimas amenazas para la Humanidad. As\u00ed de trascendental es el asunto.<\/p>\n\n\n\n<p>Por tanto<strong>, la teor\u00eda revisada de la plusval\u00eda no es un asunto acad\u00e9mico, ni para especialistas, sino una cuesti\u00f3n vital, existencial, para nuestra \u00e9poca, para poder alumbrar y orientar nuestro futuro, abrir las puertas de la muralla<\/strong>.<\/p>\n\n\n\n<p>Os dejo aqu\u00ed para que ahora pas\u00e9is un poco de miedo, le deis alguna vuelta a lo dicho, y luego reaccion\u00e9is inteligentemente,&nbsp;<strong>PASANDO ESTE ART\u00cdCULO a todos los que pod\u00e1is<\/strong>. Gracias.<\/p>\n\n\n\n<p><strong>NOTA 1<\/strong>.- Para profundizar, en mis textos:&nbsp;<strong>\u201cNuestra culpa en la covid-19 por no luchar contra la austericida LOEPSF\u201d<\/strong>&nbsp;(28-7-2020) \u2014- De haber luchado contra la s\u00faper-ley LOEPSF, motor de todos los recortes sociales (incluidos los sanitarios), los habr\u00edamos reducido y seguramente habr\u00eda muerto menos gente, el desastre econ\u00f3mico ser\u00eda algo menor y nos habr\u00edamos fortalecido mucho en la resistencia contra la estrategia austericida, tanto en Espa\u00f1a como en Europa a cuenta del \u201cpadre\u201d de la LOEPSF, el TSCG de la UE.&nbsp;<a href=\"https:\/\/kaosenlared.net\/nuestra-culpa-en-la-covid-19-por-no-luchar-contra-la-austericida-loepsf\/\">https:\/\/kaosenlared.net\/nuestra-culpa-en-la-covid-19-por-no-luchar-contra-la-austericida-loepsf\/<\/a>&nbsp;Una errata evidente pero que no quiero dejar pasar, cuando digo \u201cy posiblemente las consecuencias econ\u00f3micas y sociales no habr\u00edan sido menores\u201d. Originalmente dec\u00eda \u201cno habr\u00edan sido tan enormes\u201d. Al querer modificar y poner \u201cmenores\u201d se me olvid\u00f3 suprimir \u201cno\u201d. Por tanto, como dicta el sentido general del texto, debe decir \u201csociales habr\u00edan sido menores\u201d. \u2014\u2014\u2014&nbsp;<strong>\u201cMorir, covid-19, narcisismo, capitalismo y recortes. Alternativas\u201d<\/strong>&nbsp;(21-7-2020) \u2014&nbsp;<a href=\"https:\/\/kaosenlared.net\/morir-covid-19-narcisismo-capitalismo-y-recortes-alternativas\/\">https:\/\/kaosenlared.net\/morir-covid-19-narcisismo-capitalismo-y-recortes-alternativas\/<\/a>&nbsp;\u2014\u2014\u2014\u2014- \u201c<strong>Recortes salvajes en la d\u00e9cada 2020. \u00bfQu\u00e9 hacer?\u201d<\/strong>&nbsp;(10-7-2020)&nbsp;<a href=\"https:\/\/kaosenlared.net\/recortes-salvajes-en-la-decada-2020-que-hacer\/\">https:\/\/kaosenlared.net\/recortes-salvajes-en-la-decada-2020-que-hacer\/<\/a>&nbsp;Previsiones del Banco de Espa\u00f1a de deuda p\u00fablica para el 2030, y los objetivos de los acuerdos europeos (TSCG y PEC) y de la ley espa\u00f1ola (LOEPSF) que, para reducirla, llevar\u00e1n a una ofensiva de recortes salvajes para esta d\u00e9cada. La estrategia para enfrentarlos con \u00e9xito \u2014\u2014\u2014\u2014\u2013&nbsp;<strong>\u00ab\u201cPor un futuro brillante\u201d de Paul Mason. Sin capitalismo\u00bb&nbsp;<\/strong>(15-3-2020) \u2013rese\u00f1a y comentario cr\u00edtico del libro ofreciendo materiales para avanzar \u2014&nbsp;<a href=\"https:\/\/kaosenlared.net\/por-un-futuro-brillante-de-paul-mason-sin-capitalismo\/\">https:\/\/kaosenlared.net\/por-un-futuro-brillante-de-paul-mason-sin-capitalismo\/<\/a>&nbsp;Lo copian en&nbsp;<a href=\"http:\/\/otrasvoceseneducacion.org\/archivos\/352488\">http:\/\/otrasvoceseneducacion.org\/archivos\/352488<\/a>&nbsp;(pone libro pdf en el titulo, cuando no es as\u00ed) \u2014\u2014\u2014\u2014\u2014\u2013&nbsp;<strong>\u201cCrisis triple \u00bfDerrota total y destrucci\u00f3n en este siglo?\u201d<\/strong>&nbsp;(18-2-2020) \u2014 largo documento sobre la crisis de civilizaci\u00f3n, del sujeto revolucionario y de la teor\u00eda revolucionaria, y prospectiva del curso hist\u00f3rico \u2014&nbsp;<a href=\"https:\/\/kaosenlared.net\/crisis-triple-derrota-total-y-destruccion-en-este-siglo\/\">https:\/\/kaosenlared.net\/crisis-triple-derrota-total-y-destruccion-en-este-siglo\/<\/a>&nbsp;\u2014\u2014\u2014\u2014\u2014-&nbsp;<strong>\u201cHorizonte 2050, superando el capitalismo o condenados\u201d<\/strong>&nbsp;(20-12-2019) \u2013 estudio de la cuesti\u00f3n del colapso de esta civilizaci\u00f3n, y propuesta mundial de un eslogan-marco para la confluencia de las luchas y la elaboraci\u00f3n pol\u00edtica, sucesor del de \u201cOtro mundo es posible\u201d \u2014 \u2014&nbsp;<a href=\"https:\/\/kaosenlared.net\/horizonte-2050-superando-el-capitalismo-o-condenados\/\">https:\/\/kaosenlared.net\/horizonte-2050-superando-el-capitalismo-o-condenados\/<\/a>&nbsp;\u2014\u2014\u2014\u2013&nbsp;<strong>\u201cCapitalismo: modo de vida decadente. Notas sobre estrategia y t\u00e1ctica\u201d<\/strong>&nbsp;(20-10-2016) \u2013&nbsp;<strong>Libro<\/strong><strong>,<\/strong>&nbsp;archivo&nbsp;<strong>PDF<\/strong>&nbsp;de&nbsp;<strong>200 p\u00e1gina<\/strong>s \u2014&nbsp;<a href=\"http:\/\/kaosenlared.net\/capitalismo-modo-de-vida-decadente-notas-sobre-estrategia-y-tactica\/\">http:\/\/kaosenlared.net\/capitalismo-modo-de-vida-decadente-notas-sobre-estrategia-y-tactica\/<\/a>&nbsp;\u2014- Para descargar directamente el archivo pdf \u2014&nbsp;<a href=\"http:\/\/kaosenlared.net\/wp-content\/uploads\/2016\/10\/Decad-capit-estra-tact-EN-PDF1.pdf\">http:\/\/kaosenlared.net\/wp-content\/uploads\/2016\/10\/Decad-capit-estra-tact-EN-PDF1.pdf<\/a><\/p>\n\n\n\n<p>De otros, los libros:&nbsp;<em><strong>\u201cCr\u00edtica a los Programas de M\u00ednima y M\u00e1xima. Sobre la problem\u00e1tica del programa revolucionario\u201d<\/strong><\/em>&nbsp;Ra\u00fal Novello y An\u00edbal Prado&nbsp;<a href=\"https:\/\/drive.google.com\/file\/d\/0BydHI1oNjF0kS21yVndZdmVndkE\/view\">https:\/\/drive.google.com\/file\/d\/0BydHI1oNjF0kS21yVndZdmVndkE\/view<\/a>&nbsp;\u2014\u2014\u2014 \u201c<em><strong>Critica al Programa de Transicion de Leon Trotsky<\/strong><\/em>\u201d Ra\u00fal Novello y Pandy Su\u00e1rez\u201d&nbsp;<a href=\"http:\/\/www.rebelion.org\/docs\/203943.pdf\">http:\/\/www.rebelion.org\/docs\/203943.pdf<\/a>&nbsp;\u2014 y&nbsp;<a href=\"https:\/\/es.communia.blog\/files\/2018\/05\/critica-programa-de-transicion.pdf\">https:\/\/es.communia.blog\/files\/2018\/05\/critica-programa-de-transicion.pdf<\/a>&nbsp;. Publicaron cuatro n\u00fameros de una revista, desaparecida (una pena), pero se puede acceder al n\u00famero 1 \u201c<em>Revista Teor\u00eda y Praxis, a\u00f1o 1 n\u00ba 1 septiembre de 2015\u201d<\/em>&nbsp;\u2014&nbsp;<a href=\"https:\/\/www.academia.edu\/16511767\/Revista_Teoria_y_Praxis_N1\">https:\/\/www.academia.edu\/16511767\/Revista_Teoria_y_Praxis_N1<\/a>&nbsp;, se puede leer en pantalla.<\/p>\n\n\n\n<p><strong>NOTA 2<\/strong>.- En el peri\u00f3dico&nbsp;<em><strong>El Pa\u00eds<\/strong><\/em>, del domingo 16-8-2020, suplemento&nbsp;<em>Ideas<\/em>, los siguientes art\u00edculos: \u201c<em>La revoluci\u00f3n del neurocapitalismo<\/em>\u201d de&nbsp;Rafael Yuste, espa\u00f1ol, neurobi\u00f3logo, trabaja en la Universidad de Columbia de Nueva York y en el Donostia International Physics Center de San Sebasti\u00e1n, e impulsor inicial del proyecto BRAIN y miembro de su Consejo Asesor (al menos durante un tiempo). Registr\u00e1ndose puede leerse con el t\u00edtulo de&nbsp;<strong>\u201cLa neurotecnolog\u00eda ya lee cerebros: protejamos nuestros pensamientos\u201d<\/strong>; \u201c<em>Interfaces cerebro-m\u00e1quina que ya est\u00e1n aqu\u00ed<\/em>\u201d de&nbsp;Clara Baselga-Garriga, bi\u00f3loga molecular que trabaja en el NeuroRights Initiative de la Universidad de Columbia de Nueva York. Registr\u00e1ndose puede leerse con el t\u00edtulo&nbsp;<strong>\u201cEl \u2018iphone cerebral\u2019 est\u00e1 en marcha\u201d<\/strong>.<\/p>\n\n\n\n<p>Leed el art\u00edculo en&nbsp;<em>El Pa\u00eds<\/em>, dedicado a Yuste:&nbsp;<strong>\u201c<\/strong><em><strong>Por qu\u00e9 hay que prohibir que nos manipulen el cerebro antes de que sea posible<\/strong><\/em>. El cient\u00edfico Rafael Yuste, impulsor de la mayor iniciativa para conocer el cerebro, reclama a los Gobiernos la creaci\u00f3n de nuevas leyes frente a los riesgos de la neurotecnolog\u00eda\u201d (13-2-2020) (no pongo el enlace porque creo que sigue estando prohibido, basta con que copi\u00e9is el t\u00edtulo y lo pegu\u00e9is en el buscador del navegador).<\/p>\n\n\n\n<p>Sobre el \u201cpolvo neuronal\u201d o \u201cpolvo neural\u201d o \u201cpolvo inteligente\u201d o&nbsp;<em>neural dust<\/em>&nbsp;o&nbsp;<em>Smartdust<\/em>, adem\u00e1s del art\u00edculo de Baselga, bastar preguntar en internet para obtener resultados. Por ejemplo:&nbsp;<em>\u201cSensores neuronales inal\u00e1mbricos diminutos\u201d<\/em>&nbsp;<a href=\"https:\/\/www.thenewnow.es\/tecnologia\/sensores-neuronales-inalambricos\/\">https:\/\/www.thenewnow.es\/tecnologia\/sensores-neuronales-inalambricos\/<\/a>&nbsp;.&nbsp;<em>\u201cEstos sensores de polvo neuronal del tama\u00f1o de un grano de arena podr\u00edan monitorear tu cerebro\u201d<\/em>&nbsp;<a href=\"https:\/\/improva.es\/technology\/estos-sensores-de-polvo-neuronal-del-tamano-de-un-grano-de-arena-podrian-monitorear-tu-cerebro\/\">https:\/\/improva.es\/technology\/estos-sensores-de-polvo-neuronal-del-tamano-de-un-grano-de-arena-podrian-monitorear-tu-cerebro\/<\/a>&nbsp;. \u201c<em>Biosensores de nanotecnolog\u00eda y polvo neuronal<\/em>\u201d&nbsp;<a href=\"https:\/\/www.akashicos.org\/post\/biosensores-de-nanotecnolog%C3%ADa-y-polvo-neuronal\">https:\/\/www.akashicos.org\/post\/biosensores-de-nanotecnolog%C3%ADa-y-polvo-neuronal<\/a>&nbsp;. \u201cNeuropr\u00f3tesis&nbsp;<em>\u00bfTe implantar\u00edas un chip en el cerebro?<\/em>\u201d&nbsp;<a href=\"https:\/\/www.publico.es\/ciencias\/neuroprotesis-implantarias-chip-cerebro.html\">https:\/\/www.publico.es\/ciencias\/neuroprotesis-implantarias-chip-cerebro.html<\/a>&nbsp;con un proyecto \u201cinocente\u201d financiado por DARPA (la agencia de investigaci\u00f3n tecnol\u00f3gica, del Pent\u00e1gono, militar).<\/p>\n\n\n\n<p>En la Wikipedia, pero teniendo en cuenta s\u00f3lo las aplicaciones positivas, de tipo m\u00e9dico&nbsp;<a href=\"https:\/\/en.wikipedia.org\/wiki\/Neural_dust\">https:\/\/en.wikipedia.org\/wiki\/Neural_dust<\/a>&nbsp;No parece l\u00f3gico que esa tecnolog\u00eda sea el objetivo de la generosa financiaci\u00f3n por el Ej\u00e9rcito en lugar de por los organismos dedicados a la salud p\u00fablica, si su inter\u00e9s principal fuese destinarla a fines m\u00e9dicos.<\/p>\n\n\n\n<p>Sobre la interfaz cerebro-computadora (ICC), una introducci\u00f3n en&nbsp;<a href=\"https:\/\/es.wikipedia.org\/wiki\/Interfaz_cerebro-computadora\">https:\/\/es.wikipedia.org\/wiki\/Interfaz_cerebro-computadora<\/a>&nbsp;; otro&nbsp;<a href=\"https:\/\/sinapticas.com\/2018\/12\/10\/interfaz-cerebro-computadora-la-nueva-tecnologia-en-aumento\/\">https:\/\/sinapticas.com\/2018\/12\/10\/interfaz-cerebro-computadora-la-nueva-tecnologia-en-aumento\/<\/a><\/p>\n\n\n\n<p>Audios de&nbsp;Rafael Yuste en ivoox&nbsp;<a href=\"https:\/\/www.ivoox.com\/Rafael%20Yuste_sb_f_1.html\">https:\/\/www.ivoox.com\/Rafael%20Yuste_sb_f_1.html<\/a>&nbsp;; en concreto&nbsp;<a href=\"https:\/\/www.ivoox.com\/inteligencia-artificial-neuroderechos-audios-mp3_rf_33045199_1.html\">https:\/\/www.ivoox.com\/inteligencia-artificial-neuroderechos-audios-mp3_rf_33045199_1.html<\/a>&nbsp;\u2014\u2014\u2014-&nbsp;<a href=\"https:\/\/www.ivoox.com\/los-neuroderechos-deben-incluirse-declaracion-universal-audios-mp3_rf_41661159_1.html\">https:\/\/www.ivoox.com\/los-neuroderechos-deben-incluirse-declaracion-universal-audios-mp3_rf_41661159_1.html<\/a><\/p>\n\n\n\n<p>En Youtube hay muchos videos de charlas y entrevistas a Rafael Yuste. Uno muy relacionado con el tema de este art\u00edculo&nbsp;<strong>Rafael Yuste \u2013 Neuroderechos y la privacidad mental \u2013 Congreso Futuro 2019&nbsp;<\/strong><a href=\"https:\/\/www.youtube.com\/watch?v=yeJOLmjILG8\">https:\/\/www.youtube.com\/watch?v=yeJOLmjILG8<\/a>&nbsp;. La misma charla en&nbsp;<strong>CF201938 \u2013 Charlas del Futuro \u2013 Rafael Yuste<\/strong>&nbsp;<a href=\"https:\/\/vimeo.com\/383574014\">https:\/\/vimeo.com\/383574014<\/a><\/p>\n\n\n\n<p>Los \u201cneuroderechos\u201d que reclama Yuste dan la idea de lo que est\u00e1 en peligro y quiere proteger. En el art\u00edculo de&nbsp;<em>El Pa\u00eds<\/em>&nbsp;\u201c<em><strong>Por qu\u00e9 hay que prohibir que nos manipulen el cerebro antes de que sea posible<\/strong><\/em>.\u201d 13-2-2020, se incluyen los cinco \u201cneuroderechos\u201d, con una versi\u00f3n comentada de la fuente en ingl\u00e9s&nbsp;<a href=\"https:\/\/neurorights-initiative.site.drupaldisttest.cc.columbia.edu\/sites\/default\/files\/content\/The%20Five%20Ethical%20NeuroRights%20updated%20pdf_0.pdf\">https:\/\/neurorights-initiative.site.drupaldisttest.cc.columbia.edu\/sites\/default\/files\/content\/The%20Five%20Ethical%20NeuroRights%20updated%20pdf_0.pdf<\/a>&nbsp;) . La versi\u00f3n directa en espa\u00f1ol del documento de&nbsp;<em><strong>NeuroRights Initiative<\/strong><\/em>&nbsp;(<a href=\"https:\/\/nri.ntc.columbia.edu\/\">https:\/\/nri.ntc.columbia.edu\/<\/a>&nbsp;\u2014-&nbsp;<a href=\"https:\/\/nri.ntc.columbia.edu\/content\/spanish-webpage\">https:\/\/nri.ntc.columbia.edu\/content\/spanish-webpage<\/a>&nbsp;\u2014-&nbsp;<a href=\"https:\/\/nri.ntc.columbia.edu\/sites\/default\/files\/content\/The%20Five%20Ethical%20NeuroRights%20-%20Spanish%20version.pdf\">https:\/\/nri.ntc.columbia.edu\/sites\/default\/files\/content\/The%20Five%20Ethical%20NeuroRights%20-%20Spanish%20version.pdf<\/a>&nbsp;. La reproduzco a continuaci\u00f3n:<\/p>\n\n\n\n<p>\u201c<strong>Los Cinco Neuro Derechos<\/strong>: El&nbsp;<strong>Derecho a la Identidad Personal<\/strong>: Deben desarrollarse l\u00edmites para prohibir que la tecnolog\u00eda altere el concepto de uno mismo. Al conectar el cerebro de individuos a computadoras, la Neurotecnolog\u00eda podr\u00eda borrar la l\u00ednea entre la conciencia de una persona y las entradas tecnol\u00f3gicas externas. \u2014 El&nbsp;<strong>Derecho al Libre Albedr\u00edo<\/strong>: Las personas deben poder tomar y tener control sobre sus propias decisiones, sin la manipulaci\u00f3n de neurotecnolog\u00edas externas desconocidas. \u2014\u2013 El&nbsp;<strong>Derecho a la Privacidad Mental<\/strong>: Todos los datos obtenidos tras medir la actividad neuronal (\u00abNeuroDatos\u00bb) deben mantenerse privados. Adem\u00e1s, la venta, la transferencia comercial y el uso de datos neuronales deben estar estrictamente regulados. \u2014\u2014- El&nbsp;<strong>Derecho al Acceso Equitativo a la Aumento Cerebral<\/strong>: Deben establecerse pautas que regulen el desarrollo y las aplicaciones de las neurotecnolog\u00edas de aumento mental a nivel internacional y nacional. Estas directrices deber\u00e1n basarse en el principio de justicia y garantizar la igualdad de acceso a todos los ciudadanos. \u2014\u2014 El&nbsp;<strong>Derecho a la Protecci\u00f3n Contra Sesgos<\/strong>: Las contramedidas para combatir el sesgo deber\u00e1n ser establecidas de manera est\u00e1ndar en el aprendizaje autom\u00e1tico. El dise\u00f1o del algoritmo debe incluir la entrada de distintos grupos de usuarios para abordar el sesgo de manera total.\u201d<\/p>\n\n\n\n<p>Aunque no trate expresamente la cuesti\u00f3n de las neurotecnolog\u00edas, se le puede aplicar lo que dice este interesante art\u00edculo de&nbsp;<em>El Pa\u00eds<\/em>&nbsp;(31-7-2019) de Javier Salas&nbsp;<strong>\u201cLos intereses comerciales marcan el futuro de la inteligencia artificial.&nbsp;<\/strong>Las grandes tecnol\u00f3gicas definen el desarrollo de este campo cient\u00edfico decisivo al acaparar a los mejores expertos y elegir qui\u00e9n tiene acceso a sus recursos.\u201d<\/p>\n\n\n\n<p>V\u00e9ase este art\u00edculo \u201c<em>La Neurociencia entra en su siguiente nivel: llega el Neurocapitalismo. Y s\u00ed, entra\u00f1a sus (grandes) riesgos<\/em>\u201d&nbsp;<a href=\"https:\/\/www.elblogsalmon.com\/economia\/neurociencia-entra-su-siguiente-nivel-llega-neurocapitalismo-entrana-sus-grandes-riesgos\">https:\/\/www.elblogsalmon.com\/economia\/neurociencia-entra-su-siguiente-nivel-llega-neurocapitalismo-entrana-sus-grandes-riesgos<\/a>&nbsp;. Tambi\u00e9n \u00e9ste, de una fuente nada sospechosa de promover el radicalismo (la&nbsp;<em>Comunidad del conocimiento<\/em>&nbsp;del banco BBVA):&nbsp;<em>\u201c\u00bfEstamos preparados para la llegada del \u2018neurocapitalismo\u2019?\u201d<\/em>&nbsp;<a href=\"https:\/\/www.bbvaopenmind.com\/tecnologia\/innovacion\/estamos-preparados-llegada-del-neurocapitalismo\/\">https:\/\/www.bbvaopenmind.com\/tecnologia\/innovacion\/estamos-preparados-llegada-del-neurocapitalismo\/<\/a><\/p>\n\n\n\n<p><strong>NOTA 3<\/strong>.- V\u00e9ase para un estudio a fondo, mi texto&nbsp;<strong>\u00ab\u201cLa sociedad aut\u00f3faga\u201d de Jappe. Capitalismo y narcisismo\u00bb&nbsp;<\/strong>(6-2-2020) \u2013 una presentaci\u00f3n y comentario extenso del libro de Anselm Jappe, destacado miembro de la corriente llamada de la \u201ccritica del valor\u201d (<em>wertkritik<\/em>&nbsp;en alem\u00e1n), aportando importantes recursos para ampliar y profundizar en su conocimiento \u2013&nbsp;<a href=\"https:\/\/kaosenlared.net\/la-sociedad-autofaga-de-jappe-capitalismo-y-narcisismo\/\">https:\/\/kaosenlared.net\/la-sociedad-autofaga-de-jappe-capitalismo-y-narcisismo\/<\/a>&nbsp;\u2014 Lo copian en&nbsp;<a href=\"https:\/\/www.asociaciongerminal.org\/?p=2779\">https:\/\/www.asociaciongerminal.org\/?p=2779<\/a><\/p>\n\n\n\n<p><strong>NOTA 4<\/strong>.- Cuando sueltan los discursos sobre el respeto a nuestros derechos, es como para echarse a re\u00edr al conocer casos escandalosos como el sufrido por el Vicepresidente segundo y la Ministra de Igualdad del Gobierno de Espa\u00f1a (Pablo Iglesias Turri\u00f3n e Irene Montero Gil, c\u00f3nyuges, representando ambos a la coalici\u00f3n electoral de izquierdas&nbsp;<em>Unidas Podemos<\/em>&nbsp;en el gobierno de coalici\u00f3n con el PSOE) e hijos que,&nbsp;durante cuatro meses, siguen sometidos al acoso e intimidaci\u00f3n, y delitos de odio (en su domicilio y en sus vacaciones en un pueblecito), por parte de miembros de de partido parlamentario Vox, falangistas y ultraderecha en general. El Estado, tan \u201cdiligente y contundente\u201d en ocasi\u00f3n de protestas leg\u00edtimas, mediante identificaciones, multas, detenciones, gaseamiento, pelotas de goma, p\u00e9rdida de un ojo y hasta de la vida, largas prisiones preventivas y condenas injustas, se vuelve extra\u00f1amente impotente ante la actuaci\u00f3n m\u00e1s simple de la ultraderecha, desamparando incluso a \u00a1miembros de su gobierno!. \u00bfQu\u00e9 hace el resto del gobierno, en particular el Presidente y el Ministro del Interior, del PSOE, y la fiscal\u00eda, y los jueces y su jerarqu\u00eda?. Siendo as\u00ed para ellos \u00bfcu\u00e1nta protecci\u00f3n podr\u00edamos esperar los ciudadanos \u201cde a pi\u00e9\u201d?. Algo semejante habr\u00eda sido impensable si los acosadores fuesen de izquierdas, y el acosado un ministro del PP. De esta manera, el resultado no puede ser sino que la ultraderecha se envalentone y aumente su influencia en las polic\u00edas, ej\u00e9rcito, jueces\u2026 instituciones que, en parte, se han heredado del franquismo (v\u00e9ase sobre la relaci\u00f3n entre el Estado burgu\u00e9s y el fascismo, en la nota 7). Y lo digo yo, que siempre he sido muy cr\u00edtica con&nbsp;<em>Podemos<\/em>&nbsp;e&nbsp;<em>Izquierda Unida<\/em>, pues los considero un obst\u00e1culo a nuestro avance, la fracci\u00f3n pol\u00edtica de izquierda del aparato de Estado burgu\u00e9s y del capitalismo (a lo sumo aspirantes al Capitalismo de Estado o, m\u00e1s modestamente, al neokeynesianismo), incapaz de detener el avance del fascismo por no ir a la ra\u00edz (el capitalismo y su Estado burgu\u00e9s), pero en este caso no puedo sino denunciar el acoso que sufren.<\/p>\n\n\n\n<p><strong>NOTA 5<\/strong>.-&nbsp;<strong>\u201cConsciente o no, la inteligencia artificial es y ser\u00e1 una amenaza\u201d<\/strong>&nbsp;(12-2-2020) \u2014 m\u00e1s pruebas al respecto, de fuentes con prestigio&nbsp;<a href=\"https:\/\/kaosenlared.net\/consciente-o-no-la-inteligencia-artificial-es-y-sera-una-amenaza\/\">https:\/\/kaosenlared.net\/consciente-o-no-la-inteligencia-artificial-es-y-sera-una-amenaza\/<\/a>&nbsp;\u2014\u2013 Lo copian en&nbsp;<a href=\"http:\/\/apia-virtual.com\/2020\/02\/27\/consciente-o-no-la-inteligencia-artificial-es-y-sera-una-amenaza\/\">http:\/\/apia-virtual.com\/2020\/02\/27\/consciente-o-no-la-inteligencia-artificial-es-y-sera-una-amenaza\/<\/a>&nbsp;\u2014-&nbsp;Tambi\u00e9n en&nbsp;<a href=\"https:\/\/www.asociaciongerminal.org\/?p=2779\">https:\/\/www.asociaciongerminal.org\/?p=2779<\/a>&nbsp;\u2014- Tambi\u00e9n&nbsp;<a href=\"https:\/\/plataformadistritocero.blogspot.com\/2020\/02\/consciente-o-no-la-inteligencia.html\">https:\/\/plataformadistritocero.blogspot.com\/2020\/02\/consciente-o-no-la-inteligencia.html<\/a>&nbsp;\u2014 Tambi\u00e9n&nbsp;<a href=\"https:\/\/contralapropagandamediatica.wordpress.com\/2020\/02\/12\/consciente-o-no-la-inteligencia-artificial-es-y-sera-una-amenaza\/\">https:\/\/contralapropagandamediatica.wordpress.com\/2020\/02\/12\/consciente-o-no-la-inteligencia-artificial-es-y-sera-una-amenaza\/<\/a>&nbsp;\u2014\u2014\u2014\u2014&nbsp;<strong>\u201cVigilancia masiva y castigo. China 2020 \u00bfnuestro futuro?\u201d<\/strong>&nbsp;(6-12-2019) \u2014&nbsp;<a href=\"https:\/\/kaosenlared.net\/vigilancia-masiva-y-castigo-china-2020-nuestro-futuro\/\">https:\/\/kaosenlared.net\/vigilancia-masiva-y-castigo-china-2020-nuestro-futuro\/<\/a>&nbsp;\u2014\u2014\u2014-&nbsp;<strong>\u00ab\u201c\u00c9tica para m\u00e1quinas\u201d de Latorre. La I.A. psic\u00f3pata. Llamamiento\u00bb<\/strong>&nbsp;(19-11-2019) \u2014 un extenso estudio sobre el peligro para la Humanidad de la Inteligencia Artificial General y una orientaci\u00f3n pol\u00edtica contra ella&nbsp;<a href=\"https:\/\/kaosenlared.net\/etica-para-maquinas-de-latorre-la-i-a-psicopata-llamamiento\/\">https:\/\/kaosenlared.net\/etica-para-maquinas-de-latorre-la-i-a-psicopata-llamamiento\/<\/a>&nbsp;\u2014 Copiado en&nbsp;<a href=\"https:\/\/elcamidelavida.blogspot.com\/2019\/11\/para-ser-derrotados-no-hace-falta-ser.html\">https:\/\/elcamidelavida.blogspot.com\/2019\/11\/para-ser-derrotados-no-hace-falta-ser.html<\/a>&nbsp;aunque no respeta el t\u00edtulo completo.<\/p>\n\n\n\n<p><strong>NOTA 6<\/strong>.- Mi art\u00edculos&nbsp;<strong>\u201cEstado democr\u00e1tico-burgu\u00e9s, Ej\u00e9rcito, CIA y ciencia monstruosa (I)\u201d<\/strong>&nbsp;(3-6-2016) \u2014&nbsp;<a href=\"http:\/\/kaosenlared.net\/estado-democratico-burgues-ejercito-cia-y-ciencia-monstruosa-i\/\">http:\/\/kaosenlared.net\/estado-democratico-burgues-ejercito-cia-y-ciencia-monstruosa-i\/<\/a>&nbsp;y&nbsp;<strong>\u201cEstado democr\u00e1tico-burgu\u00e9s, Ej\u00e9rcito, CIA y ciencia monstruosa (II)\u201d&nbsp;<\/strong>(17-6-2016) \u2014&nbsp;<a href=\"http:\/\/kaosenlared.net\/estado-democratico-burgues-ejercito-cia-y-ciencia-monstruosa-ii\/\">http:\/\/kaosenlared.net\/estado-democratico-burgues-ejercito-cia-y-ciencia-monstruosa-ii\/<\/a><\/p>\n\n\n\n<p><strong>NOTA 7<\/strong>.-&nbsp;<strong>\u00ab\u201cAntifa. El manual antifascista\u201d de Mark Bray: Propuesta y recursos\u00bb<\/strong>&nbsp;(10-6-2020) rese\u00f1a del libro de Bray, y mi propuesta de diez ejes para una estrategia y t\u00e1ctica integral por un antifascismo anticapitalista y antipatriarcal, y recursos para ampliar conocimientos. Por eso, en lugar de los dos puntos (:) debiera haber s\u00f3lo un punto (.) \u2014&nbsp;<a href=\"https:\/\/kaosenlared.net\/antifa-el-manual-antifascista-de-mark-bray-propuesta-y-recursos\/\">https:\/\/kaosenlared.net\/antifa-el-manual-antifascista-de-mark-bray-propuesta-y-recursos\/<\/a>&nbsp;El mismo d\u00eda lo copi\u00f3 la web de Germinal Asociaci\u00f3n Cultural \u2013 Elkarte Kulturala,&nbsp;<a href=\"https:\/\/www.asociaciongerminal.org\/?p=3711\">https:\/\/www.asociaciongerminal.org\/?p=3711<\/a>&nbsp;Se puede convertir en pdf yendo al final del art\u00edculo. Tambi\u00e9n en&nbsp;<a href=\"https:\/\/contralapropagandamediatica.wordpress.com\/2020\/06\/10\/antifa-el-manual-antifascista-de-mark-bray-propuesta-y-recursos\/\">https:\/\/contralapropagandamediatica.wordpress.com\/2020\/06\/10\/antifa-el-manual-antifascista-de-mark-bray-propuesta-y-recursos\/<\/a>&nbsp;. \u2014- Para una cr\u00edtica marxista de la naturaleza del Estado, del burgu\u00e9s, incluso del m\u00e1s democr\u00e1tico y \u201canti-fascista\u201d, imprescindible&nbsp;<strong>V. I. Lenin<\/strong>&nbsp;\u201c<strong>El Estado y la revoluci\u00f3n<\/strong>.&nbsp;<em>La teor\u00eda marxista del estado y las tareas de proletariado en la revoluci\u00f3n<\/em>\u201d&nbsp;<a href=\"https:\/\/www.marxists.org\/espanol\/lenin\/obras\/1910s\/estyrev\/\">https:\/\/www.marxists.org\/espanol\/lenin\/obras\/1910s\/estyrev\/<\/a>&nbsp;.&nbsp;<strong>Friedrich Engels<\/strong>&nbsp;\u201c<strong>El origen de la familia, la propiedad privada y el Estado<\/strong>\u201d&nbsp;<a href=\"https:\/\/www.marxists.org\/espanol\/m-e\/1880s\/origen\/index.htm\">https:\/\/www.marxists.org\/espanol\/m-e\/1880s\/origen\/index.htm<\/a><\/p>\n\n\n\n<p><strong>NOTA 8<\/strong>.- En 1850, cuando ya se hab\u00eda agotado en Europa el impulso revolucionario democr\u00e1tico-radical con participaci\u00f3n de la clase trabajadora, de&nbsp;<strong>1848<\/strong>, y todav\u00eda le quedaba medio siglo al capitalismo para desplegar su espectacular \u00e9poca ascendente (hasta la Primera Guerra Mundial), necesaria para el crecimiento y la maduraci\u00f3n de la clase trabajadora, para que estuviese en condiciones objetivas de hacerse cargo de la sociedad hasta su propia autodisoluci\u00f3n como clase social, y madurase tambi\u00e9n, a trav\u00e9s de las luchas, en t\u00e9rminos revolucionarios, Karl Marx dijo lo siguiente, criticando a quienes, como Willich y Schapper,&nbsp;no ten\u00edan en cuenta la necesidad de la maduraci\u00f3n de las condiciones objetivas y subjetivas, y la debida relaci\u00f3n entre ambas:<\/p>\n\n\n\n<p>\u00ab<em>Durante el \u00faltimo debate sobre la cuesti\u00f3n \u2018\u2018de la posici\u00f3n del proletariado alem\u00e1n en la pr\u00f3xima revoluci\u00f3n\u2019\u2019, hubo miembros de la minor\u00eda del Consejo Central que expresaron puntos de vista que est\u00e1n en contradicci\u00f3n directa con la pen\u00faltima circular, incluso con el Manifiesto&nbsp;<\/em>[se refiere al famoso Manifiesto Comunista]<em>. Han sustituido la idea internacional del Manifiesto por una idea nacional y alemana, halagando el sentimiento nacional del artesano alem\u00e1n. En lugar del concepto materialista del Manifiesto, lo que tienen es un concepto idealista: en lugar de la situaci\u00f3n real, es la voluntad la que se convierte en fuerza motriz de la revoluci\u00f3n. Mientras que nosotros les decimos a los obreros: habr\u00e9is de atravesar quince, veinte, cincuenta a\u00f1os de guerras civiles para cambiar las condiciones existentes y haceros aptos para la dominaci\u00f3n social, ellos dicen, al contrario, debemos llegar ya al poder, o, si no, \u00a1podemos ir a dormir! Al igual que los dem\u00f3cratas utilizan la palabra \u2018pueblo\u2019, ellos usan la palabra \u2018proletariado\u2019, como mero vocablo. Para realizar ese vocablo, habr\u00eda que proclamar proletarios a todos los peque\u00f1os burgueses, o sea representar a la peque\u00f1a burgues\u00eda y no al proletariado. En lugar del desarrollo hist\u00f3rico real, bastar\u00eda con poner el vocablo \u2018revoluci\u00f3n<\/em>\u2018 \u00bb (Intervenci\u00f3n de Marx en la reuni\u00f3n del Consejo Central de la Liga Comunista, del 15 de septiembre de 1850, celebrado en Londres). Con una ligera variante y resumido, en&nbsp;Hal Draper&nbsp;\u201c<em>Las dos almas del socialismo<\/em>\u201d&nbsp;<a href=\"https:\/\/www.marxists.org\/espanol\/draper\/1960.htm\">https:\/\/www.marxists.org\/espanol\/draper\/1960.htm<\/a>&nbsp;, tambi\u00e9n y como pdf en&nbsp;<a href=\"http:\/\/abertzalekomunista.net\/es\/biblioteca\/internacionales\/draper-hal\/270-las-dos-almas-del-socialismo\">http:\/\/abertzalekomunista.net\/es\/biblioteca\/internacionales\/draper-hal\/270-las-dos-almas-del-socialismo<\/a>&nbsp;, tambi\u00e9n en&nbsp;<a href=\"https:\/\/omegalfa.es\/\">https:\/\/omegalfa.es<\/a>&nbsp;buscar por el autor o el t\u00edtulo.<\/p>\n\n\n\n<p>En 1850 Marx estaba pensando no s\u00f3lo en la revoluci\u00f3n proletaria, sino en las previas revoluciones burguesas que todav\u00eda no hab\u00edan culminado. Pensemos por ejemplo en el imperio ruso, vigente el r\u00e9gimen de servidumbre y el poder de la aristocracia y el zarismo; el Este europeo y la influencia otomana; Alemania e Italia pendientes de su unificaci\u00f3n; Espa\u00f1a y Portugal muy atrasados en todos los sentidos -hasta 1848 no se inauguro el primer ferrocarril en la Pen\u00ednsula-; el esclavismo en los Estados Unidos\u2026 Por las cantidades que menciona, quiz\u00e1s Marx pensase que cincuenta a\u00f1os (inicio del siglo XX) tal vez ser\u00edan suficientes para que el proletariado pudiese imponer su poder. Por supuesto que, en 1850, ni Marx ni Engels (se har\u00eda m\u00e1s conocedor de las cuestiones militares de su tiempo), pod\u00edan ni so\u00f1ar ni en la aviaci\u00f3n, ni en los misiles nucleares intercontinentales, ni en la capacidad destructiva que alcanzar\u00eda la guerra en el capitalismo, la guerra total industrializada y mecanizada, teniendo por principales v\u00edctimas o rehenes a la poblaci\u00f3n civil no combatiente, por cientos de miles, millones, cientos de millones y que, por tanto, cuando dijo esas palabras, pod\u00eda pensar en guerras como las conocidas hasta entonces (batallas que todav\u00eda recordaban el estilo napole\u00f3nico, o la lucha en las barricadas\u2026), pero no que los trabajadores\/as asalariados, much\u00edsimo m\u00e1s numerosos e importantes en la sociedad de lo que lo eran en 1850, tuviesen que sufrir \u201cel infierno en la Tierra\u201d para \u201cespabilar\u201d, y creo que les resultar\u00eda imposible imaginar que la clase trabajadora hubiese pasado por todo el siglo XX hasta hoy, sin acabar con el capitalismo, cuando esperaban la llegada del socialismo en su tiempo o no mucho despu\u00e9s de morir. Con el armamento actual, una generaci\u00f3n no sobrevivir\u00eda a todos esos a\u00f1os de guerra, y si los padeciese, eso de ninguna manera garantizar\u00eda que se decidiese por la revoluci\u00f3n en lugar de por la resignaci\u00f3n y el fanatismo (v\u00e9ase el comportamiento durante la Segunda Guerra Mundial en las principales potencias, o en guerras posteriores).<\/p>\n\n\n\n<p>Guerras civiles, guerras internacionales (franco-prusiana de 1871\u2026), dos guerras mundiales, genocidios, una \u201cguerra fr\u00eda\u201d, la amenaza del holocausto nuclear, multitud de guerras localizadas pero terribles (como Vietnam), fascismo-nazismo, dictaduras terror\u00edficas, luchas important\u00edsimas, Mayo del 68, derrumbe del capitalismo de Estado estalinista, crisis econ\u00f3micas (1929, 2008, etc.), pandemias, cambio clim\u00e1tico, ciber-guerra, neurotecnolog\u00edas, y un largu\u00edsimo etc., la mayor descomposici\u00f3n imaginable del capitalismo decadente, el agotamiento de recursos naturales, el colapso de la civilizaci\u00f3n industrial, los mayores sufrimientos humanos, la amenaza inminente de extinci\u00f3n de toda la Humanidad\u2026, nada de eso y ni mucho m\u00e1s (la extinci\u00f3n de toda forma de vida en el Universo o en todos los multi-universos existentes, la desaparici\u00f3n de toda materia, antimateria, energ\u00eda, esp\u00edritu o dios, el riesgo de la Nada absoluta) ser\u00e1&nbsp;suficiente&nbsp;para que los trabajadores\/as se decidan por la revoluci\u00f3n socialista-comunista, por la superaci\u00f3n del capitalismo, y lo lleven hasta su ra\u00edz. Pues aunque una experiencia traum\u00e1tica de esas podr\u00eda ayudar a motivar un movimiento revolucionario (ocurri\u00f3 en Rusia en 1917), la clase trabajadora no es una persona viviendo durante doscientos a\u00f1os, sino un colectivo de millones de individuos con diferentes experiencias vitales y con una duraci\u00f3n de vida much\u00edsimo m\u00e1s limitada; el sufrimiento hist\u00f3rico se fracciona entre generaciones e individuos, no se transmite con toda su intensidad a las siguientes (a veces se prefiere no recordar o se tiene miedo a hablar) y tampoco la experiencia social pol\u00edtica pues puede que ni sea clarificadora (ni siquiera queda en la memoria hist\u00f3rica un balance anticapitalista de las dos guerras mundiales y de los fascismo-nazismo, v\u00e9ase nota 7), y que es muy diferente (comp\u00e1rese la experiencia vital y pol\u00edtica de un trabajador alem\u00e1n de los 20 a los 51 a\u00f1os de edad, entre 1914 y 1945, pill\u00e1ndole revoluciones, crisis econ\u00f3micas de hambre y dos guerras mundiales, y de otro entre 1965 y 1996 con el \u201cmilagro alem\u00e1n\u201d, la ca\u00edda del muro de Berl\u00edn, del \u201ccomunismo\u201d, y la reunificaci\u00f3n alemana; treinta y un a\u00f1os en ambos casos, pero muy diferentes). Lo m\u00e1s importante, no pueden cuestionar el capitalismo hasta la ra\u00edz,&nbsp;si carecen del conocimiento m\u00e1s elemental, b\u00e1sico, esencial para legitimar su lucha hasta el final y saber c\u00f3mo superar todo esto, o sea, la teor\u00eda de la plusval\u00eda, revisada y correcta. Pues no basta con un sentimiento o sospecha de explotaci\u00f3n cuando la \u201cciencia\u201d econ\u00f3mica burguesa lo niega radicalmente, y s\u00f3lo admite alguna injusticia no consubstancial al capitalismo (\u201csiempre habr\u00e1 alguien que haga trampas\u201d\u2026). Sin eso, ni la amenaza ahora de una guerra mundial nos conducir\u00eda a rebelarnos con la revoluci\u00f3n. Y si la asunci\u00f3n de la teor\u00eda de la plusval\u00eda es&nbsp;<em>imprescindible<\/em>, por s\u00ed sola tampoco es&nbsp;<em>suficiente<\/em>&nbsp;para luchar hasta el final y vencer (estrategia y t\u00e1ctica, programa, l\u00ednea pol\u00edtica, organizaci\u00f3n, combatividad, audacia\u2026).<\/p>\n\n\n\n<p>Aunque hayamos podido pasar unos cuantos a\u00f1os \u201cbuenos\u201d (dependiendo de nuestra posici\u00f3n social y del lugar del mundo en el que vivamos), para adquirir la perspectiva necesaria, no s\u00f3lo personal e inmediata, sino hist\u00f3rica, internacional, como especie, y obtener un justo balance de esta civilizaci\u00f3n, debemos mirar hacia su pasado (siglos XIX y XX sobre todo) y tambi\u00e9n hacia su previsible futuro lleno de amenazas en este siglo. Tambi\u00e9n tener en cuenta las consecuencias no s\u00f3lo en nuestra vida y la de nuestros allegados, sino de la Humanidad entera pues, si hace veinte siglos pod\u00eda desaparecer una civilizaci\u00f3n y la inmensa mayor\u00eda del mundo no verse afectada en lo m\u00e1s m\u00ednimo y ni enterarse siquiera (el continente americano estaba aislado\u2026), hoy y en el futuro, con una civilizaci\u00f3n capitalista mundial y globalizada,&nbsp;la suerte de cada persona depender\u00e1 cada vez m\u00e1s de la que corra la especie, en una Humanidad muy interdependiente y compartiendo la misma biosfera.<\/p>\n\n\n\n<p>Nuestro problema real hoy no es el del&nbsp;<em>voluntarismo<\/em>&nbsp;(como el que criticaba Marx en 1850), saltarnos etapas hist\u00f3ricas (capitalismo ascendente) y experiencias de lucha necesarias (revoluciones, contrarrevoluciones, reg\u00edmenes y guerras de todo tipo; de sobra), sino el retraso absoluto de la conciencia anticapitalista y la voluntad revolucionaria con respecto a las condiciones objetivas,&nbsp;la nula existencia de voluntad revolucionaria aunque en ello nos vaya la existencia como especie, pues la historia corre a toda velocidad hacia el abismo y&nbsp;a nosotros se nos ha parado el reloj. S\u00f3lo habr\u00eda voluntarismo si se pretendiese la revoluci\u00f3n en base a la acci\u00f3n de alg\u00fan grupo minoritario (desviaci\u00f3n&nbsp;<em>putschista<\/em>,&nbsp;<em>blanquista<\/em>\u2026), sin comprender que la revoluci\u00f3n que supere del capitalismo debe ser un proceso de autoliberaci\u00f3n consciente, autoorganizado, de las masas trabajadoras y que, por tanto, precisa que sean suyas las aspiraciones revolucionarios, su participaci\u00f3n masiva en la lucha, en la fijaci\u00f3n de los objetivos, y en el ejercicio directo del poder (no delegado en una minor\u00eda que se autonomiza del resto y acaba volvi\u00e9ndose contra \u00e9l), y en esto la asunci\u00f3n de la teor\u00eda de la plusval\u00eda juega un papel clave y elemental. Tras ciento setenta a\u00f1os, es casi como si empez\u00e1semos de cero.<\/p>\n\n\n\n<p>Las condiciones&nbsp;<em>subjetivas<\/em>, aunque est\u00e1n limitadas por las&nbsp;<em>objetivas<\/em>, tienen una importante&nbsp;autonom\u00eda. Por eso no se puede decir que haya una relaci\u00f3n mec\u00e1nica, directa y proporcional entre ambas que nos llevar\u00eda a concluir que el baj\u00edsimo nivel subjetivo actual se deber\u00eda a la poqu\u00edsima madurez de las condiciones objetivas, lo que resulta falso y aberrante.<\/p>\n\n\n\n<p>La maduraci\u00f3n de las condiciones&nbsp;<em>subjetivas<\/em>&nbsp;depende de que lo hagan las&nbsp;<em>objetivas<\/em>&nbsp;(capitalismo decadente, crisis, guerras por nuevos repartos del mundo, pandemias por irresponsabilidad de la burgues\u00eda y sus estados\u2026; pero no son necesarias todas las posibles), pero tambi\u00e9n de una enorme complejidad de factores personales (si Marx no hubiese escrito&nbsp;<em>El Capital<\/em>&nbsp;\u00bfalguien habr\u00eda hecho algo comparable?) y sociales, de la expresi\u00f3n de las contradicciones del sistema en forma de injusticias y padecimientos que se consideren intolerables (no tienen por qu\u00e9 ser los peores necesariamente, muchas veces una simple gota hace rebosar el vaso), del desarrollo por parte de los trabajadores\/as de la lucha econ\u00f3mica, pol\u00edtica, ideol\u00f3gica, de la elaboraci\u00f3n de la teor\u00eda, la estrategia, la t\u00e1ctica, etc. Y un factor fundamental para esto, es la voluntad, la perseverancia, la dedicaci\u00f3n, el sentido de la vida, la entrega a la causa, y con ello tambi\u00e9n, la personalidad de los luchadores\/as.<\/p>\n\n\n\n<p>Que las condiciones&nbsp;<em>objetivas<\/em>&nbsp;hayan madurado de sobra para sustituir el capitalismo por el socialismo-comunismo, no quiere decir que la&nbsp;<em>revoluci\u00f3n<\/em>&nbsp;(un proceso social-pol\u00edtico de la mayor trascendencia) sea posible o aconsejable&nbsp;en cualquier momento, pues hay que valorar muchos factores, como&nbsp;la relaci\u00f3n de fuerzas entre las clases sociales y la fuerza del Estado burgu\u00e9s&nbsp;(no s\u00f3lo a escala nacional, sino internacional), lo que se padece, las ganancias potenciales, los costes, las posibilidades de vencer\u2026 Llegar\u00e1 un momento en que los padecimientos y las amenazas adquieran tal dimensi\u00f3n (la Humanidad quiz\u00e1s se juegue su futuro) y tambi\u00e9n la clase dominante viva una crisis interna (objetivos, unidad, determinaci\u00f3n, capacidad de liderazgo\u2026), que s\u00f3lo quede rebelarse o sucumbir pero pese a ello, como demuestra la historia, para la revoluci\u00f3n no hay&nbsp;garant\u00edas&nbsp;de que suceda, venza y no acabemos sucumbiendo todos.<\/p>\n\n\n\n<p>Reconocer el hecho de que la conciencia se desarrolla&nbsp;ante todo&nbsp;en el proceso de lucha, y la confianza en la participaci\u00f3n consciente de millones de personas en su autoliberaci\u00f3n, no es lo mismo que la confianza en el desarrollo espont\u00e1neo de la conciencia anticapitalista y de los procesos revolucionarios eficaces, sin un esfuerzo especial de elaboraci\u00f3n te\u00f3rica (mucha autonom\u00eda con respecto al resto) y de l\u00ednea pol\u00edtica (muy ligada al proceso de lucha organizada). Esas ilusiones&nbsp;<em>espontane\u00edstas<\/em>, a estas alturas de desorientaci\u00f3n, desmemoria y debilidad, nos llevar\u00edan directamente al suicidio. Lo que el capitalismo genera espont\u00e1neamente en la gente es ante todo el \u201cfetichismo de la mercanc\u00eda\u201d, la competencia (nota 3), el individualismo, la legitimaci\u00f3n necia, la desorientaci\u00f3n\u2026 en que vivimos.<\/p>\n\n\n\n<p><strong>NOTA 9<\/strong>.-&nbsp;<strong>\u201cPlusval\u00eda y ganancia. Revisi\u00f3n urgente de una teor\u00eda necesaria\u201d<\/strong>&nbsp;(9-1-2020) \u2014 un planteamiento nuevo de la teor\u00eda de la plusval\u00eda que adem\u00e1s tiene la ventaja de ser m\u00e1s comprensible para los trabajadores\/as, permite superar el estancamiento en el sindicalismo y el reformismo y luchar mejor contra las concepciones cosificadoras del trabajador\/a especialmente peligrosas en los tiempos de la rob\u00f3tica \u2014 \u2014&nbsp;<a href=\"https:\/\/kaosenlared.net\/plusvalia-y-ganancia-revision-urgente-de-una-teoria-necesaria\/\">https:\/\/kaosenlared.net\/plusvalia-y-ganancia-revision-urgente-de-una-teoria-necesaria\/<\/a>&nbsp;.<\/p>\n\n\n\n<p>Tal como explico en mi texto, hoy el capital no tiene ni siquiera el&nbsp;<em>dominio efectivo<\/em>&nbsp;de la&nbsp;<em>fuerza de trabajo<\/em>&nbsp;(o capacidad de trabajo) que supuestamente comprar\u00eda (seg\u00fan Marx), pues el trabajador\/a se puede plantar en huelga durante la jornada laboral, interrumpiendo la producci\u00f3n (esto es hoy poco frecuente, pero lo fue y mucho en otros tiempos), por eso, lo que en realidad vende el trabajador\/a no es su&nbsp;<em>fuerza de trabajo<\/em>&nbsp;(con su&nbsp;<em>valor de cambio<\/em>, salario equivalente para cubrir el valor de lo que cuesta producirla, y su&nbsp;<em>valor de uso<\/em>, el trabajo efectivo, con un&nbsp;<em>valor superior<\/em>&nbsp;al tiempo de trabajo necesario para producir la fuerza de trabajo utilizada), sino la&nbsp;<em>actividad-mercanc\u00eda<\/em>&nbsp;que es el&nbsp;<em>trabajo<\/em>&nbsp;mismo, en base a un&nbsp;<em>intercambio desigual<\/em>&nbsp;desfavorable para el trabajador\/a, mediante el salario. Para una explicaci\u00f3n detallada, sencilla y bien demostrativa, leed el texto.<\/p>\n\n\n\n<p>Sin embargo, con las neurotecnolog\u00edas podr\u00edamos llegar quiz\u00e1s a la situaci\u00f3n en la que durante la jornada laboral, para tener el pleno&nbsp;<em>dominio<\/em>&nbsp;de la fuerza laboral e impedir la huelga, se pudiese anular ese tipo de pensamientos o la voluntad para ejecutarlos, pero el trabajador\/a no ser\u00eda propiamente un esclavo, sino una persona \u201clibre\u201d pues, terminada su jornada, ese control desaparecer\u00eda y siempre podr\u00eda plantear la posibilidad de una huelga mediante los \u201ccauces legales\u201d (preaviso con tiempo de sobra para que la empresa disminuya al m\u00e1ximo los efectos negativos de la huelga, servicios \u201cm\u00ednimos\u201d, etc.), aunque incluso otras formas de control mental durante su \u201ctiempo libre\u201d podr\u00edan&nbsp;<em>persuadirle<\/em>&nbsp;(mejor que la mera propaganda actual o el miedo al despido y al paro) para que no lo hiciese, eso s\u00ed, muy \u201clibremente\u201d, o en plan m\u00e1s duro, podr\u00eda detectar los pensamientos \u201csubversivos\u201d para as\u00ed poder \u201cdisuadir\u201d a los sujetos o reprimirlos preventivamente. En fin, esto podr\u00eda dar lugar a mil especulaciones y esperemos que jam\u00e1s ninguna pueda hacerse realidad porque antes habr\u00edamos acabado con el capitalismo y su Estado burgu\u00e9s.<\/p>\n\n\n\n<p>Parad\u00f3jicamente, la teor\u00eda de Marx de la venta de la&nbsp;<em>fuerza de trabajo<\/em>&nbsp;por un&nbsp;<em>intercambio equivalente<\/em>&nbsp;de su valor (por tanto, justo) en salario, podr\u00eda ser aprovechada por los capitalistas (justificando la gesti\u00f3n y distribuci\u00f3n del plusvalor o plusval\u00eda como algo justo y eficaz, sobre todo si es grande la intervenci\u00f3n en la econom\u00eda del Estado supuestamente \u201cpopular\u201d de \u201ctodos\u201d), y exigir un&nbsp;<em>dominio efectivo<\/em>&nbsp;de ella durante la jornada laboral, como el capitalista lo tiene sobre el aceite (ejemplo usado por Marx) y los dem\u00e1s medios de producci\u00f3n no humanos. La teor\u00eda de la&nbsp;<em>fuerza de trabajo-mercanc\u00eda<\/em>&nbsp;tambi\u00e9n podr\u00eda aprovecharla la burgues\u00eda para no reconocer a los trabajadores\/as una aportaci\u00f3n diferente y superior a la de robots que tengan la misma cualificaci\u00f3n profesional (al menos, capacidad para realizar las mismas tareas), bien porque ninguno producir\u00edamos plusval\u00eda (si los robots no \u00bfpor qu\u00e9 s\u00ed una&nbsp;<em>fuerza de trabajo<\/em>&nbsp;igual, aunque sea humana?) o porque la producimos ambos (tambi\u00e9n los robots y si ellos no tienen derecho a quejarse \u00bfpor qu\u00e9 nosotros s\u00ed, cuando adem\u00e1s, seg\u00fan Marx, la&nbsp;<em>fuerza de trabajo<\/em>&nbsp;obtiene, en principio, el pago justo de su valor, con el salario?). No es este el lugar para extenderme en especulaciones muy secundarias al tema central y verdaderamente relevante. Leyendo mi texto se entender\u00e1 perfectamente lo que quiero decir. S\u00f3lo subrayar la importancia te\u00f3rica y pol\u00edtica de esta revisi\u00f3n de la plusval\u00eda, no s\u00f3lo para el pasado y el presente, sino incluso para el futuro con un neurocapitalismo y la inteligencia artificial.<\/p>\n\n\n\n<p>Por mucho que critiquemos la denuncia limitada al neoliberalismo y clamemos la denuncia al capitalismo, no terminar\u00e1 de entenderse ni servir para nada si no se comprende la teor\u00eda de la plusval\u00eda.<\/p>\n\n\n\n<p>Partiendo de nuestra debilidad actual, sin esta legitimaci\u00f3n del anticapitalismo hasta la ra\u00edz, ser\u00e1 imposible desarrollar la lucha anticapitalista hasta sus \u00faltimas consecuencias (la abolici\u00f3n de sus categor\u00edas); por tanto, estrat\u00e9gicamente estaremos condenados a la impotencia y, por consiguiente, tambi\u00e9n tenderemos a estarlo en lo t\u00e1ctico, en las luchas concretas parciales desorientadas a falta de objetivos finales revolucionarios; la derrota hist\u00f3rica m\u00e1s completa ser\u00e1 inevitable, con el consiguiente riesgo hasta para la existencia de la Humanidad.<\/p>\n\n\n\n<p>De ah\u00ed que&nbsp;en todas las webs anticapitalistas, en su p\u00e1gina de inicio, debiera aparecer de forma destacada el documento que explique la teor\u00eda revisada de la plusval\u00eda, para que sean millones los que la conozcan, o la denuncia de capitalismo ser\u00e1 poco m\u00e1s que una queja vac\u00eda y moralista (\u201c\u00a1qu\u00e9 mala es esta civilizaci\u00f3n!\u201d).&nbsp;Esta es la \u00fanica manera de que un d\u00eda podamos pasar de la ofensiva ideol\u00f3gica a la ofensiva pol\u00edtica contra el capital y su Estado.<\/p>\n\n\n\n<p>La demostraci\u00f3n definitiva de que hoy estamos totalmente a la defensiva hasta en el terreno de la lucha ideol\u00f3gica, sin coraje para nada, lo demuestra el hecho de que pese a haber escrito esta aportaci\u00f3n importante a la teor\u00eda de la plusval\u00eda (de ser correcta, pudiera ser la mayor revoluci\u00f3n en este terreno desde que Marx escribi\u00f3&nbsp;<em>El Capital<\/em>), a diferencia de lo ocurrido con otros textos m\u00edos, nadie lo ha copiado para su web o blog, y&nbsp;ni siquiera me han acusado recibo&nbsp;aquellos a quienes comuniqu\u00e9 su publicaci\u00f3n, como la organizaci\u00f3n&nbsp;Corriente Comunista Internacional, Seminari Taifa, El salariado, editorial Sylone, Marxismo cr\u00edtico, Nuevo curso \u2013 Emancipaci\u00f3n.<\/p>\n\n\n\n<p>En aquel correo del 13-1-2020 les comunicaba tambi\u00e9n la publicaci\u00f3n de otros art\u00edculos importantes (Horizonte 2050, \u00c9tica para m\u00e1quinas). Su falta de respuesta revela, no s\u00f3lo sectarismo e incluso malos modales (ni siquiera la cortes\u00eda de acusar recibo aunque se sospeche que no se estar\u00e1 de acuerdo con el documento), sino el sentimiento&nbsp;<em>elitista<\/em>&nbsp;de tanta gente supuestamente marxista o revolucionaria. Para ellos, es impensable que una simple trabajadora (aunque se considere marxista, comunista y venga publicando desde hace a\u00f1os, aparte su militancia desde el franquismo), pueda hacer una aportaci\u00f3n importante, menos aun hist\u00f3rica, en lugar de provenir \u00e9sta de economistas profesionales, catedr\u00e1ticos, publicaciones peri\u00f3dicas de teor\u00eda, organizaciones pol\u00edticas\u2026 Parecen olvidar que Marx, pese a escribir&nbsp;<em>El Capital<\/em>, no era lo que en su tiempo se consideraba un economista, ni su formaci\u00f3n universitaria iba en esa direcci\u00f3n (estudi\u00f3 Derecho). Y para colmo, espa\u00f1ola (quiz\u00e1s hasta de una provincia de esas que ya s\u00f3lo se mencionan en la escuela cuando se aprende geograf\u00eda), y \u00a1mujer!.<\/p>\n\n\n\n<p>Se impone el criterio de que si no est\u00e1n en determinados circuitos y adem\u00e1s hacen aportaciones cr\u00edticas y muy cr\u00edticas, lo \u201cmejor\u201d es ignorar a sus autores, que nadie se entere ni de que existen ni lo que hacen, condenarles al ostracismo pol\u00edtico, que \u201cno molesten\u201d, hasta que se cansen y rindan. Que sucede esto, no lo pienso yo sola, pues le ha ocurrido y ocurre tambi\u00e9n a otras personas. As\u00ed se echa a perder a quienes pueden revitalizarlo todo, y&nbsp;se sabotea el avance, as\u00ed de claro. Pues mi revisi\u00f3n, adem\u00e1s de superar errores te\u00f3ricos de Marx, ayudar\u00eda enormemente a la mucho m\u00e1s f\u00e1cil asunci\u00f3n de la teor\u00eda de la plusval\u00eda por ampl\u00edsimas masas de trabajadores\/as,&nbsp;cuesti\u00f3n vital si pretendemos de verdad una revoluci\u00f3n que nos permita superar el capitalismo y su Estado. Pero importan m\u00e1s sus egos personales, el prestigio de sus colectivos, referentes y trayectorias hist\u00f3ricas, etc., que el futuro para todos, aunque deba mediar una rectificaci\u00f3n y autocr\u00edtica a fondo. Por ello,&nbsp;su&nbsp;<em>sabotaje<\/em>&nbsp;a mi aportaci\u00f3n es un crimen pol\u00edtico.<\/p>\n\n\n\n<p>No puede haber una respuesta m\u00e1s contraria al&nbsp;llamamiento a la organizaci\u00f3n de un debate internacional sobre la teor\u00eda de la plusval\u00eda&nbsp;que propon\u00eda en mi texto, que el silencio y sabotaje del que viene siendo objeto.&nbsp;Si mi revisi\u00f3n es correcta, tratando una cuesti\u00f3n clave, es muy importante, y su&nbsp;<strong>trascendencia es hist\u00f3rica e internacional<\/strong>, en el campo de la teor\u00eda y de seguro con grandes implicaciones en la pr\u00e1ctica.<\/p>\n\n\n\n<p>En lugar de estar abiertos, atentos, expectantes, receptivos a cualquiera que les ofreciese soluciones reales, capaces de sacarnos del barranco en el que hemos ca\u00eddo, hacen \u201co\u00eddos sordos\u201d y a\u00edslan. Una&nbsp;<em>actitud<\/em>&nbsp;totalmente opuesta a la que hoy necesitamos y que anula las buenas&nbsp;<em>aptitudes<\/em>&nbsp;que puedan tener. Con semejante&nbsp;<em>actitud<\/em>&nbsp;es imposible avanzar y estamos condenados, de antemano, al m\u00e1s estrepitoso de los fracasos y la m\u00e1s completa de las derrotas. Es propia de los&nbsp;<em>perdedores vocacionales<\/em>. Marx fue extremadamente audaz cuando desarroll\u00f3 su teor\u00eda de la plusval\u00eda y escribi\u00f3&nbsp;<em>El Capital<\/em>. Si no hay&nbsp;<em><strong>audacia<\/strong><\/em>&nbsp;en la teor\u00eda, menos la habr\u00e1 en la pol\u00edtica y, menos incluso, para el asalto revolucionario que, sin ella, est\u00e1 condenado al fracaso desde el comienzo.<\/p>\n\n\n\n<p>Esforzarse en aportar avances te\u00f3ricos y recibir como respuesta el silencio m\u00e1s rotundo, resulta de lo m\u00e1s frustrante y desmoralizador si no fuese porque tengo \u201cm\u00e1s moral que el Alcoyano\u201d y porque no aspiro al reconocimiento personal. Pero aun as\u00ed, desgasta y mucho, sobre todo sabiendo que con el tiempo no podr\u00e9 seguir esforz\u00e1ndome tanto, ni en aportar ni en hacerme o\u00edr, y temiendo que lo hecho pase al olvido y se pierda para siempre, para desgracia de todos\/as, como si nunca lo hubiese escrito.<\/p>\n\n\n\n<p>Debiera avergonzarles que lo que no tiene espacio en sus webs, etc., s\u00ed lo tenga en una web como Kaos en la red, que s\u00ed es anticapitalista, antifascista, feminista, ecologista\u2026, pero no de teor\u00eda econ\u00f3mica, pol\u00edtica\u2026, sino sobre todo de informaci\u00f3n y denuncia, y sin embargo est\u00e1 abierta a la publicaci\u00f3n de textos muy largos y de calado te\u00f3rico-pol\u00edtico, como son algunos de los m\u00edos. Si no fuese porque Kaos en la red lo ha publicado \u00bfqu\u00e9 web se habr\u00eda ofrecido a hacerlo, visto lo visto por su silenciosa reacci\u00f3n? Si no confiase en Kaos, tal vez ni yo misma me habr\u00eda animado a escribirlo (por tanto, incluso a todo el proceso de reflexi\u00f3n, poner bien en orden las ideas, depurarlas\u2026) al no saber si ni siquiera alguien lo publicar\u00eda, y esa aportaci\u00f3n podr\u00eda no haber nacido \u00bfos dais cuenta de las consecuencias que puede tener desalentar a la gente que puede tener algo valioso que ofrecer cuando ni siquiera se reconoce su existencia con un acuse de recibo?. Por el comportamiento totalmente diferente, gracias, Kaos.<\/p>\n\n\n\n<p>Descuidad que, si hubiesen comprobado que estaba equivocada, para estas alturas alguno ya se habr\u00eda querido lucir haciendo una dura cr\u00edtica p\u00fablica, te\u00f3rica, pol\u00edtica y hasta personal. Estar\u00eda agradecida que me demostrasen mi error, pues sin duda de eso saldr\u00eda m\u00e1s reforzada la teor\u00eda de la plusval\u00eda al enfrentarse a un cuestionamiento tan importante como el m\u00edo. No busco inflar mi ego \u201cmatando\u201d o superando al \u201cpadre\u201d (Marx), ni fama personal, es m\u00e1s, la reh\u00fayo por razones psicol\u00f3gicas, \u00e9ticas y pol\u00edticas. Lo que persigo es profundizar en la verdad y avanzar en el movimiento hacia la auto-liberaci\u00f3n de los trabajadores\/as. Eso es lo que me ha movido a la revisi\u00f3n, visto el pozo en el que estamos hundidos y la nula asunci\u00f3n de la teor\u00eda marxista de la plusval\u00eda por parte de los trabajadores\/as, pese al tiempo transcurrido desde su presentaci\u00f3n.<\/p>\n\n\n\n<p>Hay un libro que no he le\u00eddo \u201c<em>Neurocapitalismo. Mediaciones tecnol\u00f3gicas y l\u00edneas de fuga<\/em>\u201d, de&nbsp;Giorgio Griziotti&nbsp;(Ediciones Melusina, Tenerife-Espa\u00f1a, 2017, 320 p\u00e1ginas), que explora las consecuencias de las innovaciones tecnol\u00f3gicas que estamos viviendo y vendr\u00edan en un futuro m\u00e1s o menos pr\u00f3ximo. Pero no estoy muy segura de que trate correctamente el tema de plusval\u00eda y reconozca la trascendencia de su abordaje para poder constituir una&nbsp;<em><strong>fuerza social<\/strong><\/em>&nbsp;(apoyada ante todo en los trabajadores\/as asalariados) para acabar con el capitalismo y su Estado burgu\u00e9s. Adem\u00e1s, parece que su lectura no es nada f\u00e1cil por su manera de expresarse, terminolog\u00eda, etc.&nbsp;Para el libro y las rese\u00f1as&nbsp;<a href=\"https:\/\/www.melusina.com\/libro.php?idg=52237\">https:\/\/www.melusina.com\/libro.php?idg=52237<\/a><br><\/p>\n","protected":false},"excerpt":{"rendered":"<p>Aurora Despierta Fuente: Kaos en la Red Advertencia. Estimado lector\/a. Si hasta ahora ignorabas la existencia del asunto objeto de este art\u00edculo, quiz\u00e1s creas que la autora \u201calucina\u201d. T\u00f3matelo con un poco de paciencia y comprobar\u00e1s que las pruebas est\u00e1n a tu alcance por los medios m\u00e1s accesibles y acreditados del mundo, sin \u201cnoticias falsas\u201d, [&hellip;]<\/p>\n","protected":false},"author":1,"featured_media":1970,"comment_status":"open","ping_status":"open","sticky":false,"template":"","format":"standard","meta":{"footnotes":""},"categories":[4],"tags":[],"_links":{"self":[{"href":"http:\/\/www.movimientocaamanista.com\/index.php?rest_route=\/wp\/v2\/posts\/2851"}],"collection":[{"href":"http:\/\/www.movimientocaamanista.com\/index.php?rest_route=\/wp\/v2\/posts"}],"about":[{"href":"http:\/\/www.movimientocaamanista.com\/index.php?rest_route=\/wp\/v2\/types\/post"}],"author":[{"embeddable":true,"href":"http:\/\/www.movimientocaamanista.com\/index.php?rest_route=\/wp\/v2\/users\/1"}],"replies":[{"embeddable":true,"href":"http:\/\/www.movimientocaamanista.com\/index.php?rest_route=%2Fwp%2Fv2%2Fcomments&post=2851"}],"version-history":[{"count":1,"href":"http:\/\/www.movimientocaamanista.com\/index.php?rest_route=\/wp\/v2\/posts\/2851\/revisions"}],"predecessor-version":[{"id":2852,"href":"http:\/\/www.movimientocaamanista.com\/index.php?rest_route=\/wp\/v2\/posts\/2851\/revisions\/2852"}],"wp:featuredmedia":[{"embeddable":true,"href":"http:\/\/www.movimientocaamanista.com\/index.php?rest_route=\/wp\/v2\/media\/1970"}],"wp:attachment":[{"href":"http:\/\/www.movimientocaamanista.com\/index.php?rest_route=%2Fwp%2Fv2%2Fmedia&parent=2851"}],"wp:term":[{"taxonomy":"category","embeddable":true,"href":"http:\/\/www.movimientocaamanista.com\/index.php?rest_route=%2Fwp%2Fv2%2Fcategories&post=2851"},{"taxonomy":"post_tag","embeddable":true,"href":"http:\/\/www.movimientocaamanista.com\/index.php?rest_route=%2Fwp%2Fv2%2Ftags&post=2851"}],"curies":[{"name":"wp","href":"https:\/\/api.w.org\/{rel}","templated":true}]}}