{"id":2853,"date":"2020-09-09T23:49:58","date_gmt":"2020-09-09T23:49:58","guid":{"rendered":"http:\/\/www.movimientocaamanista.com\/?p=2853"},"modified":"2020-09-09T23:50:00","modified_gmt":"2020-09-09T23:50:00","slug":"la-vacuna-contra-el-coronavirus-mas-avanzada-de-latinoamerica","status":"publish","type":"post","link":"http:\/\/www.movimientocaamanista.com\/?p=2853","title":{"rendered":"La vacuna contra el coronavirus m\u00e1s avanzada de Latinoam\u00e9rica"},"content":{"rendered":"\n<p>Gerardo Szalkowicz<\/p>\n\n\n\n<p>Fuente: <a href=\"https:\/\/rebelion.org\/la-vacuna-contra-el-coronavirus-mas-avanzada-de-latinoamerica\/\">Rebeli\u00f3n<\/a><\/p>\n\n\n\n<p>Si no fuese por la premisa no escrita del periodismo hegem\u00f3nico de que todo lo bueno de Cuba no se cuenta, llamar\u00eda la atenci\u00f3n que la noticia haya pasado pr\u00e1cticamente desapercibida: por estos d\u00edas, la&nbsp;<strong>vacuna \u201cSoberana 01\u201d<\/strong>&nbsp;comenz\u00f3 los ensayos cl\u00ednicos en humanos y se convirti\u00f3 en la primera de Am\u00e9rica Latina \u2013y de todo el mal llamado \u201cmundo subdesarrollado\u201d- en avanzar a esa segunda fase.<\/p>\n\n\n\n<p>Hasta ahora hay registradas 167&nbsp;<a href=\"https:\/\/www.pagina12.com.ar\/286947-coronavirus-que-vacunas-podrian-llegar-a-las-personas-primer\"><strong>vacunas potenciales contra el&nbsp;<\/strong><strong>c<\/strong><strong>ovid-19<\/strong><\/a>. La cubana se sum\u00f3 a otras 29 que la OMS ya aprob\u00f3 para estudios cl\u00ednicos, seis de las cuales se encuentran en la fase 3, la de testeo en humanos a gran escala. En Latinoam\u00e9rica hay otra docena de vacunas aut\u00f3ctonas en desarrollo pero, salvo la cubana, todas en fase precl\u00ednica.<\/p>\n\n\n\n<p>El candidato vacunal que produce la isla camina a paso firme. Desde que arranc\u00f3 los ensayos cl\u00ednicos el 24 de agosto, \u201c<strong>reporta cero evento adverso grave luego de la inyecci\u00f3n de los primeros 20 voluntarios<\/strong>\u201d, seg\u00fan tuite\u00f3 Dagmar Garc\u00eda Rivera, directora de investigaciones del Instituto Finlay, el centro cient\u00edfico estatal cubano que dirige el proyecto. La muestra incluir\u00e1 a 676 personas de entre 19 y 80 a\u00f1os y se prev\u00e9 que los resultados est\u00e9n el 1\u00b0 de febrero. En caso de final feliz, Cuba tendr\u00e1 su propia&nbsp;<strong>vacuna contra el coronavirus<\/strong>&nbsp;disponible para la poblaci\u00f3n en el primer trimestre del 2021.<\/p>\n\n\n\n<p>Camina a paso firme y acelerado. \u201cLo que normalmente se hace en a\u00f1os, se ha logrado en poco menos de tres meses\u201d, apunta Vicente V\u00e9rez Bencomo, director general del Finlay. \u201cEn la fase de desarrollo farmac\u00e9utico y estudios precl\u00ednicos en animales present\u00f3 bajos riesgos, pocas incertidumbres y alentadores resultados\u201d. A partir de esos indicadores iniciales, el 28 de julio la vacuna fue probada en tres de sus investigadores, que tambi\u00e9n presentaron una alta respuesta inmune.<\/p>\n\n\n\n<p>Que Cuba marche, una vez m\u00e1s, a la vanguardia en el campo cient\u00edfico- sanitario es fruto de una larga experiencia acumulada en medicina preventiva, inmunizaci\u00f3n masiva y el desarrollo de una industria biotecnol\u00f3gica de innegable prestigio internacional. Desde el triunfo de la Revoluci\u00f3n en 1959 se impuls\u00f3 la formaci\u00f3n profesional desde las universidades y se cre\u00f3 un Polo Cient\u00edfico con la orientaci\u00f3n de combinar investigaci\u00f3n con producci\u00f3n.<\/p>\n\n\n\n<p>La elaboraci\u00f3n de vacunas es uno de los logros m\u00e1s significativos: Cuba produce ocho de las once vacunas de su programa nacional de inmunizaci\u00f3n, que tiene una cobertura superior al 98 % y, naturalmente, es gratuita y universal. En 1962 se realiz\u00f3 la primera campa\u00f1a de vacunaci\u00f3n con la cual se convirti\u00f3 en el primer pa\u00eds en erradicar la poliomielitis. Otro de sus hitos fue lograr, en 1990, una vacuna propia contra la Hepatitis-B, consiguiendo pr\u00e1cticamente la desaparici\u00f3n de esa enfermedad. Y un dato destacable: la plataforma de investigaci\u00f3n m\u00e9dica cubana, compuesta por 32 empresas estatales con m\u00e1s de 10 mil trabajadoras y trabajadores dedicados a la producci\u00f3n de medicinas y vacunas, est\u00e1 integrada mayoritariamente por mujeres.<\/p>\n\n\n\n<p><strong>Soberan\u00eda, la palabra clave<\/strong><\/p>\n\n\n\n<p>Lograr una vacuna 100 % nacional en un pa\u00eds con grandes limitaciones econ\u00f3micas -centralmente por el bloqueo de Estados Unidos- reviste una importancia vital. El presidente Miguel D\u00edaz-Canel remarc\u00f3 el concepto que nombra y descifra a \u201cSoberana 01\u201d: \u201cEl nombre de la vacuna recoge el sentimiento de patriotismo y de compromiso revolucionario y humanista con que se ha trabajado. Haza\u00f1as como estas nos reafirman el orgullo de ser cubanos\u201d.<\/p>\n\n\n\n<p>La pol\u00edtica de fabricaci\u00f3n y aplicaci\u00f3n de vacunas es s\u00f3lo una pata de un sistema sanitario integral ejemplo en el mundo. En 1959 Cuba contaba con apenas 6.000 m\u00e9dicos y hoy tiene m\u00e1s de 100.000, el n\u00famero por habitante m\u00e1s alto de Am\u00e9rica Latina y uno de los m\u00e1s altos a nivel global. Tambi\u00e9n es el \u00fanico pa\u00eds de la regi\u00f3n que elimin\u00f3 la desnutrici\u00f3n infantil severa: ninguno de los 146 millones de ni\u00f1es bajos de peso que viven hoy en el mundo es cubano.<\/p>\n\n\n\n<p>El \u00e9nfasis en la medicina preventiva fue clave tambi\u00e9n para el&nbsp;<strong>control del coronavirus<\/strong>. Tras casi seis meses de pandemia,&nbsp;<strong>Cuba registra poco m\u00e1s de 4 mil contagios y s\u00f3lo 95 muertes<\/strong>; uno de los \u00edndices de mortalidad m\u00e1s baja del mundo con 8 fallecidos por mill\u00f3n de habitantes (el mayor es Per\u00fa con 871).<\/p>\n\n\n\n<p>La formaci\u00f3n sanitaria de la isla tiene su baluarte universal en la Escuela Latinoamericana de Medicina (ELAM), donde en 20 a\u00f1os se graduaron 7.248 m\u00e9dicos de 45 pa\u00edses, incluidos unos 200 estadounidenses.<\/p>\n\n\n\n<p>Quiz\u00e1 esa solidaridad internacionalista sea el sello principal del modelo cubano. Las brigadas m\u00e9dicas, que se despliegan desde hace seis d\u00e9cadas por todo el mundo, han puesto el cuerpo en todas las cat\u00e1strofes naturales y epidemias (desde el terremoto en Chile de 1960 hasta el \u00e9bola en \u00c1frica). Previo a la pandemia eran unos 30.000 trabajadores y trabajadoras de la salud prestando servicio en 61 pa\u00edses, a los que se sumaron 46 brigadas que partieron este a\u00f1o para colaborar en la&nbsp;<strong>lucha contra el&nbsp;<\/strong><strong>c<\/strong><strong>ovid-19<\/strong>. No suena alocada entonces la propuesta que viene tomando fuerza de otorgarle al \u201cej\u00e9rcito de batas blancas\u201d \u2013como le llam\u00f3 Fidel Castro- el Premio Nobel de la Paz.<\/p>\n\n\n\n<p><strong>Gerardo Szalkowicz<\/strong>&nbsp;es editor de NODAL. Autor del libro&nbsp;<em>Am\u00e9rica Latina. Huellas y retos del ciclo progresista<\/em>. Conduce el programa radial \u201cAl sur del R\u00edo Bravo\u201d.<\/p>\n","protected":false},"excerpt":{"rendered":"<p>Gerardo Szalkowicz Fuente: Rebeli\u00f3n Si no fuese por la premisa no escrita del periodismo hegem\u00f3nico de que todo lo bueno de Cuba no se cuenta, llamar\u00eda la atenci\u00f3n que la noticia haya pasado pr\u00e1cticamente desapercibida: por estos d\u00edas, la&nbsp;vacuna \u201cSoberana 01\u201d&nbsp;comenz\u00f3 los ensayos cl\u00ednicos en humanos y se convirti\u00f3 en la primera de Am\u00e9rica Latina [&hellip;]<\/p>\n","protected":false},"author":1,"featured_media":1484,"comment_status":"open","ping_status":"open","sticky":false,"template":"","format":"standard","meta":{"footnotes":""},"categories":[5,3],"tags":[],"_links":{"self":[{"href":"http:\/\/www.movimientocaamanista.com\/index.php?rest_route=\/wp\/v2\/posts\/2853"}],"collection":[{"href":"http:\/\/www.movimientocaamanista.com\/index.php?rest_route=\/wp\/v2\/posts"}],"about":[{"href":"http:\/\/www.movimientocaamanista.com\/index.php?rest_route=\/wp\/v2\/types\/post"}],"author":[{"embeddable":true,"href":"http:\/\/www.movimientocaamanista.com\/index.php?rest_route=\/wp\/v2\/users\/1"}],"replies":[{"embeddable":true,"href":"http:\/\/www.movimientocaamanista.com\/index.php?rest_route=%2Fwp%2Fv2%2Fcomments&post=2853"}],"version-history":[{"count":1,"href":"http:\/\/www.movimientocaamanista.com\/index.php?rest_route=\/wp\/v2\/posts\/2853\/revisions"}],"predecessor-version":[{"id":2854,"href":"http:\/\/www.movimientocaamanista.com\/index.php?rest_route=\/wp\/v2\/posts\/2853\/revisions\/2854"}],"wp:featuredmedia":[{"embeddable":true,"href":"http:\/\/www.movimientocaamanista.com\/index.php?rest_route=\/wp\/v2\/media\/1484"}],"wp:attachment":[{"href":"http:\/\/www.movimientocaamanista.com\/index.php?rest_route=%2Fwp%2Fv2%2Fmedia&parent=2853"}],"wp:term":[{"taxonomy":"category","embeddable":true,"href":"http:\/\/www.movimientocaamanista.com\/index.php?rest_route=%2Fwp%2Fv2%2Fcategories&post=2853"},{"taxonomy":"post_tag","embeddable":true,"href":"http:\/\/www.movimientocaamanista.com\/index.php?rest_route=%2Fwp%2Fv2%2Ftags&post=2853"}],"curies":[{"name":"wp","href":"https:\/\/api.w.org\/{rel}","templated":true}]}}