{"id":2858,"date":"2020-09-10T00:07:30","date_gmt":"2020-09-10T00:07:30","guid":{"rendered":"http:\/\/www.movimientocaamanista.com\/?p=2858"},"modified":"2020-09-10T00:07:32","modified_gmt":"2020-09-10T00:07:32","slug":"la-libertad-negacionista-de-la-derecha-nacional-libertaria","status":"publish","type":"post","link":"http:\/\/www.movimientocaamanista.com\/?p=2858","title":{"rendered":"La libertad negacionista de la derecha nacional-libertaria"},"content":{"rendered":"\n<p>Andr\u00e9s Kogan Valderrama<\/p>\n\n\n\n<p>Fuente: <a href=\"https:\/\/rebelion.org\/la-libertad-negacionista-de-la-derecha-nacional-libertaria\/\">Rebeli\u00f3n<\/a><\/p>\n\n\n\n<p>A prop\u00f3sito de las distintas protestas en el mundo en contra del uso obligatorio de mascarillas, se realizar\u00e1 una lectura pol\u00edtica de un proceso que va m\u00e1s all\u00e1 de la acci\u00f3n de un grupo de creyentes de teor\u00edas conspirativas, siendo m\u00e1s bien una ideolog\u00eda&nbsp; negacionista de ciertos sectores de ultraderecha cada vez m\u00e1s presentes en Europa, Estados Unidos y Am\u00e9rica Latina, los cuales plantean un discurso fundamentalista de car\u00e1cter nacional-libertario.<\/p>\n\n\n\n<p>Un discurso nacional-libertario que pone a la familia tradicional, la patria, la propiedad privada y la libertad de consumo como \u00e1mbitos de la civilizaci\u00f3n occidental, la cual desde esta mirada, estar\u00eda en peligro, ante una agenda global impuesta por grandes organismos internacionales, los cuales estar\u00edan subordinados a China.<\/p>\n\n\n\n<p>Es lo planteado por personas como Donald Trump, Jordan Peterson, Ben Shapiro, Milo Yiannopoulos, Hans-Hermann Hoppe, Richard Spencer y Steve Bannon, quienes se\u00f1alan que nos encontramos en un mundo amenazado por el globalismo y el marxismo cultural, los cuales estar\u00edan obligando a los gobiernos a aprobar pactos y tratados internacionales en distintos \u00e1mbitos (medioambiental, laboral, migratorio, diversidad sexual, g\u00e9nero, \u00e9tnico).<\/p>\n\n\n\n<p>Por esto, que esta ultraderecha est\u00e1 en una verdadera cruzada contra todo lo que sea asociado a miradas m\u00e1s progresistas, como es el caso de apoyar la equidad de g\u00e9nero, la reducci\u00f3n de emisiones de CO2, el reconocimiento de pueblos ind\u00edgenas, la despenalizaci\u00f3n del aborto, la despenalizaci\u00f3n de la marihuana, el matrimonio igualitario, ley de identidad de g\u00e9nero, etc.<\/p>\n\n\n\n<p>En otras palabras, para esta ideolog\u00eda, s\u00f3lo es deseable un Estado-naci\u00f3n m\u00ednimo y con fronteras cerradas para la inmigraci\u00f3n, el cual \u00fanicamente debe dedicarse a garantizar una igualdad ante la ley meramente formal y que su centro est\u00e9 puesto en defender los derechos de propiedad, negando as\u00ed cualquier otro tipo de derecho para las personas y comunidades.<\/p>\n\n\n\n<p>En consecuencia, para este discurso nacional-libertario, todo lo que cuestione m\u00ednimamente el orden patriarcal, colonial y capitalista, a trav\u00e9s de ciertas pol\u00edticas p\u00fablicas (impuestos, aumento de gasto p\u00fablico), es considerado de izquierda o comunista, aunque sea en la pr\u00e1ctica un mero reformismo liberal.<\/p>\n\n\n\n<p>De ah\u00ed que tilden de izquierdista tanto a la CNN, al Banco Mundial, a Naciones Unidas e incluso a gobiernos de derecha en el mundo, por el solo hecho de impulsar pol\u00edticas m\u00ednimas de inclusi\u00f3n y no discriminaci\u00f3n. La idea de cuestionar el discurso pol\u00edticamente correcto, ha llevado al extremo a estos grupos de ultraderecha de instalar la idea de que mega empresarios y gobernantes del establishment como Bill Gates, George Soros, Emmanuel Macron, Mauricio Macri, Sebasti\u00e1n Pi\u00f1era, son meros agentes del globalismo.&nbsp;<\/p>\n\n\n\n<p>En consecuencia, son unos fervientes negadores del clasismo, racismo, androcentrismo y ecocidio imperante, el cual en este contexto de pandemia,&nbsp; evidencia un nuevo negacionismo de corte sanitario, al tildar de globalista a organismos como la OMS, por ser supuestamente parte de un plan para destruir a occidente, a trav\u00e9s de las medidas que est\u00e1n implementando los distintos gobiernos para reducir las muertes y contagios por el Covid-19.<\/p>\n\n\n\n<p>No obstante, lo que m\u00e1s llama m\u00e1s la atenci\u00f3n de este discurso de ultraderecha, es su colonizaci\u00f3n de la noci\u00f3n misma de libertario. As\u00ed como Adolf Hitler se apropi\u00f3 de la noci\u00f3n de socialismo para formar una ideolog\u00eda supremacista blanca de car\u00e1cter nacional-socialista desde el estado, ahora estos sectores nacional-libertarios hacen exactamente lo mismo, solo que desde un patriotismo de mercado.<\/p>\n\n\n\n<p>La idea de anarcocapitalismo por ejemplo, es una muestra m\u00e1s de c\u00f3mo la ultraderecha actual instrumentaliza miradas que lo que buscan originalmente es cuestionar el autoritarismo estatal y construir mundos alternativos, y no negarlos como ellos lo hacen. Es como plantear la idea absurda de un anarcocolonialismo o un anarcosexismo, ya que lo que termina haciendo finalmente es confundir y profundizar miradas racistas y machistas.<\/p>\n\n\n\n<p>La necesidad por tanto de seguir desarmando este discurso nacional-libertario se hace importante, sobre todo en Am\u00e9rica Latina, en donde han aparecido varios exponentes de \u00e9l a nivel pol\u00edtico e intelectual (Jair Bolsonaro, Jos\u00e9 Antonio Kast, Axel Kaiser, Alfredo Olmedo, Agust\u00edn Laje, Javier Milei, Nicol\u00e1s M\u00e1rquez, Vannesa Vallejo, Gloria \u00c1lvarez, Sara Winter, Jes\u00fas Huerta de Soto) quienes est\u00e1n aprovechando la incertidumbre actual con la pandemia, para introducir un discurso de odio que no debiera tomarse a la ligera.<\/p>\n\n\n\n<p><em>Andr\u00e9s Kogan Valderrama. Soci\u00f3logo diplomado en Educaci\u00f3n para el Desarrollo Sustentable. Mag\u00edster en Comunicaci\u00f3n y Cultura Contempor\u00e1nea. Doctorando en Estudios Sociales de Am\u00e9rica Latina. Integrante de Comit\u00e9 Cient\u00edfico de Revista Iberoam\u00e9rica Social. Director del Observatorio Plurinacional de Aguas&nbsp;<a rel=\"noreferrer noopener\" href=\"http:\/\/www.oplas.org\/\" target=\"_blank\">www.oplas.org<\/a><\/em><\/p>\n","protected":false},"excerpt":{"rendered":"<p>Andr\u00e9s Kogan Valderrama Fuente: Rebeli\u00f3n A prop\u00f3sito de las distintas protestas en el mundo en contra del uso obligatorio de mascarillas, se realizar\u00e1 una lectura pol\u00edtica de un proceso que va m\u00e1s all\u00e1 de la acci\u00f3n de un grupo de creyentes de teor\u00edas conspirativas, siendo m\u00e1s bien una ideolog\u00eda&nbsp; negacionista de ciertos sectores de ultraderecha [&hellip;]<\/p>\n","protected":false},"author":1,"featured_media":2639,"comment_status":"open","ping_status":"open","sticky":false,"template":"","format":"standard","meta":{"footnotes":""},"categories":[5,3],"tags":[],"_links":{"self":[{"href":"http:\/\/www.movimientocaamanista.com\/index.php?rest_route=\/wp\/v2\/posts\/2858"}],"collection":[{"href":"http:\/\/www.movimientocaamanista.com\/index.php?rest_route=\/wp\/v2\/posts"}],"about":[{"href":"http:\/\/www.movimientocaamanista.com\/index.php?rest_route=\/wp\/v2\/types\/post"}],"author":[{"embeddable":true,"href":"http:\/\/www.movimientocaamanista.com\/index.php?rest_route=\/wp\/v2\/users\/1"}],"replies":[{"embeddable":true,"href":"http:\/\/www.movimientocaamanista.com\/index.php?rest_route=%2Fwp%2Fv2%2Fcomments&post=2858"}],"version-history":[{"count":1,"href":"http:\/\/www.movimientocaamanista.com\/index.php?rest_route=\/wp\/v2\/posts\/2858\/revisions"}],"predecessor-version":[{"id":2859,"href":"http:\/\/www.movimientocaamanista.com\/index.php?rest_route=\/wp\/v2\/posts\/2858\/revisions\/2859"}],"wp:featuredmedia":[{"embeddable":true,"href":"http:\/\/www.movimientocaamanista.com\/index.php?rest_route=\/wp\/v2\/media\/2639"}],"wp:attachment":[{"href":"http:\/\/www.movimientocaamanista.com\/index.php?rest_route=%2Fwp%2Fv2%2Fmedia&parent=2858"}],"wp:term":[{"taxonomy":"category","embeddable":true,"href":"http:\/\/www.movimientocaamanista.com\/index.php?rest_route=%2Fwp%2Fv2%2Fcategories&post=2858"},{"taxonomy":"post_tag","embeddable":true,"href":"http:\/\/www.movimientocaamanista.com\/index.php?rest_route=%2Fwp%2Fv2%2Ftags&post=2858"}],"curies":[{"name":"wp","href":"https:\/\/api.w.org\/{rel}","templated":true}]}}