{"id":2901,"date":"2020-09-19T01:08:56","date_gmt":"2020-09-19T01:08:56","guid":{"rendered":"http:\/\/www.movimientocaamanista.com\/?p=2901"},"modified":"2020-09-19T01:08:57","modified_gmt":"2020-09-19T01:08:57","slug":"pacto-de-clase-mas-de-lo-mismo","status":"publish","type":"post","link":"http:\/\/www.movimientocaamanista.com\/?p=2901","title":{"rendered":"Pacto de clase, m\u00e1s de lo mismo"},"content":{"rendered":"\n<p>Lilliam Oviedo<\/p>\n\n\n\n<p>Fuente: <a href=\"https:\/\/rebelion.org\/pacto-de-clase-mas-de-lo-mismo\/\">Rebeli\u00f3n<\/a><\/p>\n\n\n\n<p>El avance en el marco legal de la llamada alianza p\u00fablico-privada y la jornada de encuentros del presidente Luis Abinader con dirigentes de grupos, son presentados como parte de \u201clo nuevo\u201d. El espect\u00e1culo es de p\u00e9simo gusto, a pesar de que, por el compromiso con el sistema, influyentes comunicadores y analistas est\u00e1n obligados a presentarlo como muestra de que en Rep\u00fablica Dominicana se ha inaugurado el cambio.<\/p>\n\n\n\n<p>El t\u00e9rmino Alianzas P\u00fablico-Privadas, denomina una ley (se coloca en plural para disimular el sello de clase), as\u00ed como un reglamento, una direcci\u00f3n general y un consejo encabezado por el ministro de la Presidencia, que es el \u00f3rgano superior.<\/p>\n\n\n\n<p>Al firmar el reglamento de aplicaci\u00f3n de la Ley de Alianzas P\u00fablico-Privadas, Abinader da continuidad a una acci\u00f3n iniciada en el gobierno anterior. La Ley, registrada con el n\u00famero 47-20, fue promulgada en febrero por Danilo Medina.<\/p>\n\n\n\n<p>Se busca imprimir apariencia de legitimidad en acuerdos particulares sustentados en el pacto de clase. Es una estampa legal para presentar como leg\u00edtimos el saqueo y la continuidad del despojo.<\/p>\n\n\n\n<p>En La Ideolog\u00eda Alemana, Marx y Engels dicen que \u201cel Estado es la forma en la cual los individuos de una clase dominante alcanzan sus intereses comunes\u201d.<\/p>\n\n\n\n<p>Hay que decir que el inter\u00e9s com\u00fan de la clase dominante en este momento es rescatar los negocios de los poderosos con los recursos que deber\u00edan utilizarse para beneficiar a las mayor\u00edas, que han sido v\u00edctimas no solo de la pandemia sino tambi\u00e9n de la coerci\u00f3n econ\u00f3mica y extraecon\u00f3mica que impone el sistema.<\/p>\n\n\n\n<p>Los anuncios sobre las inversiones en obras de infraestructura tur\u00edstica y las medidas dirigidas a financiar a la gran propiedad dejan claro que la preservaci\u00f3n de los privilegios fue meta principal\u00edsima en el gobierno encabezado por Danilo Medina y lo ha sido tambi\u00e9n durante el mes de gesti\u00f3n presidencial de Luis Abinader.<\/p>\n\n\n\n<p>As\u00ed se define la continuidad en este contexto, y sus fundamentos son el entreguismo y el pacto de clase.<\/p>\n\n\n\n<p>LA IMPUNIDAD EN EL PAQUETE<\/p>\n\n\n\n<p>El pacto de impunidad sigue vigente. Esto no deja de ser cierto por el sacrificio de algunas piezas del espect\u00e1culo politiquero ni por la designaci\u00f3n de una procuradora cuya imagen y cuya trayectoria no se corresponden con la naturaleza del actual gobierno.<\/p>\n\n\n\n<p>La cordialidad de los encuentros de Luis Abinader con los sustentadores del sistema de privilegios (que nace de la identificaci\u00f3n y el compromiso, hay que apuntarlo) dejan claro que el acuerdo de impunidad sigue vigente en esencia y esto torna incierta la permanencia de Miriam Germ\u00e1n Brito en el puesto principal de la Procuradur\u00eda General de la Rep\u00fablica.<\/p>\n\n\n\n<p>Si son sometidos a la Justicia algunos colaboradores de Danilo Medina, no lo ser\u00e1n los responsables de la corrupci\u00f3n durante el gobierno de Leonel Fern\u00e1ndez (Yeni Berenice Reynoso, directora de Persecuci\u00f3n, est\u00e1 muy vinculada al grupo de Leonel Fern\u00e1ndez), y ser\u00e1n vistos como pertenecientes a una \u00e9poca remota los actos de corrupci\u00f3n cometidos durante el gobierno de Hip\u00f3lito Mej\u00eda.<\/p>\n\n\n\n<p>Pero adem\u00e1s, \u00bfser\u00e1 despojada del manto que la cubre la participaci\u00f3n del sector privado en la corrupci\u00f3n que parece ce\u00f1irse a los despachos de ciertos funcionarios p\u00fablicos?<\/p>\n\n\n\n<p>El paso del tiempo no lava conductas ni repone lo robado a las mayor\u00edas, y la falsa seriedad no convierte en h\u00e9roe a un saqueador.<\/p>\n\n\n\n<p>La lucha contra la impunidad es preciso problematizarla, demandar que los saqueadores no solo sean castigados sino tambi\u00e9n despojados de lo que adquirieron a trav\u00e9s del dolo.<\/p>\n\n\n\n<p>Pero esto se contradice con la llamada alianza p\u00fablico- privada, cuyo verdadero rostro fue mostrado en el a\u00f1o 2018 cuando polic\u00edas uniformados fueron enviados a las instalaciones de la empresa Polyplas Dominicana a maltratar a personas que indagaban el destino de familiares que sufrieron da\u00f1os a causa del escape de gas que se produjo debido a la indolencia de administradores que privilegiaron el ahorro de dinero sobre el cumplimiento de normas elementales de seguridad.<\/p>\n\n\n\n<p>No puede tener otro rostro una alianza forjada para perpetuar el autoritarismo y el atraso pol\u00edtico.<\/p>\n\n\n\n<p>Esta alianza, en su versi\u00f3n moderna, fue auspiciada por el poder estadounidense cuando instal\u00f3 a Joaqu\u00edn Balaguer en la Presidencia de la Rep\u00fablica en 1966. En 1984, durante el gobierno de Salvador Jorge Blanco, fue readaptada a las pol\u00edticas neoliberales cuando se impuso sobre decenas de cad\u00e1veres el Acuerdo de Facilidad Ampliada con el Fondo Monetario Internacional. Posteriormente, los gobernantes han montado espect\u00e1culos similares al que protagoniza Abinader, en coyunturas en las cuales lo entienden necesario.<\/p>\n\n\n\n<p>El accionar es dirigido desde el Norte. Ahora los patrocinadores visibles son Mike Pompeo y Bob Men\u00e9ndez.<\/p>\n\n\n\n<p>El retorcimiento politiquero de la continuidad es la ausencia de lo nuevo.<\/p>\n\n\n\n<p>Los individuos de la clase dominante siguen defendiendo sus intereses comunes, y, aunque derechistas y pseudoizquieridistas entiendan que no est\u00e1 de moda, hay que decir que tambi\u00e9n es cierta la afirmaci\u00f3n marxista de que los dominados, las mayor\u00edas, alcanzan sus metas en la lucha contra esta alianza\u2026 La toma de conciencia har\u00e1 que el pueblo pase la cuenta a quienes act\u00faan en contubernio con los saqueadores.<br><\/p>\n","protected":false},"excerpt":{"rendered":"<p>Lilliam Oviedo Fuente: Rebeli\u00f3n El avance en el marco legal de la llamada alianza p\u00fablico-privada y la jornada de encuentros del presidente Luis Abinader con dirigentes de grupos, son presentados como parte de \u201clo nuevo\u201d. El espect\u00e1culo es de p\u00e9simo gusto, a pesar de que, por el compromiso con el sistema, influyentes comunicadores y analistas [&hellip;]<\/p>\n","protected":false},"author":1,"featured_media":1065,"comment_status":"open","ping_status":"open","sticky":false,"template":"","format":"standard","meta":{"footnotes":""},"categories":[5,2],"tags":[],"_links":{"self":[{"href":"http:\/\/www.movimientocaamanista.com\/index.php?rest_route=\/wp\/v2\/posts\/2901"}],"collection":[{"href":"http:\/\/www.movimientocaamanista.com\/index.php?rest_route=\/wp\/v2\/posts"}],"about":[{"href":"http:\/\/www.movimientocaamanista.com\/index.php?rest_route=\/wp\/v2\/types\/post"}],"author":[{"embeddable":true,"href":"http:\/\/www.movimientocaamanista.com\/index.php?rest_route=\/wp\/v2\/users\/1"}],"replies":[{"embeddable":true,"href":"http:\/\/www.movimientocaamanista.com\/index.php?rest_route=%2Fwp%2Fv2%2Fcomments&post=2901"}],"version-history":[{"count":1,"href":"http:\/\/www.movimientocaamanista.com\/index.php?rest_route=\/wp\/v2\/posts\/2901\/revisions"}],"predecessor-version":[{"id":2902,"href":"http:\/\/www.movimientocaamanista.com\/index.php?rest_route=\/wp\/v2\/posts\/2901\/revisions\/2902"}],"wp:featuredmedia":[{"embeddable":true,"href":"http:\/\/www.movimientocaamanista.com\/index.php?rest_route=\/wp\/v2\/media\/1065"}],"wp:attachment":[{"href":"http:\/\/www.movimientocaamanista.com\/index.php?rest_route=%2Fwp%2Fv2%2Fmedia&parent=2901"}],"wp:term":[{"taxonomy":"category","embeddable":true,"href":"http:\/\/www.movimientocaamanista.com\/index.php?rest_route=%2Fwp%2Fv2%2Fcategories&post=2901"},{"taxonomy":"post_tag","embeddable":true,"href":"http:\/\/www.movimientocaamanista.com\/index.php?rest_route=%2Fwp%2Fv2%2Ftags&post=2901"}],"curies":[{"name":"wp","href":"https:\/\/api.w.org\/{rel}","templated":true}]}}