{"id":2903,"date":"2020-09-19T01:12:40","date_gmt":"2020-09-19T01:12:40","guid":{"rendered":"http:\/\/www.movimientocaamanista.com\/?p=2903"},"modified":"2020-09-19T01:12:41","modified_gmt":"2020-09-19T01:12:41","slug":"el-dilema-social","status":"publish","type":"post","link":"http:\/\/www.movimientocaamanista.com\/?p=2903","title":{"rendered":"El dilema social"},"content":{"rendered":"\n<p>Rosa Miriam Elizalde<\/p>\n\n\n\n<p>Fuente: <a href=\"https:\/\/rebelion.org\/el-dilema-social\/\">Rebeli\u00f3n<\/a><\/p>\n\n\n\n<p>Un documental que Netflix estren\u00f3 la semana pasada ya se puede conseguir en&nbsp;<em>El Paquete<\/em>, el servicio de descarga&nbsp;<em>off line<\/em>&nbsp;que opera de manera informal en Cuba. La otra cara del bloqueo de Estados Unidos a la isla es la circulaci\u00f3n, sin pagos aduanales ni de derecho de autor, de toda suerte de series, pel\u00edculas, juegos de video y programas de computadoras que se producen a 90 millas de nuestro territorio.<\/p>\n\n\n\n<p>No hay intercambio de mercanc\u00edas entre ambos pa\u00edses, pero tampoco es posible controlar el mercado subterr\u00e1neo y totalmente desregulado de productos culturales que se empaquetan en discos duros externos y memorias&nbsp;<em>flash<\/em>, o que directamente nos llegan a trav\u00e9s de Internet. A veces para bien y otras muchas para mal. Rara vez se repara, cuando se habla del bloqueo estadunidense, en su cara m\u00e1s laxa: lo que te deja tomar casi todo lo que llega v\u00eda digital, gracias a lo que el fil\u00f3sofo franc\u00e9s Eric Sadin ha llamado la silicolonizaci\u00f3n del mundo.<\/p>\n\n\n\n<p>Incluso para Cuba, bajo cerco por demasiado tiempo, las guerras ya no son lo que eran. Nos enfrentamos a adversarios que no tienen ni territorio, ni fronteras, ni diplom\u00e1ticos, ni asiento en el Consejo de Seguridad, ni ning\u00fan inter\u00e9s para negociar. La l\u00f3gica opaca y cambiante de las redes digitales, que incluye protocolos, algoritmos y un ej\u00e9rcito de moderadores, se superpone al gobierno descentralizado de Internet sobre el que transita. Tambi\u00e9n multiplica por cero las leyes de los estados soberanos a los que asfixia sin sufrir repercusiones. Como una impenetrable capa de l\u00e1tex, ese imperio media entre nosotros y es el responsable de la polarizaci\u00f3n, el extremismo y muchas otras disfunciones que vive la sociedad contempor\u00e1nea.<\/p>\n\n\n\n<p>Este es el tema del documental&nbsp;<em>El dilema social<\/em>, del realizador estadunidense Jeff Orlowski, que ya circula en los entresuelos digitales de la isla. Narrado por desarrolladores principales de Facebook, Twitter, YouTube, Pinterest y otras plataformas que desertaron de esas empresas por razones \u00e9ticas, es el an\u00e1lisis m\u00e1s l\u00facido, sucinto y profundamente aterrador sobre el impacto de los llamados medios sociales que haya visto.<\/p>\n\n\n\n<p>Sorprende, porque son los cerebros de estas plataformas los que hablan hasta por los codos de la capacidad destructiva de estas empresas, pero no porque no tuvi\u00e9ramos ya conciencia de ello. Lo estamos viviendo en carne propia los cubanos por dos v\u00edas: la polarizaci\u00f3n y el escarnio que campea en redes sociales, permeables al sarampi\u00f3n trumpista de grupos coordinados de cubanos que viven en Miami, y las teor\u00edas de la conspiraci\u00f3n que inundan las comunidades latinas en Florida. Tanto dem\u00f3cratas como republicanos compiten all\u00ed por la medalla al partido m\u00e1s anticomunista y por denigrar los s\u00edmbolos de la revoluci\u00f3n cubana, en v\u00edsperas de unas elecciones en las que las mentiras han alcanzado una dimensi\u00f3n salvaje, seg\u00fan el diario digital&nbsp;<em>Politico<\/em>.<\/p>\n\n\n\n<p>La desinformaci\u00f3n, a\u00f1ade&nbsp;<em>Politico<\/em>, llega a un nivel de saturaci\u00f3n que amenaza con moldear el resultado en el estado m\u00e1s disputado del pa\u00eds en la actual contienda electoral. Nunca hab\u00eda visto este nivel de desinformaci\u00f3n, teor\u00edas de conspiraci\u00f3n y mentiras, dice Evelyn P\u00e9rez-Verdia, estratega digital dem\u00f3crata, que ha estudiado los grupos de WhatsApp.<\/p>\n\n\n\n<p>La desinfirmaci\u00f3n que se comparte en los chats y en YouTube, Twitter, Instagram y Facebook va m\u00e1s all\u00e1 de la ret\u00f3rica hiperb\u00f3lica. Las teor\u00edas de la conspiraci\u00f3n, especialmente en torno a QAnon, que postula que Trump, est\u00e1 luchando contra un poder global de ped\u00f3filos sat\u00e1nicos, saltan de las redes a los carteles y camisetas de los partidarios de Trump que cada semana se movilizan en Florida.<\/p>\n\n\n\n<p>El pasado viernes, el principal diario en espa\u00f1ol de ese estado,&nbsp;<em>El Nuevo Herald<\/em>, se vio obligado a retirar su suplemento&nbsp;<em>Libre<\/em>, que atacaba al movimiento Black Lives Matter con opiniones racistas y antisemitas. Un venenoso&nbsp;<em>youtuber<\/em>&nbsp;autoproclamado l\u00edder de Partido del Pueblo en Miami y principal vocero de Trump en la comunidad cubanoestadunidense ha anunciado, entre otras suculentas mentiras, que sobrevendr\u00e1 una ola migratoria desde la isla antes del 3 de noviembre. Sus transmisiones en vivo suelen tener a diario miles de entusiastas espectadores.<\/p>\n\n\n\n<p>En un art\u00edculo en el que advierte que la campa\u00f1a Trump 2020 se dispone a invertir mil millones de d\u00f3lares para anuncios publicitarios en Internet, la revista&nbsp;<em>The Atlantic<\/em>&nbsp;reconoce que en estos comicios se ha movilizado una vasta coalici\u00f3n de medios partidistas, grupos pol\u00edticos externos y empresas privadas, dispuestas a emprender la que podr\u00eda ser la campa\u00f1a de desinformaci\u00f3n m\u00e1s extensa de la historia. Tenga \u00e9xito o no en la relecci\u00f3n de Trump, la destrucci\u00f3n que dejar\u00e1 detr\u00e1s ser\u00e1 irreparable, y no s\u00f3lo para Estados Unidos.<\/p>\n\n\n\n<p>\u00bfC\u00f3mo llegamos hasta aqu\u00ed? \u00bfCu\u00e1ndo y qui\u00e9n desat\u00f3 a los demonios que ahora andan sueltos? \u00bfQu\u00e9 vamos a hacer? Esas son las principales preguntas que se hace&nbsp;<em>El dilema social<\/em>, en Netflix y en&nbsp;<em>El Paquete<\/em>&nbsp;cubano. Est\u00e1 por ver si la polvareda que ha levantado el documental ayudar\u00e1 a la desilicolonizaci\u00f3n. Ojal\u00e1.<\/p>\n","protected":false},"excerpt":{"rendered":"<p>Rosa Miriam Elizalde Fuente: Rebeli\u00f3n Un documental que Netflix estren\u00f3 la semana pasada ya se puede conseguir en&nbsp;El Paquete, el servicio de descarga&nbsp;off line&nbsp;que opera de manera informal en Cuba. La otra cara del bloqueo de Estados Unidos a la isla es la circulaci\u00f3n, sin pagos aduanales ni de derecho de autor, de toda suerte [&hellip;]<\/p>\n","protected":false},"author":1,"featured_media":2904,"comment_status":"open","ping_status":"open","sticky":false,"template":"","format":"standard","meta":{"footnotes":""},"categories":[5,3],"tags":[],"_links":{"self":[{"href":"http:\/\/www.movimientocaamanista.com\/index.php?rest_route=\/wp\/v2\/posts\/2903"}],"collection":[{"href":"http:\/\/www.movimientocaamanista.com\/index.php?rest_route=\/wp\/v2\/posts"}],"about":[{"href":"http:\/\/www.movimientocaamanista.com\/index.php?rest_route=\/wp\/v2\/types\/post"}],"author":[{"embeddable":true,"href":"http:\/\/www.movimientocaamanista.com\/index.php?rest_route=\/wp\/v2\/users\/1"}],"replies":[{"embeddable":true,"href":"http:\/\/www.movimientocaamanista.com\/index.php?rest_route=%2Fwp%2Fv2%2Fcomments&post=2903"}],"version-history":[{"count":1,"href":"http:\/\/www.movimientocaamanista.com\/index.php?rest_route=\/wp\/v2\/posts\/2903\/revisions"}],"predecessor-version":[{"id":2905,"href":"http:\/\/www.movimientocaamanista.com\/index.php?rest_route=\/wp\/v2\/posts\/2903\/revisions\/2905"}],"wp:featuredmedia":[{"embeddable":true,"href":"http:\/\/www.movimientocaamanista.com\/index.php?rest_route=\/wp\/v2\/media\/2904"}],"wp:attachment":[{"href":"http:\/\/www.movimientocaamanista.com\/index.php?rest_route=%2Fwp%2Fv2%2Fmedia&parent=2903"}],"wp:term":[{"taxonomy":"category","embeddable":true,"href":"http:\/\/www.movimientocaamanista.com\/index.php?rest_route=%2Fwp%2Fv2%2Fcategories&post=2903"},{"taxonomy":"post_tag","embeddable":true,"href":"http:\/\/www.movimientocaamanista.com\/index.php?rest_route=%2Fwp%2Fv2%2Ftags&post=2903"}],"curies":[{"name":"wp","href":"https:\/\/api.w.org\/{rel}","templated":true}]}}