{"id":2909,"date":"2020-09-19T21:19:50","date_gmt":"2020-09-19T21:19:50","guid":{"rendered":"http:\/\/www.movimientocaamanista.com\/?p=2909"},"modified":"2020-10-13T23:39:28","modified_gmt":"2020-10-13T23:39:28","slug":"ante-el-recambio-electoral-y-el-reacomodamiento-politico-de-las-cupulas-capitalistas","status":"publish","type":"post","link":"http:\/\/www.movimientocaamanista.com\/?p=2909","title":{"rendered":"ANTE  EL RECAMBIO ELECTORAL Y  EL REACOMODAMIENTO POL\u00cdTICO DE LAS C\u00daPULAS CAPITALISTAS"},"content":{"rendered":"\n<p>En la reci\u00e9n pasada coyuntura electoral se ha producido un cambio electoral a favor del Partido Revolucionario Moderno (PRM), el fin de 20 a\u00f1os de gobierno del Partido de la Liberaci\u00f3n Dominicana (PLD) y el establecimiento de un nuevo r\u00e9gimen presidido por el pol\u00edtico-empresario Luis Abinader, fuertemente tutelado por el poder imperialista estadounidense y el gran empresariado local.<\/p>\n\n\n\n<p>Ese cambio no ha implicado alteraci\u00f3n del \u201cpoder permanente\u201d detentado por los grandes capitalistas, ni en su contexto han tenido lugar variaciones significativas en el car\u00e1cter de la crisis integral (sanitaria, econ\u00f3mica, social ambiental\u2026) que afecta al pa\u00eds y su actual manipulaci\u00f3n desde la alianza dominante-gobernante, est\u00e1 en marcha m\u00e1s bien un reacomodamiento de una gran parte de sus componentes empresariales hacia el nuevo gobierno y hacia las instituciones controladas ahora mayoritariamente por el PRM.<\/p>\n\n\n\n<p>Es un cambio de un partido y de una alianza pol\u00edtico- social de derecha por otra de la misma esencia con no pocos factores comunes: con fuertes conexiones con la clase dominante  local, absolutamente dependiente de EEUU y del imperialismo occidental, e impregnado de la concepci\u00f3n neoliberal o neo-conservadora predominante en el contexto de la manipulaci\u00f3n sist\u00e9micas de la presente multi-crisis capitalista.<\/p>\n\n\n\n<p><strong>\u2022 FACTORES DETERMINANTES DEL RECAMBIO POL\u00cdTICO-ELECTORAL.<\/strong><\/p>\n\n\n\n<p>En el cambio de gobierno fue determinante el repudio acumulado en gran parte de la sociedad contra el r\u00e9gimen peledeista, convertido en una dictadura constitucional mafiosa impopular. El pueblo se hart\u00f3 de tanta corrupci\u00f3n y tanto abuso de poder. Pero no solo. Tambi\u00e9n gravit\u00f3 con fuerza el inter\u00e9s de sectores poderosos del pa\u00eds y del exterior en producir un recambio sist\u00e9mico que frenara la tendencia a una crisis de gobernabilidad y a la desestabilizaci\u00f3n institucional; necesidad que en fin de cuentas fue asumida por el poder imperialista estadounidense, el cual reforz\u00f3 con ese prop\u00f3sito su intervenci\u00f3n en el proceso electoral dominicano.<\/p>\n\n\n\n<p>Finalmente prim\u00f3 el  rechazo, el voto en contra, acompa\u00f1ado de una abstenci\u00f3n pr\u00f3xima al 50% de los electores\/as, la cual parcialmente implica una significativa desconfianza de sectores populares en el sistema tradicional de partidos. Prim\u00f3 sobre todo el rechazo a la corrupci\u00f3n y a la impunidad morada de dos d\u00e9cadas, canalizado a trav\u00e9s de PRM y aliados, en el marco de un sistema electoral controlado por dos opciones de derecha; una de ellas aupada por la Administraci\u00f3n Trump; hecho pol\u00edtico que result\u00f3 determinante para impedir el fraude electoral del oficialismo en mayor escala y evitar la imposici\u00f3n traum\u00e1tica del continuismo. <\/p>\n\n\n\n<p>M\u00e1s que ganar Abinader y el perremeismo, perdi\u00f3 el PLD-Gobierno-Estado; y en ese resultado electoral tuvo mucho m\u00e1s que ver el  impacto de Marcha Verde y los movimientos sociales y pol\u00edticos-sociales en lucha contra la corrupci\u00f3n y la impunidad, que el rol ambiguo, timorato y hasta complice de las derechas pol\u00edticas opositoras.<\/p>\n\n\n\n<p>A la luz de estos resultados la conciencia acumulada a favor del fin de la impunidad continua operando como un factor de presi\u00f3n multitudinaria que el nuevo gobierno no puede desconocer, sino que m\u00e1s bien tiende a cooptar, mediatizar y usar como recurso de legitimidad. De ah\u00ed todo lo relativo a  la designaci\u00f3n de Miriam Germ\u00e1n como Procuradora General de la Rep\u00fablica, las declaraciones a favor de una JCE independiente, las denuncias de irregularidades y la supresi\u00f3n de entidades estatales supernumerarias y de una parte de las botellas.<\/p>\n\n\n\n<p>En este nuevo contexto el Presidente Abinader y la nueva c\u00fapula gubernamental pretenden aparecer como impulsores de una \u201cjusticia independiente\u201d, para responsabilizar a otros y otras de lo que realmente pueda pasar con la corrupci\u00f3n pasada; a plena conciencia de que hay muchas trabas y contaminaciones a lo largo y ancho del sistema judicial.<\/p>\n\n\n\n<p>La Procuradur\u00eda General es solo un componente importante de un Ministerio Publico significativamente infectado por el gobierno desplazado y por oficinas de abogados al servicio del capital privado y de las mafias; una instancia que solo puede sustentar los expedientes acusatorios llamados a cursar por un tren judicial sumamente contaminado por los mismos factores de poder.<\/p>\n\n\n\n<p>La verdad es que no pocos tribunales de primera instancias, sino tambi\u00e9n no pocas cortes intermedias y altas cortes, entre las que sobresale la  SUPREMA, est\u00e1n al servicio de la  impunidad. Y ya aparecen las primeras se\u00f1ales de que a la propia Miriam Germ\u00e1n, que no es todo el MP, menos aun el Poder Judicial, hay quienes procuran limitarla. A esto se agrega todo los efectos del fracaso de la justicia a distancia o por v\u00eda virtual y las trabas para combinar eficazmente y con rigor sanitario un modelo que combine ambas vertientes.<\/p>\n\n\n\n<p>Esta situaci\u00f3n ha generado un movimiento contestatario de profesionales del derecho, que de profundizarse y enfrentar las lacras del sistema, podr\u00eda en perspectiva contribuir a las transformaciones estructurales que requiere ese poder del Estado, a los compases de nuevos impulsos hacia  la conformaci\u00f3n de un nuevo Poder Constituyente.<\/p>\n\n\n\n<p>En tales circunstancias, es pertinente meterle aun mayor presi\u00f3n al nuevo r\u00e9gimen, desplegando fuertes y ascendentes emplazamientos por el fin de la impunidad y del sistema que la cobija; a conciencia de que no se trata de un mal epis\u00f3dico o coyuntural, sino de un grave problema institucional, sist\u00e9mico y estructural; que requiere transformaciones profundas que trascienden o sobrepasan este orden constitucional basado en la Constituci\u00f3n del 2010.<\/p>\n\n\n\n<p><strong>\u2022 CARACTERISTICAS DEL NUEVO GOBIERNO.<\/strong><\/p>\n\n\n\n<p>El nuevo gobierno est\u00e1 montado sobre la m\u00e1s grave e integral de las crisis del capitalismo mundial en toda su historia y sobre su expresi\u00f3n concreta en este pa\u00eds y esta isla, desnudada por una pandemia manipulada por los grandes centros de decisi\u00f3n del imperialismo estadounidense, con lo que se procura un reacomodo de las grandes corporaciones y ciertas variaciones en los grados de hegemon\u00eda y concentraci\u00f3n de riqueza y poder dentro del sistema mundial. <\/p>\n\n\n\n<p>Esto tiene lugar en el marco  de la permanente ejecuci\u00f3n de las nuevas reglas y modalidades de la guerra imperialista bajo el mando de EE.UU, con la que esa superpotencia  en decadencia, afectada por un grave deterioro interno y una p\u00e9rdida de hegemon\u00eda, emplea su agresiva pol\u00edtica exterior y el poder\u00edo militar que conserva para intentar contener la declinaci\u00f3n de su poder mundial.<\/p>\n\n\n\n<p>Procede reiterar que el gobierno que preside Luis Abinader es un gobierno totalmente subordinado a EE.UU y con un fuerte peso a su interior de los principales grupos del gran capital privado transnacional y local, entre ellos el Grupo Vicini y  corporaciones mineras, farmac\u00e9uticas e inform\u00e1ticas. <br> El propio Jefe de Estado, que mas bien asume el papel de nuevo Gobernador de Colonia, ha definido las relaciones con EU como \u201cespeciales\u201d, en el sentido de especialmente dependientes; esgrimiendo razones (tema migratorio, socio comercial de alto volumen\u2026), que bien deber\u00edan tenerse presente, por ejemplo, para darle un trato respetuoso al pueblo haitiano y no seguir protegiendo la imposici\u00f3n de una concepci\u00f3n racista-anti-haitiana que inunda las instituciones, la partidocracia y el poder empresarial.<\/p>\n\n\n\n<p>El  gabinete de esta administraci\u00f3n perremeista es de por s\u00ed muy elocuente, porque ha sido estructurado con un fuerte componente empresarial directo y con tecn\u00f3cratas al servicio de esas fuerzas y bajo el paragua del globalismo neoliberal impuesto por las grandes potencias del Hemisferio Occidental y del tristemente c\u00e9lebre Mundo Libre. Las recientes \u201cdeclaraciones juradas de bienes\u201d del Presidente y sus ministros han sido muy reveladoras del car\u00e1cter empresarial del nuevo r\u00e9gimen. El poder de decisi\u00f3n del mismo se concentra en el Presidente-Empresario, los dos ministros de la Presidencia (empresarios tambi\u00e9n, uno de ellos pieza relevante del Grupo Vicini), la misma tecnocracia del Banco Central encabezada por Valdez Albizu, el Ministerio de Hacienda (tecn\u00f3crata de la escuela neo-conservadora) y en el nuevo Canciller, quien ha dise\u00f1ado una pol\u00edtica exterior que parece confeccionada en la Casa Blanca. Lo de la pol\u00edtica exterior es tan ominoso y com\u00fan a toda esta \u201cclase pol\u00edtica\u201d entreguista, que al tiempo de comprometer al pa\u00eds con la agresi\u00f3n contra Venezuela y enfriar al m\u00e1ximo posible las relaciones con China, Rusia y Cuba, han privado al pa\u00eds de las colaboraciones eficaces de esos pa\u00edses en el tema pandemia\u2026 todo por miedo a EEUU.<\/p>\n\n\n\n<p>A su vez un negocio formalmente llamado \u201cindustria tur\u00edstica\u201d, temporalmente desplomado, est\u00e1 siendo impulsado a contrapelo de una pandemia activa a nivel global y nacional, porque conserva su activa matriz de apropiaci\u00f3n de valiosos componentes del patrimonio natural del pa\u00eds y puede producir los beneficios derivados de la especulaci\u00f3n en bienes ra\u00edces. El mismo est\u00e1 ahora bajo el mando David Collado, representante de Juan Bautista Vicini. Adicionalmente vuelven a tener presencia en el tren gubernamental las pr\u00e1cticas partidocr\u00e1ticas que implican cuotas y repartos, ahora en favor del PRM y partidos aliados, incluido aquellos premiados por sus recientes virajes oportunistas. En fin, en este gobierno las \u00e1reas institucionales de pol\u00edtica social o econ\u00f3mica y cargos pol\u00edticos con tono progresistas o independientes son marginales y est\u00e1n en minor\u00eda en los mecanismos colegiados y no son determinantes. <\/p>\n\n\n\n<p>Esos factores habr\u00e1n de operar -junto a algunas importantes iniciativas judiciales anticorrupci\u00f3n (con limites pre-establecidos y destinos inciertos)- como adornos a favor de una buena imagen temporal, que ya comienza a deteriorarse ante la primeras se\u00f1ales de protecci\u00f3n de la corrupci\u00f3n empresarial, presiones clientelistas, reparto de cuotas, nuevas modalidades de nepotismo y opulencia propia de un gobierno con muchos funcionarios pertenecientes al club de los enriquecidos y con fuerte presencia directa de la propia c\u00fapula capitalista.<\/p>\n\n\n\n<p>En otro orden la tan cacareada transparencia no ha tardado en comenzar a empa\u00f1arse con tres casos relevantes que tocan medularmente al propio Presidente Abinader.<\/p>\n\n\n\n<p>Uno se refiere al significado y las implicaciones de todo lo relacionado con las sorpresivas relaciones del Presidente Abinader con la corporaci\u00f3n TESLA, propiedad del controversial magnate ELON MUSK,  manifiesta en la promoci\u00f3n de su l\u00ednea de autom\u00f3viles el\u00e9ctricos a los compases del uso de uno de sus modelos como carro presidencial y los anuncios de modernizaci\u00f3n  de flotas y de ciertas transformaciones tecnol\u00f3gicas en algunas \u00e1reas del transporte. <\/p>\n\n\n\n<p>Otro se relaciona con la designaci\u00f3n de Samuel Pereyra Rojas, ex responsable de finanzas de la campa\u00f1a presidencial de Luis Abinader, como Administrador del Banco de Reservas; por dem\u00e1s involucrado junto a su t\u00edo, el ex Senador Luis Ren\u00e9 Rojas Canaan, en la canalizaci\u00f3n de los sobornos correspondiente a la compra-estafa de los SUPERTUCANOS, cuyo m\u00e1ximo responsable es Leonel Fern\u00e1ndez,  quien es tratado con delicada benevolencia por la alta direcci\u00f3n del PRM y por el nuevo gobierno.<\/p>\n\n\n\n<p>Y el tercero: la cena pro-impunidad de Santiago, efectuada en la residencia del magnate cibae\u00f1o Manuel Estrella, implicado en la corrupci\u00f3n de ODEBRECHT.<\/p>\n\n\n\n<p><strong>\u2022 NUEVA CORRELACI\u00d3N DE FUERZA A NIVEL CONGRESUAL.<\/strong><\/p>\n\n\n\n<p>La amplia mayor\u00eda reflejada en las elecciones presidenciales se expres\u00f3 tambi\u00e9n en la congresuales; y, previamente, aunque en menor medida, en las municipales. El PRM pas\u00f3 a ser fuerza dominante en las principales Alcald\u00edas y en ambas C\u00e1maras de la Asamblea Legislativa; en mayor grado aun, si se le suman sus aliados. En esas instancias estatales, pese a darse casos relevantes de representaciones prestigiosas, la mayor\u00eda de la mayor\u00eda no difiere, en tanto v\u00ednculos sociales, ideolog\u00eda y posiciones pol\u00edticas de la que predominan a nivel del Gobierno Central y sus instituciones aut\u00f3nomas.<\/p>\n\n\n\n<p>Respecto a la nueva composici\u00f3n del Congreso ya estamos viendo lo que est\u00e1 pasando con el C\u00f3digo Penal y las tres causales relacionadas con el aborto terap\u00e9utico, recientemente excluidas del mismo; al tiempo que la concepci\u00f3n patriarcal machista gravita con fuerza al interior del Estado y del propio PRM, m\u00e1s all\u00e1 de sus pronto olvidadas promesas electorales en esa materia.<\/p>\n\n\n\n<p>Mientras Pacheco, desde la Presidencia de la C\u00e1mara de Diputados, asume el liderazgo del clientelismo perremeista que entiende al Estado como patrimonio de sus militantes y activistas electorales, generando fracturas que tienden a caotizar la gesti\u00f3n estatal del PRM.<\/p>\n\n\n\n<p><strong>\u2022 LA NUEVA DIMENSI\u00d3N Y LOS PROP\u00d3SITOS DE LAS ALIANZAS P\u00daBLICO-PRIVADAS.<\/strong><\/p>\n\n\n\n<p>Algo muy grave, frente a lo que hay que alertar en voz alta y situarlo como un blanco de ataque de primer orden, es la dimensi\u00f3n  y el car\u00e1cter que le est\u00e1 dando el nuevo Gobierno al tema de las Alianzas o Asociaciones Publicas-Privadas (APP).<\/p>\n\n\n\n<p>Las APP no son cosas nuevas. Ellas nacen con el  neoliberalismo y su  impronta privatizadora y desnacionalizadora. Aquella \u201ccapitalizaci\u00f3n\u201d que se us\u00f3 a ra\u00edz del primer gobierno del \u00a8PLD-Leonel, es hermanita de las llamadas \u201casociaciones p\u00fablicas-privadas\u201d. Ambas son hijas de la recolonizaci\u00f3n neoliberal. La envoltura puede variar, pero se trata de privatizar parcialmente  patrimonios p\u00fablicos establecidos o compartir Estado y capital privado nuevas proyectos en \u00e1reas estrat\u00e9gicas que deber\u00edan ser p\u00fablicas o de propiedad social.<\/p>\n\n\n\n<p>Lo nuevo, y mucho m\u00e1s grave en esta vertiente, es el volumen que se le est\u00e1 dando y su direccionalidad hacia la apropiaci\u00f3n y control de puntos y \u00e1reas claves del territorio y el patrimonio natural del pa\u00eds en costas, terrenos y enclaves de enorme valor inmobiliario, verdaderos tesoros naturales; y hacia la apropiaci\u00f3n de servicios estrat\u00e9gicos altamente sensibles para la seguridad del pa\u00eds y la vida de sus pobladores.<\/p>\n\n\n\n<p>En ese orden ya se est\u00e1 hablando de una nueva \u201cvisi\u00f3n de Estado\u201d, de una nueva manera de \u201creformar el Estado\u201d y cuando se sugiere que la Autov\u00eda del Ambar (Circunvalaci\u00f3n Santiago a Puerto Plata) sea  construida bajo el influjo de esa visi\u00f3n, se refiere  a la construcci\u00f3n de una autopista estatal-privada, de un negocio con ambos actores y un gran beneficiario. <\/p>\n\n\n\n<p>En el discurso oficial sobre ese tema -compartido e impulsado febrilmente por todo su componente empresarial y gran parte de su tecnocracia y su bancada legislativa-  est\u00e1 claro que esa visi\u00f3n sobre el Estado es una visi\u00f3n empresarial-capitalista de la pol\u00edtica, con un fondo pro-colonialista.<\/p>\n\n\n\n<p>El propio Presidente Abinader, empresario y pol\u00edtico, anuncia que esa f\u00f3rmula se aplicar\u00e1 en el transporte a\u00e9reo y mar\u00edtimo, agua, energ\u00eda, salud y educaci\u00f3n, \u00e1reas m\u00e1s que estrat\u00e9gicas. A lo que se le suma toda la intenci\u00f3n del asalto al suelo, subsuelo y sobresuelo del pa\u00eds, en la l\u00f3gica de de una acumulaci\u00f3n capitalista altamente concentrada y especulativa; para lo que el gobierno estima disponible un total de unos 1,500 millones de d\u00f3lares, procedente de pr\u00e9stamos y fondos privados. En lo especulativo entra el turismo con sus negocios de bienes ra\u00edces junto al proceso del endeudamiento de un Estado quebrado por la pandemia, de un gobierno presto a tirarse en brazos del FMI y el BM, y de sus socios privados proclives a coger prestado con las garant\u00edas de las riquezas del pa\u00eds sin realmente invertir. En ese tenor se ha anunciado la colocaci\u00f3n de bonos aqu\u00ed y en el exterior por un valor de 3,500 millones de d\u00f3lares. <\/p>\n\n\n\n<p>V\u00eda las APP nos anuncian tambi\u00e9n mayores niveles de privatizaci\u00f3n de fuentes de agua y del sistema energ\u00e9tico. M\u00e1s puertos, aeropuertos, carreteras, plantas o entidades el\u00e9ctricas, centros de salud y educaci\u00f3n concebidos como negocios privados con el Estado como socio subordinado.  <br> Esto as\u00ed, porque el gran capital privado transnacional y local no concibe otro tipo de asociaci\u00f3n, por m\u00e1s que se insista en vestir a los lobos de ovejas y de presentar como futuro maravilloso un proyecto de profundizaci\u00f3n de la recolonizaci\u00f3n a costa de la vida de este pueblo y esta isla.<\/p>\n\n\n\n<p>El agua, que vale m\u00e1s que el oro y que es un bien com\u00fan &#8211;  ya amenazada de ser convertida en negocio privado especulativo por la ley del agua y por el impacto de las concesiones mineras en las proximidades de sus fuentes-  a confesi\u00f3n de este nuevo gobierno ser\u00e1 una de las presas codiciadas de las asociaciones p\u00fablico-privadas. INAPA ser\u00e1 el primer blanco de ese ataque, tal y como se ha develado a luz de las cr\u00edticas a la designaci\u00f3n de Winston Arnaud, previa modificaci\u00f3n de la ley y presente el argumento de implementar alianzas p\u00fablico-privada desde esa entidad. <\/p>\n\n\n\n<p>En fin, lo que  se deber\u00eda desprivatizar, va a crecer sobre la base de m\u00e1s presencia del capital privado y un fuerte endeudamiento. <\/p>\n\n\n\n<p>Y todav\u00eda el gobierno no ha hablado de la miner\u00eda, pero todo indica que el programa minero est\u00e1 en la \u201cgatera\u201d y que van a intentar darle permiso de explotaci\u00f3n a corporaciones tipo UNIGOLD, GOLD QUEST y  la propia BARRICK en su plan de extensi\u00f3n hacia la Sierra de los Siete Picos, con todas sus funestas consecuencias ambientales.<\/p>\n\n\n\n<p>Todo esto va de la mano de la militarizaci\u00f3n de la pol\u00edtica y del control militar-policial del territorio, en detrimento de las libertades y derechos fundamentales.<\/p>\n\n\n\n<p><strong>\u2022 EL ALLANTE COMO POL\u00cdTICA INSTITUCIONALIZADA.<\/strong><\/p>\n\n\n\n<p>Vale decir, luego de esta descripci\u00f3n de las  esencias de CAMBIO prometido, que esta nueva gesti\u00f3n de gobierno, en inter\u00e9s de ocultar sus entra\u00f1as y engatusar a una gran parte de la sociedad, ha recurrido a la conversi\u00f3n del allante, el pantallazo, el uso de la mercadolog\u00eda pol\u00edtica, el impacto publicitario, la promoci\u00f3n mentirosa, la virtualidad que reemplaza la realidad por la proyecci\u00f3n imaginaria\u2026en POLITICA SUPREMA ALIENANTE.<\/p>\n\n\n\n<p>Auguramos, sin embargo, que en crisis de estas dimensiones y profundidades,  el empleo del poder medi\u00e1tico con esa modalidad, al chocar progresivamente con la realidad, posibilita desmontar la farsa virtual y derrotar el impacto confusionista  que produce ese bombardeo ideol\u00f3gico.<\/p>\n\n\n\n<p><strong>\u2022 LA PANDEMIA: BIEN GRACIAS. <\/strong><\/p>\n\n\n\n<p>En verdad el nuevo gobierno, pese al reconocimiento formal de que enfrentar, controlar y revertir la COVID 19 deber\u00eda ser la tarea prioritaria, en los hechos no ha actuado as\u00ed.<\/p>\n\n\n\n<p>Es poco lo que se ha avanzado.<\/p>\n\n\n\n<p>Se sigue culpando al pueblo sin que se sientan los esfuerzos educativos que permitan superar las violaciones a las normas sanitarias. La descentralizaci\u00f3n y el aumento de las pruebas no fluyen con la celeridad debida. El uso de las mascarillas presenta carencias y malos empleos relativamente f\u00e1ciles de superar.<\/p>\n\n\n\n<p>La OMS, comprometida con la farma-corporaci\u00f3n, sigue imponiendo protocolos que descartan tratamiento y procedimientos que han probado cierta eficacia. No se practican los cercos sanitarios en los principales focos de infecci\u00f3n y se insiste en un toque de queda  generales poco efectivo. Siguen siendo alarmantes la letalidad, la positividad y la expansi\u00f3n del contagio.<\/p>\n\n\n\n<p>Es notorio que no se quiera entender que todo lo relativo a las actividades econ\u00f3micas depende de la eficacia en el campo de la salud colectiva, a la que evidentemente se le presta menos atenci\u00f3n y se le asignan menos recursos que a todo lo dem\u00e1s, incluido la suma de fanfarrias y anuncios de inversiones alrededor de las Alianzas Publico-Privadas, las ayudas al turismo, a las universidades privadas, la visitas de fin de semana\u2026<\/p>\n\n\n\n<p>El costo en salud de la atadura a las imposiciones de EE.UU, se ha traducido en renuncias a valiosas cooperaciones de Estados discriminados por esa potencia imperial.<\/p>\n\n\n\n<p><strong>\u2022 EL MC ANTE EL NUEVO REGIMEN.<\/strong><\/p>\n\n\n\n<p>Nuestro Movimiento Caama\u00f1ista (MC) proclama su determinaci\u00f3n de darle continuidad a la lucha por el fin de la corrupci\u00f3n y la impunidad, entendidos como males estructurales. <\/p>\n\n\n\n<p>Se compromete a conjugar sus esfuerzos y combates con todos los movimientos sociales en lucha y frente a todas las medidas de pol\u00edtica nacional e internacional del nuevo gobierno y su cuerpo legislativo destinadas a cargar la crisis sobre el pueblo humilde y sectores medios y a favorecer la degradante  pol\u00edtica de EEUU a escala global.<\/p>\n\n\n\n<p>\u2022    Exigiremos que la crisis la paguen los poderosos y rechazaremos las intervenciones del Banco Mundial y el FMI para imponer endeudamientos onerosos y degradantes para financiar iniciativas antinacionales.<\/p>\n\n\n\n<p>\u2022    Estamos radicalmente opuestos hacerles nuevas concesiones al gran capital privado transnacional y local. <br>               -Opuestos a negar derechos inalienables.<br>               &#8211; Opuestos a  que se siga actuando para agravar la ya peligrosa crisis ambiental.<br>                &#8211; Opuestos al asalto a las riquezas del pa\u00eds que implica pol\u00edtica de Alianza P\u00fablico-Privada (APP) anunciada por este gobierno.  \u00a1Situaremos este tema como asunto crucial!<\/p>\n\n\n\n<p>\u2022    Vamos a enfrentar el PLAN MINERO que quieren imponer las corporaciones del ramo.<br>             -A exigir la desprivatizaci\u00f3n de la salud y la seguridad social, comenzando por eliminar las ARS y AFP privadas, y defendiendo la necesidad de un sistema \u00fanico y universal de salud gratuito.<br>             -A respaldar las tres causales y los derechos  de nuestras mujeres, ni\u00f1as y adolescentes.<\/p>\n\n\n\n<p>\u2022    Rechazaremos todo freno o mediatizaci\u00f3n de los procesos judiciales destinados a sancionar los corruptos y a recuperar lo robado.<\/p>\n\n\n\n<p>\u2022    Defenderemos a muerte la soberan\u00eda nacional y popular cada vez m\u00e1s conculcadas.<\/p>\n\n\n\n<p>\u2022    Propugnaremos por una pol\u00edtica internacional independiente y por la revocaci\u00f3n de los acuerdos internacionales que nos hacen c\u00f3mplices de los planes de agresi\u00f3n de EEUU a Venezuela y a los procesos soberanos en Nuestra Am\u00e9rica y en el mundo; que nos comprometen con la hostilidad imperialista o los distanciamientos respecto a Cuba, China, Rusia y dem\u00e1s pa\u00edses fuera de la \u00f3rbita imperialista.<\/p>\n\n\n\n<p>Y en ese tenor, vinculando esos y otros reclamos, esos y otros posicionamientos pol\u00edticos, a  la necesidad de un CAMBIO RADICAL, de un cambio real, reiteramos nuestro compromiso junto a la IZQUIERDA REVOLUCIONARIA-IR  y MANDO de impulsar el Proceso Constituyente e incorporar m\u00e1s fuerzas  para crear Poder Constituyente  y organizar, que en el contexto de profundas transformaciones pol\u00edticas y sociales, organice una ASAMBLEA CONTITUYENTE POPULAR Y SOBERANA,  que sustituya la Constituci\u00f3n del 2010 y dote al pa\u00eds de una Constituci\u00f3n verdaderamente democr\u00e1tica, inspirada en la de 1963.<\/p>\n\n\n\n<p>POR LA COORDINACI\u00d3N CENTRAL DEL MOVIMIENTO CAAMA\u00d1ISTA:<br> Narciso Isa Conde, Rafael F\u00e9lix, Elisabeth Mej\u00eda, Ra\u00fal Guerrero Y Rafael Jim\u00e9nez Abad<\/p>\n","protected":false},"excerpt":{"rendered":"<p>En la reci\u00e9n pasada coyuntura electoral se ha producido un cambio electoral a favor del Partido Revolucionario Moderno (PRM), el fin de 20 a\u00f1os de gobierno del Partido de la Liberaci\u00f3n Dominicana (PLD) y el establecimiento de un nuevo r\u00e9gimen presidido por el pol\u00edtico-empresario Luis Abinader, fuertemente tutelado por el poder imperialista estadounidense y el [&hellip;]<\/p>\n","protected":false},"author":1,"featured_media":228,"comment_status":"open","ping_status":"open","sticky":false,"template":"","format":"standard","meta":{"footnotes":""},"categories":[24,5,16],"tags":[],"_links":{"self":[{"href":"http:\/\/www.movimientocaamanista.com\/index.php?rest_route=\/wp\/v2\/posts\/2909"}],"collection":[{"href":"http:\/\/www.movimientocaamanista.com\/index.php?rest_route=\/wp\/v2\/posts"}],"about":[{"href":"http:\/\/www.movimientocaamanista.com\/index.php?rest_route=\/wp\/v2\/types\/post"}],"author":[{"embeddable":true,"href":"http:\/\/www.movimientocaamanista.com\/index.php?rest_route=\/wp\/v2\/users\/1"}],"replies":[{"embeddable":true,"href":"http:\/\/www.movimientocaamanista.com\/index.php?rest_route=%2Fwp%2Fv2%2Fcomments&post=2909"}],"version-history":[{"count":1,"href":"http:\/\/www.movimientocaamanista.com\/index.php?rest_route=\/wp\/v2\/posts\/2909\/revisions"}],"predecessor-version":[{"id":2910,"href":"http:\/\/www.movimientocaamanista.com\/index.php?rest_route=\/wp\/v2\/posts\/2909\/revisions\/2910"}],"wp:featuredmedia":[{"embeddable":true,"href":"http:\/\/www.movimientocaamanista.com\/index.php?rest_route=\/wp\/v2\/media\/228"}],"wp:attachment":[{"href":"http:\/\/www.movimientocaamanista.com\/index.php?rest_route=%2Fwp%2Fv2%2Fmedia&parent=2909"}],"wp:term":[{"taxonomy":"category","embeddable":true,"href":"http:\/\/www.movimientocaamanista.com\/index.php?rest_route=%2Fwp%2Fv2%2Fcategories&post=2909"},{"taxonomy":"post_tag","embeddable":true,"href":"http:\/\/www.movimientocaamanista.com\/index.php?rest_route=%2Fwp%2Fv2%2Ftags&post=2909"}],"curies":[{"name":"wp","href":"https:\/\/api.w.org\/{rel}","templated":true}]}}