{"id":2917,"date":"2020-09-19T21:32:18","date_gmt":"2020-09-19T21:32:18","guid":{"rendered":"http:\/\/www.movimientocaamanista.com\/?p=2917"},"modified":"2020-09-19T21:32:20","modified_gmt":"2020-09-19T21:32:20","slug":"las-estadisticas-economicas-y-la-incapacidad-predictiva","status":"publish","type":"post","link":"http:\/\/www.movimientocaamanista.com\/?p=2917","title":{"rendered":"Las estad\u00edsticas econ\u00f3micas y la incapacidad predictiva"},"content":{"rendered":"\n<p>Alejandro Marc\u00f3 del Pont<\/p>\n\n\n\n<p>Fuente: <a href=\"https:\/\/rebelion.org\/las-estadisticas-economicas-y-la-incapacidad-predictiva\/\">Rebeli\u00f3n<\/a><\/p>\n\n\n\n<p>\u00ab<em>La \u00fanica funci\u00f3n de la predicci\u00f3n econ\u00f3mica es hacer que la astrolog\u00eda parezca algo m\u00e1s respetable\u201d &nbsp;<a rel=\"noreferrer noopener\" href=\"https:\/\/es.wikipedia.org\/wiki\/John_Kenneth_Galbraith\" target=\"_blank\">J. K. Galbraith<\/a><\/em><\/p>\n\n\n\n<p>\u00ab<em>Si torturas los datos durante suficiente tiempo, confesar\u00e1n lo que sea\u201d.<\/em>&nbsp;<em>Ronald Coas<\/em><\/p>\n\n\n\n<p>Es muy com\u00fan que existan burlas a los economistas, y m\u00e1s cuando involucran predicciones y estad\u00edsticas. La m\u00e1s habitual es \u201c<em>pedirle el n\u00famero de tel\u00e9fono a un economista y que te d\u00e9 un estimado<\/em>\u201d. Hasta 2008 la econom\u00eda, a fuerza de enga\u00f1os, hab\u00eda logrado que el mundo aceptara un par de fantas\u00edas: en principio, que los modelos matem\u00e1ticos serv\u00edan como predictores de indicadores futuros, y como resultado de esta premisa, quedaba en evidencia que la econom\u00eda era una ciencia superior a sus hermanas, las ciencias sociales, dada su capacidad de anticipar eventos.<\/p>\n\n\n\n<p>Esta idea se apoya en el hecho que la econom\u00eda, al utilizar modelos matem\u00e1ticos, indicadores estad\u00edsticos y algoritmos financieros, puede anticipar movimientos, y, m\u00e1s a\u00fan, no solo preverlos sino fijar algunas leyes apoyadas en el \u201crigor\u201d de estos modelos. La conclusi\u00f3n y aspiraci\u00f3n de esta l\u00f3gica ortodoxa es la de discriminar a la econom\u00eda de las ciencias sociales, pero, por sobre todo, desprestigiar a estas \u00faltimas por no utilizar instrumentos duros, teniendo que explicar los hechos del contexto para esclarecer un indicador.<\/p>\n\n\n\n<p>Esta capacidad de predicci\u00f3n lleg\u00f3 a su fin en 2008, cuando todos se sorprendieron de la incompetente clarividencia econ\u00f3mica para alertar acerca de una de las crisis econ\u00f3micas m\u00e1s brutales de la historia. Cuando ese a\u00f1o se inaugur\u00f3 el nuevo edificio de la prestigiosa London School of Economics, la reina Isabel II de Inglaterra le pregunt\u00f3 a los economistas presentes c\u00f3mo era posible que los expertos en econom\u00eda no hubieran previsto la crisis, c\u00f3mo nadie advirti\u00f3 esta ca\u00edda. La respuesta, el fin de las profec\u00edas.<\/p>\n\n\n\n<p>Lo cierto es que, al contrario de lo que se piensa, las ciencias sociales no solo utilizan indicadores, estad\u00edsticas y datos matem\u00e1ticos, sino que su interpretaci\u00f3n de basa en explicar los hechos del entorno, que son, en definitiva, los que realmente le dan apoyo a una sucesi\u00f3n de preguntas que nos aproximan a una respuesta. \u00bfQu\u00e9 significa que el PBI haya ca\u00eddo un 2% o aumentado un 1.5%? Un n\u00famero por s\u00ed solo no aclarar el rumbo de un pa\u00eds. El mundo ha crecido a una tasa menor en los \u00faltimos a\u00f1os, \u00bfesto explica por qu\u00e9 ocho millonarios tienen los mismos ingresos que 3.600 millones de personas?<\/p>\n\n\n\n<p>Paul Krugman, en su reciente columna del New York Times,&nbsp;<a href=\"https:\/\/www.nytimes.com\/es\/2020\/09\/09\/espanol\/opinion\/trump-empleo-economia.html\">La miseria interna bruta est\u00e1 en ascenso<\/a>, nos dar\u00e1 una se\u00f1al de los hechos del contexto para interpretar los n\u00fameros y, m\u00e1s a\u00fan, las absurdas comparaciones interanuales de indicadores de meses normales del a\u00f1o anterior con un mundo en pandemia. Y arremete contra los \u00faltimos c\u00e1lculos preliminares que sugieren que el PBI de Estados Unidos&nbsp;<a href=\"https:\/\/www.calculatedriskblog.com\/2020\/09\/q3-gdp-forecasts.html\" target=\"_blank\" rel=\"noreferrer noopener\">ha crecido con rapidez<\/a>&nbsp;en el tercer trimestre, que termina en el mes de septiembre.<\/p>\n\n\n\n<p>Wall Street cerr\u00f3 su mejor agosto desde 1984 de la mano del crecimiento de las empresas tecnol\u00f3gicas. Sin embargo, el mercado burs\u00e1til no es la econom\u00eda:&nbsp;<a href=\"https:\/\/fred.stlouisfed.org\/series\/WFRBST01122\" target=\"_blank\" rel=\"noreferrer noopener\">m\u00e1s de la mitad<\/a>&nbsp;de todas las acciones, inversiones en fondos mutuos pertenecen&nbsp;<a href=\"https:\/\/fred.stlouisfed.org\/series\/WFRBST01122\">al 1% de los estadounidenses<\/a>, mientras que la mitad inferior de la poblaci\u00f3n solo posee un&nbsp;<a href=\"https:\/\/fred.stlouisfed.org\/series\/WFRBSB50203\" target=\"_blank\" rel=\"noreferrer noopener\">0,7%<\/a>&nbsp;del mercado. Los indicadores que tengan que ver con la econom\u00eda real, est\u00e1n apoyados sobre los rangos de ingresos medio que se encontrar\u00edan en el percentil debajo del 50%, como&nbsp;<a href=\"https:\/\/fred.stlouisfed.org\/release\/tables?rid=453&amp;eid=813804#snid=813876\">muestra la FED<\/a>, ya sea en la participaci\u00f3n en las hipotecas, los cr\u00e9ditos al consumo, etc.<\/p>\n\n\n\n<p><strong>Participaci\u00f3n de acciones corporativas y de fondos mutuos en manos del 1% superior (percentiles de riqueza 99 a 100)&nbsp;<\/strong><\/p>\n\n\n\n<figure class=\"wp-block-image\"><img decoding=\"async\" src=\"https:\/\/eltabanoeconomista.files.wordpress.com\/2020\/09\/wall-stret.png?w=1024\" alt=\"\"\/><\/figure>\n\n\n\n<p>Tanto el PBI como los empleos, entre otros, son m\u00e1s o menos la econom\u00eda, dependiendo c\u00f3mo se los tome. No obstante, quiz\u00e1s el trabajo sea m\u00e1s parte central de la econom\u00eda, porque con frecuencia, algunos economistas y muchos pol\u00edticos, olvidan que la econom\u00eda no tiene que ver, en esencia, con los datos, sino con la gente.&nbsp;<\/p>\n\n\n\n<p>La&nbsp;<a href=\"https:\/\/www.ituc-csi.org\/IMG\/pdf\/ituc_globalpoll_2020_en.pdf\">encuesta mundial&nbsp;anual&nbsp;<\/a>encargada por la Confederaci\u00f3n Sindical Internacional, con 200 millones de miembros, muestra que los trabajadores y sus familias viv\u00edan al l\u00edmite antes de la pandemia que detuvo al mundo. La encuesta, realizada en 16 pa\u00edses, que representan el 56% de la poblaci\u00f3n mundial, muestra la aterradora imagen que, en un mundo entonces sin COVID-19, ten\u00edan los trabajadores del futuro modelo neoliberal.<\/p>\n\n\n\n<p>La encuesta se levant\u00f3 en febrero y marzo del 2020 en Argentina, B\u00e9lgica, Brasil, Bulgaria, Canad\u00e1, Chile, China, Francia, Alemania, India, Jap\u00f3n, Rusia, Sud\u00e1frica, Corea del Sur, Reino Unido y Estados Unidos. Y muestra como principales preocupaciones la creciente desigualdad (69%) y la p\u00e9rdida de empleo (67%).&nbsp;Estas inquietudes surgen en un momento de 2020 cuando una de cada dos personas (52%) calificaba como mala la situaci\u00f3n econ\u00f3mica de su propio pa\u00eds. La encuesta revela que:<\/p>\n\n\n\n<ul><li>Casi la mitad (42%) de las personas piensa que es poco probable que la pr\u00f3xima generaci\u00f3n encuentre un trabajo decente.<\/li><li>M\u00e1s de un tercio (39%) ha experimentado directamente el desempleo o la reducci\u00f3n de las horas de trabajo en los \u00faltimos dos a\u00f1os, o alguien en su hogar los ha sufrido.<\/li><li>Tres cuartas partes (76%) dice que el salario m\u00ednimo no es suficiente para vivir<\/li><\/ul>\n\n\n\n<ul><li>Un tercio (33%) de las personas ha experimentado menos control sobre su elecci\u00f3n de un trabajo decente.<\/li><li>M\u00e1s de uno de cada cuatro (28%) tiene menos control sobre las horas que trabaja.<\/li><\/ul>\n\n\n\n<p>El empleo total no agr\u00edcola en n\u00f3mina aument\u00f3 en 1,4 millones en agosto y la tasa de desempleo cay\u00f3 al 8.4%, seg\u00fan inform\u00f3 la Oficina de Estad\u00edsticas Laborales de EE. UU. En agosto, la tasa de desempleo se redujo en 1.8%, del 10.2% al 8.4%, haciendo que el n\u00famero de desempleados bajara a 13.8 millones de personas. Como se ve, la cantidad de desempleados sigue bajando en los Estados Unidos, pero este mes a una tasa considerablemente menor que la de los meses anteriores, m\u00e1s a\u00fan si se considera que unos 350 mil son trabajos temporarios.<\/p>\n\n\n\n<p>Lo anterior significa que de abril a junio la econom\u00eda americana despidi\u00f3 a 51 millones de personas, y si bien se est\u00e1 recuperando y absorbi\u00f3 casi 38 millones de desempleados, la n\u00f3mina laboral est\u00e1 por debajo de los n\u00fameros que ten\u00eda en febrero de 2020 en 13 millones de personas. Cabe destacar la facilidad que tiene la econom\u00eda americana para expulsar trabajadores, la flexibilidad en sus contratos y las nuevas modalidades de negocios que traen aparejada esta uberisaci\u00f3n del convenio laboral.<\/p>\n\n\n\n<p>La situaci\u00f3n sigue siendo grave para los trabajadores m\u00e1s afectados. La ca\u00edda provocada por la pandemia afect\u00f3 de manera desproporcionada a los empleados del sector del ocio y el esparcimiento \u2014los restaurantes, por ejemplo\u2014, el empleo en ese sector sigue disminuyendo, es decir, perdieron su trabajo las personas que ten\u00edan a\u00fan antes de la crisis el menor rango salarial.&nbsp;<\/p>\n\n\n\n<p>Un hecho inquietante del informe laboral de agosto fue que los salarios promedio aumentaron, y aqu\u00ed s\u00ed ingresan los hechos del contexto, porque de otra forma la explicaci\u00f3n no tendr\u00eda sentido. Que el salario promedio haya aumentado no se trata de un error de imprenta, lo ser\u00eda si los trabajadores de bajos salarios m\u00e1s afectados por la crisis fueran contratados de nuevo, lo que har\u00eda que los promedios cayeran. Pero no es as\u00ed, no se los est\u00e1 contratando, el aumento de los salarios promedio es la se\u00f1al de que los que realmente necesitan trabajo no lo est\u00e1n consiguiendo. Los trabajos de menor paga quedan m\u00e1s y m\u00e1s fuera de la grilla salarial, por eso el promedio aumenta.<\/p>\n\n\n\n<p>La idea de la econom\u00eda predictiva se esfum\u00f3, y hay que empezar a explicar los hechos del contexto, porque detr\u00e1s de los n\u00fameros, desdichadamente, suele haber personas.<\/p>\n\n\n\n<p>@Eltabanoeconomi<\/p>\n","protected":false},"excerpt":{"rendered":"<p>Alejandro Marc\u00f3 del Pont Fuente: Rebeli\u00f3n \u00abLa \u00fanica funci\u00f3n de la predicci\u00f3n econ\u00f3mica es hacer que la astrolog\u00eda parezca algo m\u00e1s respetable\u201d &nbsp;J. K. Galbraith \u00abSi torturas los datos durante suficiente tiempo, confesar\u00e1n lo que sea\u201d.&nbsp;Ronald Coas Es muy com\u00fan que existan burlas a los economistas, y m\u00e1s cuando involucran predicciones y estad\u00edsticas. La m\u00e1s [&hellip;]<\/p>\n","protected":false},"author":1,"featured_media":1996,"comment_status":"open","ping_status":"open","sticky":false,"template":"","format":"standard","meta":{"footnotes":""},"categories":[4],"tags":[],"_links":{"self":[{"href":"http:\/\/www.movimientocaamanista.com\/index.php?rest_route=\/wp\/v2\/posts\/2917"}],"collection":[{"href":"http:\/\/www.movimientocaamanista.com\/index.php?rest_route=\/wp\/v2\/posts"}],"about":[{"href":"http:\/\/www.movimientocaamanista.com\/index.php?rest_route=\/wp\/v2\/types\/post"}],"author":[{"embeddable":true,"href":"http:\/\/www.movimientocaamanista.com\/index.php?rest_route=\/wp\/v2\/users\/1"}],"replies":[{"embeddable":true,"href":"http:\/\/www.movimientocaamanista.com\/index.php?rest_route=%2Fwp%2Fv2%2Fcomments&post=2917"}],"version-history":[{"count":1,"href":"http:\/\/www.movimientocaamanista.com\/index.php?rest_route=\/wp\/v2\/posts\/2917\/revisions"}],"predecessor-version":[{"id":2918,"href":"http:\/\/www.movimientocaamanista.com\/index.php?rest_route=\/wp\/v2\/posts\/2917\/revisions\/2918"}],"wp:featuredmedia":[{"embeddable":true,"href":"http:\/\/www.movimientocaamanista.com\/index.php?rest_route=\/wp\/v2\/media\/1996"}],"wp:attachment":[{"href":"http:\/\/www.movimientocaamanista.com\/index.php?rest_route=%2Fwp%2Fv2%2Fmedia&parent=2917"}],"wp:term":[{"taxonomy":"category","embeddable":true,"href":"http:\/\/www.movimientocaamanista.com\/index.php?rest_route=%2Fwp%2Fv2%2Fcategories&post=2917"},{"taxonomy":"post_tag","embeddable":true,"href":"http:\/\/www.movimientocaamanista.com\/index.php?rest_route=%2Fwp%2Fv2%2Ftags&post=2917"}],"curies":[{"name":"wp","href":"https:\/\/api.w.org\/{rel}","templated":true}]}}