{"id":3004,"date":"2020-09-30T00:29:38","date_gmt":"2020-09-30T00:29:38","guid":{"rendered":"http:\/\/www.movimientocaamanista.com\/?p=3004"},"modified":"2020-09-30T00:29:40","modified_gmt":"2020-09-30T00:29:40","slug":"una-izquierda-brasilena-que-se-resiste-a-unirse-para-derrotar-al-fascismo","status":"publish","type":"post","link":"http:\/\/www.movimientocaamanista.com\/?p=3004","title":{"rendered":"Una izquierda brasile\u00f1a que se resiste a unirse para derrotar al fascismo"},"content":{"rendered":"\n<p>Aram Aharonian<\/p>\n\n\n\n<p>Fuente: <a href=\"http:\/\/estrategia.la\/2020\/09\/27\/una-izquierda-brasilena-que-se-resiste-a-unirse-para-derrotar-al-fascismo\/\">Estrategia.la<\/a><\/p>\n\n\n\n<p>En un Brasil jaqueado por el coronavirus, la crisis econ\u00f3mica, social y sanitaria, y gobernado por el ultraderechista Jair Bolsonaro y su cohorte de militares y grandes empresarios bendecidos por Washington, el abanico progresista aparece fraccionado de cara a las elecciones municipales del 15 de noviembre, antesala de las presidenciales de 2022.<\/p>\n\n\n\n<p>Las municipales iban a ser en octubre, pero el Congreso aprob\u00f3 una enmienda constitucional por la pandemia para posponerlas al 15 de noviembre. Para los analistas, los comicios ser\u00e1n una forma de medir hasta d\u00f3nde llega el declive de una izquierda, que debe enfrentar en sus bastiones tradicionales \u2013como Rio de Janeiro- al discurso social de los poderosos partidos evang\u00e9licos, sost\u00e9n de la ultraderecha.<\/p>\n\n\n\n<p>El escenario pol\u00edtico para estas elecciones permanece sombr\u00edo y amenazador para las fuerzas progresistas en casi todo Brasil. Una nueva derrota, aun si fuera menor a la de 2016 ocurrida despu\u00e9s del golpe parlamentario contra la presidenta Dilma Rousseff, podr\u00eda ser a\u00fan m\u00e1s devastadora para los pr\u00f3ximos a\u00f1os.<\/p>\n\n\n\n<p>Pero hay candidatos de sectores progresistas locales que tienen \u201casegurada\u201d su elecci\u00f3n, y no parecen interesados en buscar la unidad en estas instancias municipales. &nbsp;\u201cNo hay unidad en la izquierda. Cada uno va a la suya\u201d, seg\u00fan Carlos Siqueira, presidente del Partido Socialista Brasile\u00f1o (PSB), sintetizando el&nbsp;&nbsp;intento frustrado de seis partidos de unificar los discursos en contra de Bolsonaro&nbsp;&nbsp;en las elecciones municipales. \u201cTenemos convergencias de pensamientos, pero con relaci\u00f3n a la disputa electoral, no conseguimos unirnos\u201d, apunt\u00f3 Luciana Santos, presidenta del Partido Comunista de Brasil (PCdoB).<\/p>\n\n\n\n<p>El grupo, integrado por los l\u00edderes legislativos del Partido de los Trabajadores (PT), del Partido Socialista Brasile\u00f1o (PSB), del Partido Democr\u00e1tico Laborista (PDT), del Partido Comunista de Brasil (PCdoB), del Partido Socialismo y Libertad (PSOL) y del partido Red de Sostenibilidad (REDE)&nbsp;&nbsp;estuvo trabajando unido en el Congreso e intensific\u00f3 las negociaciones para repartirse los m\u00edtines en las 92 mayores ciudades de Brasil, ante la posibilidad de ir a una segunda vuelta.<\/p>\n\n\n\n<p>Los motivos que impiden forjar esa alianza contra Bolsonaro son el desinter\u00e9s del Partido de los Trabajadores de renunciar a su hegemon\u00eda en la oposici\u00f3n, las disputas pol\u00edticas internas en cada municipio y la preocupaci\u00f3n de las formaciones m\u00e1s peque\u00f1as por tener una base de apoyo propia para las legislativas de 2022, cuando aumentar\u00e1 el m\u00ednimo de votos necesarios para seguir existiendo como partido. &nbsp;S\u00f3lo recibir\u00e1n financiaci\u00f3n p\u00fablica y publicidad gratuita aquellos que consigan un 2% de los votos v\u00e1lidos a nivel nacional en un tercio de los Estados, con un m\u00ednimo del 1% en cada uno, o consigan al menos 11 diputados distribuidos en nueve Estados.<\/p>\n\n\n\n<p>\u201cEl gran problema del PT es su cultura hegem\u00f3nica. Solo piensa en sus candidatos\u201d, se\u00f1al\u00f3 Carlos Lupi, presidente del PDT, apuntando directamente a&nbsp;Luiz Inacio Lula da Silva, quien gobern\u00f3 por dos per\u00edodos y que fue preso \u2013sin prueba alguna-&nbsp;&nbsp;por el lawfare de una justicia m\u00e1s corrupta que la transnacional Oderbrecht con el solo fin de impedirle participar en las elecciones y dejar el camino libre al neofascista Jair Bolsonaro. Claro, antes se produjo el golpe parlamentario contra Dilma Rousseff.<\/p>\n\n\n\n<div class=\"wp-block-image\"><figure class=\"alignleft\"><img decoding=\"async\" src=\"https:\/\/www.celag.org\/wp-content\/uploads\/2016\/09\/Partido-de-los-TRabajadores-de-Brasil.-Archivo-e1475250843638.jpg\" alt=\"Informe preelectoral: elecciones municipales en Brasil \u2014 CELAG\"\/><\/figure><\/div>\n\n\n\n<p>En su reciente mensaje a los brasile\u00f1os. Lula los llam\u00f3 a encolumnarse detr\u00e1s: \u201cS\u00e9, ya sabes, que podemos, nuevamente, hacer de Brasil el pa\u00eds de nuestros sue\u00f1os. Y decir, desde el fondo de mi coraz\u00f3n: estoy aqu\u00ed. Reconstruyamos Brasil juntos. A\u00fan nos queda un largo camino por recorrer juntos. Mant\u00e9nte firme, porque juntos somos fuertes. Viviremos y ganaremos\u00bb.<\/p>\n\n\n\n<p>El exgobernador de Paran\u00e1, Roberto Requiao fue m\u00e1s all\u00e1 y, propuso retomar algunos temas esenciales como la nacionalidad y la soberan\u00eda, y manifestarse contra la privatizaci\u00f3n y entrega de las empresas estrat\u00e9gicas, la recolocaci\u00f3n del Banco Central al servicio del desarrollo del pa\u00eds y no de la especulaci\u00f3n financiera y, sobre todo, la propuesta de un plan de acci\u00f3n m\u00ednimo que una a todos los brasile\u00f1os.<\/p>\n\n\n\n<p>Requi\u00e3o exigi\u00f3 un plan que incluya un referendo revocatorio de todas las medidas antinacionales, antipopulares y antidemocr\u00e1ticas aprobadas desde el golpe de 2016, medidas de emergencia para la creaci\u00f3n a corto plazo de millones de empleos, salarios y pensiones dignas, recuperaci\u00f3n de los presupuestos para la salud, educaci\u00f3n, vivienda popular, saneamiento b\u00e1sico e infraestructura, y una pol\u00edtica en defensa de la Amazonia.<\/p>\n\n\n\n<div class=\"wp-block-image\"><figure class=\"alignright\"><a href=\"http:\/\/estrategia.la\/2017\/07\/17\/brasil-golpe-tras-golpe-en-la-destruccion-del-presente-y-del-futuro\/br-lula-candidato\/\"><img decoding=\"async\" src=\"http:\/\/estrategia.la\/wp-content\/uploads\/2017\/07\/br-lula-candidato-300x189.jpg\" alt=\"\" class=\"wp-image-1119\"\/><\/a><\/figure><\/div>\n\n\n\n<p>El 22 de septiembre, Lula atac\u00f3 el discurso de Bolsonaro en Naciones Unidas, lanzando un proyecto de reconstrucci\u00f3n del Brasil, en especial en lo referente a la educaci\u00f3n, la salud, las relaciones internacionales, comercio exterior, industria y empleo, y cultura. &nbsp;Pero el PT ha decidido que necesita tener el mayor n\u00famero posible de candidatos para poder defenderse. \u201cEl PT necesita tener voz. Hablar de su legado, de las experiencias que ya ha tenido en las administraciones municipales, para defenderse de los ataques\u201d,&nbsp;afirm\u00f3 la presidenta del partido Gleisi Hoffmann. \u201cDesde 2013, las fuerzas de derecha han intentado anular al PT. En un frente, es m\u00e1s dif\u00edcil hacer una defensa individual\u201d, agreg\u00f3.<\/p>\n\n\n\n<p>\u201cNo pueden querer que el PT renuncie a esa grandeza que le dio el pueblo a cambio de nada. O tiene un candidato m\u00e1s grande que el PT o no tiene ninguna posibilidad\u201d, dijo, por su parte, el expresidente Lula. En estas elecciones, el PT presentar\u00e1 candidatos en 1.531 de los 5.570 municipios de Brasil que, juntos, representan el 60% de la poblaci\u00f3n. En 2016, las \u00faltimas municipales, el PT present\u00f3 993 candidatos.<\/p>\n\n\n\n<p>Los analistas de la izquierda se preguntan si queda tiempo para impedir un nuevo desastre en estos comicios. Forum 21 se\u00f1ala que la sociedad brasile\u00f1a est\u00e1 siendo empujada a un ciclo de violencia pol\u00edtica, que la truculencia en el poder anuncia e incentiva. El empe\u00f1o liberal de la centroderecha en exagerar moderaci\u00f3n en el caos y en la represi\u00f3n, apenas robustece ese riego con una t\u00f3nica de complicidad, a\u00f1ade.<\/p>\n\n\n\n<p>A\u00fan hoy, el l\u00edder m\u00e1s fuerte del progresismo sigue siendo Lula y aunque tenga una imagen negativa alta, no habr\u00e1 un gran acuerdo sin su aval ni su colaboraci\u00f3n. Pareciera que separar a las izquierdas del lulismo es misi\u00f3n imposible. Por eso mismo, parece dif\u00edcil la constituci\u00f3n de un frente electoral de izquierda en las municipales aunque quiz\u00e1 se logren acuerdos para la segunda vuelta (hay ballotage en los comicios para los alcaldes).<\/p>\n\n\n\n<p>Obviamente, la fragmentaci\u00f3n de la izquierda fortalece el proyecto autocr\u00e1tico y neofascista que se viene&nbsp;implantando en Brasil. Revertir la ruta neoliberal y neofascista y repolitizar la agenda del desarrollo econ\u00f3mico-social, secuestrada integralmente por la \u201craz\u00f3n del mercado\u201d, requiere que las ideas progresistas demuestren pertenecer al mundo real a trav\u00e9s de la acci\u00f3n, alert\u00f3 Forum 21.<\/p>\n\n\n\n<p><strong>Cambia, todo cambia.&nbsp;<\/strong><\/p>\n\n\n\n<div class=\"wp-block-image\"><figure class=\"alignleft\"><img decoding=\"async\" src=\"https:\/\/www.kelp.cl\/kelp-muros-i\/opinion_64a.jpg\" alt=\"KELP.cl | Portal en espa\u00f1ol sobre graffiti meets design\u2122 desde 2004\"\/><\/figure><\/div>\n\n\n\n<p>Los vientos progresistas en Brasil se han convertido en brisas dispersas. Quedaron lejanas las victorias de cuatro elecciones presidenciales consecutivas, de triunfos en gobiernos de las ciudades m\u00e1s importantes como Rio de Janeiro, Sao Paulo o Belo Horizonte. &nbsp;&nbsp;Lo cierto es que la mayor\u00eda de las izquierdas, inclu\u00eddas las fuerzas&nbsp;&nbsp;m\u00e1s influyentes, viene subestimando a Bolsonaro desde 2017, pero no se han animado a hacer una autocr\u00edtica de la gesti\u00f3n de 13 a\u00f1os de gobierno, partiendo de la desmovilizaci\u00f3n de los movimientos sociales y la cooptaci\u00f3n de sus dirigentes para cargos p\u00fablicos, abandonando la calle a manos de la derecha.<\/p>\n\n\n\n<p>Aquel poder pol\u00edtico del abanico progresista, -desde el centro, pasando por el partido de los Trabajadores hasta las organizaciones m\u00e1s radicales- parece haber quedado en el pasado. Hoy la izquierda \u2013o mejor dicho el progresismo, que no es lo mismo ni es igual- est\u00e1 en la oposici\u00f3n no s\u00f3lo a nivel federal sino tambi\u00e9n en los gobiernos de los principales estados y ciudades.<\/p>\n\n\n\n<p>La combinaci\u00f3n de varios factores, como la cuesti\u00f3n \u00e9tica que acompa\u00f1\u00f3 el derrumbe del Partido de los Trabajadores (PT) -que gobern\u00f3 sucesivamente con Luiz Inacio Lula da Silva y Dilma Rousseff por cuatro per\u00edodos- un sistema electoral centr\u00edfugo y un gobierno federal que potencia a los gobernadores, dejan poco margen para un progresismo que est\u00e1 lejos de los principales cargos ejecutivos.<\/p>\n\n\n\n<p>Una de las razones es la nueva ley electoral aprobada en 2017, que impide la formaci\u00f3n de coaliciones electorales en elecciones para cargos legislativos municipales, estatales y federales. Esto ha dificultado la coordinaci\u00f3n entre los grupos: cada uno quiere imponer su candidato. Es dif\u00edcil entender la falta de coordinaci\u00f3n en un momento en que la Presidencia est\u00e1 ejercida por un pol\u00edtico de extrema derecha\u201d, se\u00f1ala el doctor en Ciencia Pol\u00edtica y profesor de la Fundaci\u00f3n Getulio Vargas, Octavio Amorim Neto.<\/p>\n\n\n\n<div class=\"wp-block-image\"><figure class=\"alignright\"><img decoding=\"async\" src=\"https:\/\/cdnimg.bnamericas.com\/TtkLHzXlkkEqMIFgXrfpVnrvxZrqXpQmjUwJcGNOnRCOKCBDevMrGgCkcKUbFKJu.jpg\" alt=\"Elecciones brasile\u00f1as: Ciro Gomes, f\u00e9rreo opositor a privatizaciones -  BNamericas\"\/><\/figure><\/div>\n\n\n\n<p>Otra raz\u00f3n para el fraccionamiento es la disputa por la hegemon\u00eda, en un momento en que el PT est\u00e1 en declive, lo que ha acelerado la competencia entre \u00e9ste y las otras dos grandes fuerzas progresistas: el Partido Democr\u00e1tico Trabalhista (PDT) y el Partido Socialista Brasileiro (PSB).&nbsp;&nbsp;Hay que a\u00f1adir la mala relaci\u00f3n entre Lula y el l\u00edder del PDT, Ciro Gomes (quiz\u00e1 el referente m\u00e1s n\u00edtido), desde que el primero rechaz\u00f3 apoyar la candidatura presidencial del segundo. Gomes, exministro, exdiputado y exgobernador de Cear\u00e1, dirige un partido personalista, donde todo el poder recae en \u00e9l y en su hermano.<\/p>\n\n\n\n<p>El otro referente en ascenso de la izquierda es el senador Randolfe Rodrigues (del despoblado estado Amap\u00e1) , de la ambientalista Red Sustentabilidade, con escasa proyecci\u00f3n nacional y poca estructura fuera de su regi\u00f3n.<\/p>\n\n\n\n<p>Los analistas llaman la atenci\u00f3n&nbsp;&nbsp;sobre el futuro de la izquierda en el Partido Socialismo e Liberdade (PSoL), que viene recogiendo a muchos desencantados del PT. All\u00ed surge el liderazgo de Flavio Dino, gobernador de Maranh\u00e3o y miembro hist\u00f3rico del Partido Comunista. Dino, exjuez que logr\u00f3 echar a la familia Sarney del poder de su estado, insiste en la construcci\u00f3n de una gran coalici\u00f3n de izquierdas.<\/p>\n\n\n\n<p><strong>La p\u00e9rdida de la calle<\/strong><\/p>\n\n\n\n<p>Los medios hegem\u00f3nicos se abstienen de difundir la informaci\u00f3n de los grupos progresistas: los invisibilizan. Y es que durante tantos a\u00f1os de gobiernos del PT poco se avanz\u00f3 en la democratizaci\u00f3n de la comunicaci\u00f3n. La izquierda teme hablar de democracia participativa y busca eslogans que puedan calar publicitariamente en la poblaci\u00f3n.<\/p>\n\n\n\n<p>Pero tampoco es que \u00e9stos hayan presentado programas y propuestas que tengan que ver con la vida cotidiana y el futuro de los ciudadanos, como trabajo, educaci\u00f3n, salud, vivienda, saneamiento, acceso al agua, apoyo a las minor\u00edas, defensa del medio ambiente \u2013la Amazonia y el pantanal, inclu\u00eddos-, presupuesto participativo, formaci\u00f3n de concejos de ciudadan\u00eda, entre otras temas.<\/p>\n\n\n\n<p>La crisis social es inmensa. La parte de la poblaci\u00f3n econ\u00f3micamente activa con contratos de trabajo se limita a menos de la mitad: poco m\u00e1s de treinta millones en el sector privado y doce millones en la administraci\u00f3n p\u00fablica. Otros cuarenta millones no podr\u00edan ni siquiera sobrevivir sin el apoyo del Estado.<\/p>\n\n\n\n<div class=\"wp-block-image\"><figure class=\"alignleft\"><img decoding=\"async\" src=\"https:\/\/izquierdaweb.com\/wp-content\/uploads\/2019\/06\/psol-696x464.jpg\" alt=\"La resoluci\u00f3n del Directorio del PSOL sobre las elecciones abre un camino  peligroso - Izquierda Web\"\/><\/figure><\/div>\n\n\n\n<p>Quiz\u00e1, el an\u00e1lisis del liderazgo progresista fue que la combinaci\u00f3n de una calamidad humanitaria y una crisis econ\u00f3mica dejar\u00eda debilitado al gobierno bolsonarista. Con unos 145 mil muertos por el covid-19, decenas de millones de desempleados, una grave crisis social y, por lo tanto, una oportunidad, pensaron. Este pron\u00f3stico se confirm\u00f3 durante los primeros cuatro meses. Pero en el \u00faltimo mes, la situaci\u00f3n ha cambiado, y Bolsonaro se ha recuperado.<\/p>\n\n\n\n<p>El desaf\u00edo es averiguar porqu\u00e9 la mayor\u00eda de la clase trabajadora organizada, ancla social del PT desde los a\u00f1os 1980, no se moviliz\u00f3 para defender el gobierno de Dilma Rousseff. Como resultado, la izquierda moderada abraz\u00f3 la t\u00e1ctica quietista de apostar para derrotar a Bolsonaro en las elecciones de 2022, calculando que se acumular\u00eda un desgaste inevitable, se\u00f1ala&nbsp;Valerio Arcary, miembro de la Coordinaci\u00f3n Nacional de Resistencia, tendencia del PSOL.<\/p>\n\n\n\n<p>La simple respuesta de la izquierda radical es que Bolsonaro fue, esencialmente, un accidente electoral: las fuerzas de la clase trabajadora estar\u00edan intactas, y el derrocamiento de Bolsonaro est\u00e1 a\u00fan por construirse, porque falta la disposici\u00f3n de las direcciones m\u00e1s influyentes. Lo preocupante son las dificultades para aceptar que se enfrentan a una fuerza pol\u00edtica neofascista de base social.<\/p>\n\n\n\n<div class=\"wp-block-image\"><figure class=\"alignright\"><a href=\"http:\/\/estrategia.la\/2020\/04\/26\/desbande-en-la-coalicion-gobernante-brasilena-y-ahora-que\/br-bolsonaro-y-moro\/\"><img decoding=\"async\" src=\"http:\/\/estrategia.la\/wp-content\/uploads\/2020\/04\/br-bolsonaro-y-moro.jpg\" alt=\"\" class=\"wp-image-8438\"\/><\/a><\/figure><\/div>\n\n\n\n<p>Con la pandemia<strong>,<\/strong>&nbsp;las posiciones de Bolsonaro convirtieron la crisis sanitaria en una crisis pol\u00edtica al despreciar la gravedad de la pandemia, mientras aprovechaba para incorporar al gobierno a miles de oficiales de las Fuerzas Armadas; forzar la renuncia del ministro de Justicia Sergio Moro (eventual competidor como candidato presidencial), y favorecer las movilizaciones que propugnaban un autogolpe.<\/p>\n\n\n\n<p>La pandemia tambi\u00e9n signific\u00f3 la imposibilidad de la izquierda de contar con movilizaciones masivas en las calles&nbsp;mientras se produc\u00eda&nbsp;la naturalizaci\u00f3n de la pandemia, especialmente entre los partidarios de Bolsonaro, al menos a un tercio de la poblaci\u00f3n (m\u00e1s hombres que las mujeres, m\u00e1s mayores que j\u00f3venes, m\u00e1s entre los menos educados que los m\u00e1s educados), y m\u00e1s en el sur que en el noreste.<\/p>\n\n\n\n<p>La banalizaci\u00f3n de la pandemia, manejada por los medios hegem\u00f3nicos de comunicaci\u00f3n, refleja la tendencia a quitarle a los gobiernos la responsabilidad de la calamidad sanitaria, a la par de una presi\u00f3n para reactivar la actividad econ\u00f3mica, mucho m\u00e1s intensa entre los propietarios de peque\u00f1as empresas y los trabajadores informales y una fatiga por la cuarentena despu\u00e9s de seis meses y ansiedad por volver a una rutina de vida normal.<\/p>\n\n\n\n<p><strong>\u00c9ste no es un ensayo<\/strong><\/p>\n\n\n\n<p>Hay quienes entiendan que el PT insistir\u00e1 en la polarizaci\u00f3n contra los bolsonaristas como un ensayo para las elecciones generales de 2022. Para el polit\u00f3logo Leandro Consentino, \u201cal PT la polarizaci\u00f3n le va muy bien. Bolsonaro y el PT son mejores amigos cuando se trata de mantener el<em>&nbsp;statu quo<\/em>\u201d, mientras que Valdir Pucci, de la Universidad de Brasilia, se\u00f1ala que \u201ctanto el PT como Bolsonaro ven en el otro el enemigo capaz de aglutinar a sus huestes\u201d.<\/p>\n\n\n\n<p>Hay otros, como Pedro Ivo Batista, portavoz&nbsp;&nbsp;de la Red de Sostenibilidad, que sostienen que lo ideal ser\u00eda que los partidos progresistas se unieran ya en la primera vuelta. \u201cBrasil nunca ha tenido un gobierno neofascista como \u00e9ste. Lo ideal ser\u00eda unirse m\u00e1s para evitar este peligro de fuerzas totalitarias\u201d.<\/p>\n\n\n\n<div class=\"wp-block-image\"><figure class=\"alignleft\"><img decoding=\"async\" src=\"https:\/\/media.gazetadopovo.com.br\/vozes\/2018\/09\/pedro-ivo-batista-foto-divulgacao-768x475-27d700f2.png\" alt=\"Polariza\u00e7\u00e3o com Bolsonaro explica alta rejei\u00e7\u00e3o de Marina, diz porta-voz da  Rede\"\/><\/figure><\/div>\n\n\n\n<p>Quien no est\u00e1 de acuerdo con la tesis de que este a\u00f1o ser\u00e1 un ensayo del 2022, es el presidente del PSOL, Juliano Medeiros, quien prefiere verlo como un term\u00f3metro. \u201cEl fortalecimiento de la oposici\u00f3n y el debilitamiento electoral del bolsonarismo, por ejemplo, no garantizan la derrota de la extrema derecha en 2022, pero indican un escenario m\u00e1s favorable para las fuerzas populares\u201d, analiza.<\/p>\n\n\n\n<p><strong>Los ind\u00edgenas<\/strong><\/p>\n\n\n\n<p>El avance de las invasiones a tierras ind\u00edgenas, la deforestaci\u00f3n, el acoso a organismos p\u00fablicos como la Fundaci\u00f3n Nacional Ind\u00edgena (Funai) por parte de ruralistas como el secretario de Tierras Nabhan Garc\u00eda y la pandemia del covid-19 que los sigue diezmando, son algunos de los escenarios que preocupan a los pueblos originarios .<\/p>\n\n\n\n<p>En un contexto de amenazas y muchas veces desligados y olvidados por el progresismo, los candidatos ind\u00edgenas comenzaron a movilizarse en todo el pa\u00eds para las elecciones municipales. este a\u00f1o.<\/p>\n\n\n\n<p>La Articulaci\u00f3n de Pueblos Ind\u00edgenas de Brasil (Apib) reuni\u00f3 virtualmente a cientos de precandidatos ind\u00edgenas y present\u00f3 una plataforma de apoyo a las postulaciones, coordinada por M\u00eddia Ninja. El objetivo es reunir a candidatos ind\u00edgenas de todos los sectores progresistas y apoyarlos con cursos de capacitaci\u00f3n en pol\u00edtica, herramientas de comunicaci\u00f3n y otras estrategias para ayudar a construir campa\u00f1as democr\u00e1ticas y diversas.<\/p>\n\n\n\n<div class=\"wp-block-image\"><figure class=\"alignright\"><img decoding=\"async\" src=\"https:\/\/assets.survivalinternational.org\/pictures\/13340\/sta-ines-midia-india_article_column@2x.jpg\" alt=\"Los pueblos ind\u00edgenas de Brasil encabezan la protesta mundial del \u201cEnero  Rojo\u201d - Survival International\"\/><\/figure><\/div>\n\n\n\n<p>En las elecciones municipales de 2016, el n\u00famero de candidatos ind\u00edgenas correspondi\u00f3 al 0,35% del total, seg\u00fan el balance del Tribunal Superior Electoral . De los 496,900 candidatos para las elecciones de ese a\u00f1o, solo 1,700 eran ind\u00edgenas. Con la preparaci\u00f3n de las precandidaturas, Apib espera que este n\u00famero de candidatos a concejales, alcaldes y vicealcaldes sea mucho mayor en las elecciones municipales de 2020.<\/p>\n\n\n\n<p><strong>&nbsp;De cara al 2022<\/strong><\/p>\n\n\n\n<p>La expectativa de los representantes de la izquierda es que la frustrada unificaci\u00f3n en la primera vuelta ocurra en la segunda etapa de las elecciones. Queda por ver qui\u00e9nes quedar\u00e1n cuando llegue ese momento.<\/p>\n\n\n\n<p>De cara a 2022, podr\u00eda haber una coalici\u00f3n electoral en caso que el PT perciba que corre riesgo de no llegar a la segunda vuelta, como lo ha hecho siempre desde 1989, y que Bolsonaro tenga gran posibilidad de ser reelegido.<\/p>\n\n\n\n<p>Quiz\u00e1 el PT apoye a un candidato de otro partido, para \u2013 incluso perdiendo la elecci\u00f3n \u2013 seguir siendo un actor relevante de la pol\u00edtica. Pero para eso el PT deber\u00e1 renovarse y sustituir a Lula (que ya tiene 74 a\u00f1os) por alguien m\u00e1s joven y moderno.<\/p>\n\n\n\n<p><em>*Periodista y comunic\u00f3logo uruguayo. Mag\u00edster en Integraci\u00f3n. Fundador de Telesur. Preside la Fundaci\u00f3n para la Integraci\u00f3n Latinoamericana (FILA) y dirige el&nbsp;<\/em><em>Centro Latinoamericano de An\u00e1lisis Estrat\u00e9gico (CLAE,&nbsp;<a href=\"http:\/\/www.estrategia.la\/\">www.estrategia.la<\/a><\/em><em>) y susrysurtv.<\/em><br><\/p>\n","protected":false},"excerpt":{"rendered":"<p>Aram Aharonian Fuente: Estrategia.la En un Brasil jaqueado por el coronavirus, la crisis econ\u00f3mica, social y sanitaria, y gobernado por el ultraderechista Jair Bolsonaro y su cohorte de militares y grandes empresarios bendecidos por Washington, el abanico progresista aparece fraccionado de cara a las elecciones municipales del 15 de noviembre, antesala de las presidenciales de [&hellip;]<\/p>\n","protected":false},"author":1,"featured_media":1697,"comment_status":"open","ping_status":"open","sticky":false,"template":"","format":"standard","meta":{"footnotes":""},"categories":[5,3],"tags":[],"_links":{"self":[{"href":"http:\/\/www.movimientocaamanista.com\/index.php?rest_route=\/wp\/v2\/posts\/3004"}],"collection":[{"href":"http:\/\/www.movimientocaamanista.com\/index.php?rest_route=\/wp\/v2\/posts"}],"about":[{"href":"http:\/\/www.movimientocaamanista.com\/index.php?rest_route=\/wp\/v2\/types\/post"}],"author":[{"embeddable":true,"href":"http:\/\/www.movimientocaamanista.com\/index.php?rest_route=\/wp\/v2\/users\/1"}],"replies":[{"embeddable":true,"href":"http:\/\/www.movimientocaamanista.com\/index.php?rest_route=%2Fwp%2Fv2%2Fcomments&post=3004"}],"version-history":[{"count":1,"href":"http:\/\/www.movimientocaamanista.com\/index.php?rest_route=\/wp\/v2\/posts\/3004\/revisions"}],"predecessor-version":[{"id":3005,"href":"http:\/\/www.movimientocaamanista.com\/index.php?rest_route=\/wp\/v2\/posts\/3004\/revisions\/3005"}],"wp:featuredmedia":[{"embeddable":true,"href":"http:\/\/www.movimientocaamanista.com\/index.php?rest_route=\/wp\/v2\/media\/1697"}],"wp:attachment":[{"href":"http:\/\/www.movimientocaamanista.com\/index.php?rest_route=%2Fwp%2Fv2%2Fmedia&parent=3004"}],"wp:term":[{"taxonomy":"category","embeddable":true,"href":"http:\/\/www.movimientocaamanista.com\/index.php?rest_route=%2Fwp%2Fv2%2Fcategories&post=3004"},{"taxonomy":"post_tag","embeddable":true,"href":"http:\/\/www.movimientocaamanista.com\/index.php?rest_route=%2Fwp%2Fv2%2Ftags&post=3004"}],"curies":[{"name":"wp","href":"https:\/\/api.w.org\/{rel}","templated":true}]}}