{"id":3024,"date":"2020-10-04T23:32:10","date_gmt":"2020-10-04T23:32:10","guid":{"rendered":"http:\/\/www.movimientocaamanista.com\/?p=3024"},"modified":"2020-10-04T23:32:10","modified_gmt":"2020-10-04T23:32:10","slug":"recordando-la-epoca-de-gloria-del-dirigente-sindical-y-ex-militante-del-pcd-luis-valerio","status":"publish","type":"post","link":"http:\/\/www.movimientocaamanista.com\/?p=3024","title":{"rendered":"RECORDANDO LA EPOCA DE GLORIA DEL DIRIGENTE SINDICAL Y EX}-MILITANTE DEL PCD LUIS VALERIO"},"content":{"rendered":"\n<p>Narciso Isa Conde<\/p>\n\n\n\n<p>Recibimos con dolor el fallecimiento del dirigente hist\u00f3rico del movimiento obrero de Santiago y ex-militante del Partido Comunista Dominica (PCD), Luis Valerio. Se lo llev\u00f3, igual que su hijo, una pandemia que sigue siendo factor amenazante en una sociedad empobrecida y maltratada por quienes detenta el poder.<\/p>\n\n\n\n<p>Luis fue militante del PCD en el periodo de la postguerra  de abril hasta su conversi\u00f3n e Fuerza de la Revoluci\u00f3n (FR) junto a otras tres organizaciones marxistas. Abnegado dirigente del Sindicato de Zapatero de Santiago, fundador del Movimiento de Unidad Sindical, que luego se convierte en Central Unitaria de los Trabajadores (CUT), y cuadro fundamental de la Federaci\u00f3n de Sindicatos de la Regi\u00f3n Norte (FESURNO), supo combinar la lucha de clase en  el plano pol\u00edtico y en su vertiente social.<\/p>\n\n\n\n<p>Ya fuera de las filas revolucionarias, conserv\u00f3 sus v\u00ednculos de solidaridad y amistad con nuestros camaradas de Santiago, quienes siempre lo recuerdan compartir aquellas luchas estelares, asumir desde su condici\u00f3n de humilde trabajador la causa de de la emancipaci\u00f3n del proletariado, participar en las huelgas y combates populares.<\/p>\n\n\n\n<p>Siempre honesto, dedicado a su familia y a su comunidad. Procurando superarse continuamente se hizo, fabricando y arreglando zapatos, primero bachiller y luego abogado.<\/p>\n\n\n\n<p>Nos duele profundamente la situaci\u00f3n de su familia.<br>Nos duele su partida.<\/p>\n\n\n\n<p>Recordaremos siempre su larga trayectoria de militante y su \u00e9poca de gloria. Sus aportes no pueden borrarse, aunque lamentemos que haya dejado de pertenecer a la franja pol\u00edtica donde creci\u00f3 como revolucionario y como ser humano; aunque m\u00e1s tarde optara por distanciarse pol\u00edticamente de las fuerzas que seguimos abrazando los ideales comunistas y luchando con tes\u00f3n por la Nueva Democracia y el Nuevo Socialismo. <\/p>\n","protected":false},"excerpt":{"rendered":"<p>Narciso Isa Conde Recibimos con dolor el fallecimiento del dirigente hist\u00f3rico del movimiento obrero de Santiago y ex-militante del Partido Comunista Dominica (PCD), Luis Valerio. Se lo llev\u00f3, igual que su hijo, una pandemia que sigue siendo factor amenazante en una sociedad empobrecida y maltratada por quienes detenta el poder. Luis fue militante del PCD [&hellip;]<\/p>\n","protected":false},"author":1,"featured_media":3025,"comment_status":"open","ping_status":"open","sticky":false,"template":"","format":"standard","meta":{"footnotes":""},"categories":[5,16],"tags":[],"_links":{"self":[{"href":"http:\/\/www.movimientocaamanista.com\/index.php?rest_route=\/wp\/v2\/posts\/3024"}],"collection":[{"href":"http:\/\/www.movimientocaamanista.com\/index.php?rest_route=\/wp\/v2\/posts"}],"about":[{"href":"http:\/\/www.movimientocaamanista.com\/index.php?rest_route=\/wp\/v2\/types\/post"}],"author":[{"embeddable":true,"href":"http:\/\/www.movimientocaamanista.com\/index.php?rest_route=\/wp\/v2\/users\/1"}],"replies":[{"embeddable":true,"href":"http:\/\/www.movimientocaamanista.com\/index.php?rest_route=%2Fwp%2Fv2%2Fcomments&post=3024"}],"version-history":[{"count":1,"href":"http:\/\/www.movimientocaamanista.com\/index.php?rest_route=\/wp\/v2\/posts\/3024\/revisions"}],"predecessor-version":[{"id":3026,"href":"http:\/\/www.movimientocaamanista.com\/index.php?rest_route=\/wp\/v2\/posts\/3024\/revisions\/3026"}],"wp:featuredmedia":[{"embeddable":true,"href":"http:\/\/www.movimientocaamanista.com\/index.php?rest_route=\/wp\/v2\/media\/3025"}],"wp:attachment":[{"href":"http:\/\/www.movimientocaamanista.com\/index.php?rest_route=%2Fwp%2Fv2%2Fmedia&parent=3024"}],"wp:term":[{"taxonomy":"category","embeddable":true,"href":"http:\/\/www.movimientocaamanista.com\/index.php?rest_route=%2Fwp%2Fv2%2Fcategories&post=3024"},{"taxonomy":"post_tag","embeddable":true,"href":"http:\/\/www.movimientocaamanista.com\/index.php?rest_route=%2Fwp%2Fv2%2Ftags&post=3024"}],"curies":[{"name":"wp","href":"https:\/\/api.w.org\/{rel}","templated":true}]}}