{"id":3027,"date":"2020-10-04T23:37:57","date_gmt":"2020-10-04T23:37:57","guid":{"rendered":"http:\/\/www.movimientocaamanista.com\/?p=3027"},"modified":"2020-10-04T23:37:59","modified_gmt":"2020-10-04T23:37:59","slug":"gloria-eterna-al-camarada-onelio-espaillat-uno-de-los-comunistas-mas-emblematicos-de-nuestro-pueblo","status":"publish","type":"post","link":"http:\/\/www.movimientocaamanista.com\/?p=3027","title":{"rendered":"GLORIA ETERNA AL CAMARADA ONELIO ESPAILLAT, UNO DE LOS COMUNISTAS M\u00c1S EMBLEM\u00c1TICOS DE NUESTRO PUEBLO"},"content":{"rendered":"\n<p>Movimiento Popular Dominicano-M.P.D-<\/p>\n\n\n\n<p>El inolvidable camarada David Onelio Espaillat Campos naci\u00f3 en Los Pepines,  Santiago de Los Caballeros, en 1933.<\/p>\n\n\n\n<p>Luchador anti-trujillista. Exilado en Puerto Rico, donde ejerc\u00eda barbero, se hizo c\u00e9lebre por sus encendidos y bien fundamentados discursos contra la oprobiosa satrap\u00eda que ensangrent\u00f3 el pa\u00eds durante m\u00e1s de 31 a\u00f1os.<\/p>\n\n\n\n<p>One, al fundarse el M.P.D., el 20 de febrero del 1956, en La Habana, Cuba, poco despu\u00e9s se integr\u00f3 al mismo bajo la gloriosa bandera rojinegra de la liberaci\u00f3n latinoamericana.<\/p>\n\n\n\n<p>El camarada Onelio desarrollaba amplias campa\u00f1as de recoleccion de fondos para su partido.<\/p>\n\n\n\n<p>A su vuelta a la Patria constituy\u00f3 parte de esa indeleble estirpe de fundadores en el pa\u00eds, como los hermanos Erickson, Lorenzo Enrique Ventura Vargas (El Sombrerero), Jorge Puello Soriano (El Men), Rafael Delio Rivera (Riverita) y otros.<\/p>\n\n\n\n<p>Cuando se habla de integridad revolucionaria, firmeza ideol\u00f3gica, espiritu combativo, abnegaci\u00f3n y sacrificio hay que hablar de Onelio Espaillat, nuestro &#8220;Viejo blanco&#8221;.<\/p>\n\n\n\n<p>Onelio, El Men y El Sombrerero se convirtieron en un tr\u00edo emblem\u00e1tico, guias de todos nosotros los emepede\u00edstas de siempre.<\/p>\n\n\n\n<p>Ese tr\u00edo, junto a numerosos cuadros medios y militantes de base, as\u00ed como simpatizantes y circulistas, les toc\u00f3 salvar el honor del M.P.D.  cuando el ablandamiento pol\u00edtico, el cansancio ideol\u00f3gico, el acomodamiento, la domesticaci\u00f3n y la rendici\u00f3n amenazaron con desaparecer el combativo partido del pueblo dominicano.<\/p>\n\n\n\n<p>Esos &#8220;viejos&#8221; encabezaron la lucha sin tregua y sin cuartel contra el entreguismo y la colaboraci\u00f3n de clase.<\/p>\n\n\n\n<p>El honor de la m\u00e1s combativa organizaci\u00f3n contra el neotrujillismo balaguerista no solo fue fue salvado, sino que la bandera rojinegra onde\u00f3 cada vez m\u00e1s alta, y sigui\u00f3 consolid\u00e1ndose como una organizaci\u00f3n que es parte de la cultura dominicana.<\/p>\n\n\n\n<p>David Onelio Espaillat Campos es uno de los m\u00e1s grandes ejemplos comunistas en Rep\u00fablica Dominicana.  Un l\u00edder excepcional, con una gran capacidad pol\u00edtica, extraordinaria visi\u00f3n, <br>\nformaci\u00f3n pol\u00edtica, firmeza a toda prueba, capacidad de convencimiento, \u00edcono de la moral pol\u00edtica y social<\/p>\n\n\n\n<p>Pese a su gran capacidad y formaci\u00f3n, as\u00ed como su condici\u00f3n de &#8220;peli\u00f3n&#8221; y exigente con el cumplimiento del deber, el &#8220;Viejo&#8221; era muy humilde y reconoc\u00eda las condiciones y las virtudes de cada camarada.<\/p>\n\n\n\n<p>A principos de la d\u00e9cada de los 60 viaj\u00f3 a Cuba junto a varios camaradas, entre ellos Maximiliano G\u00f3mez. All\u00ed estudiaron t\u00e1cticas y estrategias pol\u00edticas, y recibieron entrenamiento militar.<\/p>\n\n\n\n<p>Onelio bromeaba much\u00edsimo con Maxiliano, que regres\u00f3 siendo &#8220;El Moreno&#8221; Refiri\u00e9ndose al desarrollo pol\u00edtico y militar dei &#8220;Marino&#8221; o Maximiliano, siempre repet\u00eda: &#8220;Me fui siendo jefe de \u00e9l y volv\u00ed siendo su subalterno&#8221;.<\/p>\n\n\n\n<p>Adem\u00e1s de El Sombrerero y El Men, Onelio comparti\u00f3 m\u00faltiples escenarios pol\u00edticos y militares con una pleyade de camaradas, como: Baldemiro Castro, Maximiliano G\u00f3mez, Otto Morales, Henry Segarra Santos, Tito Montes, Am\u00edn Abel Hasb\u00fan, Roberto Antonio Figueroa Taylor y Jos\u00e9 Rodr\u00edguez (El Flaco).<\/p>\n\n\n\n<p>Onelio era muy arrojado. Al estallar la Guerra de Abril de 1965, se encontraba en su natal Santiago. Inmediatamente reuni\u00f3 a un grupo de combatientes del MPD y de otras organizaciones, asi como gente sin partido, y comenzaron a marchar por las calles con fusiles de palo, coreando: &#8220;Subiendo la loma nadie se cansa, subiendo la loma nadie se cansa&#8221;.<\/p>\n\n\n\n<p>La idea era prepararse y dirigirse hacia la Capital. Durante la guerra, Onelio combati\u00f3 con bravura de leyenda. Le arrebat\u00f3 un &#8220;yip&#8221; a una unidad militar de los invasores yanquis.<br>\nEn ese &#8220;yip&#8221; aparece en una foto al momento de contraer matrimonio con su amada Guillermina, Do\u00f1a Guillermina, su noble compa\u00f1era, que a\u00fan vive.<\/p>\n\n\n\n<p>Es poco conocido que David Onelio Espaillat Campos fue el jefe de aprovisionamiento del Gobierno constitucionalista que encabez\u00f3 Francisco Alberto Caama\u00f1o De\u00f1\u00f3.<\/p>\n\n\n\n<p>Onelio fue muy perseguido, y deportado varias veces. Se recuerda que en una ocasi\u00f3n regres\u00f3 al pa\u00eds, aun con impedimento de entrada, y al ser detenido para devolverlo al exilio, protagoniz\u00f3 tremenda trifulca. Incluso, comenz\u00f3 a desnudarse.<\/p>\n\n\n\n<p>En una ocasi\u00f3n Onelio encabez\u00f3 un foco armado en una loma de Gaspar Hern\u00e1ndez.<\/p>\n\n\n\n<p>Sufri\u00f3 muchos a\u00f1os de c\u00e1rcel en inmundas mazmorras de La Victoria y otras c\u00e1rceles,  acusado de m\u00faltiples hechos.<br>\nEn m\u00e1s de una ocasi\u00f3n fue interrogado directamente por agentes de la CIA, lo que denunciaba inmediatamente.<\/p>\n\n\n\n<p>En una ocasi\u00f3n, un agente que se hac\u00eda llamar Federico trat\u00f3 en vano de reclutarlo, ofreci\u00e9ndole una enorme cantidad de dinero y una residencia en cualquier pais de Am\u00e9rica Latina que \u00e9l eligiera, donde &#8221; los comunistas dominicanos no pudieran localizarlo&#8221;.<\/p>\n\n\n\n<p>Muy enfermo, ten\u00eda que ser sacado con frecuencia de la c\u00e1rcel. En una ocasi\u00f3n en que se encontraba interno en el hospital Moscoso Puello,  el partido neutraliz\u00f3 la custodia y se lo llev\u00f3.<\/p>\n\n\n\n<p>En otra ocasi\u00f3n, interno en el mismo hospital, un un miembro de la funesta &#8221; Banda Color\u00e1&#8221;, tambi\u00e9n interno en ese centro, denunci\u00f3 que lo estaban presionando para que envenenara a Onelio.<\/p>\n\n\n\n<p>Onelio fue apresado junto a cinco camaradas m\u00e1s, y por tanto form\u00f3 parte del grupo que se hizo famoso, pues Balaguer se ensa\u00f1\u00f3 de tal forma que no hab\u00eda forma de liberarlos.<br>\nEntonces pusimos a retumbar por todos los rincones del pa\u00eds la consigna: &#8220;que suelten de una vez a los seis MPD&#8221;.<\/p>\n\n\n\n<p>Despu\u00e9s de numerosos reenvios, se les impuso una fianza de 2 mil pesos a cada uno, que entonces era mucho dinero.<\/p>\n\n\n\n<p>Se recuerda que ya era un hecho la rotura del partido entre &#8220;legalistas&#8221; y &#8221; facciosos&#8221;. Esa situaci\u00f3n provoc\u00f3 que cuando el partido consigui\u00f3 el dinero de la fianza de &#8221; los seis MPD&#8221;, los dem\u00e1s salieran y dejaran al camarada preso.<\/p>\n\n\n\n<p>Nos lanzamos nuevamente a buscar la fianza del camarada Onelio. Pero el pueblo de Santiago recogi\u00f3 el dinero y sac\u00f3 de la c\u00e1rcel a su hijo-l\u00edder.<\/p>\n\n\n\n<p>Nada pudo contra el espiritu indomable de Onelio. Ciertamente, su salud fue muy deteriorada.<\/p>\n\n\n\n<p>La muerte fisica lo venci\u00f3, horizontalizando su cuerpo. Pero ni la muerte ni el enemigo de clase resistieron el ejemplo que trasciende su muerte f\u00edsica, verticaliz\u00e1ndolo eternamente.<\/p>\n\n\n\n<p>Muri\u00f3 el d\u00eda 3 de octubre del a\u00f1o 1983, a los 50 a\u00f1os de edad.<\/p>\n\n\n\n<p>Poco antes de su muerte le habia expresado a los camaradas El Men, Benjam\u00edn Adonis Payano Fawcett y otros: &#8221; Cuando muera quiero que me entierren con la bandera roja y negra&#8221;.<\/p>\n\n\n\n<p>A 47 a\u00f1os de su muerte f\u00edsica, el ejemplo de Onelio vive en el coraz\u00f3n de los emepede\u00edstas y de la Patria. Gloria eterna a su memoria. Seamos como Onelio.<\/p>\n\n\n\n<p>Octubre: mes de Floricel, Onelio y otros m\u00e1rtires.<\/p>\n\n\n\n<p>El partido de Pablo Mart\u00ednez, El Moreno y El Men presente.<\/p>\n\n\n\n<p>Comit\u00e9 Pol\u00edtico del Comit\u00e9 Central.<\/p>\n","protected":false},"excerpt":{"rendered":"<p>Movimiento Popular Dominicano-M.P.D- El inolvidable camarada David Onelio Espaillat Campos naci\u00f3 en Los Pepines, Santiago de Los Caballeros, en 1933. Luchador anti-trujillista. Exilado en Puerto Rico, donde ejerc\u00eda barbero, se hizo c\u00e9lebre por sus encendidos y bien fundamentados discursos contra la oprobiosa satrap\u00eda que ensangrent\u00f3 el pa\u00eds durante m\u00e1s de 31 a\u00f1os. One, al fundarse [&hellip;]<\/p>\n","protected":false},"author":1,"featured_media":405,"comment_status":"open","ping_status":"open","sticky":false,"template":"","format":"standard","meta":{"footnotes":""},"categories":[5,16],"tags":[],"_links":{"self":[{"href":"http:\/\/www.movimientocaamanista.com\/index.php?rest_route=\/wp\/v2\/posts\/3027"}],"collection":[{"href":"http:\/\/www.movimientocaamanista.com\/index.php?rest_route=\/wp\/v2\/posts"}],"about":[{"href":"http:\/\/www.movimientocaamanista.com\/index.php?rest_route=\/wp\/v2\/types\/post"}],"author":[{"embeddable":true,"href":"http:\/\/www.movimientocaamanista.com\/index.php?rest_route=\/wp\/v2\/users\/1"}],"replies":[{"embeddable":true,"href":"http:\/\/www.movimientocaamanista.com\/index.php?rest_route=%2Fwp%2Fv2%2Fcomments&post=3027"}],"version-history":[{"count":1,"href":"http:\/\/www.movimientocaamanista.com\/index.php?rest_route=\/wp\/v2\/posts\/3027\/revisions"}],"predecessor-version":[{"id":3028,"href":"http:\/\/www.movimientocaamanista.com\/index.php?rest_route=\/wp\/v2\/posts\/3027\/revisions\/3028"}],"wp:featuredmedia":[{"embeddable":true,"href":"http:\/\/www.movimientocaamanista.com\/index.php?rest_route=\/wp\/v2\/media\/405"}],"wp:attachment":[{"href":"http:\/\/www.movimientocaamanista.com\/index.php?rest_route=%2Fwp%2Fv2%2Fmedia&parent=3027"}],"wp:term":[{"taxonomy":"category","embeddable":true,"href":"http:\/\/www.movimientocaamanista.com\/index.php?rest_route=%2Fwp%2Fv2%2Fcategories&post=3027"},{"taxonomy":"post_tag","embeddable":true,"href":"http:\/\/www.movimientocaamanista.com\/index.php?rest_route=%2Fwp%2Fv2%2Ftags&post=3027"}],"curies":[{"name":"wp","href":"https:\/\/api.w.org\/{rel}","templated":true}]}}