{"id":3086,"date":"2020-10-13T23:21:02","date_gmt":"2020-10-13T23:21:02","guid":{"rendered":"http:\/\/www.movimientocaamanista.com\/?p=3086"},"modified":"2020-10-13T23:21:03","modified_gmt":"2020-10-13T23:21:03","slug":"la-perversa-y-fascista-jeanine-anez-es-una-enana-moral-ante-la-figura-del-che-guevara","status":"publish","type":"post","link":"http:\/\/www.movimientocaamanista.com\/?p=3086","title":{"rendered":"La perversa y fascista Jeanine A\u00f1ez, es una enana moral ante la figura del Che Guevara"},"content":{"rendered":"\n<p>Movimiento Popular Dominicano (MPD)<\/p>\n\n\n\n<p>Nuestra organizaci\u00f3n revolucionaria e internacionalista, Movimiento Popular Dominicano, MPD, hace de conocimiento p\u00fablico su m\u00e1s en\u00e9rgico repudio y rechazo a las declaraciones de Jeanine Anez  y del descabellado Jair Bolsonaro en contra de la figura y memoria hist\u00f3rica del gran comandante, Ernesto -Che- Guevara.<\/p>\n\n\n\n<p>Sabemos que la perversidad es la cultura de los fascistas,  como Jeanine A\u00f1ez, usurpadora y t\u00edtere instalada en el gobierno de Bolivia; en ese mismo orden est\u00e1 el mani\u00e1tico Jair Bolsonaro presidente de Brasil.<\/p>\n\n\n\n<p>Estos descarriados la han emprendido contra la memoria del gran comandante Ernesto Che Guevara.<\/p>\n\n\n\n<p>Sabemos que estos morbosos, m\u00e1s que pol\u00edticos son lamebotas del imperialismo yankee y su organismo criminal llamado CIA, responsable directa del crimen  contra el Che.<\/p>\n\n\n\n<p>Ernesto Guevara, es una figura hist\u00f3rica, que se agiganta cada d\u00eda m\u00e1s, mientras que las escorias como la presidenta de facto de Bolivia y Bolsonaro pasaron al basurero de la putrefacci\u00f3n hist\u00f3rica.<\/p>\n\n\n\n<p>El discurso ante los militares bolivianos , solo expone su demagogia e incapacidades y disparates pol\u00edticos.<\/p>\n\n\n\n<p>Sus arengas fascistas esconden los temores de ser derrotados por el pueblo boliviano en los pr\u00f3ximos comicios.<\/p>\n\n\n\n<p>El Che  y su pensamiento son invencibles!!<\/p>\n\n\n\n<p>Los impostores fascistas ser\u00e1n derrotados en Bolivia!!<\/p>\n\n\n\n<p>Bolsonaro indigente mental!!<\/p>\n\n\n\n<p>El partido de Pablo Mart\u00ednez, El Moreno y El Men  Presente!!<\/p>\n\n\n\n<p>Departamento internacional- Comit\u00e9 Pol\u00edtico del Comit\u00e9 Central.<\/p>\n","protected":false},"excerpt":{"rendered":"<p>Movimiento Popular Dominicano (MPD) Nuestra organizaci\u00f3n revolucionaria e internacionalista, Movimiento Popular Dominicano, MPD, hace de conocimiento p\u00fablico su m\u00e1s en\u00e9rgico repudio y rechazo a las declaraciones de Jeanine Anez y del descabellado Jair Bolsonaro en contra de la figura y memoria hist\u00f3rica del gran comandante, Ernesto -Che- Guevara. Sabemos que la perversidad es la cultura [&hellip;]<\/p>\n","protected":false},"author":1,"featured_media":3087,"comment_status":"open","ping_status":"open","sticky":false,"template":"","format":"standard","meta":{"footnotes":""},"categories":[5,16],"tags":[],"_links":{"self":[{"href":"http:\/\/www.movimientocaamanista.com\/index.php?rest_route=\/wp\/v2\/posts\/3086"}],"collection":[{"href":"http:\/\/www.movimientocaamanista.com\/index.php?rest_route=\/wp\/v2\/posts"}],"about":[{"href":"http:\/\/www.movimientocaamanista.com\/index.php?rest_route=\/wp\/v2\/types\/post"}],"author":[{"embeddable":true,"href":"http:\/\/www.movimientocaamanista.com\/index.php?rest_route=\/wp\/v2\/users\/1"}],"replies":[{"embeddable":true,"href":"http:\/\/www.movimientocaamanista.com\/index.php?rest_route=%2Fwp%2Fv2%2Fcomments&post=3086"}],"version-history":[{"count":1,"href":"http:\/\/www.movimientocaamanista.com\/index.php?rest_route=\/wp\/v2\/posts\/3086\/revisions"}],"predecessor-version":[{"id":3088,"href":"http:\/\/www.movimientocaamanista.com\/index.php?rest_route=\/wp\/v2\/posts\/3086\/revisions\/3088"}],"wp:featuredmedia":[{"embeddable":true,"href":"http:\/\/www.movimientocaamanista.com\/index.php?rest_route=\/wp\/v2\/media\/3087"}],"wp:attachment":[{"href":"http:\/\/www.movimientocaamanista.com\/index.php?rest_route=%2Fwp%2Fv2%2Fmedia&parent=3086"}],"wp:term":[{"taxonomy":"category","embeddable":true,"href":"http:\/\/www.movimientocaamanista.com\/index.php?rest_route=%2Fwp%2Fv2%2Fcategories&post=3086"},{"taxonomy":"post_tag","embeddable":true,"href":"http:\/\/www.movimientocaamanista.com\/index.php?rest_route=%2Fwp%2Fv2%2Ftags&post=3086"}],"curies":[{"name":"wp","href":"https:\/\/api.w.org\/{rel}","templated":true}]}}