{"id":3089,"date":"2020-10-13T23:23:37","date_gmt":"2020-10-13T23:23:37","guid":{"rendered":"http:\/\/www.movimientocaamanista.com\/?p=3089"},"modified":"2020-10-13T23:23:38","modified_gmt":"2020-10-13T23:23:38","slug":"en-este-78-cumpleanos-de-amin-estamos-de-frente-contra-el-neoliberalismo-y-el-estado","status":"publish","type":"post","link":"http:\/\/www.movimientocaamanista.com\/?p=3089","title":{"rendered":"En \u00e9ste 78 cumplea\u00f1os de Am\u00edn estamos de frente contra el neoliberalismo y el Estado"},"content":{"rendered":"\n<p>Movimiento Popular Dominicano (MPD)<\/p>\n\n\n\n<p>Am\u00edn Abel Hasb\u00fan, nace el 12 de octubre del 1942.<\/p>\n\n\n\n<p>Am\u00edn, hoy tendr\u00edas  78 a\u00f1os de vida, pero te fue sesgada, por una bala criminal ordenada por la CIA y por los esbirros balagueristas, el 24 de septiembre del 1970.<\/p>\n\n\n\n<p>Te prometemos, que redoblaremos la lucha por la emancipaci\u00f3n de los trabajadores y el pueblo que siempre defendiste.<\/p>\n\n\n\n<p>Tus obras intelectuales y pol\u00edticas, las futuras generaciones las cumplir\u00e1n.<\/p>\n\n\n\n<p>Tus deseos de  que Am\u00e9rica latina buscara su camino se ver\u00e1n cumplidos en todo los proyectos bolivarianos y la patria grande que deseaban Ch\u00e1vez, Fidel, Marulanda, Caama\u00f1o, Amaury, El Moreno y otros.<\/p>\n\n\n\n<p>Fuiste el verdadero intelectual org\u00e1nico de los campesinos, los trabajadores, los estudiantes, etc. Porque en todos estos frentes fuiste ejemplar, en la UASD, en Arenoso, S.Fco.,etc. <\/p>\n\n\n\n<p>En el campo militar fuiste todo un genial estratega; en s\u00edntesis fuiste un revolucionario completo.<\/p>\n\n\n\n<p>Tu partido, vive y resiste contra los nuevos opresores y  la tradicional oligarqu\u00eda a los cuales combatiste y nos ense\u00f1aste a enfrentar.<\/p>\n\n\n\n<p>Tus legados nos sirven a\u00fan para estimular al pueblo, a los trabajadores y a los estudiantes que siguen tus herencias acad\u00e9micas y pol\u00edticas.<\/p>\n\n\n\n<p>Tu Movimiento Popular Dominicano, MPD, Marxista-leninista, no s\u00f3lo hoy eleva su bandera, sino siempre, y prometemos, nunca la dejaremos caer.<\/p>\n\n\n\n<p>Am\u00edn presente!!<\/p>\n\n\n\n<p>Sigamos repudiando al balaguerismo y a sus herederos!!<\/p>\n\n\n\n<p>La memoria de Am\u00edn,debe servir para enfrentar al neoliberalismo del PRM y el PLD!!<\/p>\n\n\n\n<p>El partido de Pablo Mart\u00ednez,  El Moreno y El Men Presente!! <\/p>\n\n\n\n<p>Comit\u00e9 Pol\u00edtico del Comit\u00e9 Central.<\/p>\n","protected":false},"excerpt":{"rendered":"<p>Movimiento Popular Dominicano (MPD) Am\u00edn Abel Hasb\u00fan, nace el 12 de octubre del 1942. Am\u00edn, hoy tendr\u00edas 78 a\u00f1os de vida, pero te fue sesgada, por una bala criminal ordenada por la CIA y por los esbirros balagueristas, el 24 de septiembre del 1970. Te prometemos, que redoblaremos la lucha por la emancipaci\u00f3n de los [&hellip;]<\/p>\n","protected":false},"author":1,"featured_media":2940,"comment_status":"open","ping_status":"open","sticky":false,"template":"","format":"standard","meta":{"footnotes":""},"categories":[5,16],"tags":[],"_links":{"self":[{"href":"http:\/\/www.movimientocaamanista.com\/index.php?rest_route=\/wp\/v2\/posts\/3089"}],"collection":[{"href":"http:\/\/www.movimientocaamanista.com\/index.php?rest_route=\/wp\/v2\/posts"}],"about":[{"href":"http:\/\/www.movimientocaamanista.com\/index.php?rest_route=\/wp\/v2\/types\/post"}],"author":[{"embeddable":true,"href":"http:\/\/www.movimientocaamanista.com\/index.php?rest_route=\/wp\/v2\/users\/1"}],"replies":[{"embeddable":true,"href":"http:\/\/www.movimientocaamanista.com\/index.php?rest_route=%2Fwp%2Fv2%2Fcomments&post=3089"}],"version-history":[{"count":1,"href":"http:\/\/www.movimientocaamanista.com\/index.php?rest_route=\/wp\/v2\/posts\/3089\/revisions"}],"predecessor-version":[{"id":3090,"href":"http:\/\/www.movimientocaamanista.com\/index.php?rest_route=\/wp\/v2\/posts\/3089\/revisions\/3090"}],"wp:featuredmedia":[{"embeddable":true,"href":"http:\/\/www.movimientocaamanista.com\/index.php?rest_route=\/wp\/v2\/media\/2940"}],"wp:attachment":[{"href":"http:\/\/www.movimientocaamanista.com\/index.php?rest_route=%2Fwp%2Fv2%2Fmedia&parent=3089"}],"wp:term":[{"taxonomy":"category","embeddable":true,"href":"http:\/\/www.movimientocaamanista.com\/index.php?rest_route=%2Fwp%2Fv2%2Fcategories&post=3089"},{"taxonomy":"post_tag","embeddable":true,"href":"http:\/\/www.movimientocaamanista.com\/index.php?rest_route=%2Fwp%2Fv2%2Ftags&post=3089"}],"curies":[{"name":"wp","href":"https:\/\/api.w.org\/{rel}","templated":true}]}}