{"id":3145,"date":"2020-10-21T15:51:06","date_gmt":"2020-10-21T15:51:06","guid":{"rendered":"http:\/\/www.movimientocaamanista.com\/?p=3145"},"modified":"2020-10-21T15:51:07","modified_gmt":"2020-10-21T15:51:07","slug":"bolivia-inicia-su-revolucion-democratica-y-cultural-2-0","status":"publish","type":"post","link":"http:\/\/www.movimientocaamanista.com\/?p=3145","title":{"rendered":"Bolivia inicia su Revoluci\u00f3n Democr\u00e1tica y Cultural 2.0"},"content":{"rendered":"\n<p>Juan Pablo Rivero Cort\u00e9s<\/p>\n\n\n\n<p>Fuente: <a href=\"https:\/\/rebelion.org\/bolivia-inicia-su-revolucion-democratica-y-cultural-2-0\/\">Rebeli\u00f3n<\/a><\/p>\n\n\n\n<p>Los bolivianos fuimos a urnas este 18 de octubre con una premisa: recuperar la democracia, y con un temor: que la violencia se apodere de nuevo del pa\u00eds. Gracias a la conciencia del pueblo, la premisa se cumpli\u00f3 con creces y con una masiva e innegable voluntad que no dio pie a la violencia.<\/p>\n\n\n\n<p>Este triunfo del pueblo, sin embargo, no debe hacernos olvidar que algo estuvo fragu\u00e1ndose en algunas esferas, en un intento desesperado por torcer \u2013otra vez\u2013 ilegalmente, el curso de la historia. Hasta la medianoche el Tribunal Supremo Electoral, af\u00edn al gobierno de facto de Jeanine \u00c1\u00f1ez y su aliado Carlos Mesa, tuvo secuestrados los resultados a boca de urna y apenas dej\u00f3 filtrar un avance \u00ednfimo de los oficiales. Ya sab\u00edan, por muchas horas que la victoria de Luis Arce (MAS) era aplastante \u00bfcu\u00e1l era su intenci\u00f3n?, \u00bfqu\u00e9 posible salida estaban barajando?<\/p>\n\n\n\n<p>A las 12:00, no pudieron resistir m\u00e1s la presi\u00f3n popular e internacional que no estaban dispuestas a esperar el tiempo que pidi\u00f3 el TSE (\u00a1hasta dos d\u00edas!) para dar los resultados oficiales. Poco antes, adem\u00e1s, ya se hab\u00edan filtrado las proyecciones a boca de urna que ya en la madrugada boliviana oficializaron algunas redes de televisi\u00f3n: 52,4 % para Arce, seg\u00fan la encuestadora Ciesmori y 53 %, para la Fundaci\u00f3n Jubileo, en ambos casos con una ventaja de m\u00e1s de 20 puntos porcentuales sobre el segundo, Carlos Mesa de (CC).<\/p>\n\n\n\n<p>Ya no hab\u00eda vuelta atr\u00e1s. Bolivia volvi\u00f3 a confiar masivamente desde las urnas en el instrumento pol\u00edtico de los movimientos sociales, que esta vez tiene la dura misi\u00f3n de retomar la Revoluci\u00f3n Democr\u00e1tica y Cultural iniciada en 2006 por Evo Morales; recuperar la democracia duramente socavada en 11 meses de gobierno de facto; enfrentar la pandemia de la COVID-19 y, sobre todo, devolver al pa\u00eds a los sitiales de vanguardia en crecimiento econ\u00f3mico y social, que tuvo en los \u00faltimos a\u00f1os.<\/p>\n\n\n\n<p>M\u00e1s de 13 a\u00f1os de logros y transformaciones que lograron una sociedad m\u00e1s justa y un Estado s\u00f3lido y soberano est\u00e1n ahora en serio riesgo tras el \u00faltimo a\u00f1o en el que un gobierno ileg\u00edtimo y neoliberal deja a la naci\u00f3n al borde de la ruina econ\u00f3mica debido a la incapacidad de las autoridades y numerosos esc\u00e1ndalos de corrupci\u00f3n; en una profunda crisis sanitaria y social por la p\u00e9sima gesti\u00f3n de pandemia; y con una sociedad debilitada por el irrespeto de las garant\u00edas b\u00e1sicas, la persecuci\u00f3n y estigmatizaci\u00f3n pol\u00edtica y racial, a la que colaboraron no pocos medios de comunicaci\u00f3n hegem\u00f3nicos y con intereses ultraconservadores.<\/p>\n\n\n\n<p>Hoy los 11 millones de bolivianos necesitamos un gobierno de reconciliaci\u00f3n, pero tambi\u00e9n de gesti\u00f3n para recuperar lo logrado hasta 2019 y seguir en la misma senda. La Revoluci\u00f3n Democr\u00e1tica y Cultural viene en su versi\u00f3n 2.0. Evo Morales, su l\u00edder hist\u00f3rico, que siempre tendr\u00e1 un lugar preponderante pas\u00f3 la batuta a Luis Arce, el art\u00edfice del \u201cmilagro econ\u00f3mico boliviano\u201d, elogiado y estudiado en otros pa\u00edses. Junto a \u00e9l, estar\u00e1 David Choquehuanca, dirigente ind\u00edgena, reconocido por su larga y exitosa gesti\u00f3n de canciller y por haber reimpulsado la cosmovisi\u00f3n andina dentro y fuera de Bolivia.<\/p>\n\n\n\n<p>Una de las canciones m\u00e1s lindas del masismo dice: \u201cKatari la rebeli\u00f3n, Evo la revoluci\u00f3n\u201d. Ahora deber\u00edamos aumentarle: \u201cLucho y David la reconstrucci\u00f3n\u201d. Ambos mostraron ya su car\u00e1cter conciliador en la campa\u00f1a y en su primera declaraci\u00f3n tras conocer los resultados, Lucho se\u00f1al\u00f3: \u201crecuperamos la democracia y la esperanza, (\u2026), vamos a gobernar para todos los bolivianos y sin odios\u201d. David tambi\u00e9n va por esa l\u00ednea. En la campa\u00f1a fue muy autocr\u00edtico con los errores del Proceso de Cambio en el pasado y prometi\u00f3 corregir estas fallas. \u201cTrabajemos unidos y de coraz\u00f3n para reconstruir un nuevo pa\u00eds donde volvamos a mirarnos con respeto\u201d, tuite\u00f3 el futuro vicepresidente.<\/p>\n\n\n\n<p>Queda claro, no obstante, que no hay que confundir un periodo de reconciliaci\u00f3n con uno de impunidad y desmemoria. En Bolivia se cometieron delitos y se violaron derechos humanos; los culpables deber\u00e1n enfrentar a la justicia con todas las garant\u00edas. Por lo dem\u00e1s, el pueblo merece conocer la verdad de la crisis pol\u00edtica de 2019: la contundente reafirmaci\u00f3n de confianza al MAS, es una reafirmaci\u00f3n, tambi\u00e9n, de que no hubo fraude en los comicios de aquel a\u00f1o, en los que Evo Morales gan\u00f3 en primera vuelta y fue obligado a renunciar en el marco de un golpe de Estado cuyos vericuetos est\u00e1n a\u00fan por esclarecer.<\/p>\n\n\n\n<p>No son pocos los retos para Lucho y David: crisis econ\u00f3mica de proporciones, en primer plano; pero es m\u00e1s grande a\u00fan la oportunidad de reunificaci\u00f3n de los bolivianos y surge m\u00e1s fuerte que nunca la esperanza\u2026 aquel sentimiento que vol\u00f3 por todo lo alto en los casi tres lustros de progresismo que vivi\u00f3 Bolivia: una siembra cuyos frutos volveremos a cosechar.<\/p>\n\n\n\n<p><strong>Juan Pablo Rivero Cort\u00e9s, periodista digital especializado en redes sociales, fue parte del Equipo Presidencial de Redes Sociales del expresidente Evo Morales. Actualmente colabora con varios medios alternativos de Bolivia.<\/strong><\/p>\n","protected":false},"excerpt":{"rendered":"<p>Juan Pablo Rivero Cort\u00e9s Fuente: Rebeli\u00f3n Los bolivianos fuimos a urnas este 18 de octubre con una premisa: recuperar la democracia, y con un temor: que la violencia se apodere de nuevo del pa\u00eds. Gracias a la conciencia del pueblo, la premisa se cumpli\u00f3 con creces y con una masiva e innegable voluntad que no [&hellip;]<\/p>\n","protected":false},"author":1,"featured_media":3146,"comment_status":"open","ping_status":"open","sticky":false,"template":"","format":"standard","meta":{"footnotes":""},"categories":[5,3],"tags":[],"_links":{"self":[{"href":"http:\/\/www.movimientocaamanista.com\/index.php?rest_route=\/wp\/v2\/posts\/3145"}],"collection":[{"href":"http:\/\/www.movimientocaamanista.com\/index.php?rest_route=\/wp\/v2\/posts"}],"about":[{"href":"http:\/\/www.movimientocaamanista.com\/index.php?rest_route=\/wp\/v2\/types\/post"}],"author":[{"embeddable":true,"href":"http:\/\/www.movimientocaamanista.com\/index.php?rest_route=\/wp\/v2\/users\/1"}],"replies":[{"embeddable":true,"href":"http:\/\/www.movimientocaamanista.com\/index.php?rest_route=%2Fwp%2Fv2%2Fcomments&post=3145"}],"version-history":[{"count":1,"href":"http:\/\/www.movimientocaamanista.com\/index.php?rest_route=\/wp\/v2\/posts\/3145\/revisions"}],"predecessor-version":[{"id":3147,"href":"http:\/\/www.movimientocaamanista.com\/index.php?rest_route=\/wp\/v2\/posts\/3145\/revisions\/3147"}],"wp:featuredmedia":[{"embeddable":true,"href":"http:\/\/www.movimientocaamanista.com\/index.php?rest_route=\/wp\/v2\/media\/3146"}],"wp:attachment":[{"href":"http:\/\/www.movimientocaamanista.com\/index.php?rest_route=%2Fwp%2Fv2%2Fmedia&parent=3145"}],"wp:term":[{"taxonomy":"category","embeddable":true,"href":"http:\/\/www.movimientocaamanista.com\/index.php?rest_route=%2Fwp%2Fv2%2Fcategories&post=3145"},{"taxonomy":"post_tag","embeddable":true,"href":"http:\/\/www.movimientocaamanista.com\/index.php?rest_route=%2Fwp%2Fv2%2Ftags&post=3145"}],"curies":[{"name":"wp","href":"https:\/\/api.w.org\/{rel}","templated":true}]}}