{"id":3204,"date":"2020-10-25T21:34:31","date_gmt":"2020-10-25T21:34:31","guid":{"rendered":"http:\/\/www.movimientocaamanista.com\/?p=3204"},"modified":"2020-11-12T21:41:24","modified_gmt":"2020-11-12T21:41:24","slug":"ciencia-y-practica-medicas-enajenadas-por-el-capitalismo","status":"publish","type":"post","link":"http:\/\/www.movimientocaamanista.com\/?p=3204","title":{"rendered":"Ciencia y pr\u00e1ctica m\u00e9dicas enajenadas por el capitalismo"},"content":{"rendered":"\n<p>Andr\u00e9s Lund Medina<\/p>\n\n\n\n<p>Fuente: <a href=\"https:\/\/rebelion.org\/ciencia-y-practica-medicas-enajenadas-por-el-capitalismmo\/\">Rebeli\u00f3n<\/a><\/p>\n\n\n\n<p>\u201cPerseo se cubr\u00eda con un yelmo de niebla para perseguir a los monstruos. Nosotros nos encasquetamos el yelmo de niebla, cubri\u00e9ndonos ojos y o\u00eddos para poder negar la existencia de los monstruos.\u201d -Karl Marx,&nbsp;<strong><em>El Capital<\/em><\/strong><\/p>\n\n\n\n<p>Ante una Covid 19 que se extend\u00eda por algunas regiones del planeta, con datos insuficientes y declaraciones contradictorias, la Organizaci\u00f3n Mundial de la Salud (OMS) declar\u00f3 la Pandemia y mandat\u00f3 de manera dictatorial que los gobiernos impusieran una pol\u00edtica sanitaria de restricci\u00f3n de actividades sociales, de aislamiento en casa de enfermos y sanos, de distanciamiento social, as\u00ed como medidas higi\u00e9nicas (lavarse las manos, desinfectar todo, etc.).&nbsp;<\/p>\n\n\n\n<figure class=\"wp-block-image\"><img decoding=\"async\" src=\"https:\/\/lh5.googleusercontent.com\/YJb7e0ELG5nRyWjRFT4lGeDL2GyPHnesbFig5-4TzfUxENTgN0QVDPunrpDsNzLTgUdGAIQrx64qLbR6anhZXYf_reNNg7pD6J3B_D_uN9p_NWYP-2DCyg3QyAx0YieE8DyTvywJ_xz45Aufhw\" alt=\"6127290665e6a115666f88.jpg\"\/><\/figure>\n\n\n\n<p>Adem\u00e1s de generar un p\u00e1nico mundial, la OMS promovi\u00f3 una ins\u00f3lita&nbsp;<strong><em>pol\u00edtica de confinamiento para todo mundo<\/em><\/strong>&nbsp;a partir de un enfoque epidemiol\u00f3gico fatalista, que calcula contagios y muertos, dejando de lado un enfoque terap\u00e9utico, de prevenci\u00f3n y curativo, de la enfermedad.<\/p>\n\n\n\n<figure class=\"wp-block-image\"><img decoding=\"async\" src=\"https:\/\/lh5.googleusercontent.com\/fOrqRmgPcBsQ92ClKyQtA4PcLucVNKEVoM76Ns26Tsm9uk_RWKDH_RsBwz-83SODMzoREowPB2dfBPXRD-ud1DRunfFX22M02jsj57oLpkc58wsLkMUijrJpeyJwtFEPML5zDgXly3ijmW779A\" alt=\"Epidemiology.Health Danger Risk Spread Laboratory Stock Vector ...\"\/><\/figure>\n\n\n\n<p><strong>Ciencia y pr\u00e1ctica m\u00e9dicas enajenadas e invertidas por el capitalismo<\/strong><\/p>\n\n\n\n<p>Para explicar c\u00f3mo fue posible que la OMS impusiera un confinamiento para todo mundo, sanos y enfermos, sin considerar sus fatales consecuencias en las condiciones materiales de vida de la mayor\u00eda de la poblaci\u00f3n mundial y que le diera preeminencia a un estrecho enfoque epidemiol\u00f3gico que hace c\u00e1lculos sobre el desarrollo de esta pandemia, soslayando el enfoque propiamente m\u00e9dico, terap\u00e9utico, de prevenci\u00f3n y tratamiento de la enfermedad, es necesario entender lo que ha pasado con la ciencia y pr\u00e1ctica m\u00e9dica en el capitalismo.<\/p>\n\n\n\n<p>Es sabido o debiera saberse m\u00e1s que el conocimiento y la pr\u00e1ctica m\u00e9dica (que incluye el estudio, la docencia y la investigaci\u00f3n) est\u00e1n \u00edntimamente ligados a los intereses de las grandes capitales de las industrias farmac\u00e9uticas.<\/p>\n\n\n\n<figure class=\"wp-block-image\"><img decoding=\"async\" src=\"https:\/\/lh5.googleusercontent.com\/xoe1OCnrkh_Vnrtfa2urFdhb2BGjPhIKYGRFajO2Rz894Dfof1d9RUeni0QuFpogrpkPZW2lxCSpvDjwawPoHOQ3NPrvBwfZg9RU0QegTlW7tezlGm6mUzrx0B_52WpBAkLhZ1mrQIRaq4HNTg\" alt=\"1561634715_680617_1561657490_rrss_normal.jpg\"\/><\/figure>\n\n\n\n<p>Y ya sabemos que el Capital enajena e invierte lo que toca, de modo que a la ciencia y pr\u00e1ctica m\u00e9dica tentada por el capitalismo le importa m\u00e1s la enfermedad que la salud y que los m\u00e9dicos sean asalariados a su servicio.<\/p>\n\n\n\n<p>Como se trata, sobre todo, de incrementar las ganancias, a la industria farmac\u00e9utica (que corrompe a los m\u00e9dicos) no le importa tanto curar enfermedades sino enfermar y mantener enfermos para vender sus medicinas paliativas que alivian s\u00edntomas pero no curan.&nbsp;<\/p>\n\n\n\n<p>Este tipo de ciencia y pr\u00e1ctica m\u00e9dica invertida por la din\u00e1mica capitalista no considera las condiciones econ\u00f3micas y sociales de la salud, es decir: no toma en cuenta las desigualdades, la miseria, el hambre, el desgaste f\u00edsico y ps\u00edquico por la sobrexplotaci\u00f3n, la mal nutrici\u00f3n por consumo de las mercanc\u00edas t\u00f3xicas de la industria alimentaria, que son las causales de las principales enfermedades que matan a la mayor\u00eda de seres humanos en el planeta, y tampoco promueve la salud con medidas de prevenci\u00f3n y cuidados tempranos de enfermedades. De funcionar tomando en cuenta lo se\u00f1alado -las condiciones econ\u00f3micas y sociales de las enfermedades y tratamientos preventivos o de atenci\u00f3n primaria-, ser\u00eda una ciencia y una pr\u00e1ctica m\u00e9dica enfrentada al Capital.<\/p>\n\n\n\n<p>Pese a los sistemas de salud que se han levantado en casi todo el mundo, instituciones que el neoliberalismo ha liquidado o debilitado al extremo, tenemos una ciencia y pr\u00e1ctica m\u00e9dica que no est\u00e1 comprometida a fondo con la extensi\u00f3n de la salud p\u00fablica pues est\u00e1 penetrada de intereses privados.&nbsp;<\/p>\n\n\n\n<p>Por eso, esta ciencia y pr\u00e1ctica m\u00e9dica no valora los saberes m\u00e9dicos de pueblos originarios, comunitarios y gratuitos, y cuando lo hace, la industria farmac\u00e9utica se los roba con patentes que privatizan el conocimiento para mercantilizarlos y lucrar con \u00e9l. Tampoco promueve el conocimiento, la sabidur\u00eda y la autonom\u00eda preventiva y curativa, pues le conviene la ignorancia, la dependencia y mantener su postura autoritaria para mercantilizar medicinas y servicios m\u00e9dicos con el \u00fanico fin de aumentar sus ganancias. De hecho, dej\u00f3 de ser un esc\u00e1ndalo que el Capital hiciera negocio con la salud, privatizando los servicios para que se rigieran por las leyes del mercado. La salud, entonces, dej\u00f3 de concebirse como derecho humano fundamental para volverse una mercanc\u00eda que se vende y se compra, para obtener ganancias.&nbsp;<\/p>\n\n\n\n<p>Mientras se dejaba sin recursos a las instituciones de atenci\u00f3n m\u00e9dica, sin medicamentos y con menos personal, la privatizaci\u00f3n de los servicios m\u00e9dicos floreci\u00f3 como un negocio pr\u00f3spero. Y tanto en las instituciones p\u00fablicas como privadas, las industrias farmac\u00e9uticas y los seguros m\u00e9dicos impusieron sus intereses sobre acciones que propicien mantener la salud de las personas.<\/p>\n\n\n\n<p>De esta manera, las instituciones m\u00e9dicas a su servicio, como la OMS, priorizan las enfermedades tratables con medicinas y vacunas, cuya compra venta produce alt\u00edsimas ganancias en la industria farmac\u00e9utica.<\/p>\n\n\n\n<p><strong>La Gran Industria Farmac\u00e9utica<\/strong><\/p>\n\n\n\n<p>\u201cEn cuanto valor de uso, nada de misterioso se oculta en ella [la mercanc\u00eda], ya la consideremos desde el punto de vista de que merced a sus propiedades satisface necesidades humanas, o de que no adquiere esas propiedades sino en cuanto producto del trabajo humano. Es de claridad meridiana que el hombre, mediante su actividad, altera las formas de las materias naturales de manera que le sean \u00fatiles. Se modifica la forma de la madera, por ejemplo, cuando con ella se hace una mesa. No obstante, la mesa sigue siendo madera, una cosa ordinaria, sensible. Pero no bien entra en escena como mercanc\u00eda, se trasmuta en cosa sensorialmente suprasensible. No s\u00f3lo se mantiene tiesa apoyando sus patas en el suelo, sino que se pone de cabeza frente a todas las dem\u00e1s mercanc\u00edas y de su testa de palo brotan quimeras mucho m\u00e1s caprichosas que si, por libre determinaci\u00f3n, se lanzara a bailar.\u201d -Karl Marx,&nbsp;<strong><em>El Capital<\/em><\/strong>&nbsp;(Libro I)<\/p>\n\n\n\n<p>La industria farmac\u00e9utica capitalista produce y comercializa mercanc\u00edas qu\u00edmicas medicinales. Aparentemente, su valor de uso es tratar y prevenir enfermedades, pero siendo expresiones del Capital con las que se busca hacer m\u00e1s dinero, valorizar el valor, de estas mercanc\u00edas \u201cbrotan quimeras\u201d como tabletas, c\u00e1psulas, inyecciones, supositorios, \u00a1vacunas!, que sirven, principalmente, para incrementar las ganancias de las empresas.&nbsp;&nbsp;&nbsp;<\/p>\n\n\n\n<p>Y seg\u00fan el siguiente cuadro de 2017, las quimeras de estas mercanc\u00edas se realizan con creces:<\/p>\n\n\n\n<figure class=\"wp-block-image\"><img decoding=\"async\" src=\"https:\/\/lh6.googleusercontent.com\/y7Hv5k9Fmca9aIE_qwmY7S6_Juy7RmUnIg1-CT-6vvWdbVzbpc1QVLx2LZy3cAGrCrddPFgZkfl9HGNwYV2h8iLrcEZ-Y86k2ZIRdjuri9sdAlxTrOf8CASrYl-gVDsS2-TtOvADQvZLY-32YQ\" alt=\"top10\"\/><\/figure>\n\n\n\n<p>\u201cEl mercado farmac\u00e9utico mundial se estim\u00f3 en 1,11 billones de d\u00f3lares en 2017 y se prev\u00e9 que alcance los 1,43 billones de d\u00f3lares en 2020. En 2017, el mercado farmac\u00e9utico de Am\u00e9rica del Norte, Asia Pac\u00edfico y Europa Occidental represent\u00f3 aproximadamente el 37%, el 22% y el 20% de la cuota de mercado mundial, respectivamente.<\/p>\n\n\n\n<p>En 2017, las 10 principales compa\u00f1\u00edas farmac\u00e9uticas mundiales generaron ventas por valor de 437.257 millones de d\u00f3lares, lo que representa aproximadamente el 40% de la cuota de mercado mundial, y las 15 principales compa\u00f1\u00edas farmac\u00e9uticas mundiales generaron ventas por valor de 568.617 millones de d\u00f3lares, lo que representa el 51% de la cuota de mercado mundial. Se utiliz\u00f3 un an\u00e1lisis comparativo de las 15 principales organizaciones para desarrollar un ranking para estas compa\u00f1\u00edas.\u201d (Top 10 compa\u00f1\u00edas farmac\u00e9uticas 2018 a nivel mundial, AIMFA)<\/p>\n\n\n\n<p>Otra quimera de estas mercanc\u00edas, que son formas del Capital, es la de concentrar, centralizar y monopolizar todo&nbsp; en 25 empresas farmac\u00e9uticas que controlan el 50% del mercado mundial.<\/p>\n\n\n\n<p>Estas empresas farmac\u00e9uticas compran materia prima barat\u00edsima, sobreexplotan a sus trabajadores, contaminan el medio ambiente, presionan a los gobiernos y a los doctores para poder comercializar sus productos con patente (aunque no curen e incluso empeoren a los enfermos) y venderlos donde hay dinero.&nbsp;<\/p>\n\n\n\n<figure class=\"wp-block-image\"><img decoding=\"async\" src=\"https:\/\/lh6.googleusercontent.com\/kPxx834pGQPgTif4b4DRJbxIjFOxjGLS9x_KJLztLHdc5_Je-oj2vi6v1b-Ek5KNIAGSl9B5dLEJ5OoIeg4nleKFRTPCe2babp16ed9tvCSvyQUaUKJ0Mp1vnpcwVvHnzkBdVx0VZjFBT8drdQ\" alt=\"Third-Pharma-940x590.jpg\"\/><\/figure>\n\n\n\n<figure class=\"wp-block-image\"><img decoding=\"async\" src=\"https:\/\/lh4.googleusercontent.com\/j9IX1AgF_p7xiz7ff4G05dOcQRiPO3yG5V4WyWq_1BU7F7xcXh6wy8RJKuDCL5chg_IWNrN6Judnmoo1vosDBoM_cQNt89ok1Y8gWPVogli6onT7YqorX7JzmH4iaWD51Tp0Zme8iayC_C2VRg\" alt=\"0-EHZbRuomhpSW2pVz.jpg\"\/><\/figure>\n\n\n\n<p>Aunque digan que gastan en Investigaci\u00f3n, invierten mucho m\u00e1s en costos en publicidad, y muchas de sus investigaciones consisten en producir sus medicinas con variantes para volverlas a patentar. Algunos calculan que para ciertos productos de esta industria se invierte un d\u00f3lar y se sacan mil.<\/p>\n\n\n\n<p>A las farmac\u00e9uticas no les importa que se mueran millones de ni\u00f1os por enfermedades prevenibles con la vacunaci\u00f3n: s\u00f3lo les interesa obtener m\u00e1s ganancias.&nbsp;<em>M\u00e9dicos Sin Fronteras<\/em>&nbsp;les ha solicitado a las compa\u00f1\u00edas farmac\u00e9uticas GlaxoSmithKline (GSK) y Pfizer que bajen los precios de la vacuna contra el neumococo para que m\u00e1s ni\u00f1os se salven.&nbsp;<\/p>\n\n\n\n<p>Pero eso no les conviene a estas empresas porque gracias a esta vacuna esas industrias ganaron 28.000 millones de d\u00f3lares en ventas en cinco a\u00f1os. En un a\u00f1o Pfizer obtuvo m\u00e1s de 4.400 millones en ventas de la vacuna contra la neumon\u00eda, la m\u00e1s vendida en el mundo.&nbsp;<\/p>\n\n\n\n<figure class=\"wp-block-image\"><img decoding=\"async\" src=\"https:\/\/lh6.googleusercontent.com\/M8Wq_kGbRrxVBUzMIsxeNGPmipYqhZ4fE7k8uP94hQx38_T3Tjgmn-l6eTOFy1CGLQ6fe3Kp67wkIi1rvFbAGxu4zZXiVQxmylHowEYGeLFvo55EjzJ6ZXd2X44sPVo3-bix7i7zfbaCb7Bntg\" alt=\"best-pharmaceutical-companies.jpg\"\/><\/figure>\n\n\n\n<p>Por cierto, si las vacunas tienen efectos negativos y mortales (como suele ocurrir con las nuevas), la industria farmac\u00e9utica le impuso leyes al gobierno norteamericano para protegerla de demandas contra ella.&nbsp;<\/p>\n\n\n\n<figure class=\"wp-block-image\"><img decoding=\"async\" src=\"https:\/\/lh5.googleusercontent.com\/0WT8T4H3AtC61gd2M267lAkKJa0CWovGYGqUzMTqmi-4J8PYW8KdKIhhWffgDgvdUOTLqLZ1Mqtt0uvewNoc-nvuxOvlnTiwdN1mo0BscNRwsRXjeEPQ1v0tjRSDLbvcDz6iJ9Q_rqYUS04MCA\" alt=\"Lorena Salazar on Twitter: &quot;El Virus se llama Capitalismo El ...\"\/><\/figure>\n\n\n\n<p>Cabe recordarlo, ahora que Astra Zeneca, apoyada por Bill Gates, est\u00e1 recibiendo ganancias extraordinarias por hacer la vacuna para la Covid 19 sin ajustarse a los protocolos exigidos.<\/p>\n\n\n\n<p><strong>Letalidad del capitalismo<\/strong><\/p>\n\n\n\n<p>El capitalismo enferma y mata por pobreza y hambre, por la intoxicaci\u00f3n medioambiental y por las fracturas metab\u00f3licas con la naturaleza que fomentan enfermedades zoon\u00f3ticas, por la violencia necr\u00f3fila que propicia, pero tambi\u00e9n por satisfacer el hambre con las mercanc\u00edas t\u00f3xicas que produce la industria alimentaria, que provocan las m\u00e1s letales enfermedades por las que mueren los humanos tempranamente. Vayamos por partes.<\/p>\n\n\n\n<p>Seg\u00fan c\u00e1lculos del investigador de Harvard, Thomas Pogge, \u201cun tercio de todas las vidas humanas terminan en muerte temprana por causas relacionadas con la pobreza.\u201d&nbsp;<\/p>\n\n\n\n<p>\u00c9l ha calculado que de 1990 a 2005 hubo 300 millones de muertos por pobreza, cinco veces los muertos que hubo en la Segunda Guerra Mundial.&nbsp;<\/p>\n\n\n\n<p>Tambi\u00e9n se ha calculado que cada a\u00f1o mueren 20 millones de personas por las desigualdades y la miseria material y ecol\u00f3gica que causa el capitalismo.<\/p>\n\n\n\n<figure class=\"wp-block-image\"><img decoding=\"async\" src=\"https:\/\/lh6.googleusercontent.com\/Qzj8SPobBrsJEB9ToDGQnHrTCvqSElicGMoBaIy3knbEV6fIafQ7hW7tX6D_YUItYt5j9M2wTxXVk3SWgyjjSPlsCA6plbtZAbab7lEDDQc_Ran6_OcPP2VmFtZh2aNt7Qt2HQkYAEFpvxPdcA\" alt=\"BIKTOR\ud83d\udd3b\ud83c\uddf3\ud83c\uddee\u2764\ufe0f\ud83d\udda4\u262d #SocComArmy on Twitter: &quot;El capitalismo ...\"\/><\/figure>\n\n\n\n<p>El capitalismo tambi\u00e9n mata con la intoxicaci\u00f3n medioambiental: del aire, del agua, de los suelos. En 2019 se calcul\u00f3 que morir\u00edan por contaminaci\u00f3n atmosf\u00e9rica 8.8 millones en todo el mundo, asociados a enfermedades vasculares, ataques cardiacos y accidentes cerebrovasculares, subrayando los riesgos de las nuevas micropart\u00edculas PM 2.5 (part\u00edculas s\u00f3lidas de polvo, ceniza, holl\u00edn, metal, cemento).&nbsp;<\/p>\n\n\n\n<p>Tambi\u00e9n hay miles de muertes por contaminaci\u00f3n de agua para beber y de suelos. La OMS calcula que cada a\u00f1o mueren 12,6 millones de personas a causa de la insalubridad del medio ambiente.<\/p>\n\n\n\n<figure class=\"wp-block-image\"><img decoding=\"async\" src=\"https:\/\/lh4.googleusercontent.com\/-N_pPmWLM3gLMNVQz5Q7lhvdo0ky2LT7rAc3P7CIkZJRslMBevq6DXK5j1kr5YVuakSKKDnLWYYyAR2YpGVyYr-i_AE9DXWIuIOhHekjJ2Y2Vg1e7nVpTHbgRgeu12PmYnXS2qO_vE-KppJTwA\" alt=\"4.3. TERCERA ETAPA - PETROLEO PFM\"\/><\/figure>\n\n\n\n<p>Y la cuota de muertos por el capitalismo aumenta si tomamos en cuenta los que se mueren por enfermedades asociadas con el sistema alimentario y sus industrias. Seg\u00fan la OMS, las enfermedades m\u00e1s letales son las siguientes:<\/p>\n\n\n\n<table class=\"wp-block-table\"><tbody><tr><td>No.Causa<\/td><td>N.\u00ba estimado de muertes (en milliones)<\/td><td>Porcentaje del total de muertes<\/td><\/tr><tr><td><strong>1<\/strong><strong>Cardiopat\u00eda isqu\u00e9mica<\/strong><\/td><td>7.25<\/td><td>12.8<\/td><\/tr><tr><td><strong>2<\/strong><strong>Afecci\u00f3n cerebrovascular<\/strong><\/td><td>6.15<\/td><td>10.8<\/td><\/tr><tr><td><strong>3<\/strong><strong>Infecciones de las v\u00edas respiratorias inferiores<\/strong><\/td><td>3.46<\/td><td>6.1<\/td><\/tr><tr><td><strong>4<\/strong><strong>Enfermedad pulmonar obstructiva cr\u00f3nica<\/strong><\/td><td>3.28<\/td><td>5.8<\/td><\/tr><tr><td><strong>5<\/strong><strong>Enfermedades diarreicas<\/strong><\/td><td>2.46<\/td><td>4.3<\/td><\/tr><\/tbody><\/table>\n\n\n\n<p>La gran mayor\u00eda de las enfermedades m\u00e1s letales son causadas por el modo de producci\u00f3n, vida y consumo capitalista, que suman casi 30 millones de muertos al a\u00f1o.<\/p>\n\n\n\n<p><strong>El derecho a la salud es anticapitalista<\/strong><\/p>\n\n\n\n<p>De acuerdo con lo anterior, debemos demandar&nbsp;<strong><em>el derecho a la salud&nbsp;<\/em><\/strong>para esta pandemia, que debe significar un cambio de enfoque en el sistema de salud, de modo que el enfoque epidemiol\u00f3gico no eclipse al terap\u00e9utico, y que \u00e9ste sea puesto en pr\u00e1ctica con tratamientos preventivos (reforzando el sistema inmune para esta Covid 19), con medicamentos curativos (como antiinflamatorios, que curan los procesos inflamatorios que esta enfermedad provoca) y espec\u00edficos para personas vulnerables.&nbsp;<\/p>\n\n\n\n<p>De llevarse a cabo esto, tal vez no baje el n\u00famero de contagios (como en cualquier pandemia de gripe), pero sin duda reducir\u00e1 el de muertos.<\/p>\n\n\n\n<p>La enfermedad de Covid 19 (sus procesos inflamatorios), como lo argumentamos, es tratable y curable. En el caso de que se diera una verdadera atenci\u00f3n m\u00e9dica a todos los enfermos de Covid 19 (con medicamentos terap\u00e9uticos), el n\u00famero de muertos por esta enfermedad disminuir\u00eda y el confinamiento perder\u00eda su raz\u00f3n de ser, as\u00ed como muchas medidas para imponer una&nbsp;<strong><em>nueva normalidad<\/em><\/strong>. Tal vez volvamos a la vieja normalidad, pero esa mantiene las formas conocidas de trabajo, consumo, educaci\u00f3n y pol\u00edtica que nos permiten seguir intentando crear ese Otro poder colectivo que puede desinvertir o desenajenar a este mundo invertido del Capital.<\/p>\n\n\n\n<p>Pero la lucha por el Derecho a la Salud no debe detenerse ah\u00ed.&nbsp;<\/p>\n\n\n\n<p>Demandar que se tenga un verdadero Derecho a la Salud no implica una \u201c<em>nueva normalidad<\/em>\u201d sino&nbsp;<strong><em>una nueva realidad: anticapitalista y ecosocialista<\/em><\/strong>.<\/p>\n\n\n\n<p>S\u00f3lo en esa nueva realidad ecosocialista planetaria podr\u00e1n cumplirse sue\u00f1os l\u00facidos, utop\u00edas que el capitalismo niega, como la cobertura sanitaria universal.&nbsp;<\/p>\n\n\n\n<figure class=\"wp-block-image\"><img decoding=\"async\" src=\"https:\/\/lh4.googleusercontent.com\/zsFBQ6hidfCehQ8Kt5YNf297mkH05REPBxfH9xhRZpyUh5RhOSaN3MUObJwLyVjTl6weDyoMB2tdlnBmGjRq_7tmlENfxIYAJHgkaYkmlOWxG3ez-ImcHT2oCtUp96l9s10cyHmVQqP32MjN8Q\" alt=\"Sin salud para todos, no podremos poner fin a la pobreza en 2030\"\/><\/figure>\n\n\n\n<p>Porque tener un verdadero Derecho a la Salud universal implica terminar con un sistema enajenado y enajenante que en autom\u00e1tico produce mayores desigualdades y m\u00e1s miseria (material, ecol\u00f3gica, espiritual), desnutrici\u00f3n y enfermedades, principales causas de muertes humanas al a\u00f1o.<\/p>\n\n\n\n<figure class=\"wp-block-image\"><img decoding=\"async\" src=\"https:\/\/lh4.googleusercontent.com\/en8MNBs6ukxPJVffUbQ15IH7hrhId289Q1f2R13h6x0uLbL8yTXinvlfU2xE-4kLXll0l_yeYHdUNIzA5pAHistCkIvYHm5_1UMgWnueJUYF6HCnwlK2zka_qaH2OJgJFi18lwN0mEeHmxwjCA\" alt=\"La pobreza, el mayor obst\u00e1culo para la salud | Manos Unidas\"\/><\/figure>\n\n\n\n<figure class=\"wp-block-image\"><img decoding=\"async\" src=\"https:\/\/lh5.googleusercontent.com\/LacNA6crDZbivnF1VSCZNi3uZamUMheB087y3lW1u-9A1UBqATicrOIfHdg_z3_jJgmD_dZ2ZQkR224n9lX8TzjwosRb-u8Jl75PboU-26q3LVwxRhd2vaD-35rWKc5YCO_4CBUNaePaOglPfw\" alt=\"La pobreza, el mayor obst\u00e1culo para la salud | Manos Unidas\"\/><\/figure>\n\n\n\n<p>Un aut\u00e9ntico sistema de salud p\u00fablico debe de ir de la mano con el combate contra la desigualdad mundial y contra la miseria material, ecol\u00f3gica y espiritual.<\/p>\n\n\n\n<p>Un enfoque radical en la salud p\u00fablica no se queda en las ramas sino que va a la ra\u00edz del problema: no s\u00f3lo debemos reducir o evitar el consumo de esas mercanc\u00edas t\u00f3xicas que se presentan como productos de la industria alimentaria (fabricadas con carne, az\u00facar y harina refinada, a\u00f1adidos qu\u00edmicos) que, ahora es evidente, causan todas esas enfermedades cr\u00f3nicas que producen cada a\u00f1o el mayor n\u00famero de muertos y que nos vuelven vulnerables ante este tipo de virus, adem\u00e1s de que nos van deteriorando lentamente, tambi\u00e9n ser\u00e1 necesario demandar que sean expropiadas para que funcionen para nutrirnos.&nbsp;<\/p>\n\n\n\n<p>Para desenajenar este mundo capitalista invertido debemos poner por encima el valor de uso de trabajos verdaderamente \u00fatiles, realizados en comunidad y cuidando la relaci\u00f3n metab\u00f3lica entre la sociedad y la naturaleza. Se trata de poner en el centro la Vida y no las ganancias del Capital.<\/p>\n\n\n\n<p>Pero hacernos cargo de nuestra salud es hacernos cargo de la salud, nuestra, de la sociedad, del planeta Tierra.&nbsp;<\/p>\n\n\n\n<p>Y por ello debemos unirnos, organizarnos y luchar para terminar con las industrias que intoxiquen el aire, el agua, la tierra, nuestros cuerpos, que promueven el ecocidio, que fomenten el Calentamiento global, que producen mercanc\u00edas t\u00f3xicas para la salud humana o de los ecosistemas, o que potencien la violencia, que no tengan utilidad social o p\u00fablica.&nbsp;<\/p>\n\n\n\n<figure class=\"wp-block-image\"><img decoding=\"async\" src=\"https:\/\/lh3.googleusercontent.com\/TcS1mWQBoiAP4eol_30wEqlS1B7ui4XOmax4iXEF2ZPYaRVNpy7fRNnH534cKERa7OjGj_RVSU7Xm1mXJg5Zm9bfyp5AEp8W7iTnUXuNdhbsTutj73w516TLShirfUJbFXb4Ktwpv1i6i7VpxA\" alt=\"Captura-1-768x554.png\"\/><\/figure>\n\n\n\n<p>Tambi\u00e9n ser\u00e1 necesario hacer consciencia de la necesidad de restituir un metabolismo sociedad\/naturaleza que permita la preservaci\u00f3n y regeneraci\u00f3n de esta \u00faltima as\u00ed como una vida humana digna para todos, e impulsar una urgente transici\u00f3n energ\u00e9tica que pase de la f\u00f3sil a otras no contaminantes y renovables. Y todo ello es urgente bajo la crisis civilizatoria de este mundo invertido por el Capital.<\/p>\n\n\n\n<p>Debemos hacernos conscientes de que para que exista un mundo saludable ser\u00e1 preciso reorganizar las formas de convivencia, terminando con la explotaci\u00f3n, el patriarcado, las discriminaciones y opresiones diversas, promoviendo una democracia participativa y directa, o sea: terminar con el patriarcado capitalista y su secuela de relaciones t\u00f3xicas. Debe quedar claro de que el&nbsp;<strong><em>Hacernos cargo de nuestra salud<\/em><\/strong>, llega a la conclusi\u00f3n de que para ello es necesario dejar atr\u00e1s al capitalismo por un ecosocialismo ecofeminista y democr\u00e1tico centrado en el cuidado de la Vida.<\/p>\n","protected":false},"excerpt":{"rendered":"<p>Andr\u00e9s Lund Medina Fuente: Rebeli\u00f3n \u201cPerseo se cubr\u00eda con un yelmo de niebla para perseguir a los monstruos. Nosotros nos encasquetamos el yelmo de niebla, cubri\u00e9ndonos ojos y o\u00eddos para poder negar la existencia de los monstruos.\u201d -Karl Marx,&nbsp;El Capital Ante una Covid 19 que se extend\u00eda por algunas regiones del planeta, con datos insuficientes [&hellip;]<\/p>\n","protected":false},"author":1,"featured_media":1961,"comment_status":"open","ping_status":"open","sticky":false,"template":"","format":"standard","meta":{"footnotes":""},"categories":[4],"tags":[],"_links":{"self":[{"href":"http:\/\/www.movimientocaamanista.com\/index.php?rest_route=\/wp\/v2\/posts\/3204"}],"collection":[{"href":"http:\/\/www.movimientocaamanista.com\/index.php?rest_route=\/wp\/v2\/posts"}],"about":[{"href":"http:\/\/www.movimientocaamanista.com\/index.php?rest_route=\/wp\/v2\/types\/post"}],"author":[{"embeddable":true,"href":"http:\/\/www.movimientocaamanista.com\/index.php?rest_route=\/wp\/v2\/users\/1"}],"replies":[{"embeddable":true,"href":"http:\/\/www.movimientocaamanista.com\/index.php?rest_route=%2Fwp%2Fv2%2Fcomments&post=3204"}],"version-history":[{"count":1,"href":"http:\/\/www.movimientocaamanista.com\/index.php?rest_route=\/wp\/v2\/posts\/3204\/revisions"}],"predecessor-version":[{"id":3205,"href":"http:\/\/www.movimientocaamanista.com\/index.php?rest_route=\/wp\/v2\/posts\/3204\/revisions\/3205"}],"wp:featuredmedia":[{"embeddable":true,"href":"http:\/\/www.movimientocaamanista.com\/index.php?rest_route=\/wp\/v2\/media\/1961"}],"wp:attachment":[{"href":"http:\/\/www.movimientocaamanista.com\/index.php?rest_route=%2Fwp%2Fv2%2Fmedia&parent=3204"}],"wp:term":[{"taxonomy":"category","embeddable":true,"href":"http:\/\/www.movimientocaamanista.com\/index.php?rest_route=%2Fwp%2Fv2%2Fcategories&post=3204"},{"taxonomy":"post_tag","embeddable":true,"href":"http:\/\/www.movimientocaamanista.com\/index.php?rest_route=%2Fwp%2Fv2%2Ftags&post=3204"}],"curies":[{"name":"wp","href":"https:\/\/api.w.org\/{rel}","templated":true}]}}