{"id":3216,"date":"2020-10-29T01:16:09","date_gmt":"2020-10-29T01:16:09","guid":{"rendered":"http:\/\/www.movimientocaamanista.com\/?p=3216"},"modified":"2020-11-10T11:20:42","modified_gmt":"2020-11-10T11:20:42","slug":"chile-ahora-comienza-la-transicion","status":"publish","type":"post","link":"http:\/\/www.movimientocaamanista.com\/?p=3216","title":{"rendered":"Chile, ahora comienza la transici\u00f3n"},"content":{"rendered":"\n<p><a href=\"https:\/\/atilioboron.com.ar\/chile-ahora-comienza-la-transicion\/\">Atilio A. Boron<\/a><\/p>\n\n\n\n<p><strong>Chile se enfrent\u00f3 este domingo ante un desaf\u00edo hist\u00f3rico<\/strong>&nbsp;por lo in\u00e9dito: su pueblo fue consultado por primera vez en sus anales si quer\u00eda o no una nueva Constituci\u00f3n y, en caso de que la respuesta afirmativa fuese mayoritaria, qu\u00e9 clase de \u00f3rgano deber\u00eda ser el encargado de redactar la nueva Carta Magna. Hab\u00eda dos alternativas: o bien una \u201cConvenci\u00f3n Constitucional\u201d compuesta por 155 personas exclusivamente electas con este fin y que una vez finalizado el proceso deber\u00e1 disolverse o, en caso contrario, una \u201cConvenci\u00f3n Mixta\u201d conformada por 172 integrantes, un 50 por ciento de los cuales parlamentarios y el 50 por ciento restante por ciudadanos tambi\u00e9n electos con este \u00fanico fin.<\/p>\n\n\n\n<p><strong>Esta consulta<\/strong>&nbsp;no fue una concesi\u00f3n graciosa de la casta pol\u00edtica post-pinochetista sino&nbsp;<strong>el corolario de un largo proceso de luchas populares que alcanzaron su apogeo en las jornadas que tuvieron lugar a partir del 18 de octubre del 2019.<\/strong>&nbsp;\u00c9stas dieron por tierra con la fantasiosa imagen del \u201cmodelo chileno\u201d, ese supuestamente virtuoso paradigma de la transici\u00f3n democr\u00e1tica y del \u00e9xito econ\u00f3mico publicitado sin escr\u00fapulos y sin pausa por los intereses dominantes y el imperio.&nbsp;<strong>Las protestas desbarataron en un furioso abrir y cerrar de ojos la espesa telara\u00f1a de mentiras oficiales dejando al descubierto un pa\u00eds con uno de los mayores \u00edndices de desigualdad econ\u00f3mica del mundo<\/strong>, con los hogares m\u00e1s endeudados de Latinoam\u00e9rica y el Caribe, con un sistema previsional que durante m\u00e1s de cuarenta a\u00f1os estaf\u00f3 a jubilados y pensionados, y un pa\u00eds en el cual seg\u00fan lo demuestra una investigaci\u00f3n,&nbsp;<strong>las mujeres que nacen en las comunas populares del Gran Santiago tienen una esperanza de vida 18 a\u00f1os menor que las que tienen la suerte de nacer en Providencia, Vitacura o Las Condes<\/strong>. \u201cChile limita al centro de la injusticia\u201d, cantaba Violeta Parra a mediados de los sesentas, en una \u00e9poca en donde aqu\u00e9lla no hab\u00eda llegado a los extremos inimaginables que alcanzara gracias al pinochetismo y sus sucesores.<\/p>\n\n\n\n<p><strong>Las resistencias y luchas nunca cejaron, y alcanzaron una inercia acumulativa que produjo el estallido social de octubre<\/strong>. Del subsuelo profundo de Chile irrumpi\u00f3 la verdad que el dictador y los protagonistas de la fallida \u201ctransici\u00f3n democr\u00e1tica\u201d trataron de ocultar.&nbsp;<strong>Nadie fue m\u00e1s elocuente que la esposa del presidente Sebasti\u00e1n Pi\u00f1era para describir lo que ocurr\u00eda en el pa\u00eds cuando, angustiada, le confes\u00f3 a una amiga que \u201cestamos absolutamente sobrepasados, es como una invasi\u00f3n extranjera, alien\u00edgena.\u201d&nbsp;<\/strong>Su reacci\u00f3n es comprensible: esos rostros crispados y hartos de tanta opresi\u00f3n e injusticia, esos cuerpos que se opon\u00edan heroicamente a los criminales disparos de las fuerzas de seguridad hab\u00edan sido invisibilizados durante casi medio siglo y para la cultura dominante eran \u201calien\u00edgenas\u201d, un amenazante populacho que ven\u00eda a perturbar la confortable existencia de los due\u00f1os del pa\u00eds y sus riquezas. Y, despu\u00e9s de los resultados del plebiscito parece que los \u201cinvasores\u201d no quieren regresar al pasado. Quieren construir un nuevo orden constitucional que les devuelva los derechos que les fueran conculcados apelando a ma\u00f1osas trapisondas y a las malas artes de la propaganda pol\u00edtica perversamente administradas por el sicariato medi\u00e1tico, con&nbsp;<em>El Mercurio<\/em>&nbsp;a la cabeza.<\/p>\n\n\n\n<p><strong>El resultado del plebiscito es categ\u00f3rico e inapelabl<\/strong><strong>e<\/strong>. Tras un parto dur\u00edsimo la sociedad chilena reinicia su transici\u00f3n hacia la democracia.&nbsp;<strong>La nueva Constituci\u00f3n deber\u00e1 desmontar el complejo y tramposo entramado de privilegios y enclaves autoritarios establecidos a lo largo de medio siglo<\/strong>, y para ello ser\u00e1 indispensable que las masas mantengan su presencia en calles y plazas. Su desmovilizaci\u00f3n o su repliegue al quietismo anterior a los eventos de octubre ser\u00eda fatal. La redacci\u00f3n de una nueva Constituci\u00f3n, un delicado trabajo de relojer\u00eda, ser\u00e1 apenas el primer paso de la larga marcha que se inicia para que Chile se reencuentre con la democracia, brutalmente tronchada por el golpe de 1973 y s\u00f3lo reconstruida en sus apariencias externas en los largos treinta a\u00f1os de gobiernos de la derecha de viejo y nuevo cu\u00f1o. \u00a1Salud Chile, toda Latinoam\u00e9rica te abraza con alegr\u00eda y esperanza!<\/p>\n","protected":false},"excerpt":{"rendered":"<p>Atilio A. Boron Chile se enfrent\u00f3 este domingo ante un desaf\u00edo hist\u00f3rico&nbsp;por lo in\u00e9dito: su pueblo fue consultado por primera vez en sus anales si quer\u00eda o no una nueva Constituci\u00f3n y, en caso de que la respuesta afirmativa fuese mayoritaria, qu\u00e9 clase de \u00f3rgano deber\u00eda ser el encargado de redactar la nueva Carta Magna. [&hellip;]<\/p>\n","protected":false},"author":1,"featured_media":3217,"comment_status":"open","ping_status":"open","sticky":false,"template":"","format":"standard","meta":{"footnotes":""},"categories":[5,3],"tags":[],"_links":{"self":[{"href":"http:\/\/www.movimientocaamanista.com\/index.php?rest_route=\/wp\/v2\/posts\/3216"}],"collection":[{"href":"http:\/\/www.movimientocaamanista.com\/index.php?rest_route=\/wp\/v2\/posts"}],"about":[{"href":"http:\/\/www.movimientocaamanista.com\/index.php?rest_route=\/wp\/v2\/types\/post"}],"author":[{"embeddable":true,"href":"http:\/\/www.movimientocaamanista.com\/index.php?rest_route=\/wp\/v2\/users\/1"}],"replies":[{"embeddable":true,"href":"http:\/\/www.movimientocaamanista.com\/index.php?rest_route=%2Fwp%2Fv2%2Fcomments&post=3216"}],"version-history":[{"count":1,"href":"http:\/\/www.movimientocaamanista.com\/index.php?rest_route=\/wp\/v2\/posts\/3216\/revisions"}],"predecessor-version":[{"id":3218,"href":"http:\/\/www.movimientocaamanista.com\/index.php?rest_route=\/wp\/v2\/posts\/3216\/revisions\/3218"}],"wp:featuredmedia":[{"embeddable":true,"href":"http:\/\/www.movimientocaamanista.com\/index.php?rest_route=\/wp\/v2\/media\/3217"}],"wp:attachment":[{"href":"http:\/\/www.movimientocaamanista.com\/index.php?rest_route=%2Fwp%2Fv2%2Fmedia&parent=3216"}],"wp:term":[{"taxonomy":"category","embeddable":true,"href":"http:\/\/www.movimientocaamanista.com\/index.php?rest_route=%2Fwp%2Fv2%2Fcategories&post=3216"},{"taxonomy":"post_tag","embeddable":true,"href":"http:\/\/www.movimientocaamanista.com\/index.php?rest_route=%2Fwp%2Fv2%2Ftags&post=3216"}],"curies":[{"name":"wp","href":"https:\/\/api.w.org\/{rel}","templated":true}]}}