{"id":3244,"date":"2020-10-31T23:24:31","date_gmt":"2020-10-31T23:24:31","guid":{"rendered":"http:\/\/www.movimientocaamanista.com\/?p=3244"},"modified":"2020-10-31T23:24:33","modified_gmt":"2020-10-31T23:24:33","slug":"carta-publica-a-mis-colegas-de-la-abogacia-de-republica-dominicana","status":"publish","type":"post","link":"http:\/\/www.movimientocaamanista.com\/?p=3244","title":{"rendered":"Carta p\u00fablica a mis colegas de la abogac\u00eda de Rep\u00fablica Dominicana"},"content":{"rendered":"\n<p>Rafael Jim\u00e9nez Abad<\/p>\n\n\n\n<p>Me dirijo al 85% de juristas que nunca han sido representante legal de los s\u00faper ricos de este pa\u00eds. De esos que tienen como oficina un bulto o un malet\u00edn y un celular.<\/p>\n\n\n\n<p>Tambi\u00e9n me dirijo a aquellas y aquellos juristas de la clase media profesional en v\u00eda de extinci\u00f3n.<\/p>\n\n\n\n<p>A esos\/as les digo que es hora de salir de las zonas de confort y pasar a tocar los tambores en solidaridad consigo y en compasi\u00f3n con el pueblo de a pie.<\/p>\n\n\n\n<p>Vivimos momentos para reflexiones y acciones profundas y radicales de mucha gente.<\/p>\n\n\n\n<p>El Poder Judicial, tercer poder del Estado, aplica en lo fundamental las reglas que protegen al r\u00e9gimen econ\u00f3mico y social excluyente que impera en el pa\u00eds.<\/p>\n\n\n\n<p>Las pocas disposiciones legales que tienen el sello comunitario, como la ley de Medio Ambiente entre otras, son convertidas en letras muertas y no se aplican.<\/p>\n\n\n\n<p>En medio de ese rol de clase del Poder Judicial, ahora es adem\u00e1s, el escenario donde un pu\u00f1ado de ricos locales y extranjeros, a trav\u00e9s de HENRY MOLINA y de su c\u00edrculo \u00edntimo, est\u00e1n imponiendo a rajatabla un modelo que ha cercenado el d\u00e9bil acceso a la Justicia que ten\u00eda la poblaci\u00f3n sin necesidad de abogados\/as.<\/p>\n\n\n\n<p>De paso empujan a la abogac\u00eda como vaca al matadero.<\/p>\n\n\n\n<p>El paquete incluye;<\/p>\n\n\n\n<ul><li>1- desacato de una sentencia del Tribunal Superior Administrativo que le ordena suprimir ese camino;<\/li><li>2- \u00b4\u00b4Justicia\u00a8 a distancia con una plataforma manipulable y ralentizada;<\/li><li>3- apareamiento de jueces y juezas es decir que un juzgador o juzgadora de su \u00e1rea natural debe cubrir en contra de su voluntad, otra \u00e1rea aunque no sea de su especialidad, es como el ministro de salud obligue a un nefr\u00f3logo hacer una operaci\u00f3n de coraz\u00f3n abierto;<\/li><li>4- concentraci\u00f3n de los procesos en manos de la c\u00fapula judicial;<\/li><li>5- desmantelamiento de espacios f\u00edsicos, traslado sorpresivo e involuntario de juzgadores de los niveles medios e inferior; 6- uso de un discurso p\u00fablico capcioso que mantiene a no pocas personas creyendo que lo que acontece se trata de modernizar la justicia y que lo que se oponen a ella son atrasarlos\/as.<\/li><\/ul>\n\n\n\n<p>PARA COMPROBAR<\/p>\n\n\n\n<p>Solo basta ir a los tribunales, leer las denuncias, consultar juristas y estudiar el comunicado de la ASOCIACI\u00d3N DE JUECES DOMINICANOS POR LA DEMOCRACIA (JUDEMO) donde se denuncia el quebrantamiento de derechos, traslados inconsultos, sobre carga de trabajo sin la debida remuneraci\u00f3n, violaci\u00f3n de la dignidad de la magistratura con el llamado apareamiento, atentado a la independencia judicial. Hay renuncias de empleados y hasta una jueza tambi\u00e9n ya lo hizo.<\/p>\n\n\n\n<p>SE HACEN DE LA VISTA GORDA O ESTAN&nbsp; APOYANDO ESTE MODELO DICTATORIAL EN LA JUSTICIA.<\/p>\n\n\n\n<p>El presidente de la Rep\u00fablica enmudece.<br>En el congreso tambi\u00e9n, salvo 4 senadores condenaron este golpe desp\u00f3tico.<\/p>\n\n\n\n<p>Luis Abinader es el presidente del Consejo Nacional<br>de la Magistratura, \u00f3rgano que nombra las Altas Cortes.<\/p>\n\n\n\n<p>El congreso tiene la fuerza de enjuiciarlo y tambi\u00e9n calla.<\/p>\n\n\n\n<p>DE DONDE SALE TODO ESTO<\/p>\n\n\n\n<p>No olvidemos que las ricos del mundo han recrudecido su guerra integral contra la humanidad y eso incluye, aparte de la guerra como tal, 1- crear pobreza que mate o desquicie; 2- destruir la naturaleza; 3- deshumanizarnos para que no hagamos solidaridad ni siquiera consigo; 4- encubrir las mafias y el delito de Estado y 5- controlarnos a trav\u00e9s en la tecnolog\u00eda.<\/p>\n\n\n\n<p>Eso y no otra explicaci\u00f3n pueden sustentar el hecho de elegir un presidente de una Suprema Corte que nunca antes, ni siquiera como abogado, se puso una toga y un birrete. A la clase poderosa de esta pa\u00eds y del exterior le cae muy bien un tecn\u00f3crata de ese talante.<\/p>\n\n\n\n<p>QUE HACER<\/p>\n\n\n\n<p>La madeja est\u00e1 complicada.<\/p>\n\n\n\n<p>He escuchado desacuerdo de una parte de juristas con que la lucha la conduzca MIGUEL SURUN actual presidente del Colegio de Abogados.<\/p>\n\n\n\n<p>Otra parte, sin embargo, lo admiten por haber plantado cara de resistencia en el conflicto.<\/p>\n\n\n\n<p>Tambi\u00e9n veo varias candidaturas a presidir dicho gremio que no se integran a la lucha.<\/p>\n\n\n\n<p>Por otra parte siento que quienes m\u00e1s tienen que perder est\u00e1n en el limbo y otras y otros a\u00fan est\u00e1n indiferentes.<\/p>\n\n\n\n<p>Sin embargo hay importantes n\u00facleos de abogados y abogadas en diferentes provincias que est\u00e1n luchando para invertir este mazazo en el cr\u00e1neo que han dado, utilizando la pandemia como excusa.<\/p>\n\n\n\n<p>El enrolamiento de movimientos sociales, usuarios\/as, n\u00facleos poblacionales y la unidad y combate de la abogac\u00eda, es condici\u00f3n indispensable para derrotar la dictadura judicial, a sabiendas de que una justicia independiente y de otro contenido solo se logra refundando al pa\u00eds a trav\u00e9s de una constituyente soberana.<\/p>\n\n\n\n<p>La prueba de fuego ser\u00e1 la MULTICARAVANA al PALACIO PRESIDENCIAL desde Santiago, Azua, y Romana buscando una definici\u00f3n del presidente de la Republica respecto a un conflicto que lo pondr\u00eda a pagar un alto costo pol\u00edtico si mantiene su silencio o si est\u00e1 favoreciendo esta pu\u00f1alada a la poblaci\u00f3n y a la abogac\u00eda nacional.<\/p>\n","protected":false},"excerpt":{"rendered":"<p>Rafael Jim\u00e9nez Abad Me dirijo al 85% de juristas que nunca han sido representante legal de los s\u00faper ricos de este pa\u00eds. De esos que tienen como oficina un bulto o un malet\u00edn y un celular. Tambi\u00e9n me dirijo a aquellas y aquellos juristas de la clase media profesional en v\u00eda de extinci\u00f3n. A esos\/as [&hellip;]<\/p>\n","protected":false},"author":1,"featured_media":3245,"comment_status":"open","ping_status":"open","sticky":false,"template":"","format":"standard","meta":{"footnotes":""},"categories":[5,2],"tags":[],"_links":{"self":[{"href":"http:\/\/www.movimientocaamanista.com\/index.php?rest_route=\/wp\/v2\/posts\/3244"}],"collection":[{"href":"http:\/\/www.movimientocaamanista.com\/index.php?rest_route=\/wp\/v2\/posts"}],"about":[{"href":"http:\/\/www.movimientocaamanista.com\/index.php?rest_route=\/wp\/v2\/types\/post"}],"author":[{"embeddable":true,"href":"http:\/\/www.movimientocaamanista.com\/index.php?rest_route=\/wp\/v2\/users\/1"}],"replies":[{"embeddable":true,"href":"http:\/\/www.movimientocaamanista.com\/index.php?rest_route=%2Fwp%2Fv2%2Fcomments&post=3244"}],"version-history":[{"count":1,"href":"http:\/\/www.movimientocaamanista.com\/index.php?rest_route=\/wp\/v2\/posts\/3244\/revisions"}],"predecessor-version":[{"id":3246,"href":"http:\/\/www.movimientocaamanista.com\/index.php?rest_route=\/wp\/v2\/posts\/3244\/revisions\/3246"}],"wp:featuredmedia":[{"embeddable":true,"href":"http:\/\/www.movimientocaamanista.com\/index.php?rest_route=\/wp\/v2\/media\/3245"}],"wp:attachment":[{"href":"http:\/\/www.movimientocaamanista.com\/index.php?rest_route=%2Fwp%2Fv2%2Fmedia&parent=3244"}],"wp:term":[{"taxonomy":"category","embeddable":true,"href":"http:\/\/www.movimientocaamanista.com\/index.php?rest_route=%2Fwp%2Fv2%2Fcategories&post=3244"},{"taxonomy":"post_tag","embeddable":true,"href":"http:\/\/www.movimientocaamanista.com\/index.php?rest_route=%2Fwp%2Fv2%2Ftags&post=3244"}],"curies":[{"name":"wp","href":"https:\/\/api.w.org\/{rel}","templated":true}]}}