{"id":3247,"date":"2020-10-31T23:36:20","date_gmt":"2020-10-31T23:36:20","guid":{"rendered":"http:\/\/www.movimientocaamanista.com\/?p=3247"},"modified":"2020-10-31T23:36:22","modified_gmt":"2020-10-31T23:36:22","slug":"por-una-investigacion-justa-imparcial-pronta-y-fuera-de-cualquier-duda-razonable-andres-estrella-nunez","status":"publish","type":"post","link":"http:\/\/www.movimientocaamanista.com\/?p=3247","title":{"rendered":"POR UNA INVESTIGACI\u00d3N JUSTA, IMPARCIAL, PRONTA Y FUERA DE CUALQUIER DUDA RAZONABLE ANDRES ESTRELLA N\u00da\u00d1EZ"},"content":{"rendered":"\n<p>La\ntragedia que a\u00fan no tiene respuesta, pasa el tiempo y la poblaci\u00f3n espera con\ngrandes niveles de desesperaci\u00f3n,&nbsp;\nincontables e importantes preguntas que a la fecha no tienen respuestas\ny por el contrario, desde los \u00f3rganos del gobierno o desde el Estado no\nsatisfacen y envuelven m\u00e1s y m\u00e1s a la sociedad que con una tranquilidad a punto\nde detonar espera y desespera.<\/p>\n\n\n\n<p>Andr\u00e9s\nEstrella, abogado, comunicador, empresario, emprendedor, padre de familia, ente\nsocial, inquieto, propositivo, frontal, decidido, con profundas ra\u00edces en el\nsentir del pueblo, activista social, defensor de las causas nobles, su muerte\nresulta extra\u00f1a y necesitamos respuestas.<\/p>\n\n\n\n<p>Andr\u00e9s\nenfrent\u00f3 con gallard\u00eda poderes que normalmente no admiten cuestionantes, hizo\ndenuncias que removi\u00f3 cimientos muy poderosos y que a la fecha no han sido ni m\u00ednimamente\ninvestigados. <\/p>\n\n\n\n<p>Por\nlo que, nos preguntamos: \u00bfPor qu\u00e9 la jefatura que exist\u00eda al momento de la\nocurrencia del hecho, de la Direcci\u00f3n Cibao Sur no ha sido llamado por la\nfiscal\u00eda..?; \u00bfC\u00f3mo es posible que las denuncias del abogado y comunicador se\nles hayan dado de lado, ser\u00e1 con el objetivo de beneficiar al denunciado\ncoronel jefe de la plaza Cibao-Sur?; \u00bfQu\u00e9 la posici\u00f3n del cad\u00e1ver se encontrara\nboca arriba, muy ordenado, no le caus\u00f3 sospecha a los \u201cinvestigadores\u201d?; \u00bfque\nel hombro salido de su centro y los golpes en la cara, estando de frente el\ncuerpo, que explicaci\u00f3n tiene?; \u00bfel gal\u00f3n pl\u00e1stico acomodado bajo su cabeza,\nsin la cantidad de sangre que produce una herida de esa magnitud de manera\nnatural y que por dem\u00e1s, no fue levantado como parte de las evidencias a ser\ntomadas en cuenta por si hab\u00edan huellas u otras cuestiones de inter\u00e9s?; \u00bfQu\u00e9\ninformaci\u00f3n ha ofrecido el cuerpo \u201cinvestigador\u201d a la sociedad?; \u00bfser\u00e1 que el\npueblo no merece que se aclare esta sensible p\u00e9rdida de un comunicador que s\u00f3lo\nhizo su trabajo?; \u00bfo es que se est\u00e1 comprometido en decir que Andr\u00e9s Estrella\nse Suicid\u00f3?; \u00bfser\u00e1 que el coronel representa al ESTATUS QUO y es intocable?;\n\u00bfser\u00e1 que hay que salvar a una polic\u00eda desacreditada porque sus actores\ndefienden el empresariado que compraban complacencia construy\u00e9ndole una mansi\u00f3n\nde veraneo al coronel?, son algunas preguntas que nadie ha respondido y que con\nurgencia esperamos las respuestas. De igual manera, \u00bfEn qu\u00e9 consist\u00eda la\ndenuncia que el comunicador hab\u00eda prometido para los siguientes d\u00edas<strong><em>, \u201csi\nno me matan antes\u201d,<\/em><\/strong> como dijera el propio Andr\u00e9s Estrella?; \u00bfes\napropiado que la propia polic\u00eda, la misma que lo ensalza y le da premios, capaz\nde investigar con los niveles de honestidad, transparencia e imparcialidad que\nmerece estas denuncias y la presunci\u00f3n de su posible vinculaci\u00f3n con la muerte\nde Estrella N\u00fa\u00f1ez?,. Surge otra pregunta: \u00bfy si el muerto hubiera sido el jefe\nde la plaza policial u otro de rango importante\u2026.? <strong>Solo la investigaci\u00f3n puede descartar a las personas que de alguna\nmanera hayan estado m\u00ednimamente se\u00f1alados o involucrados.<\/strong><\/p>\n\n\n\n<p>Estamos\nen tiempos de cambios, una procuradur\u00eda general de la republica dirigida de\nforma independiente, pero cada pregunta sin responder, abre diez m\u00e1s, tambi\u00e9n\nsin respuestas. Una carta con distintos tipos de letras, una arma sacada por\nlos cabellos, un supuesto testigo que no responde ante los tribunales, que m\u00e1s\nque testigo, parece chivo expiatorio, que el Ministerio P\u00fablico explique porque\nse re\u00fane con un sospechoso fuera de la fiscal\u00eda, como si se buscara excusarlo y\nno acusarlo.<\/p>\n\n\n\n<p>El\npa\u00eds apost\u00f3 a un cambio, pero un cambio real, sin ambig\u00fcedades, con\ntransparencia, que motive a la ciudadan\u00eda a confiar en los \u00f3rganos que dirigen\nla cosa p\u00fablica, estas acciones nos retrotraen a otros tiempos, que se suponen\nsuperados. <strong>Es tiempo de transparencia,\nde persecuci\u00f3n de la corrupci\u00f3n y de cero impunidad<\/strong>, queremos una\ninvestigaci\u00f3n sin vacas sagradas y que satisfaga a un pueblo que ha perdido un\nprofesional del derecho, un comunicador de m\u00e1s de 25 a\u00f1os y un padre consagrado\na su familia y a informar a esta sociedad.<\/p>\n\n\n\n<p>En\nnombre de la sociedad, exigimos una investigaci\u00f3n imparcial, pronta y cre\u00edble.<\/p>\n\n\n\n<p>FIRMANTES:<\/p>\n\n\n\n<ol><li><strong>RAFAEL JIMENEZ ABAD<\/strong><\/li><li><strong>BIRMANIA SANCHEZ CAMACHO<\/strong><\/li><li><strong>JUAN EFREN ROSARIO HICIANO<\/strong><\/li><li><strong>PEDRO MATIAS DELGADO<\/strong><\/li><li><strong>PAOLA I. ABAD DE JESUS<\/strong><\/li><li><strong>DAYLENI ALTAGRACIA ORTIZ FERNANDEZ<\/strong><\/li><li><strong>MANUEL E. GARCIA ESPINAL<\/strong><\/li><li><strong>VITERVO ABAD DE JESUS<\/strong><\/li><li><strong>MAGNOLIA ALTAGRACIA S\u00c1NCHEZ CORONADO<\/strong><\/li><li><strong>PABLO\nABAD ABAD<\/strong><\/li><li><strong>R\u00d3MULO\nS\u00c1NCHEZ&nbsp;&nbsp;&nbsp;&nbsp;&nbsp;&nbsp; CABRERA <\/strong><\/li><li><strong>CIRILA\nSANTOS BEATO<\/strong><\/li><li><strong>LOURDES\nJIM\u00c9NEZ <\/strong><\/li><li><strong>BERNARDO\nBAUTISTA L\u00d3PEZ <\/strong><\/li><li><strong>YRIS&nbsp; MART\u00cdNEZ<\/strong><\/li><li><strong>LOURDES\nJIM\u00c9NEZ<\/strong><\/li><li><strong>REINA\nCONCEPCI\u00d3N<\/strong><\/li><li><strong>MARTIN\nTAPIA GUERRA<\/strong><\/li><li><strong>ELSA\nBEN\u00cdTEZ<\/strong><\/li><li><strong>EDWIN\nROSARIO<\/strong><\/li><li><strong>CARLOS\nFRANCISCO TORRE SANTAMAR\u00cdA<\/strong><\/li><li><strong>LUCILA\nMARIBEL MARTE N\u00da\u00d1EZ<\/strong><\/li><li><strong>ROSAURA\nFRANJUL<\/strong><\/li><li><strong>FRAULIN\nP\u00c9REZ<\/strong><\/li><li><strong>LUIS\nALBERTO RAMOS<\/strong><\/li><li><strong>YUDERKYS\nELIZABETH ORTEGA<\/strong><\/li><li><strong>H\u00c9CTOR\nENRIQUE GARC\u00cdA M\u00c9NDEZ<\/strong><\/li><li><strong>LEYLI\nBATLE<\/strong><\/li><li><strong>CARLOS\nNU\u00d1EZ<\/strong><\/li><li><strong>JOSE\nGABRIEL SOSA VASQUEZ<\/strong><\/li><li><strong>KARINA\nVALKENBERG<\/strong><\/li><li><strong>VIV\u00cdANA\nROYER VEGA<\/strong><\/li><li><strong>PABLO\nMART\u00cdNEZ<\/strong><\/li><li><strong>MIGUEL\n\u00c1NGEL N\u00da\u00d1EZ CORONA<\/strong><\/li><li><strong>LAURY\nMU\u00d1OZ CERI<\/strong><\/li><li><strong>ELIZABETH\nRESTITUYO<\/strong><\/li><li><strong>OLMEDO\nCRUZ<\/strong><\/li><li><strong>JEURY\nGUERRERO<\/strong><\/li><li><strong>H\u00c9CTOR\nBIENVENIDO GARC\u00cdA<\/strong><\/li><li><strong>VITERBO\nABAD DE JES\u00daS<\/strong><\/li><li><strong>AGUST\u00cdN\nMARTE FR\u00cdA<\/strong><\/li><li><strong>YASMI A\nVICIOSO D\u00cdAZ<\/strong><\/li><li><strong>DARLIN\nJOEL POLANCO ARIAS<\/strong><\/li><li><strong>SANDRA\nJIM\u00c9NEZ<\/strong><\/li><li><strong>MELANEO\nALBERTO RODR\u00cdGUEZ<\/strong><\/li><li><strong>JUAN\nROBLES<\/strong><\/li><li><strong>MIGUEL\nCONTRERAS FONTANILLA<\/strong><\/li><li><strong>PAVEL\nABAD <\/strong><\/li><li><strong>PABLO\nABAD N\u00da\u00d1EZ<\/strong><\/li><li><strong>MAR\u00cdA\nRAQUEL LUNA TIBURCIO<\/strong><\/li><li><strong>PEDRO\nHERNANDEZ MARTE<\/strong><\/li><li><strong>SEGUNDO\nBATISTA CUELLO<\/strong><\/li><li><strong>JOSE\nODALIS MARTINEZ<\/strong><\/li><li><strong>JORGE\nABAD SANTOS<\/strong><\/li><li><strong>EDDY\nMANUEL SANTIAGO GONZALEZ<\/strong><\/li><li><strong>GRISEL\nRODR\u00cdGUEZ<\/strong><\/li><li><strong>NICANOR\nFERREIRA<\/strong><\/li><li><strong>VICTOR E.\nVASQUEZ<\/strong><\/li><li><strong>MARISOL\nRODR\u00cdGUEZ BATISTA<\/strong><\/li><li><strong>ADIL\nJIMENEZ VERIGUETE<\/strong><\/li><li><strong>MARIA\nARACELIS PE\u00d1A PE\u00d1A<\/strong><\/li><li><strong>EVANGELISTA\nHICIANO MARTINEZ<\/strong><\/li><li><strong>ANTOLIN\nESTEBAN ESPINAL<\/strong><\/li><\/ol>\n","protected":false},"excerpt":{"rendered":"<p>La tragedia que a\u00fan no tiene respuesta, pasa el tiempo y la poblaci\u00f3n espera con grandes niveles de desesperaci\u00f3n,&nbsp; incontables e importantes preguntas que a la fecha no tienen respuestas y por el contrario, desde los \u00f3rganos del gobierno o desde el Estado no satisfacen y envuelven m\u00e1s y m\u00e1s a la sociedad que con [&hellip;]<\/p>\n","protected":false},"author":1,"featured_media":3248,"comment_status":"open","ping_status":"open","sticky":false,"template":"","format":"standard","meta":{"footnotes":""},"categories":[5,2],"tags":[],"_links":{"self":[{"href":"http:\/\/www.movimientocaamanista.com\/index.php?rest_route=\/wp\/v2\/posts\/3247"}],"collection":[{"href":"http:\/\/www.movimientocaamanista.com\/index.php?rest_route=\/wp\/v2\/posts"}],"about":[{"href":"http:\/\/www.movimientocaamanista.com\/index.php?rest_route=\/wp\/v2\/types\/post"}],"author":[{"embeddable":true,"href":"http:\/\/www.movimientocaamanista.com\/index.php?rest_route=\/wp\/v2\/users\/1"}],"replies":[{"embeddable":true,"href":"http:\/\/www.movimientocaamanista.com\/index.php?rest_route=%2Fwp%2Fv2%2Fcomments&post=3247"}],"version-history":[{"count":1,"href":"http:\/\/www.movimientocaamanista.com\/index.php?rest_route=\/wp\/v2\/posts\/3247\/revisions"}],"predecessor-version":[{"id":3249,"href":"http:\/\/www.movimientocaamanista.com\/index.php?rest_route=\/wp\/v2\/posts\/3247\/revisions\/3249"}],"wp:featuredmedia":[{"embeddable":true,"href":"http:\/\/www.movimientocaamanista.com\/index.php?rest_route=\/wp\/v2\/media\/3248"}],"wp:attachment":[{"href":"http:\/\/www.movimientocaamanista.com\/index.php?rest_route=%2Fwp%2Fv2%2Fmedia&parent=3247"}],"wp:term":[{"taxonomy":"category","embeddable":true,"href":"http:\/\/www.movimientocaamanista.com\/index.php?rest_route=%2Fwp%2Fv2%2Fcategories&post=3247"},{"taxonomy":"post_tag","embeddable":true,"href":"http:\/\/www.movimientocaamanista.com\/index.php?rest_route=%2Fwp%2Fv2%2Ftags&post=3247"}],"curies":[{"name":"wp","href":"https:\/\/api.w.org\/{rel}","templated":true}]}}