{"id":3333,"date":"2020-11-12T20:46:33","date_gmt":"2020-11-12T20:46:33","guid":{"rendered":"http:\/\/www.movimientocaamanista.com\/?p=3333"},"modified":"2020-11-12T20:46:36","modified_gmt":"2020-11-12T20:46:36","slug":"es-suficiente-una-vacuna-para-recuperar-la-economia","status":"publish","type":"post","link":"http:\/\/www.movimientocaamanista.com\/?p=3333","title":{"rendered":"\u00bfEs suficiente una vacuna para recuperar la econom\u00eda?"},"content":{"rendered":"\n<p>Juan Torres L\u00f3pez<\/p>\n\n\n\n<p>Fuente: <a href=\"https:\/\/rebelion.org\/es-suficiente-una-vacuna-para-recuperar-la-economia\/\">Rebeli\u00f3n<\/a><\/p>\n\n\n\n<p>Es evidente que para que el consumo de los hogares, la producci\u00f3n, las ventas y la inversi\u00f3n de las empresas o las exportaciones se recuperen del todo es imprescindible que la pandemia no siga extendi\u00e9ndose y que eso puede ocurrir cuando aparezca un vacuna. Pero me temo que esto \u00faltimo no ser\u00e1 suficiente para recuperar la actividad econ\u00f3mica si, al mismo tiempo, no se dan otras circunstancias.<\/p>\n\n\n\n<p>En primer lugar, hay que tener en cuenta que el efecto de la vacuna no ser\u00eda en ning\u00fan caso inmediato, ni puntual, es decir a partir de un \u00fanico momento, ni generalizado para todas las econom\u00edas. Por tanto, su posible efecto benefactor ser\u00e1 siempre diluido en el tiempo y en el espacio, de modo que la actividad econ\u00f3mica, en todo caso, se ir\u00eda recuperando poco a poco y no con la misma intensidad en todos los sectores o actividades econ\u00f3micas.<\/p>\n\n\n\n<p>En segundo lugar, parece claro tambi\u00e9n que, para que la actividad econ\u00f3mica se recupere, no s\u00f3lo basta con que pueda recuperarse materialmente. Es imprescindible tambi\u00e9n que haya confianza, que desparezca la incertidumbre y el miedo, que se recuperen preferencias, h\u00e1bitos de consumo o tipos de relaciones sociales (\u00bfvolveremos a ver el turismo o la restauraci\u00f3n tal y como los hemos vivido hasta ahora?)&nbsp; que no sabemos si a estas alturas est\u00e1n s\u00f3lo latentes o si ya han desaparecido para siempre. Y eso no lo resuelve la simple disposici\u00f3n de una vacuna.<\/p>\n\n\n\n<p>En tercer lugar, el efecto positivo de la vacuna tendr\u00e1 que venir acompa\u00f1ado, como acabo de decir, de la posibilidad material de poder recuperar la actividad. Y en este aspecto hay que considerar que, cuando su efecto est\u00e9 ya suficientemente extendido, lo m\u00e1s probable es que se haya producido una importante destrucci\u00f3n de capital, de tejido productivo y de organizaci\u00f3n empresarial, que no permita que se pueda poner de nuevo todo en marcha r\u00e1pida y f\u00e1cilmente.<\/p>\n\n\n\n<p>Hay que tener en cuenta que la Covid-19 se ha producido en el seno de econom\u00edas que padecen fallos estructurales que no se han resuelto y de los que vengo hablando desde hace mucho tiempo: sector bancario insolvente y cada vez m\u00e1s alejado de las necesidades de la econom\u00eda real o productiva; bolsas de valores donde se concentra un peligro cada d\u00eda m\u00e1s real de explosi\u00f3n debido a que est\u00e1n movidas por burbujas y movimientos puramente especulativos; deuda p\u00fablica y privada insostenible; desigualdad creciente que produce crisis en la econom\u00eda productiva, en la industria y en el comercio mundial; crisis ambiental\u2026 Todo lo cual significa que, cuando se salga de la crisis de la Covid-19, la econom\u00eda mundial no volver\u00e1 al para\u00edso sino a un terreno minado y de una gran fragilidad.<\/p>\n\n\n\n<p>La disposici\u00f3n de una vacuna, por tanto, puede ser fundamental como lo es, en cualquier caso, que se adopten con contundencia medidas de distanciamiento, profilaxis y cuidado que frenen la pandemia y eviten la aparici\u00f3n de olas sucesivas del mismo virus original o de nuevas mutaciones (algo, por cierto que no cabe descartar). Pero su capacidad para producir la recuperaci\u00f3n efectiva de la econom\u00eda depende de que se den. al mismo tiempo, otras circunstancias. Sobre todo, que mientras dure la pandemia no se haya producido una par\u00e1lisis y destrucci\u00f3n econ\u00f3mica tan profundas que den lugar a una depresi\u00f3n econ\u00f3mica, un tipo de fase del ciclo econ\u00f3mico que, cuando se produce, siempre es bastante m\u00e1s larga y de m\u00e1s complicada salida que una simple recesi\u00f3n.<\/p>\n\n\n\n<p>Y esto \u00faltimo va a depender de varias circunstancias que, hasta el momento, no se est\u00e1n dando: una intervenci\u00f3n de los Estados masiva y generalizada pero tambi\u00e9n acertada en su destino para evitar el colapso, un reforzamiento del sistema financiero para conseguir que el cr\u00e9dito necesario no se convierta en una losa atada a la espalda que hunda m\u00e1s a las empresas y familias sino en un impulso productivo, pol\u00edticas globales frente a la deuda que permitan que todos los pa\u00edses afronten la recuperaci\u00f3n sin hipotecas imposibles de sostener, planes de inversi\u00f3n que permitan la reconversi\u00f3n de sectores enteros que muy posiblemente no van a poder volver a funcionar nunca m\u00e1s como hasta ahora, garant\u00edas para que la pobreza y la exclusi\u00f3n social no se multipliquen provocando una crisis social sin precedentes, o pol\u00edticas de regeneraci\u00f3n institucional y cohesi\u00f3n social que faciliten el buen gobierno y eviten el populismo o las derivas totalitarias\u2026 por se\u00f1alar tan s\u00f3lo las que me parecen m\u00e1s importantes.<\/p>\n\n\n\n<p>Si no se dan este tipo de condiciones la econom\u00eda no se va a recuperar lo suficiente, ni en un tiempo prudencial, ni con el car\u00e1cter generalizado que es preciso que tenga la recuperaci\u00f3n para que no implique desequilibrios internacionales que provoquen una nueva par\u00e1lisis de una econom\u00eda que est\u00e1 globalizada no s\u00f3lo para lo bueno sino tambi\u00e9n para lo malo. Una vacuna, como ocurri\u00f3 cuando se produjo la desescalada tras la primera ola de la pandemia, producir\u00eda sin lugar a dudar un rebote espectacular de la actividad pero, sin todas esas condiciones, ni ser\u00e1 duradero ni suficientemente potente para conseguir que la destrucci\u00f3n previa se convierta, como dec\u00eda el gran economista austriaco Joseph A. Schumpeter, en fuerza creadora que aliente de nuevo el progreso.<\/p>\n\n\n\n<p>Es comprensible que las bolsas se hayan disparado cuando se anunci\u00f3 que Pfizer va a disponer de una vacuna que puede ser efectiva pero ese tipo de movimientos burs\u00e1tiles suelen ser enga\u00f1osos. Los autoinducen los algoritmos que dominan el movimiento de los capitales para generar ganancias especulativas. Quien quiera saber lo que ocurrir\u00e1 de verdad en las econom\u00edas no debe fijarse en la euforia o la depresi\u00f3n de los casinos financieros sino contemplar lo que ocurre en la econom\u00eda real, en la que tiene que ver con las condiciones que permiten que las empresas produzcan m\u00e1s y mejor para invertir o crear m\u00e1s o menos empleo o que los hogares tengan ingresos suficientes para gastar y satisfacer sus necesidades. Y para eso a\u00fan no se ha descubierto la vacuna m\u00e1s efectiva.<\/p>\n","protected":false},"excerpt":{"rendered":"<p>Juan Torres L\u00f3pez Fuente: Rebeli\u00f3n Es evidente que para que el consumo de los hogares, la producci\u00f3n, las ventas y la inversi\u00f3n de las empresas o las exportaciones se recuperen del todo es imprescindible que la pandemia no siga extendi\u00e9ndose y que eso puede ocurrir cuando aparezca un vacuna. Pero me temo que esto \u00faltimo [&hellip;]<\/p>\n","protected":false},"author":1,"featured_media":2080,"comment_status":"open","ping_status":"open","sticky":false,"template":"","format":"standard","meta":{"footnotes":""},"categories":[5,3],"tags":[],"_links":{"self":[{"href":"http:\/\/www.movimientocaamanista.com\/index.php?rest_route=\/wp\/v2\/posts\/3333"}],"collection":[{"href":"http:\/\/www.movimientocaamanista.com\/index.php?rest_route=\/wp\/v2\/posts"}],"about":[{"href":"http:\/\/www.movimientocaamanista.com\/index.php?rest_route=\/wp\/v2\/types\/post"}],"author":[{"embeddable":true,"href":"http:\/\/www.movimientocaamanista.com\/index.php?rest_route=\/wp\/v2\/users\/1"}],"replies":[{"embeddable":true,"href":"http:\/\/www.movimientocaamanista.com\/index.php?rest_route=%2Fwp%2Fv2%2Fcomments&post=3333"}],"version-history":[{"count":1,"href":"http:\/\/www.movimientocaamanista.com\/index.php?rest_route=\/wp\/v2\/posts\/3333\/revisions"}],"predecessor-version":[{"id":3334,"href":"http:\/\/www.movimientocaamanista.com\/index.php?rest_route=\/wp\/v2\/posts\/3333\/revisions\/3334"}],"wp:featuredmedia":[{"embeddable":true,"href":"http:\/\/www.movimientocaamanista.com\/index.php?rest_route=\/wp\/v2\/media\/2080"}],"wp:attachment":[{"href":"http:\/\/www.movimientocaamanista.com\/index.php?rest_route=%2Fwp%2Fv2%2Fmedia&parent=3333"}],"wp:term":[{"taxonomy":"category","embeddable":true,"href":"http:\/\/www.movimientocaamanista.com\/index.php?rest_route=%2Fwp%2Fv2%2Fcategories&post=3333"},{"taxonomy":"post_tag","embeddable":true,"href":"http:\/\/www.movimientocaamanista.com\/index.php?rest_route=%2Fwp%2Fv2%2Ftags&post=3333"}],"curies":[{"name":"wp","href":"https:\/\/api.w.org\/{rel}","templated":true}]}}