{"id":3338,"date":"2020-11-12T21:08:22","date_gmt":"2020-11-12T21:08:22","guid":{"rendered":"http:\/\/www.movimientocaamanista.com\/?p=3338"},"modified":"2020-12-02T23:21:13","modified_gmt":"2020-12-02T23:21:13","slug":"la-covid-19-el-sentido-comun-y-la-politica-iii-de-iii","status":"publish","type":"post","link":"http:\/\/www.movimientocaamanista.com\/?p=3338","title":{"rendered":"La covid-19, el sentido com\u00fan y la politica (III de III)"},"content":{"rendered":"\n<p>I\u00f1aki Gil De San Vicente<\/p>\n\n\n\n<p>Fuente: <a href=\"https:\/\/kaosenlared.net\/la-covid-19-el-sentido-comun-y-la-politica-iii-de-iii\/\">Kaos en la Red<\/a><\/p>\n\n\n\n<p>\u00abEl hombre necio gusta de pasmarse ante cualquier razonamiento\u00bb<sup><a href=\"https:\/\/kaosenlared.net\/la-covid-19-el-sentido-comun-y-la-politica-iii-de-iii\/#sdfootnote1sym\">1<\/a><\/sup><\/p>\n\n\n\n<p>\u00abEn c\u00edrculos intelectuales burgueses se tiene en gran estima al sentido com\u00fan como m\u00e9todo de pensamiento y gu\u00eda de acci\u00f3n [\u2026] Lamentablemente, los ide\u00f3logos burgueses y peque\u00f1o- burgueses nos informan poco sobre el contenido l\u00f3gico del sentido com\u00fan y la relaci\u00f3n que existe entre el sentido com\u00fan y su \u201cciencia\u201d\u00bb<sup><a href=\"https:\/\/kaosenlared.net\/la-covid-19-el-sentido-comun-y-la-politica-iii-de-iii\/#sdfootnote2sym\">2<\/a><\/sup><\/p>\n\n\n\n<p>\u00abEl punto de vista del sentido com\u00fan es el de la \u00abindiferencia\u00bb y la \u00abseguridad\u00bb, \u00abla indiferencia en la seguridad\u00bb. La satisfacci\u00f3n con la realidad tal como aparece y la aceptaci\u00f3n de sus relaciones fijas y estables hace al hombre indiferente a las a\u00fan no realizadas potencialidades que no est\u00e1n \u00abdadas\u00bb con la misma certeza y estabilidad de los objetos de los sentidos. El sentido com\u00fan confunde la apariencia accidental de las cosas con su esencia, y persiste en creer que hay una identidad inmediata de esencia y existencia\u00bb<sup><a href=\"https:\/\/kaosenlared.net\/la-covid-19-el-sentido-comun-y-la-politica-iii-de-iii\/#sdfootnote3sym\">3<\/a><\/sup>.<\/p>\n\n\n\n<p>\u00abPero en la ciencia econ\u00f3mica, como sucede en la f\u00edsica te\u00f3rica moderna, muchas teor\u00edas contradicen el sentido com\u00fan\u00bb<sup><a href=\"https:\/\/kaosenlared.net\/la-covid-19-el-sentido-comun-y-la-politica-iii-de-iii\/#sdfootnote4sym\">4<\/a><\/sup><\/p>\n\n\n\n<ol><li>INTRODUCCION<\/li><li>QU\u00c9 ES EL SENTIDO COM\u00daN<\/li><li>HEGEL<\/li><li>MARX<\/li><li>LENIN<\/li><li>GRAMSCI<\/li><li>DUNAYEVSKAYA<\/li><li>DIAL\u00c9CTICA I<\/li><li>DIAL\u00c9CTICA II<\/li><li>RESUMEN<\/li><\/ol>\n\n\n\n<p>8.- DIAL\u00c9CTICA I:<\/p>\n\n\n\n<p>T. Adorno en el Pr\u00f3logo de&nbsp;<em>Dial\u00e9ctica Negativa<\/em>, una de sus obras m\u00e1s pol\u00e9micas porque, seg\u00fan R. M. Rodr\u00edguez Magda<sup><a href=\"https:\/\/kaosenlared.net\/la-covid-19-el-sentido-comun-y-la-politica-iii-de-iii\/#sdfootnote5sym\">5<\/a><\/sup>, abr\u00eda un camino al postmodernismo en una \u00e9poca temprana como 1966, sostiene que \u00abLa formulaci\u00f3n Dial\u00e9ctica Negativa es un atentado contra la tradici\u00f3n [\u2026] El autor est\u00e1 preparado a la resistencia que va a encontrar la&nbsp;<em>Dial\u00e9ctica Negativa<\/em>\u00bb<sup><a href=\"https:\/\/kaosenlared.net\/la-covid-19-el-sentido-comun-y-la-politica-iii-de-iii\/#sdfootnote6sym\">6<\/a><\/sup>. Sin entrar a las implicaciones pre-postmodernas del texto, queda claro que al menos en 1966 Adorno entend\u00eda la ley de la negaci\u00f3n de la negaci\u00f3n como antag\u00f3nico a lo tradicional. Ataque era tan directo contra la ideolog\u00eda dominante que el autor no dud\u00f3 en prepararse para las cr\u00edticas que iba a recibir, comprensibles leyendo lo que sosten\u00eda poco despu\u00e9s: \u00abEl pensamiento es, por su misma naturaleza, negaci\u00f3n de todo contenido concreto, resistencia a lo que se le impone; as\u00ed lo ha heredado de su arquetipo, que es la relaci\u00f3n del trabajo con su material\u00bb<sup><a href=\"https:\/\/kaosenlared.net\/la-covid-19-el-sentido-comun-y-la-politica-iii-de-iii\/#sdfootnote7sym\">7<\/a><\/sup>.<\/p>\n\n\n\n<p>Si la dial\u00e9ctica es la cr\u00edtica m\u00e1s radical de la tradici\u00f3n ello es debido a que el pensamiento surge de la misma \u00ablucha\u00bb entre el trabajo como esencia de la antropogenia y la materia que debe transformar para crear realidades nuevas, inexistentes hasta entonces. En esa praxis, el pensamiento s\u00f3lo puede desarrollarse resisti\u00e9ndose a toda imposici\u00f3n y dogma como negaci\u00f3n primera \u2013la cr\u00edtica de lo viejo\u2013 para dar el salto creativo a la negaci\u00f3n segunda: lo nuevo que subsume a lo viejo en una espiral de avances y retrocesos en unidad y lucha de contrarios. En el seno de esta dial\u00e9ctica hierve el problema de \u00abla ficci\u00f3n de la libertad positiva\u00bb, que Adorno destroza as\u00ed: \u00abS\u00f3lo hay una forma de comprender la libertad: en negaciones concretas, a partir de la figura concreta de lo que se le opone [\u2026] La insistencia social en la libertad como algo existente se coaliga con una opresi\u00f3n sin alivio, acompa\u00f1ada psicol\u00f3gicamente con rasgos coactivos\u00bb<sup><a href=\"https:\/\/kaosenlared.net\/la-covid-19-el-sentido-comun-y-la-politica-iii-de-iii\/#sdfootnote8sym\">8<\/a><\/sup>.<\/p>\n\n\n\n<p>Bajo la dictadura del salario, del fetichismo de la mercanc\u00eda y del trabajo abstracto, la libertad oficial, es decir burguesa, siempre es una ficci\u00f3n que se enfrenta a la libertad concreta que se autoconstruye no s\u00f3lo con el arma de la cr\u00edtica de esa ficci\u00f3n, sino definitivamente con la cr\u00edtica de las armas contra el poder que sostiene esa ficci\u00f3n y se ampara tras ella. En este devenir, el sentido com\u00fan siempre se opone a la negaci\u00f3n de la negaci\u00f3n, ley dial\u00e9ctica incompatible con cualquier forma de kantismo. Adorno defini\u00f3 as\u00ed esa filosof\u00eda: \u00abeco de esa realidad filos\u00f3fica es la maldad de un sentido com\u00fan orgulloso de su propia estupidez, que hoy llena el mundo\u00bb<sup><a href=\"https:\/\/kaosenlared.net\/la-covid-19-el-sentido-comun-y-la-politica-iii-de-iii\/#sdfootnote9sym\">9<\/a><\/sup>.<\/p>\n\n\n\n<p>En 1966 el mundo estaba surcado por tensiones m\u00faltiples que se remit\u00edan a la objetividad de las contradicciones y leyes esenciales del capitalismo que luego veremos, objetividad dial\u00e9cticamente unida a la subjetividad de los pueblos antiimperialistas y del proletariado que se estaba preparando para el estallido prerrevolucionario del \u201968. Pero Adorno fue incapaz de dar el salto intelectual en ese momento cr\u00edtico, posicion\u00e1ndose contra la lucha de clases<sup><a href=\"https:\/\/kaosenlared.net\/la-covid-19-el-sentido-comun-y-la-politica-iii-de-iii\/#sdfootnote10sym\">10<\/a><\/sup>. No fue el \u00fanico. F. Erice desgrana el conjunto de causas que propiciaron el r\u00e1pido giro al reformismo y a la derecha<sup><a href=\"https:\/\/kaosenlared.net\/la-covid-19-el-sentido-comun-y-la-politica-iii-de-iii\/#sdfootnote11sym\">11<\/a><\/sup>&nbsp;de gran parte de la casta intelectual en esa \u00e9poca, fortaleciendo as\u00ed las defensas del capital justo cuando entraba en una aguda crisis.<\/p>\n\n\n\n<p>Pero fue la objetividad de las leyes y contradicciones del capitalismo la que determin\u00f3 que, por el lado revolucionario, se mantuviera la creatividad te\u00f3rica y la estrategia pol\u00edtica a pesar de todas las dificultades. Un caso, ya en 1962 E. Mandel hab\u00eda ampliado el abismo entre el sentido com\u00fan y el marxismo al insistir en algo que se sab\u00eda desde mediados del siglo XIX: \u00abLos economistas marxistas reivindican el honor de ser la primera categor\u00eda de hombres de ciencia que trabajan conscientemente con vistas a la supresi\u00f3n de su propia profesi\u00f3n\u00bb<sup><a href=\"https:\/\/kaosenlared.net\/la-covid-19-el-sentido-comun-y-la-politica-iii-de-iii\/#sdfootnote12sym\">12<\/a><\/sup>. Los economistas burgueses est\u00e1n comprometidos en la tarea imposible de hacer eterno al capitalismo, y por tanto eternizar su profesi\u00f3n y con ella sus privilegios y salarios. Los marxistas justo lo contrario.<\/p>\n\n\n\n<p>Esta perspectiva ampliable con innumerables ejemplos, permite comprender el proceso generalmente subterr\u00e1neo y muy silenciado por el cual se fue agigantando ese abismo c\u00f3smico entre la ideolog\u00eda burguesa y las contradicciones sociales, entre el sentido com\u00fan y el m\u00e9todo cient\u00edfico-cr\u00edtico, algunas de cuyas caracter\u00edsticas hemos expuesto brevemente en otros textos sobre la Covid-19. Por eso hemos reproducido unas palabras de Andrew Kliman extra\u00eddas de su esclarecedor libro sobre&nbsp;<em>El Capital<\/em>&nbsp;de Marx: \u00abPero en la ciencia econ\u00f3mica, como sucede en la f\u00edsica te\u00f3rica moderna, muchas teor\u00edas contradicen el sentido com\u00fan\u00bb. En este antepen\u00faltimo cap\u00edtulo vamos a seguir el orden expositivo marcado en las palabras de A. Kliman: primero veremos c\u00f3mo la cr\u00edtica marxista de la econom\u00eda pol\u00edtica burguesa contradice el sentido com\u00fan, y luego, en el pen\u00faltimo, veremos c\u00f3mo lo hace no s\u00f3lo la f\u00edsica te\u00f3rica moderna sino la totalidad del avance cient\u00edfico-cr\u00edtico.<\/p>\n\n\n\n<p>La cr\u00edtica del capitalismo surgi\u00f3 como una anomal\u00eda, como una peligrosa excentricidad que pod\u00eda ser erradicada con medidas represivas, pero el sentido com\u00fan volvi\u00f3 a equivocarse. Estamos de acuerdo con E. V. Ili\u00e9nkov en que: \u00abUn fen\u00f3meno que posteriormente se hace general, al principio surge como exclusi\u00f3n de la regla, como anomal\u00eda, como algo particular y parcial. De otra manera es poco probable que pueda surgir algo realmente nuevo\u00bb<sup><a href=\"https:\/\/kaosenlared.net\/la-covid-19-el-sentido-comun-y-la-politica-iii-de-iii\/#sdfootnote13sym\">13<\/a><\/sup>. David Ricardo, por ejemplo, cre\u00eda que las leyes del capital eran \u00abformas dadas\u00bb<sup><a href=\"https:\/\/kaosenlared.net\/la-covid-19-el-sentido-comun-y-la-politica-iii-de-iii\/#sdfootnote14sym\">14<\/a><\/sup>, inamovibles. Si rastreamos el surgimiento de la cr\u00edtica marxista vemos que la burgues\u00eda brit\u00e1nica crey\u00f3 que podr\u00eda liquidar con la represi\u00f3n a los ricardianos de izquierda para destruir esa \u00abanomal\u00eda\u00bb que negaba toda l\u00f3gica. Sin embargo, esa izquierda brit\u00e1nica del primer cuarto del siglo XIX adelant\u00f3 ideas valiosas sobre la definici\u00f3n del valor-trabajo, etc., como Ch. Hall, W. Thompson, J. Gray, Th. Hodgskin, J. F. Bray, y otros<sup><a href=\"https:\/\/kaosenlared.net\/la-covid-19-el-sentido-comun-y-la-politica-iii-de-iii\/#sdfootnote15sym\">15<\/a><\/sup>.<\/p>\n\n\n\n<p>Hizo falta tiempo para que, bajo la presi\u00f3n determinante de la lucha de clases, se fuera perfilando la cr\u00edtica te\u00f3rica del capitalismo. Pero era tal la diferencia entre el m\u00e9todo que emplearon Marx y Engels para realizar esa cr\u00edtica, y la forma com\u00fan dominante de interpretar la realidad, que solo accedieron al armaz\u00f3n interno de la cr\u00edtica comunista quienes conoc\u00edan lo esencial de Hegel. Los ide\u00f3logos burgueses siguen sin saber qu\u00e9 es el capitalismo como relaci\u00f3n social de explotaci\u00f3n. M. Roberts ha tenido que recordarles las palabras del Engels de la d\u00e9cada de 1840 sobre por qu\u00e9 la peque\u00f1a burgues\u00eda se arruina en las grandes crisis ante la fuerza del gran capital, sobre por qu\u00e9 las innovaciones tecnocient\u00edficas golpean al proletariado y a la peque\u00f1a burgues\u00eda\u2026, y sobre por qu\u00e9 ahora la Covid-19 ha exacerbado estas contradicciones del capital<sup><a href=\"https:\/\/kaosenlared.net\/la-covid-19-el-sentido-comun-y-la-politica-iii-de-iii\/#sdfootnote16sym\">16<\/a><\/sup>.<\/p>\n\n\n\n<p>Las innovaciones tecnocient\u00edficas siempre han sido presentadas como la panacea que resolver\u00e1 las \u00abdeficiencias del mercado\u00bb, ocultando que \u00e9ste es uno de los momentos necesarios en el proceso de explotaci\u00f3n generalizada para obtener la m\u00e1xima ganancia en el m\u00ednimo tiempo posible sin reparar en los desastres que origina. Representantes de casi las 300 empresas m\u00e1s grandes del mundo coindicen euf\u00f3ricos en que la rob\u00f3tica<sup><a href=\"https:\/\/kaosenlared.net\/la-covid-19-el-sentido-comun-y-la-politica-iii-de-iii\/#sdfootnote17sym\">17<\/a><\/sup>, que en 2020 supone el 33% del proceso productivo, ascender\u00e1 al 47% en 2025, pero la mano de obra descender\u00e1 del 67% actual al 53% en 2025, es decir casi la proporci\u00f3n de uno a uno. Los primeros economistas burgueses -Smith y Ricardo\u2013 intuyeron el monstruo que se escond\u00eda en esta tendencia, pero tuvieron que llegar Marx y Engels para demostrar con una de sus \u00abprofec\u00edas\u00bb la ineluctabilidad de que la rob\u00f3tica, el trabajo muerto, devore como un vampiro al proletariado, al trabajo vivo.<\/p>\n\n\n\n<p>Esta es una de las contradicciones del capital que, como todas las dem\u00e1s, s\u00f3lo puede superarse definitivamente a lo largo del avance revolucionario al comunismo. La lucha de clases mundial ir\u00e1 decidiendo c\u00f3mo debemos ampliar y enriquecer las experiencias ya sintetizadas en forma te\u00f3rica embrionaria. Para empezar tenemos la opini\u00f3n de Lenin sobre el m\u00e9todo dial\u00e9ctico: \u00abEs completamente imposible entender&nbsp;<em>El Capital<\/em>&nbsp;de Marx, y en especial su primer cap\u00edtulo, sin haber estudiado y entendido a fondo toda la&nbsp;<em>L\u00f3gica<\/em>&nbsp;de Hegel. \u00a1\u00a1Por consiguiente, hace medio siglo ninguno de los marxistas entendi\u00f3 a Marx!!\u00bb<sup><a href=\"https:\/\/kaosenlared.net\/la-covid-19-el-sentido-comun-y-la-politica-iii-de-iii\/#sdfootnote18sym\">18<\/a><\/sup>. Lenin hund\u00eda as\u00ed con un solo \u201cdisparo\u201d todas las cr\u00edticas que&nbsp;<em>El Capital<\/em>&nbsp;hab\u00eda recibido desde 1867, cuando se public\u00f3 su primer volumen.<\/p>\n\n\n\n<p>Un siglo despu\u00e9s, en 1967, R. Rosdolsky advert\u00eda a los cr\u00edticos de Marx que ya no tendr\u00edan la excusa de no haber le\u00eddo a Hegel para librarse de su desconocimiento del m\u00e9todo dial\u00e9ctico que vertebra internamente&nbsp;<em>El Capital<\/em>, porque ese m\u00e9todo aparece al descubierto p\u00e1gina a p\u00e1gina en los&nbsp;<em>Grundrisse<\/em><sup><a href=\"https:\/\/kaosenlared.net\/la-covid-19-el-sentido-comun-y-la-politica-iii-de-iii\/#sdfootnote19sym\">19<\/a><\/sup>, manuscritos redactados en 1857-58 que s\u00f3lo fueron conocidos por muy contadas personas en 1939, luego redescubiertos en 1953 y, por fin ofrecidos al debate p\u00fablico sobre todo en 1967, con la magistral y extensa obra de R. Rosdolsky. Naturalmente, quien desee la libertad deber\u00e1 estudiar a Hegel, o intentarlo. Pero s\u00ed debe estudiar en colectivo los&nbsp;<em>Grundrisse<\/em>&nbsp;y&nbsp;<em>El Capital<\/em>, por este orden: solo as\u00ed llegar\u00e1 al veneno interno del sentido com\u00fan.<\/p>\n\n\n\n<p>El principio de contradicci\u00f3n vertebra estas obras y en s\u00ed misma a toda la teor\u00eda marxista. Y es aqu\u00ed en donde choca frontalmente con el sentido com\u00fan. En una carta, Marx le dijo a Engels, que: \u00abS\u00f3lo sustituyendo los dogmas en controversia por los hechos en conflicto y las contradicciones reales que forman su fundamento oculto, podemos transformar la econom\u00eda pol\u00edtica en una ciencia positiva\u00bb<sup><a href=\"https:\/\/kaosenlared.net\/la-covid-19-el-sentido-comun-y-la-politica-iii-de-iii\/#sdfootnote20sym\">20<\/a><\/sup>. Pero ocurre como como sosten\u00eda D. Harvey hace un tiempo, los intelectuales burgueses, sean reaccionarios o reformistas, los economistas liberales:<\/p>\n\n\n\n<p>\u00abOdian las contradicciones. No encaja con su cosmovisi\u00f3n. A los economistas les encanta enfrentar lo que llaman problemas, porque los problemas tienen soluciones. Las contradicciones no [\u2026] los economistas no tienen idea de c\u00f3mo enfrentar estas contradicciones. Mientras tanto Marx nos recuerda que esta contradicci\u00f3n est\u00e1 en la naturaleza de la acumulaci\u00f3n de capital. Y esta contradicci\u00f3n produce las crisis peri\u00f3dicas, que cobran vidas y crean miseria. Estos tipos de fen\u00f3menos deben ser abordados. Y la econom\u00eda tradicional ni siquiera tiene los instrumentos te\u00f3ricos que expliquen las crisis\u00bb<sup><a href=\"https:\/\/kaosenlared.net\/la-covid-19-el-sentido-comun-y-la-politica-iii-de-iii\/#sdfootnote21sym\">21<\/a><\/sup>.<\/p>\n\n\n\n<p>Ha sido necesaria esta breve explicaci\u00f3n porque nos permite entender la profunda raz\u00f3n de A. Kliman que tambi\u00e9n es una cr\u00edtica demoledora de la incapacidad de la l\u00f3gica formal y del sentido com\u00fan para entender la decisiva ley del descenso tendencial de la tasa de ganancia. A. Fern\u00e1ndez Bustos ha resumido los argumentos de A. Kliman as\u00ed:<\/p>\n\n\n\n<p>\u00ab\u2026la LDTTG tiene implicaciones pol\u00edticas revolucionarias, ya que la ley verifica la agudizaci\u00f3n de las dificultades en el proceso de valorizaci\u00f3n, lo cual significa que las crisis econ\u00f3micas nacen de la contradicci\u00f3n interna e inherente al modo de producci\u00f3n capitalista: \u201clos capitalistas \u00abmatan la gallina de los huevos de oro\u00bb\u201d. [\u2026] la LDTTG de Marx contradice la l\u00f3gica formal de aquellos, especialmente fisicalistas, para los que intuitivamente es contradictorio el hecho de que productividad creciente = descenso tendencial de la tasa de ganancia (A\u2260No-A\/ creciente\u2260descenso). Para el sentido com\u00fan de Okishio (o Dmitriev antes que \u00e9l), un aumento de la productividad es sin\u00f3nimo de un aumento en la rentabilidad; pero esto es as\u00ed, tal como demuestra Kliman, solo si nos servimos de la valoraci\u00f3n simult\u00e1nea para llegar a conclusiones fisicalistas. En conclusi\u00f3n, el Teorema de Okishio solo se sostiene si la problem\u00e1tica se \u00abpiensa\u00bb en t\u00e9rminos de valor de uso (fisicalismo) y no de valor\u00bb<sup><a href=\"https:\/\/kaosenlared.net\/la-covid-19-el-sentido-comun-y-la-politica-iii-de-iii\/#sdfootnote22sym\">22<\/a><\/sup>.<\/p>\n\n\n\n<p>Veamos otro ejemplo de la impotencia l\u00f3gica del sentido com\u00fan para entender la cr\u00edtica marxista de la econom\u00eda pol\u00edtica, en palabras de E. V. Ili\u00e9nkov:<\/p>\n\n\n\n<p>\u00abLa ley universal del valor se halla en una relaci\u00f3n de contradicci\u00f3n que se excluye mutuamente con la forma emp\u00edrica de su propia manifestaci\u00f3n: con la ley de la cuota media de ganancia. Esa es una&nbsp;<em>contradicci\u00f3n real del objeto real.&nbsp;<\/em>Y no hay nada de asombroso en que al intentar hacer pasar una ley por otra de modo abierto y directo resulta una contradicci\u00f3n l\u00f3gica. Cuando contin\u00faan a pesar de todo las tentativas de armonizar directamente y sin&nbsp;<em>contradicci\u00f3n&nbsp;<\/em>el valor y la ganancia, \u201cse enfrentan con un problema \u2013seg\u00fan las palabras de Marx\u2013, de m\u00e1s dif\u00edcil soluci\u00f3n que el de la cuadratura del c\u00edrculo. Es como querer probar la existencia de algo que no existe\u201d\u00bb<sup><a href=\"https:\/\/kaosenlared.net\/la-covid-19-el-sentido-comun-y-la-politica-iii-de-iii\/#sdfootnote23sym\">23<\/a><\/sup>.<\/p>\n\n\n\n<p>Una horrible pesadilla as\u00ed debieron padecerla en forma consciente los grandes capitalistas con la crisis de 2007: querer probar que su sistema era perfecto y eterno, cuando se precipitaba en un abismo que se ahonda desde 2020: El gigante financiero Lehman Brothers, con un vida de 158 a\u00f1os y tras grandes guerras e infinidad de crisis con las que se ha enriquecido, se desplom\u00f3 s\u00fabitamente en 2008 provocando la estupefacci\u00f3n del sistema e iniciando junto a otras quiebras bancarias, industriales y humanas \u00abel nacimiento de una nueva era de incertidumbre\u00bb<sup><a href=\"https:\/\/kaosenlared.net\/la-covid-19-el-sentido-comun-y-la-politica-iii-de-iii\/#sdfootnote24sym\">24<\/a><\/sup>. Certidumbre e incertidumbre forman una unidad de contrario porque responden a la dial\u00e9ctica de la negatividad y la contradicci\u00f3n<sup><a href=\"https:\/\/kaosenlared.net\/la-covid-19-el-sentido-comun-y-la-politica-iii-de-iii\/#sdfootnote25sym\">25<\/a><\/sup>&nbsp;vertebradora de&nbsp;<em>El Capital<\/em>.<\/p>\n\n\n\n<p>Rechazando esta certidumbre te\u00f3rica y pol\u00edtica, el progresismo y la mayor\u00eda de las \u201cizquierdas\u201d fueron absorbidas por el indiferentismo del sentido com\u00fan despreocupado por llegar al fondo de los problemas, cuando en realidad: \u00abLas teor\u00edas econ\u00f3micas convencionales han tenido poco que ofrecer. Por el contrario, han actuado como una jaula alrededor de nuestro pensamiento, vetando un abanico de ideas por inasequibles, contraproducentes, incompatibles con el libre mercado, y as\u00ed sucesivamente. Todav\u00eda peor que eso, la econom\u00eda nos ha llevado de modo sutil e insidioso a introyectar un conjunto de valores y formas de ver el mundo que nos impide hasta imaginar formas diversas de cambio radical\u00bb<sup><a href=\"https:\/\/kaosenlared.net\/la-covid-19-el-sentido-comun-y-la-politica-iii-de-iii\/#sdfootnote26sym\">26<\/a><\/sup>.<\/p>\n\n\n\n<p>J. Aldred, autor de estas l\u00edneas, remarca as\u00ed la efectividad desintegradora de la ideolog\u00eda dominante sobre la llamada pomposamente \u00abciencia econ\u00f3mica\u00bb. En su investigaci\u00f3n sobre c\u00f3mo impactar\u00e1 el Covid-19 en la tasa de inflaci\u00f3n, M. Roberts se permite el lujo de citar a W. Munchau, famoso economista burgu\u00e9s: \u00abEl problema no es que alguien se equivocase de pron\u00f3stico. Todos lo hacemos, todo el tiempo. Lo preocupante es que estos pron\u00f3sticos revelan una falta b\u00e1sica de comprensi\u00f3n del proceso de inflaci\u00f3n subyacente. Existe alguna evidencia reciente de que la globalizaci\u00f3n puede haber cambiado el proceso de inflaci\u00f3n. Incluso si es cierto, esto tampoco es necesariamente una observaci\u00f3n \u00fatil. No sabemos exactamente en qu\u00e9 tipo de per\u00edodo estamos entrando\u00bb<sup><a href=\"https:\/\/kaosenlared.net\/la-covid-19-el-sentido-comun-y-la-politica-iii-de-iii\/#sdfootnote27sym\">27<\/a><\/sup>. M. Roberts reconoce tranquilamente que Marx no pudo desarrollar una teor\u00eda particular sobre la inflaci\u00f3n por razones hist\u00f3ricas, pero que su teor\u00eda general de la ley del valor es la \u00fanica que tiene los instrumentos conceptuales y su m\u00e9todo de empleo capaces de crearla ahora.<\/p>\n\n\n\n<p>Si del problema de la inflaci\u00f3n pasamos al de la capacidad de la burgues\u00eda para imaginar \u00abqu\u00e9 tipo de per\u00edodo\u00bb se avecina, descubrimos un desconcierto absoluto frente, al menos, seis problemas. Paula Bach nos habla de tres de ellos: las tesis del estancamiento prolongado, del supuesto fin del trabajo debido al desarrollo tecnocient\u00edfico, y del empobrecimiento relativo y absoluto<sup><a href=\"https:\/\/kaosenlared.net\/la-covid-19-el-sentido-comun-y-la-politica-iii-de-iii\/#sdfootnote28sym\">28<\/a><\/sup>. A estos problemas insolubles debemos sumarle el cuarto, el demoledor impacto de la Covid-19 que ha aplastado la placidez desarrollista, cat\u00e1strofe ante la que algunos sectores burgueses retroceden al reformismo idealista keynesiano, que tiene ahora a Piketty<sup><a href=\"https:\/\/kaosenlared.net\/la-covid-19-el-sentido-comun-y-la-politica-iii-de-iii\/#sdfootnote29sym\">29<\/a><\/sup>&nbsp;como su adalid m\u00e1s prestigiado. El quinto es el agotamiento de los recursos y en especial el \u00abpetrocalipsis\u00bb<sup><a href=\"https:\/\/kaosenlared.net\/la-covid-19-el-sentido-comun-y-la-politica-iii-de-iii\/#sdfootnote30sym\">30<\/a><\/sup>&nbsp;con efectos devastadores sobre la econom\u00eda. Y el sexto, la cat\u00e1strofe socioecol\u00f3gica que se avecina ante la que s\u00f3lo se nos ofrece el tramposo \u00abcapitalismo verde\u00bb cuando la \u00fanica alternativa es el \u00ableninismo ecol\u00f3gico\u00bb<sup><a href=\"https:\/\/kaosenlared.net\/la-covid-19-el-sentido-comun-y-la-politica-iii-de-iii\/#sdfootnote31sym\">31<\/a><\/sup>, por no hablar de lo que ya se denomina como la sexta gran extinci\u00f3n de la vida.<\/p>\n\n\n\n<p>Es necesario insistir en que estas seis grandes problem\u00e1ticas no responden s\u00f3lo a causas estrictamente econ\u00f3micas, sino a la dial\u00e9ctica econ\u00f3mico-pol\u00edtica \u2013y militar\u2013 del modo de producci\u00f3n capitalista. Tenemos el ejemplo de la muy reveladora cr\u00edtica que hace M. Roberts a la responsabilidad pol\u00edtica del FMI obsesionado por ocultar<sup><a href=\"https:\/\/kaosenlared.net\/la-covid-19-el-sentido-comun-y-la-politica-iii-de-iii\/#sdfootnote32sym\">32<\/a><\/sup>&nbsp;el agravamiento socioecol\u00f3gico y el calentamiento global, estrategia pol\u00edtica que empeora la perspectiva mundial. \u00bfC\u00f3mo entender esta dial\u00e9ctica de la totalidad que integra sist\u00e9micamente m\u00faltiples din\u00e1micas, y ante la que fracasa siempre la ideolog\u00eda burguesa? Una primera respuesta la encontramos en la distinci\u00f3n anal\u00edtica que establece E. Mandel entre leyes y contradicciones del capitalismo:<\/p>\n\n\n\n<p><em>Leyes<\/em>: concentraci\u00f3n y centralizaci\u00f3n del capital; proletarizaci\u00f3n progresiva de la poblaci\u00f3n trabajadora; tendencia a la baja de la tasa media de beneficio, y socializaci\u00f3n objetiva de la producci\u00f3n.&nbsp;<em>Contradicciones<\/em>&nbsp;entre la racionalidad parcial y la irracionalidad estructural; entre la socializaci\u00f3n objetiva de la producci\u00f3n y la apropiaci\u00f3n privada; entre el aumento de las fuerzas productivas y el estancamiento del consumo privado; entre el desarrollo tecno-cient\u00edfico y su subordinaci\u00f3n a la burgues\u00eda; entre la inevitable lucha de clases y la reproducci\u00f3n del poder de la burgues\u00eda<sup><a href=\"https:\/\/kaosenlared.net\/la-covid-19-el-sentido-comun-y-la-politica-iii-de-iii\/#sdfootnote33sym\">33<\/a><\/sup>.<\/p>\n\n\n\n<p>Pero la mejor manera de descubrir la dial\u00e9ctica de la negatividad que pudre al capital es estudiarla en los textos de Marx y Engels, especialmente en dos partes de&nbsp;<em>El Capital<\/em>, la primera en el cap\u00edtulo XXIII del Libro I sobre&nbsp;<em>La ley general de la acumulaci\u00f3n capitalista<\/em><sup><a href=\"https:\/\/kaosenlared.net\/la-covid-19-el-sentido-comun-y-la-politica-iii-de-iii\/#sdfootnote34sym\">34<\/a><\/sup><em>.&nbsp;<\/em>Y la segunda, la Secci\u00f3n Tercera del Libro III sobre&nbsp;<em>La ley de la tendencia decreciente de la cuota de ganancia<\/em>, y en especial las contra tendencias que introduce la burgues\u00eda para contrarrestarla: aumento del grado de explotaci\u00f3n del trabajo; reducci\u00f3n del salario por debajo de su valor; abaratamiento de los elementos que forman el capital constante; superpoblaci\u00f3n relativa; comercio exterior, y aumento del capital-acciones. Marx las defini\u00f3 como las \u00abprincipales\u00bb<sup><a href=\"https:\/\/kaosenlared.net\/la-covid-19-el-sentido-comun-y-la-politica-iii-de-iii\/#sdfootnote35sym\">35<\/a><\/sup>, reconociendo que tambi\u00e9n se aplicaban otras. Un estudio somero muestra que todas ellas necesitan del Estado para ser aplicadas con especial dureza antipopular en situaciones cr\u00edticas.<\/p>\n\n\n\n<p>Ahora mismo, por ejemplo, la Oficina de Responsabilidad Presupuestaria<sup><a href=\"https:\/\/kaosenlared.net\/la-covid-19-el-sentido-comun-y-la-politica-iii-de-iii\/#sdfootnote36sym\">36<\/a><\/sup>&nbsp;(OBR) ha reconocido que Gran Breta\u00f1a padece la peor debacle econ\u00f3mica de sus \u00faltimos tres siglos. Por su parte, el PIB yanqui ha ca\u00eddo un 32,9% en el segundo semestre, el mayor<sup><a href=\"https:\/\/kaosenlared.net\/la-covid-19-el-sentido-comun-y-la-politica-iii-de-iii\/#sdfootnote37sym\">37<\/a><\/sup>&nbsp;desplome de su historia; Jap\u00f3n ha sufrido su mayor retroceso desde que se tienen referencias. Las econom\u00edas de Brasil, M\u00e9xico y la India, tres de las grandes promesas sobre las que descansaba la propaganda acerca del \u00abnuevo capitalismo\u00bb, se han hundido. M\u00e1s a\u00fan:<\/p>\n\n\n\n<p>\u00abEl primer semestre del 2020 es posiblemente el peor desde que hay estad\u00edsticas econ\u00f3micas en el mundo. Es peor que el primer semestre de 1930 y no se tiene la estad\u00edstica del primer semestre de 1872. Es mucho peor que el primer semestre del 2009 o el \u00faltimo semestre del 2008. El PIB cay\u00f3 a tasas anualizadas al final del primer semestre en la mayor\u00eda de los pa\u00edses avanzados. El PIB de la Uni\u00f3n Europa (UE), se desplom\u00f3 14.4% respecto del segundo trimestre de 2019 y Am\u00e9rica del Norte 10.8% (Canad\u00e1, M\u00e9xico y Estados Unidos). En conjunto la UE perdi\u00f3 cerca de 11 a\u00f1os de producci\u00f3n por el confinamiento y las medidas de salud. Pa\u00edses como Italia, Portugal, Francia, Espa\u00f1a, Inglaterra y B\u00e9lgica perdieron entre dos y tres d\u00e9cadas de crecimiento. Estados Unidos perdi\u00f3 6 a\u00f1os de producci\u00f3n, a niveles del segundo trimestre de 2014 y M\u00e9xico 10 a\u00f1os a nivel del tercer trimestre del 2010.\u00bb<sup><a href=\"https:\/\/kaosenlared.net\/la-covid-19-el-sentido-comun-y-la-politica-iii-de-iii\/#sdfootnote38sym\">38<\/a><\/sup>.<\/p>\n\n\n\n<p>Para E. Cam\u00edn: \u00ab El comercio mundial de mercanc\u00edas registr\u00f3 probablemente la mayor ca\u00edda hist\u00f3rica en el segundo trimestre de 2020, seg\u00fan la \u00faltima lectura del Bar\u00f3metro sobre el Comercio de Mercanc\u00edas de la Organizaci\u00f3n Mundial del Comercio (OMC) [\u2026] hasta las proyecciones m\u00e1s conservadoras arrojan un escenario pavoroso para el 2020. El propio Fondo Monetario Internacional&nbsp;(FMI), ya lo advirti\u00f3, la econom\u00eda mundial vivir\u00e1 este a\u00f1o su peor descalabro desde la&nbsp;Gran Depresi\u00f3n&nbsp;(1929-1933) del siglo pasado. En la ca\u00edda, nadie se salva, ni los pa\u00edses ricos ni los emergentes. No es el apocalipsis, pero se le parece bastante. Sea como sea, lo cierto es que la econom\u00eda mundial transcurre en el campo de batalla de la globalizaci\u00f3n capitalista, con m\u00e1s factores de incertidumbre, o al menos m\u00e1s relevantes, que los que hab\u00eda al empezar el a\u00f1o\u2026\u00bb<sup><a href=\"https:\/\/kaosenlared.net\/la-covid-19-el-sentido-comun-y-la-politica-iii-de-iii\/#sdfootnote39sym\">39<\/a><\/sup>.<\/p>\n\n\n\n<p>H. Polo ha expresado con lac\u00f3nico acierto tanto el callej\u00f3n en el que se ha metido el imperialismo yanqui como lo irracional de su estrategia: lanzarse a ciegas por el camino del caos y de la deuda<sup><a href=\"https:\/\/kaosenlared.net\/la-covid-19-el-sentido-comun-y-la-politica-iii-de-iii\/#sdfootnote40sym\">40<\/a><\/sup>&nbsp;mediante la impresi\u00f3n en masa de \u00abd\u00f3lares-chatarra\u00bb buscando revertir su decadencia. Es cierto que, como sostiene Carmen Reinhart, economista jefe del FMI, la econom\u00eda mundial se encuentra en \u00abguerra [\u2026] El escenario en el que nos encontramos no es sostenible\u00bb<sup><a href=\"https:\/\/kaosenlared.net\/la-covid-19-el-sentido-comun-y-la-politica-iii-de-iii\/#sdfootnote41sym\">41<\/a><\/sup>, a no ser que se rinda alguno de los bloques en choque frontal: el imperialismo occidental recurre a todo con tal de derrotar a Rusia, China, Cuba, Bolivia, Venezuela, Ir\u00e1n\u2026, y para ello no duda en condenar a la poblaci\u00f3n de Ucrania a sufrir muertes por la Covid-19 al prohibirle comprar<sup><a href=\"https:\/\/kaosenlared.net\/la-covid-19-el-sentido-comun-y-la-politica-iii-de-iii\/#sdfootnote42sym\">42<\/a><\/sup>&nbsp;la vacuna rusa, siempre en un contexto de empobrecimiento mundial imparable<sup><a href=\"https:\/\/kaosenlared.net\/la-covid-19-el-sentido-comun-y-la-politica-iii-de-iii\/#sdfootnote43sym\">43<\/a><\/sup>.<\/p>\n\n\n\n<p>Y es en el momento de dar este salto, cuando se descubren los l\u00edmites de las versiones progresistas del sentido com\u00fan. Leamos estas palabras de A. Fierro sobre la efectiva pol\u00edtica chavista para mantener una hegemon\u00eda duradera a pesar de los permanentes ataques externos e internos. Tiene toda la raz\u00f3n al insistir en la importancia clave de que la comunicaci\u00f3n chavista y popular ha de priorizar el ahora, el presente, la visi\u00f3n cient\u00edfica de la sociedad, la transversalidad para llegar a la complejidad social actual muy superior a la de hace veinte a\u00f1os, la incorporaci\u00f3n de nuevos agentes comunicadores para mantener esa actualidad y capacidad pedag\u00f3gica, la permanente actualizaci\u00f3n de los cambios sufridos por el \u00abadversario\u00bb, y la demostraci\u00f3n diaria de los logros innegables del bolivarianismo<sup><a href=\"https:\/\/kaosenlared.net\/la-covid-19-el-sentido-comun-y-la-politica-iii-de-iii\/#sdfootnote44sym\">44<\/a><\/sup>. Hasta aqu\u00ed no hay objeciones.<\/p>\n\n\n\n<p>Sin embargo se echa en falta alguna referencia a uno de los problemas cruciales en los debates sobre la hegemon\u00eda desde los par\u00e1metros del sentido com\u00fan: la cuesti\u00f3n de las violencias populares para tomar el poder incluso mediante elecciones democr\u00e1ticas, y tras la victoria electoral, el uso de las violencias defensivas para mantener los logros alcanzados. Si los EEUU no han destrozado Venezuela es porque su pueblo la defiende a muerte con una sabia interacci\u00f3n de violencias diversas, que son el alfa y el omega de lo que correctamente expone A. Fierro. El sentido com\u00fan de \u00e9poca no puede explicar la resistencia venezolana sin analizar el decisivo papel de sus violencias defensivas, las que fallaron en Chile, recientemente en Bolivia, etc.<\/p>\n\n\n\n<p>La gran mayor\u00eda de las interpretaciones de lo que Gramsci escribi\u00f3 sobre la hegemon\u00eda, evitan entrar al debate sobre c\u00f3mo y con qu\u00e9 la hegemon\u00eda de la \u00absociedad civil\u00bb ha de enfrentarse no s\u00f3lo a la hegemon\u00eda del capital sino a sus violencias. Aqu\u00ed tenemos que recordar lo dicho arriba por Engels sobre las dos fuerzas que act\u00faan en pol\u00edtica: la fuerza organizada del Estado, su ej\u00e9rcito, y la fuerza elemental, no organizada, del pueblo obrero. M\u00e1s a\u00fan, el Estado burgu\u00e9s, presionado por la crisis, mejora su organizaci\u00f3n represiva, la ampl\u00eda y le concede atribuciones civiles privadas para que act\u00fae con creciente impunidad: el negocio de la vigilancia, la represi\u00f3n<sup><a href=\"https:\/\/kaosenlared.net\/la-covid-19-el-sentido-comun-y-la-politica-iii-de-iii\/#sdfootnote45sym\">45<\/a><\/sup>&nbsp;y la guerra fortalece al capital y debilita al proletariado.<\/p>\n\n\n\n<p>En octubre de 2017 Catalunya sufri\u00f3 en sus carnes la represi\u00f3n de la fuerza organizada del Estado, no pudiendo defenderse porque su fuerza elemental, la popular, no estaba suficientemente organizada al carecer de Estado propio; peor a\u00fan, la polic\u00eda llamada \u00abauton\u00f3mica\u00bb bien pronto volvi\u00f3 a demostrar que es parte del Estado espa\u00f1ol. Andr\u00e9s Gil escribi\u00f3: \u00abLa lucha por la hegemon\u00eda gramsciana cede frente al ejercicio del \u00abpoder real\u00bb del Gobierno central\u00bb<sup><a href=\"https:\/\/kaosenlared.net\/la-covid-19-el-sentido-comun-y-la-politica-iii-de-iii\/#sdfootnote46sym\">46<\/a><\/sup>, haciendo referencia a la impunidad con la que el Gobierno del PP aplic\u00f3 el antidemocr\u00e1tico art\u00edculo 155 que suspende las autonom\u00edas, en este caso la catalana.<\/p>\n\n\n\n<p>El Estado espa\u00f1ol multiplic\u00f3 las presiones contra Catalunya. A la represi\u00f3n pol\u00edtica se le sumo la econ\u00f3mica abierta o solapada, as\u00ed como una campa\u00f1a de desprestigio de todo lo catal\u00e1n a veces cercana al racismo, lo que unido al boicoteo de su propia burgues\u00eda al proceso independentista, ha hecho que a finales de 2019 esta econom\u00eda haya crecido menos que la de Madrid<sup><a href=\"https:\/\/kaosenlared.net\/la-covid-19-el-sentido-comun-y-la-politica-iii-de-iii\/#sdfootnote47sym\">47<\/a><\/sup>. Hemos hablado sobre c\u00f3mo Marx y Engels hab\u00edan insistido en las cadenas inerciales, racistas incluso, que lastran la vida socioecon\u00f3mica, tradiciones reaccionarias que ahora se entienden como partes del sentido com\u00fan. Ya antes de aplicar el art\u00ba 155 contra Catalunya, el imperialismo espa\u00f1ol hab\u00eda activado este sistema de dominaci\u00f3n cuyas consecuencias las padece ahora el pueblo catal\u00e1n. Ahora, tres a\u00f1os despu\u00e9s, la estrategia represiva espa\u00f1ola ha demostrado su eficacia al desunir al bloque de la mediana y peque\u00f1a burgues\u00eda, al facilitar que el pragmatismo y el reformismo hist\u00f3rico de ERC adquieran m\u00e1s fuerza desanimando al independentismo radical.<\/p>\n\n\n\n<p>Pero la cultura burguesa guarda silencio sobre todo esto, esquiva, niega u oculta estos m\u00e9todos a los que ella recurre asiduamente. G. Novack nos ha avisado al comienzo de este texto que los intelectuales burgueses no precisan qu\u00e9 entienden por sentido com\u00fan. Esa vaguedad, esa vacuidad que tambi\u00e9n caracteriza a los llamados \u00absignificantes vac\u00edos\u00bb<sup><a href=\"https:\/\/kaosenlared.net\/la-covid-19-el-sentido-comun-y-la-politica-iii-de-iii\/#sdfootnote48sym\">48<\/a><\/sup>, permite cambiar, alterar, rellenar de ambig\u00fcedades y abstracciones el magma del sentido com\u00fan siempre que el poder lo necesite. J. Estefan\u00eda, uno de tantos conversos de la extrema izquierda en social-liberales, intenta hacernos tragar estas ruedas de molino:<\/p>\n\n\n\n<p>\u00abEs evidente que, ante la gravedad de la situaci\u00f3n, el sentido com\u00fan econ\u00f3mico de nuestra \u00e9poca ha cambiado. No deja de ser representativo uno de los \u00faltimos editoriales del Financial Times, una de las biblias period\u00edsticas del capitalismo de laissez faire, que resume ese nuevo sentido com\u00fan: 1) Para pedir sacrificios a la sociedad hay que ofrecerle a cambio un contrato social que beneficie a todos; 2) La crisis est\u00e1 dejando al descubierto sistemas sanitarios desguarnecidos y econ\u00f3micos fr\u00e1giles en pa\u00edses cuyos Gobiernos luchan contra bancarrotas masivas y aumentos desaforados del desempleo; 3) Deben abordarse reformas radicales y dar marcha atr\u00e1s a la pol\u00edtica de cuatro d\u00e9cadas; 4) Los Gobiernos habr\u00e1n de tener un papel m\u00e1s activo en la econom\u00eda y deber\u00e1n contemplarse servicios p\u00fablicos como inversiones y no como gastos; 5) Hay de buscar f\u00f3rmulas para que el mercado laboral no sea tan inseguro; 6) Redistribuir volver\u00e1 a estar en la agenda y habr\u00e1 que cuestionar los privilegios de que gozan los mayores y los ricos; 7) En este paquete deber\u00e1n figurar pol\u00edticas hasta ayer consideradas excentricidades como la renta b\u00e1sica universal y el impuesto al patrimonio.\u00bb<sup><a href=\"https:\/\/kaosenlared.net\/la-covid-19-el-sentido-comun-y-la-politica-iii-de-iii\/#sdfootnote49sym\">49<\/a><\/sup><\/p>\n\n\n\n<p>No parece que el sentido com\u00fan de nuestra \u00e9poca, que propugna una aparente vuelta al algo parecido al keynesianismo, est\u00e9 convenciendo a muchos burgueses, excepto a la redacci\u00f3n del Financial Times, al execonomista jefe del FMI que ahora recomienda evitar las \u00abcuras de austeridad\u00bb<sup><a href=\"https:\/\/kaosenlared.net\/la-covid-19-el-sentido-comun-y-la-politica-iii-de-iii\/#sdfootnote50sym\">50<\/a><\/sup>. En realidad s\u00f3lo un n\u00famero infinitesimal de magnates piden que se les aumenten los impuestos porque la caridad<sup><a href=\"https:\/\/kaosenlared.net\/la-covid-19-el-sentido-comun-y-la-politica-iii-de-iii\/#sdfootnote51sym\">51<\/a><\/sup>&nbsp;no basta para superar la crisis. Son una fracci\u00f3n enana dentro de la ya muy reducida nanoburgues\u00eda, por llamarla de alg\u00fan modo, seg\u00fan los m\u00e1s recientes estudios<sup><a href=\"https:\/\/kaosenlared.net\/la-covid-19-el-sentido-comun-y-la-politica-iii-de-iii\/#sdfootnote52sym\">52<\/a><\/sup>. En realidad, m\u00e1s de 500 organizaciones y acad\u00e9micos del mundo han suscrito un s\u00f3lido documento con el que quieren presionar al FMI para que no siga avanzando en su estrategia austericida<sup><a href=\"https:\/\/kaosenlared.net\/la-covid-19-el-sentido-comun-y-la-politica-iii-de-iii\/#sdfootnote53sym\">53<\/a><\/sup>: 76 de los 91 pr\u00e9stamos concedidos por el FMI a 81 pa\u00edses desde el inicio de la pandemia les imponen dur\u00edsimos recortes<sup><a href=\"https:\/\/kaosenlared.net\/la-covid-19-el-sentido-comun-y-la-politica-iii-de-iii\/#sdfootnote54sym\">54<\/a><\/sup>&nbsp;de los servicios p\u00fablicos y grandes concesiones al capital transnacional.<\/p>\n\n\n\n<p>Aun as\u00ed, la prensa busca generar esperanzas imposibles que afiancen la credulidad en las promesas del reformismo pragm\u00e1tico y posibilista que justifica su opci\u00f3n decidida por la \u00abnormalidad democr\u00e1tica\u00bb, sin intentar comprender por qu\u00e9 las crisis resurgen cada vez m\u00e1s frecuentemente, cada vez m\u00e1s integradas a nivel mundial y cada vez m\u00e1s destructoras comparadas con las anteriores. Una de esas esperanzas que adem\u00e1s tiene mucho que ver con el sentido com\u00fan en su forma actual, es la de las virtudes cuasi divinas de las nuevas tecnolog\u00edas<sup><a href=\"https:\/\/kaosenlared.net\/la-covid-19-el-sentido-comun-y-la-politica-iii-de-iii\/#sdfootnote55sym\">55<\/a><\/sup>, que nos garantizan un mundo feliz siempre que obedezcamos a la casta tecnocr\u00e1tica que extirpar\u00e1 lo \u00abmalo\u00bb del capitalismo dejando lo \u00abbueno\u00bb, como quien amputa la zona gangrenada de un cuerpo aparentemente sano. Tal ceguera tiene efectos desastrosos sobre la vida de las clases y naciones explotadas, como se comprueba en la represi\u00f3n desatada contra los pueblos paraguayo<sup><a href=\"https:\/\/kaosenlared.net\/la-covid-19-el-sentido-comun-y-la-politica-iii-de-iii\/#sdfootnote56sym\">56<\/a><\/sup>&nbsp;y uruguayo<sup><a href=\"https:\/\/kaosenlared.net\/la-covid-19-el-sentido-comun-y-la-politica-iii-de-iii\/#sdfootnote57sym\">57<\/a><\/sup>.<\/p>\n\n\n\n<p>M. Cuevas ha estudiado los efectos del pragmatismo en las derrotas y dificultades de los movimientos progresistas en Nuestram\u00e9rica, en las que ha tenido mucha responsabilidad esta corriente reformista:<\/p>\n\n\n\n<p>\u00abEl pragmatismo opera en realidad como un pseudosentido com\u00fan \u2013con la conveniencia como primer principio- &nbsp;gracias al influjo de los medios de comunicaci\u00f3n masiva, que en Am\u00e9rica Latina y el Caribe han tenido en los \u00faltimos tiempos una fuerte influencia del modo de pensar y de personajes estadounidenses o latinos radicados en Estados Unidos. En particular, ese pseudosentido opera con la creencia de que la riqueza la crean los ricos que la derraman y no el trabajo expoliado, por lo que quien trabaja \u2013con frecuencia precariamente, aunque las condiciones cambien con los derechos sociales progresistas- debe estar a la espera de la magnanimidad de los grandes negocios y de la inversi\u00f3n extranjera. Se trata aqu\u00ed de un pseudosentido com\u00fan resignado, sin duda por influencia religiosa, y al mismo tiempo listo para obtener la rebanada de un pastel ya hecho, algo que no puede ser cambiado.\u00bb<sup><a href=\"https:\/\/kaosenlared.net\/la-covid-19-el-sentido-comun-y-la-politica-iii-de-iii\/#sdfootnote58sym\">58<\/a><\/sup>.<\/p>\n\n\n\n<p>Menos de dos meses despu\u00e9s de publicarse estas palabras, Errekabarren Taldea presentaba una serie de cuatro art\u00edculos escritos a lo largo de 2018 sobre la pol\u00edtica pragm\u00e1tica. En la primera entrega se hace un balance de los resultados sociales del pragmatismo en los EEUU:<\/p>\n\n\n\n<p>\u00abLa cri\u00adsis de 2007 des\u00aden\u00adca\u00adde\u00adna otra dev\u00adastaci\u00f3n social, que se apli\u00adca gra\u00adcias, entre otras cosas, a las medi\u00addas repre\u00adsi\u00advas aprobadas a ra\u00edz del&nbsp;11-S-2001. La Admin\u00adis\u00adtraci\u00f3n Oba\u00adma, felic\u00adi\u00adta\u00adda prag\u00adm\u00e1ti\u00adca\u00admente por la izquier\u00adda abertza\u00adle de 2009, prometi\u00f3 el oro y el moro pero incumpli\u00f3 sus prome\u00adsas. Sobre la actu\u00adal Admin\u00adis\u00adtraci\u00f3n Trump, felic\u00adi\u00adta\u00adda por el reformis\u00admo abertza\u00adle en otro claro ejem\u00adp\u00adlo de prag\u00adma\u00adtismo, no merece la pena a\u00f1adir nada. Durante esta ter\u00adcera gran cri\u00adsis, la bur\u00adgues\u00eda yan\u00adqui ha apli\u00adca\u00addo todos los m\u00e9to\u00addos sal\u00adva\u00adjes que ha nece\u00adsi\u00adta\u00addo. Aho\u00adra, la \u00abdemoc\u00adra\u00adcia\u00bb de Rorty, Dewey y otros ide\u00f3l\u00ado\u00adgos reformis\u00adtas ocu\u00adpa el lugar 36 del mun\u00addo en abastec\u00adimien\u00adto de agua y saneamien\u00adto, tiene la tasa de encar\u00adce\u00adlamien\u00adto m\u00e1s alta del mun\u00addo, el 25% de la juven\u00adtud es pobre mien\u00adtras que en la&nbsp;OCDE&nbsp;el 14%, ocu\u00adpa el puesto 35 de desigual\u00addad y pobreza en una lista de 37 pa\u00eds\u00ades, el coe\u00adfi\u00adciente&nbsp;GINI&nbsp;sobre la desigual\u00addad demues\u00adtra que es el pa\u00eds m\u00e1s desigual de Occi\u00addente\u2026\u00bb<sup><a href=\"https:\/\/kaosenlared.net\/la-covid-19-el-sentido-comun-y-la-politica-iii-de-iii\/#sdfootnote59sym\">59<\/a><\/sup>.<\/p>\n\n\n\n<p>La soluci\u00f3n burguesa a la pandemia es esencialmente pragm\u00e1tica: sacrificar vidas obreras para mantener vivo al capital. No les importan otras consideraciones \u00e9ticas que no sean las del dinero, ni otros derechos humanos que no sean los abstractos en versi\u00f3n muy debilitada de los que expuso a finales del siglo XVIII T. Paine, compilador del sentido com\u00fan. Esta estrategia denominada \u00abinmunidad colectiva\u00bb o \u00abde reba\u00f1o\u00bb, asumida por el capital con el documento conocido como Declaraci\u00f3n de Great Barrington<sup><a href=\"https:\/\/kaosenlared.net\/la-covid-19-el-sentido-comun-y-la-politica-iii-de-iii\/#sdfootnote60sym\">60<\/a><\/sup>, es abrir la guerra contra la humanidad para que abandone toda esperanza de erradicaci\u00f3n de la Covid-19 y se resigne a \u00abconvivir con el virus\u00bb<sup><a href=\"https:\/\/kaosenlared.net\/la-covid-19-el-sentido-comun-y-la-politica-iii-de-iii\/#sdfootnote61sym\">61<\/a><\/sup>&nbsp;mal ayudada por una sanidad mercantilizada<sup><a href=\"https:\/\/kaosenlared.net\/la-covid-19-el-sentido-comun-y-la-politica-iii-de-iii\/#sdfootnote62sym\">62<\/a><\/sup>, verdadera cl\u00ednica veterinaria para mantener la productividad del reba\u00f1o humano.<\/p>\n\n\n\n<p>La inmunidad de reba\u00f1o es la alternativa burguesa a la crisis nueva que ha surgido por la conjunci\u00f3n de m\u00faltiples factores, entre los que destacan los seis expuestos arriba. Se trata de una guerra contra la humanidad trabajadora destinada a debilitarla, anular su conciencia de clase, imponerle el miedo, la indiferencia y el sentido com\u00fan, la obediencia y el colaboracionismo con las fuerzas del capital\u2026 Una guerra montada bajo la presi\u00f3n de muchos factores, subcrisis e influencias, que descubre su secreto al leer a Marx:<\/p>\n\n\n\n<p>\u00abEstas diversas influencias se hacen valer m\u00e1s bien simult\u00e1neamente dentro del espacio o m\u00e1s bien sucesivamente en el tiempo; el conflicto entre estos factores en pugna se abre paso peri\u00f3dicamente en forma de crisis. Las crisis son siempre soluciones violentas puramente moment\u00e1neas de las contradicciones existentes, erupciones violentas que restablecen pasajeramente el equilibrio roto\u00bb<sup><a href=\"https:\/\/kaosenlared.net\/la-covid-19-el-sentido-comun-y-la-politica-iii-de-iii\/#sdfootnote63sym\">63<\/a><\/sup>.<\/p>\n\n\n\n<p>Desarrollando esta l\u00f3gica y alg\u00fan tiempo antes de la pandemia, C. Vela afirmaba que:<\/p>\n\n\n\n<p>\u00abLa guerra, la destrucci\u00f3n masiva de seres humanos, de capital fijo e infraestructuras, etc., fue el recurso de la clase dominante frente a las crisis c\u00edclicas en la fase expansiva del capital; sin embargo, ante la crisis de la fase de la dominaci\u00f3n real y total del capital, la guerra adquiere una dimensi\u00f3n predominantemente intensiva, al yuxtaponer a las formas b\u00e9licas convencionales (guerras locales en la periferia capitalista), la ofensiva social en el propio centro capitalista. [\u2026] En este punto, la crisis deja de ser un asunto econ\u00f3mico, de ejercicio contable, para convertirse en una cuesti\u00f3n social. La eventual \u201cresoluci\u00f3n\u201d de la crisis depende exclusivamente de las relaciones de fuerzas entre capital (clase dominante) y trabajo (humanidad proletarizada)\u00bb<sup><a href=\"https:\/\/kaosenlared.net\/la-covid-19-el-sentido-comun-y-la-politica-iii-de-iii\/#sdfootnote64sym\">64<\/a><\/sup>.<\/p>\n\n\n\n<p>9.- DIAL\u00c9CTICA II:<\/p>\n\n\n\n<p>Saber c\u00f3mo evoluciona, por qu\u00e9 y hacia d\u00f3nde pueden ir las relaciones de fuerzas entre el capital y la humanidad proletarizada, necesidad vital que la Covid-19 lleva al extremo, exige entre otras cosas emplear un m\u00e9todo de pensamiento que integre la subjetividad en el n\u00facleo de las contradicciones objetivas, dicho m\u00e1s directamente, que sea capaz de medir la fuerza material de la conciencia revolucionaria a la vez que la fuerza reaccionaria de la alienaci\u00f3n, fuerza activa una vez movilizada en defensa de la injusticia. Calibrar correctamente las relaciones de fuerza no es s\u00f3lo un problema pol\u00edtico sino tambi\u00e9n cient\u00edfico, y viceversa. Hablando sobre la toma de partido y la l\u00f3gica, Zaira Rodr\u00edguez sostiene que:<\/p>\n\n\n\n<p>\u00abSi abordamos el estudio del conocimiento humano desde el punto de vista del papel que desempe\u00f1a en el funcionamiento y desarrollo de la sociedad, la ciencia deviene un valor. Bajo esta perspectiva, el saber y las ideas humanas pueden ser valoradas y encauzadas por los distintos grupos, clases e instituciones sociales como una fuerza al servicio del hombre y del progreso social, como una amenaza que socaba las bases del poder reaccionario y caduco, o como una tendencia destructiva y enajenante, capaz de poner en peligro todas las conquistas culturales y hasta la propia vida de la humanidad. Insistiendo sobre esta idea Lenin escribi\u00f3 en su obra&nbsp;<em>Marxismo y revisionismo<\/em>: \u201cUn conocido aforismo dice que si los axiomas geom\u00e9tricos chocasen con los intereses de los hombres, seguramente habr\u00eda quien los refutase. Las teor\u00edas de las ciencias naturales, que chocaban con los viejos perjuicios de la teolog\u00eda, provocaron y siguen provocando hoy d\u00eda la lucha m\u00e1s rabiosa\u2026\u201d\u00bb<sup><a href=\"https:\/\/kaosenlared.net\/la-covid-19-el-sentido-comun-y-la-politica-iii-de-iii\/#sdfootnote65sym\">65<\/a><\/sup>.<\/p>\n\n\n\n<p>Por su parte, J. M. P\u00e9rez Fern\u00e1ndez sostiene que:<\/p>\n\n\n\n<p>\u00abDebemos percatarnos del hecho de que casi toda la servidumbre humana se encuentra encerrada en la relaci\u00f3n enajenada del trabajador con la producci\u00f3n y que las dem\u00e1s relaciones serviles, de opresi\u00f3n, de humillaci\u00f3n, etc., son \u00fanicamente peque\u00f1as modificaciones de aquella o consecuencias directas de ella. Por otro lado, desde el momento que se sabe que la \u00fanica ciencia v\u00e1lida tiene que estar encaminada a la liberaci\u00f3n de todo el potencial humano, es en esta pr\u00e1ctica liberadora donde se encuentra la salud f\u00edsica e intelectual del hombre, donde las ideas abstractas, emociones, pasiones y sentimientos en general adquieren verdadera riqueza y contenido correcto, pues es en esa misma actividad liberadora donde el hombre se hace hombre luchando contra su servidumbre y alienaci\u00f3n\u00bb<sup><a href=\"https:\/\/kaosenlared.net\/la-covid-19-el-sentido-comun-y-la-politica-iii-de-iii\/#sdfootnote66sym\">66<\/a><\/sup>.<\/p>\n\n\n\n<p>Esta visi\u00f3n de la ciencia-cr\u00edtica como arma revolucionaria, tal cual la entend\u00eda Marx seg\u00fan nos record\u00f3 Engels en su entierro, nos da las pautas para saber qu\u00e9 es la tecnociencia capitalista y en concreto su industria sanitaria. Pero como hemos visto en la serie de art\u00edculos anteriores, la pandemia as\u00ed como el aumento del irracionalismo y la apolog\u00eda descarada de sentido com\u00fan, est\u00e1n multiplicando las presiones contra la ciencia-cr\u00edtica mediante, al menos, cuatro m\u00e9todos: El primero, la persecuci\u00f3n hist\u00f3rica del pensamiento libre desde la primera infancia. El segundo, la tarea de desprestigio del m\u00e9todo cient\u00edfico que realiza el negacionismo, la conspiranoia y la pseudociencia. El tercero, la presi\u00f3n en contra de la ciencia-cr\u00edtica que realiza el capitalismo; y el cuarto, la ideolog\u00eda tecnocr\u00e1tica que propone el poder de una elite o casta de sabios que es justo lo contrario que la horizontalidad democr\u00e1tica de la teor\u00eda marxista del conocimiento.<\/p>\n\n\n\n<p>Sobre el primero, K. Viner y N. Klein nos recuerdan que el sistema educativo dominante \u00abnos ense\u00f1a a no pensar\u00bb<sup><a href=\"https:\/\/kaosenlared.net\/la-covid-19-el-sentido-comun-y-la-politica-iii-de-iii\/#sdfootnote67sym\">67<\/a><\/sup>, a negar la interdependencia y la concatenaci\u00f3n universales, categor\u00edas dial\u00e9cticas b\u00e1sicas para la ciencia como vuelve a demostrarse con la Covid-19. Seg\u00fan avanzaba la propiedad privada, era reprimido el pensamiento cr\u00edtico, materialista, como hemos visto en el caso del movimiento&nbsp;<em>Lakayata&nbsp;<\/em>o&nbsp;<em>Charvaka&nbsp;<\/em>de la India de -600, por citar un ejemplo. Debemos hacernos esta pregunta sobre la suerte sufrida por la dial\u00e9ctica presocr\u00e1tica: \u00bfen qu\u00e9 medida la \u00abreacci\u00f3n aristocr\u00e1tica\u00bb<sup><a href=\"https:\/\/kaosenlared.net\/la-covid-19-el-sentido-comun-y-la-politica-iii-de-iii\/#sdfootnote68sym\">68<\/a><\/sup>&nbsp;simbolizada en Plat\u00f3n al servicio de las clases ricas, condicion\u00f3 desde el siglo \u2013IV el desarrollo de la categor\u00eda finitud\/infinitud que hab\u00eda comenzado a debatirse tres siglos antes, en el siglo \u2013VI con Her\u00e1clito, Zen\u00f3n, Leucipo, Dem\u00f3crito\u2026 hasta llegar a Hegel<sup><a href=\"https:\/\/kaosenlared.net\/la-covid-19-el-sentido-comun-y-la-politica-iii-de-iii\/#sdfootnote69sym\">69<\/a><\/sup>? La categor\u00eda finitud\/infinitud es clave en el conocimiento, por ejemplo para la \u00abcomplejidad computacional\u00bb por las dificultades de pensar \u00abel infinito a trav\u00e9s de lo finito\u00bb<sup><a href=\"https:\/\/kaosenlared.net\/la-covid-19-el-sentido-comun-y-la-politica-iii-de-iii\/#sdfootnote70sym\">70<\/a><\/sup>. Un problema cient\u00edfico, econ\u00f3mico y pol\u00edtico-militar: las inversiones de las grandes potencias para tomar ventaja militar en la computaci\u00f3n cu\u00e1ntica<sup><a href=\"https:\/\/kaosenlared.net\/la-covid-19-el-sentido-comun-y-la-politica-iii-de-iii\/#sdfootnote71sym\">71<\/a><\/sup>. Sus efectos sobre la libertad son innegables.<\/p>\n\n\n\n<p>Tambi\u00e9n debemos preguntarnos sobre los efectos de la persecuci\u00f3n cristiana de la cultura pagana heredera de los logros alejandrinos, como la destrucci\u00f3n del Serapeum en 391, que guardaba aun muchos restos de la biblioteca de Alejandr\u00eda, un a\u00f1o antes del Edicto de Teodosio: \u00abEs nuestra voluntad que todos los pueblos regidos por nuestra clemencia participen en la religi\u00f3n que el divino ap\u00f3stol Pedro transmiti\u00f3 a los romanos\u2026 Considerando locos y dementes a los otros, queremos que soporten la infamia que corresponde a los que profesan dogmas her\u00e9ticos y que sus concili\u00e1bulos no reciban el nombre de iglesias. Que ante todo esperen la venganza de Dios, y luego tambi\u00e9n los severos castigos que nuestra autoridad, iluminada por la sabidur\u00eda divina, considere tener que aplicarles\u00bb<sup><a href=\"https:\/\/kaosenlared.net\/la-covid-19-el-sentido-comun-y-la-politica-iii-de-iii\/#sdfootnote72sym\">72<\/a><\/sup>.<\/p>\n\n\n\n<p>No sorprende entonces que en 416 Hipatia, la matem\u00e1tica y astr\u00f3noma m\u00e1s preparada del momento, fuera torturada hasta la muerte y luego quemada. Tenemos el caso de Proclo (412-485) que ridiculizaba con argumentos el dogma de dios<sup><a href=\"https:\/\/kaosenlared.net\/la-covid-19-el-sentido-comun-y-la-politica-iii-de-iii\/#sdfootnote73sym\">73<\/a><\/sup>, fil\u00f3sofo con innegable influencia sobre Spinoza, Novalis, Hegel\u2026<sup><a href=\"https:\/\/kaosenlared.net\/la-covid-19-el-sentido-comun-y-la-politica-iii-de-iii\/#sdfootnote74sym\">74<\/a><\/sup>. Para entender semejante irracionalidad que vemos sintetizada en el lema de Tertuliano (160-220): \u00abCreo porque es absurdo\u00bb, no basta con la excusa cierta del fanatismo de la fe como fuerza material una vez que pudri\u00f3 las mentes, sino que sobre todo debemos partir de una realidad social, econ\u00f3mica y pol\u00edtica aplastante: en el siglo V el Obispo de Roma administraba la mayor econom\u00eda<sup><a href=\"https:\/\/kaosenlared.net\/la-covid-19-el-sentido-comun-y-la-politica-iii-de-iii\/#sdfootnote75sym\">75<\/a><\/sup>&nbsp;de Europa, lo que explica el exterminio de dos movimientos de reforma social: el donatismo<sup><a href=\"https:\/\/kaosenlared.net\/la-covid-19-el-sentido-comun-y-la-politica-iii-de-iii\/#sdfootnote76sym\">76<\/a><\/sup>&nbsp;y el pelagianismo.<\/p>\n\n\n\n<p>El cristianismo ha frenado y perseguido el pensamiento libre: cuando \u00e9ste comenz\u00f3 en la Europa medieval, el poder pol\u00edtico-religioso castr\u00f3 a P. Abelardo; meti\u00f3 a R. Bacon catorce a\u00f1os en la c\u00e1rcel; la Inquisici\u00f3n asesin\u00f3 a Siger de Brabante en una mazmorra. G. De Occam sufri\u00f3 persecuci\u00f3n papal; N. De Autrecourt fue quemado vivo\u2026; y fueron santificados reaccionarios como Agust\u00edn, Anselmo, Buenaventura, Alberto Magno, Tom\u00e1s de Aquino\u2026<sup><a href=\"https:\/\/kaosenlared.net\/la-covid-19-el-sentido-comun-y-la-politica-iii-de-iii\/#sdfootnote77sym\">77<\/a><\/sup>. \u00bfPodemos olvidarnos del terror p\u00e1nico que paraliz\u00f3 a la protociencia de 1600 al ver c\u00f3mo G. Bruno era quemado vivo? Galileo admiti\u00f3 sus \u00aberrores\u00bb al serle mostrados los instrumentos de tormento con los que iba a ser torturado. Muchos cient\u00edficos, librepensadores, fil\u00f3sofos\u2026 no publicaban sus obras mientras viv\u00edan, o lo hac\u00edan con pseud\u00f3nimo.<\/p>\n\n\n\n<p>Al comienzo de la tercera parte de su libro, en el cap\u00edtulo en el que el autor expone el proceso que va \u00abdel sentido com\u00fan a la buena ciencia\u00bb, H. Krivine nos informa sobre su triple objetivo: \u00ab1) Contribuir a hacer entrar la cultura cient\u00edfica en la cultura a secas (y a la inversa). 2) Mostrar c\u00f3mo y por qu\u00e9 los cient\u00edficos del Renacimiento, todos ellos buenos cristianos, se vieron compelidos a abandonar la lectura literalista de los textos sagrados. Y 3) Rehabilitar la noci\u00f3n considerada cient\u00edfica de&nbsp;<em>verdad cient\u00edfica<\/em>&nbsp;frente a la idea de que la ciencia solo ser\u00eda una opini\u00f3n socialmente construida\u00bb<sup><a href=\"https:\/\/kaosenlared.net\/la-covid-19-el-sentido-comun-y-la-politica-iii-de-iii\/#sdfootnote78sym\">78<\/a><\/sup>. Y m\u00e1s adelante dice: \u00abEl heliocentrismo o la teor\u00eda de la evoluci\u00f3n no han sido combatidos solamente en nombre del dogma, sino tambi\u00e9n en nombre del sentido com\u00fan, en su significado casi literal: aquello que los sentidos permiten comprender\u00bb<sup><a href=\"https:\/\/kaosenlared.net\/la-covid-19-el-sentido-comun-y-la-politica-iii-de-iii\/#sdfootnote79sym\">79<\/a><\/sup>. El concepto de \u00ab<em>verdad cient\u00edfica<\/em>\u00bb es clave frente al relativista postmodernos de mera \u00abopini\u00f3n socialmente construida\u00bb.<\/p>\n\n\n\n<p>Los \u00abbuenos cristianos\u00bb que estudiaban la naturaleza abandonaron la literalidad b\u00edblica porque dios era contradicho por la evoluci\u00f3n y el heliocentrismo, ante los que fracasaba tambi\u00e9n el sentido com\u00fan incapaz de avanzar m\u00e1s all\u00e1 del empirismo llegando a descubrir las leyes de la naturaleza. Fue un combate por la libertad que cost\u00f3 vidas y ahora se impone por la explotaci\u00f3n o la marginaci\u00f3n. J. Samaja nos ha mostrado que el m\u00e9todo de pensamiento dominante es una cuesti\u00f3n de Estado, quien, mediante una efectiva red de instituciones burocr\u00e1ticas impone el sistema educativo, y con acuerdos con poderes privados o paraestatales, lo adapta a la industria educativa. En la pr\u00e1ctica totalidad de esos medios, la dial\u00e9ctica materialista es objeto de ataque y desprestigio.<\/p>\n\n\n\n<p>La raz\u00f3n no es otra que: \u00abLa dial\u00e9ctica concibe la realidad de una manera distinta: lo expresamos con lo que llamamos la consigna central de la proclama fundamental de ella, a saber, que la verdad consiste en conocer la realidad \u201cno solamente como substancia sino tambi\u00e9n como sujeto\u201d. Esta propuesta encierra la esencia de la dial\u00e9ctica si es que \u2013como todo el mundo sabe\u2013 ella se resume en la&nbsp;<em>identidad de los contrarios<\/em>\u00bb<sup><a href=\"https:\/\/kaosenlared.net\/la-covid-19-el-sentido-comun-y-la-politica-iii-de-iii\/#sdfootnote80sym\">80<\/a><\/sup>. Para el sentido com\u00fan es inconcebible este fundamento de la verdad como sujeto que integra la identidad de los contrarios en su seno. Adem\u00e1s: \u00abla dial\u00e9ctica no es el m\u00e9todo de descubrir las contradicciones, sino el de encontrar en las determinaciones concretas su movimiento de traspaso a formas cada vez superiores\u00bb<sup><a href=\"https:\/\/kaosenlared.net\/la-covid-19-el-sentido-comun-y-la-politica-iii-de-iii\/#sdfootnote81sym\">81<\/a><\/sup>, es decir cada vez m\u00e1s agudas y tensas, cada vez m\u00e1s ricas en interacciones.<\/p>\n\n\n\n<p>La \u00abverdad como sujeto\u00bb es una fuerza consciente que act\u00faa con el doble criterio de que el mundo es cognoscible y transformable, y de que la realidad se pudre y empeora cuando la verdad es reprimida. Por esto, tiene un contenido pol\u00edtico innegable porque su avance o retroceso depende de las relaciones de fuerzas en la lucha pol\u00edtica, tambi\u00e9n por tanto en la suerte que pueda acompa\u00f1ar a la ciencia-cr\u00edtica seg\u00fan las decisiones al respecto del poder establecido. El ejemplo m\u00e1s elocuente en la actualidad es la denominada \u00abguerra de la vacuna\u00bb<sup><a href=\"https:\/\/kaosenlared.net\/la-covid-19-el-sentido-comun-y-la-politica-iii-de-iii\/#sdfootnote82sym\">82<\/a><\/sup>&nbsp;en la que intervienen un sinf\u00edn de factores interrelacionados que, en \u00faltimo an\u00e1lisis, nos conduce al choque a muerte entre el capitalismo y el socialismo.<\/p>\n\n\n\n<p>La \u00abverdad como sujeto\u00bb nos lleva a esta pregunta \u00bfc\u00f3mo de desarrollada estar\u00eda ahora mismo la ciencia y la cultura en general, la libertad humana, si no se hubiese perseguido con sa\u00f1a y sadismo durante siglos a las esclavas, campesinas, obreras, desempleadas, explotadas en el trabajo dom\u00e9stico o precarizado, migrantes, etc.? La lucha de las mujeres por su libertad siempre ha sido m\u00e1s fuerte de lo admitido por el patriarcado pero debemos esperar hasta mediados del siglo XIX para asistir a la irrupci\u00f3n de un movimiento de liberaci\u00f3n que asuma el ate\u00edsmo, la ciencia-cr\u00edtica, como una de sus bases irrenunciables, logro en el que destac\u00f3 Ernestine Rose (1810-1892), socialista, antiesclavista, maestra: \u00abuna atea femenina\u2026algo mil veces peor que una prostituta\u00bb<sup><a href=\"https:\/\/kaosenlared.net\/la-covid-19-el-sentido-comun-y-la-politica-iii-de-iii\/#sdfootnote83sym\">83<\/a><\/sup>, seg\u00fan la prensa yanqui en 1855.<\/p>\n\n\n\n<p>La pregunta es: \u00bfc\u00f3mo avanzar\u00e1 la libertad, la \u00abverdad como sujeto\u00bb, cuando sea dirigida por la mujer emancipada? No es una pregunta balad\u00ed. Desde Fourier (1772-1837) se ha sabido que la emancipaci\u00f3n humana se mide por la emancipaci\u00f3n de la mujer, pero el sistema patriaco-burgu\u00e9s est\u00e1 tan profundamente arraigado que su l\u00e9xico y lenguaje machista penetra en los algoritmos<sup><a href=\"https:\/\/kaosenlared.net\/la-covid-19-el-sentido-comun-y-la-politica-iii-de-iii\/#sdfootnote84sym\">84<\/a><\/sup>, mientras que el 85% de los \u00f3rganos de decisi\u00f3n de la lucha contra la pandemia<sup><a href=\"https:\/\/kaosenlared.net\/la-covid-19-el-sentido-comun-y-la-politica-iii-de-iii\/#sdfootnote85sym\">85<\/a><\/sup>&nbsp;est\u00e1n en manos de hombres. La supremac\u00eda masculina en la ciencia se sustenta, entre otras razones, en lo que Carolina Mart\u00ednez Pulido define como \u00abun puro artificio\u00bb<sup><a href=\"https:\/\/kaosenlared.net\/la-covid-19-el-sentido-comun-y-la-politica-iii-de-iii\/#sdfootnote86sym\">86<\/a><\/sup>: el mito de la superioridad del hombre.<\/p>\n\n\n\n<p>El segundo instrumento del poder contra la ciencia-cr\u00edtica est\u00e1 \u00edntimamente relacionado con la opresi\u00f3n de la mujer: los ataques del negacionismo contra la sanidad p\u00fablica<sup><a href=\"https:\/\/kaosenlared.net\/la-covid-19-el-sentido-comun-y-la-politica-iii-de-iii\/#sdfootnote87sym\">87<\/a><\/sup>&nbsp;asegurando que la Covid-19 es una farsa, son en primer lugar ataques a la mujer trabajadora que carga sobre ella la pr\u00e1ctica totalidad de los cuidados familiares que la sanidad p\u00fablica no atiende al haber sido privatizada. La mentira descarada o jesu\u00edtica es una baza del negacionismo como defensa pol\u00edtica de la ignorancia como base de la \u00ablibertad\u00bb<sup><a href=\"https:\/\/kaosenlared.net\/la-covid-19-el-sentido-comun-y-la-politica-iii-de-iii\/#sdfootnote88sym\">88<\/a><\/sup>. En contra de lo que se cree, la tecnociencia apenas se resiente por los ataques negacionistas y de la pseudociencia, porque la ideolog\u00eda tecnocr\u00e1tica est\u00e1s anclada en buena parte de la estructura ps\u00edquica alienada de masas. Por el contrario, es la ciencia-cr\u00edtica y la emancipaci\u00f3n humana la m\u00e1s da\u00f1ada por el oscurantismo. De hecho, una p\u00e1gina web relacionada con la polic\u00eda que convocan protestas negacionistas en defensa de la \u00ablibertad\u00bb<sup><a href=\"https:\/\/kaosenlared.net\/la-covid-19-el-sentido-comun-y-la-politica-iii-de-iii\/#sdfootnote89sym\">89<\/a><\/sup>&nbsp;tiene el nombre de \u00abSentido Com\u00fan\u00bb.<\/p>\n\n\n\n<p>La excusa de la \u00ablibertad\u00bb que ponen negacionistas y fascistas para manifestarse en muchas ciudades es la misma a la que recurren negacionistas, pseudociencias y sectas religiosas como las utilizadas por Bolsonaro para ampliar sus bases con la supuesta \u00ablucha contra la droga\u00bb<sup><a href=\"https:\/\/kaosenlared.net\/la-covid-19-el-sentido-comun-y-la-politica-iii-de-iii\/#sdfootnote90sym\">90<\/a><\/sup>; o a la que Trump ha sostenido econ\u00f3micamente a pesar de estar investigada por pederastia<sup><a href=\"https:\/\/kaosenlared.net\/la-covid-19-el-sentido-comun-y-la-politica-iii-de-iii\/#sdfootnote91sym\">91<\/a><\/sup>, apoyo expl\u00edcito coherente con el poder que tiene ese h\u00edbrido sionista-cristiano en los republicanos yanquis<sup><a href=\"https:\/\/kaosenlared.net\/la-covid-19-el-sentido-comun-y-la-politica-iii-de-iii\/#sdfootnote92sym\">92<\/a><\/sup>. La \u00ablibertad\u00bb abstracta e individualista es un anzuelo para gente furibunda, sin conciencia pol\u00edtica ni te\u00f3rica, manipulable por la derecha y por sectores del \u00abmundo de la noche\u00bb relacionados con el capitalismo m\u00e1s criminal. Esta \u00ablibertad\u00bb ancla en la ideolog\u00eda burguesa del sentido com\u00fan mercantil formado desde los siglos XVII-XVIII.<\/p>\n\n\n\n<p>Su dependencia del fetichismo de la mercanc\u00eda le hace extremadamente vulnerable a la demagogia autoritaria y fascista que promete un aumento del consumismo tranquilo y una recuperaci\u00f3n econ\u00f3mica intensa mediante la represi\u00f3n de las izquierdas, del sindicalismo, de la emigraci\u00f3n, mediante la expansi\u00f3n imperialista, etc., pol\u00edtica dirigida por un l\u00edder duro e implacable. Estas lecciones muestran la urgencia del debate sobre las formas actuales<sup><a href=\"https:\/\/kaosenlared.net\/la-covid-19-el-sentido-comun-y-la-politica-iii-de-iii\/#sdfootnote93sym\">93<\/a><\/sup>&nbsp;de fascismo, bonapartismo, cesarismo, etc., y de releer las premonitorias p\u00e1ginas de&nbsp;<em>El 18 Brumario\u2026<\/em>&nbsp;de Marx, en las que desgrana los grupos reaccionarios organizados por la burgues\u00eda francesa en la mitad del siglo XIX. La manipulaci\u00f3n de la Covid-19 impulsa a grupos similares a los Freikorps, Escuadras de Acci\u00f3n fascista, SA y SS, Escuadras Negras falangistas\u2026 o los neonazis<sup><a href=\"https:\/\/kaosenlared.net\/la-covid-19-el-sentido-comun-y-la-politica-iii-de-iii\/#sdfootnote94sym\">94<\/a><\/sup>&nbsp;de D. Trump.<\/p>\n\n\n\n<p>La libertad concreta, radical, colectiva y cr\u00edtica de la pol\u00edtica revolucionaria<sup><a href=\"https:\/\/kaosenlared.net\/la-covid-19-el-sentido-comun-y-la-politica-iii-de-iii\/#sdfootnote95sym\">95<\/a><\/sup>&nbsp;hace justo lo contrario: estudia, analiza, explica, conciencia, organiza y convoca actos con objetivos claros y comprensibles, necesarios, en defensa de los derechos aplastados por el capital, sobre todo los de la salud<sup><a href=\"https:\/\/kaosenlared.net\/la-covid-19-el-sentido-comun-y-la-politica-iii-de-iii\/#sdfootnote96sym\">96<\/a><\/sup>. La izquierda no puede permanecer en silencio, pasiva, como sucede en la actualidad. Nuria Alabao y Pastora Filigrana est\u00e1n en lo cierto cuando denuncian, adem\u00e1s de esa inacci\u00f3n<sup><a href=\"https:\/\/kaosenlared.net\/la-covid-19-el-sentido-comun-y-la-politica-iii-de-iii\/#sdfootnote97sym\">97<\/a><\/sup>, tambi\u00e9n la fuerte represi\u00f3n que golpea a la clase trabajadora, mientras una mezcla de fascismo, delincuencia y j\u00f3venes manipulados golpea cuando quiere. M.A. Conejos critica la \u00abpostura cabizbaja\u00bb de la izquierda, analiza la complejidad de estas revueltas y propone que:<\/p>\n\n\n\n<p>\u00ab Ante este panorama no sirve el reduccionismo ni la generalizaci\u00f3n. Sirve la pedagog\u00eda, la salida del t\u00fanel de obediencia y la movilizaci\u00f3n. La vuelta a esas calles que reclam\u00e1bamos como nuestras. Pero no desde una posici\u00f3n filonegacionista, si no desde la perspectiva de aquellas personas a las que nos est\u00e1n abocando al ciclo casa-trabajo-casa, eso si tienes un empleo, exigi\u00e9ndonos que no socialicemos y que no compartamos en nuestra parcela de vida m\u00e1s all\u00e1 del \u00e1mbito laboral. Ante eso cabe la movilizaci\u00f3n. Como cabe ante el estado policial impuesto con el toque de queda. Romper con el silencio para la lucha por lo com\u00fan. Por lo de todas. Como hicieran en Barcelona o Vallecas. Reclamando lo nuestro: la sanidad p\u00fablica, el obligado aumento del transporte p\u00fablico, el derecho a la vivienda, las libertades de movimiento y el propio derecho a la protesta. Tambi\u00e9n toca hacer pedagog\u00eda contra el negacionismo.\u00bb<sup><a href=\"https:\/\/kaosenlared.net\/la-covid-19-el-sentido-comun-y-la-politica-iii-de-iii\/#sdfootnote98sym\">98<\/a><\/sup><\/p>\n\n\n\n<p>Ense\u00f1ar con hechos lo inconciliable de la libertad con todo reaccionarismo, es la \u00fanica alternativa para que la derecha no acapare el malestar que ella misma agrava: \u00abNo somos negacionistas, todo lo contrario. [\u2026] Nuestro conocimiento de las concentraciones del fin de semana en lo que se refiere a Castilla nos indica que ha habido una presencia fundamentalmente de gente sin una adscripci\u00f3n ideol\u00f3gica clara pero en general, perteneciente a la juventud popular; esto es muy claro en lo referente a Madrid, Burgos y Logro\u00f1o. Obviamente hab\u00eda fascistas, algunos miembros de lo que habitualmente se denomina lumpen y tambi\u00e9n, por supuesto, polic\u00edas sin uniforme. [\u2026] Ser\u00eda completamente necio dejar ese espacio de lucha, que muy probablemente ir\u00e1 a m\u00e1s, a la extrema derecha. Eso s\u00ed es colaboracionismo pleno con el avance del fascismo. Al fascismo tambi\u00e9n hay que combatirlo en el terreno de las ideas, impidiendo que hegemonicen movimientos sociales que no responden m\u00e1s que a la precarizaci\u00f3n brutal y dram\u00e1tica de las condiciones de vida de la gente\u00bb<sup><a href=\"https:\/\/kaosenlared.net\/la-covid-19-el-sentido-comun-y-la-politica-iii-de-iii\/#sdfootnote99sym\">99<\/a><\/sup>.<\/p>\n\n\n\n<p>Por mucho que cierta prensa internacional responsabilice de la expansi\u00f3n de la Covib-19 en Europa<sup><a href=\"https:\/\/kaosenlared.net\/la-covid-19-el-sentido-comun-y-la-politica-iii-de-iii\/#sdfootnote100sym\">100<\/a><\/sup>, a la derecha dura de Madrid dirigida por una persona que probablemente tenga un r\u00e9cord mundial: cuatro mentiras en tres minutos<sup><a href=\"https:\/\/kaosenlared.net\/la-covid-19-el-sentido-comun-y-la-politica-iii-de-iii\/#sdfootnote101sym\">101<\/a><\/sup>, por mucho que as\u00ed sea, es la derecha dura madrile\u00f1a la que m\u00e1s r\u00e9ditos pol\u00edticos obtiene con sus provocaciones. Adem\u00e1s, aumenta su arraigo en los sectores m\u00e1s conservadores al \u00abinvertir\u00bb en sacerdotes<sup><a href=\"https:\/\/kaosenlared.net\/la-covid-19-el-sentido-comun-y-la-politica-iii-de-iii\/#sdfootnote102sym\">102<\/a><\/sup>&nbsp;para salvar \u00abalmas\u00bb y no en rastreadores para salvar vidas, porque las \u00abalmas\u00bb son una mercanc\u00eda inmaterial muy rentable que hace subir los beneficios \u00abcomo Dios manda\u00bb<sup><a href=\"https:\/\/kaosenlared.net\/la-covid-19-el-sentido-comun-y-la-politica-iii-de-iii\/#sdfootnote103sym\">103<\/a><\/sup>.<\/p>\n\n\n\n<p>Por otra parte, Elena Campos-S\u00e1nchez nos explica c\u00f3mo en un contexto social de desesperaci\u00f3n y debilidad se extiende el recurso a las pseudoterapias ya sea por ignorancia, indiferencia, irresponsabilidad\u2026, pero tambi\u00e9n por la permisividad institucional ante estas pr\u00e1cticas contrarias la salud; a pesar de las denuncias de colectivos y personas, y del reconocimiento expreso de su letalidad por la Presidenta de la Comisi\u00f3n Europea<sup><a href=\"https:\/\/kaosenlared.net\/la-covid-19-el-sentido-comun-y-la-politica-iii-de-iii\/#sdfootnote104sym\">104<\/a><\/sup>. Sobre las pseudociencias en concreto, 2.750 personas de 44 pa\u00edses han firmado un documento que empieza as\u00ed: \u00abSeamos claros: las pseudociencias matan. Y no solo eso, sino que son practicadas con impunidad gracias a las leyes europeas que las protegen\u00bb<sup><a href=\"https:\/\/kaosenlared.net\/la-covid-19-el-sentido-comun-y-la-politica-iii-de-iii\/#sdfootnote105sym\">105<\/a><\/sup>. No hace falta decir que esa tolerancia responde a los multimillonarios beneficios materiales e ideol\u00f3gicos, reaccionarios, que rinde este negocio del enga\u00f1o, de la mentira y del efecto-placebo.<\/p>\n\n\n\n<p>El tercer m\u00e9todo consiste en impedir la unidad entre la ciencia-cr\u00edtica y la decisiva participaci\u00f3n sociopol\u00edtica del pueblo trabajador en la direcci\u00f3n estrat\u00e9gica y t\u00e1ctica de las medidas necesarias. El indiferentismo del sentido com\u00fan refuerza la aceptaci\u00f3n pasiva de las ideolog\u00edas tecnocr\u00e1ticas que dicen basarse en la ignorancia de \u00ablos pol\u00edticos\u00bb e incapacidad de \u00abla pol\u00edtica\u00bb ante la crisis actual. \u00bfQui\u00e9n nos gu\u00eda y protege? Una casta tecnocr\u00e1tica<sup><a href=\"https:\/\/kaosenlared.net\/la-covid-19-el-sentido-comun-y-la-politica-iii-de-iii\/#sdfootnote106sym\">106<\/a><\/sup>. El fascismo reivindica sin tapujos el poder bruto, la tecnocracia lo reivindica sutilmente por la incapacidad de \u00ablos pol\u00edticos\u00bb para gobernar el mundo en crisis: vuelve la vieja utop\u00eda reaccionaria plat\u00f3nica tantas veces reactivada, que es una de las bases justificadoras del fascismo. Aseguran que asistimos a una tendencia hist\u00f3rica imparable en la que el voto desaparecer\u00e1 sustituido por las decisiones de los expertos, y que Mussolini ya hab\u00eda explicado que el fascismo es el pragmatismo<sup><a href=\"https:\/\/kaosenlared.net\/la-covid-19-el-sentido-comun-y-la-politica-iii-de-iii\/#sdfootnote107sym\">107<\/a><\/sup>&nbsp;llevado a su m\u00e1xima expresi\u00f3n.<\/p>\n\n\n\n<p>La ideolog\u00eda de las \u00e9lites de sabios y tecn\u00f3cratas que gu\u00edan al pueblo inculto es tan vieja como las religiones, y tiene en el mito cristiano del llamado \u00abBuen Pastor\u00bb una de sus primeras figuras. Las sucesivas formas en las que se ha ido plasmando el sentido com\u00fan desde antes de Her\u00e1clito son inseparables de magnetismo manipulador de estos mitos. La \u00fanica forma de superarlos es demostrar en la pr\u00e1ctica que tanto las \u00e9lites como el sentido com\u00fan que obedece sus mandatos, no resuelven ning\u00fan problema sino que los agravan todos y generalizan el \u00absentimiento de miedo y de insignificancia\u00bb<sup><a href=\"https:\/\/kaosenlared.net\/la-covid-19-el-sentido-comun-y-la-politica-iii-de-iii\/#sdfootnote108sym\">108<\/a><\/sup>&nbsp;caracter\u00edsticos de la mente fetichista.<\/p>\n\n\n\n<p>Incluso las \u00abteor\u00edas\u00bb que pueden legitimar a sectores tecnocr\u00e1ticos con un barniz de neutralidad cient\u00edfica en un mundo convulso, como la de los sistemas, tiene un contenido autoritario y de obediencia. Levins explica que su versi\u00f3n oficial refuerza el poder de las burocracias. Basta leer a N. Luhmann: de entrada afirma que la sociedad actual ya no es ni la de Marx, Weber, Durkheim y otros\u2026. por lo que conceptos claves como capitalismo, mercanc\u00eda, burgues\u00eda, fascismo, desempleo, empobrecimiento, etc., no aparecen en su vocabulario, mientras que el de \u00abdinero\u00bb es reducido a un \u00abmedio de comunicaci\u00f3n generalizado simb\u00f3licamente\u00bb<sup><a href=\"https:\/\/kaosenlared.net\/la-covid-19-el-sentido-comun-y-la-politica-iii-de-iii\/#sdfootnote109sym\">109<\/a><\/sup>. En otro texto, N. Luhmann define el poder no como la expresi\u00f3n material de la lucha de clases, sino que \u00abel poder es una modalizaci\u00f3n de los procesos comunicativos, porque combinan la expresi\u00f3n de la posibilidad con una atribuci\u00f3n de poder para el portador de poder. En esta funci\u00f3n, son partes del c\u00f3digo de poder\u00bb<sup><a href=\"https:\/\/kaosenlared.net\/la-covid-19-el-sentido-comun-y-la-politica-iii-de-iii\/#sdfootnote110sym\">110<\/a><\/sup>. La realidad desaparece y queda el s\u00edmbolo, el c\u00f3digo, en el que el sentido com\u00fan deambula a sus anchas.<\/p>\n\n\n\n<p>La advertencia de Levins es muy necesaria: \u00abSe debe hacer un esfuerzo especial para contrarrestar esta tendencia, para desmitificar el estudio de la complejidad y democratizar incluso la toma de decisiones complejas\u00bb<sup><a href=\"https:\/\/kaosenlared.net\/la-covid-19-el-sentido-comun-y-la-politica-iii-de-iii\/#sdfootnote111sym\">111<\/a><\/sup>. Levins no dice que las teor\u00edas de la complejidad y de sistemas sean falsas en s\u00ed mismas, sino que hay que desmitificar su uso como argumento de autoridad, interviniendo socialmente en las contradicciones que marcan la din\u00e1mica del sistema. Ahora esta advertencia<sup><a href=\"https:\/\/kaosenlared.net\/la-covid-19-el-sentido-comun-y-la-politica-iii-de-iii\/#sdfootnote112sym\">112<\/a><\/sup>&nbsp;se acepta en la toma de decisiones complejas pues, como ha demostrado Larissa Adler<sup><a href=\"https:\/\/kaosenlared.net\/la-covid-19-el-sentido-comun-y-la-politica-iii-de-iii\/#sdfootnote113sym\">113<\/a><\/sup>, la carencia de debates democr\u00e1ticos en la organizaci\u00f3n de la complejidad social creciente, facilita la corrupci\u00f3n en las sociedades, en EEUU, URSS-Rusia, Chile, Israel, M\u00e9xico, China\u2026<\/p>\n\n\n\n<p>Si de la versi\u00f3n oficial, acad\u00e9mica y pol\u00edticamente dominante, de la teor\u00eda de los sistemas pasamos a una visi\u00f3n m\u00e1s general del poder de la ideolog\u00eda tecnocr\u00e1tica en el aparato tecnocient\u00edfico capitalista, asumimos la cr\u00edtica realizada por M. Sacrist\u00e1n contra quienes defienden que sean los \u00abt\u00e9cnicos\u00bb quienes resuelvan los \u00abproblemas t\u00e9cnicos\u00bb porque \u00ablos problemas sobre la t\u00e9cnica no son t\u00e9cnicos sino pol\u00edticos, en el sentido general de la organizaci\u00f3n de la convivencia social\u00bb<sup><a href=\"https:\/\/kaosenlared.net\/la-covid-19-el-sentido-comun-y-la-politica-iii-de-iii\/#sdfootnote114sym\">114<\/a><\/sup>, ya que:<\/p>\n\n\n\n<p>\u00abLa denominada ciencia b\u00e1sica, tal vez ejemplo de ciencia contemplativa, puede llevar aplicaciones de enorme alcance tecnol\u00f3gico, industrial y militar. Detr\u00e1s del armamento nuclear, hay teor\u00edas f\u00edsicas tan fundamentales como mec\u00e1nica cu\u00e1ntica. Detr\u00e1s de los potenciales peligros de la biotecnolog\u00eda actual, se sit\u00faan investigaciones b\u00e1sicas como la de la estructura del ADN. Y as\u00ed sucesivamente [\u2026] la planificaci\u00f3n p\u00fablica de la investigaci\u00f3n tiene que definir sus centros de gravedad y sus prioridades, no al servicio de los grandes poderes econ\u00f3micos y sus deseos de maximizaci\u00f3n inmediata del beneficio, esto s\u00ed irrestrictos y seguramente incorregibles, sino en funci\u00f3n de las necesidades sociales b\u00e1sicas y en la perspectiva de reforzar aquellas investigaciones que contribuyan a configurar un futuro plenamente humano para nuestras sociedades\u00bb<sup><a href=\"https:\/\/kaosenlared.net\/la-covid-19-el-sentido-comun-y-la-politica-iii-de-iii\/#sdfootnote115sym\">115<\/a><\/sup>.<\/p>\n\n\n\n<p>El cuarto m\u00e9todo en realidad es la base que integra y da vida a los anteriores \u2013la represi\u00f3n del pensamiento libre, las formas de irracionalismo y la obediencia a la tecnocracia\u2013, que los dota de sentido y de objetivos concretos. Ampar\u00e1ndose en la Covid-19, se potencia al m\u00e1ximo el aparato tecnocient\u00edfico capitalista para acelerar la producci\u00f3n de vacunas como mercanc\u00edas sometidas a la ley del valor, de la rentabilidad m\u00e1xima en el menor tiempo posible con el apoyo irrestricto de los Estados: la CIA es la que reparte entre la industria sanitaria la ingente ayuda a fondo perdido dada por D. Trump seg\u00fan el programa Warm Speed<sup><a href=\"https:\/\/kaosenlared.net\/la-covid-19-el-sentido-comun-y-la-politica-iii-de-iii\/#sdfootnote116sym\">116<\/a><\/sup>, Operaci\u00f3n Velocidad Punta.<\/p>\n\n\n\n<p>Como es una de las m\u00e1s rentables ramas econ\u00f3micas, la competencia en la farmaindustria es muy dura, y cada empresa busca para ella el m\u00e1ximo de ayudas estatales en detrimento de las dem\u00e1s. La competencia es tanto m\u00e1s salvaje cuanta m\u00e1s ganancia est\u00e1 en juego, y las vacunas<sup><a href=\"https:\/\/kaosenlared.net\/la-covid-19-el-sentido-comun-y-la-politica-iii-de-iii\/#sdfootnote117sym\">117<\/a><\/sup>&nbsp;contra la pandemia aseguran beneficios gigantescos. Ahora bien, todas las empresas tienen el mismo inter\u00e9s esencial en destruir la sanidad p\u00fablica porque no es rentable, anula sus beneficios privados y demuestra que es posible y necesario avanzar a una salud socialista y comunista, lo que explica que, muy estrat\u00e9gicamente, la burgues\u00eda espa\u00f1ola aumente el desempleo<sup><a href=\"https:\/\/kaosenlared.net\/la-covid-19-el-sentido-comun-y-la-politica-iii-de-iii\/#sdfootnote118sym\">118<\/a><\/sup>&nbsp;de las y los m\u00e9dicos cuando m\u00e1s falta hacen: un aumento del 40% en el \u00faltimo a\u00f1o.<\/p>\n\n\n\n<p>Sin embargo, aunque estos cuatro ataques a la ciencia-cr\u00edtica tienen relativa efectividad, en realidad no pueden destruirla para siempre, no pueden erradicar la tendencia a su resurgimiento por la sencilla raz\u00f3n de que la realidad est\u00e1 cargada de contradicciones, de que la realidad no es simple en modo alguno sino que est\u00e1 en movimiento y evoluciona hacia crecientes grados de complejidad, lo que explica que \u00abLa ciencia es compleja\u00bb<sup><a href=\"https:\/\/kaosenlared.net\/la-covid-19-el-sentido-comun-y-la-politica-iii-de-iii\/#sdfootnote119sym\">119<\/a><\/sup>&nbsp;como oportunamente nos recuerda Lola Mor\u00f3n, y m\u00e1s especialmente la que trata de la psicolog\u00eda, tan relacionada con los efectos demoledores de la Covid-19. Arriba hemos visto c\u00f3mo la crisis de 2007 hab\u00eda terminado de sumir en la incertidumbre a la burgues\u00eda, cuyo sentido com\u00fan estall\u00f3 en pedazos ante la complejidad extrema de la situaci\u00f3n. Pero hay que decir que desde mucho antes se hab\u00edan adelantado diversas ciencias naturales en esa tarea de demolici\u00f3n.<\/p>\n\n\n\n<p>Ilya Prigogine comienza la presentaci\u00f3n de su libro sobre el final de las certidumbres nada menos que afirmando que el sentido com\u00fan, tal cual lo entiende K. Popper, sufre una \u00abtensi\u00f3n interior\u00bb entre, por un lado, el mecanicismo de causa-efecto que le es inherente y, por otro lado, la capacidad de elecci\u00f3n de la especie humana. Contin\u00faa diciendo que esa tensi\u00f3n facilita una visi\u00f3n determinista de la vida, tal como se aprecia en W. James. Surge as\u00ed un dilema de cuya resoluci\u00f3n depende nuestra libertad: \u00ab\u00bfEl futuro est\u00e1 dado o en perpetua construcci\u00f3n? \u00bfAcaso la creencia de nuestra libertad es una ilusi\u00f3n? \u00bfEs una verdad que nos separa del mundo? \u00bfEs nuestra manera de participar en la verdad del mundo? La cuesti\u00f3n del tiempo se sit\u00faa en la encrucijada del problema de la existencia y el conocimiento\u00bb<sup><a href=\"https:\/\/kaosenlared.net\/la-covid-19-el-sentido-comun-y-la-politica-iii-de-iii\/#sdfootnote120sym\">120<\/a><\/sup>.<\/p>\n\n\n\n<p>\u00bfPor qu\u00e9 Prigogine introduce directamente el tiempo y la libertad en los primeros 900 caracteres de su extenso escrito, cuando habla del sentido com\u00fan y del determinismo? Pensamos que lo hace porque los avances cient\u00edficos ya hab\u00edan destrozado el sentido com\u00fan y el determinismo tal como se entend\u00edan a finales del siglo XX. Prigogine lo expresa as\u00ed pocas p\u00e1ginas m\u00e1s adelante cuando, hablando de las relaciones entre democracia y ciencia, explica que: \u00abAsistimos a la emergencia de una ciencia que ya no se limita a situaciones simplificadas, idealizadas, m\u00e1s nos instala frente a la complejidad del mundo real, una ciencia que permite a la creatividad humana vivenciarse como la expresi\u00f3n singular de un rasgo fundamental com\u00fan en todos los niveles de la naturaleza\u00bb<sup><a href=\"https:\/\/kaosenlared.net\/la-covid-19-el-sentido-comun-y-la-politica-iii-de-iii\/#sdfootnote121sym\">121<\/a><\/sup>. Y m\u00e1s adelante: \u00abLa sumisi\u00f3n de la naturaleza a leyes deterministas acercaba as\u00ed el conocimiento humano al punto de vista divino intemporal [\u2026] En todos los niveles, en cosmogon\u00eda, geolog\u00eda, biolog\u00eda o en la sociedad, se afirma cada vez m\u00e1s el car\u00e1cter evolutivo de la sociedad\u00bb<sup><a href=\"https:\/\/kaosenlared.net\/la-covid-19-el-sentido-comun-y-la-politica-iii-de-iii\/#sdfootnote122sym\">122<\/a><\/sup>.<\/p>\n\n\n\n<p>La complejizaci\u00f3n de la realidad, su movimiento, la emergencia de lo nuevo, hacen saltar en pedazos el determinismo, la certidumbre y el sentido com\u00fan, sobre todo cuando el capital est\u00e1 decidido a imponer dur\u00edsimas condiciones de malvivencia. Prigogine emplea todo lo que le resta de libro para detallar c\u00f3mo las inestabilidades, las bifurcaciones, las transiciones de fase, etc., caracterizan el movimiento de la materia entendida en su devenir temporal y en su unicidad: \u00abLa historia de la materia est\u00e1 encastrada en la historia cosmol\u00f3gica, la historia de la vida en la de la materia. Y finalmente, nuestras propias vidas est\u00e1n sumergidas en la historia de la sociedad\u00bb<sup><a href=\"https:\/\/kaosenlared.net\/la-covid-19-el-sentido-comun-y-la-politica-iii-de-iii\/#sdfootnote123sym\">123<\/a><\/sup>.<\/p>\n\n\n\n<p>De este modo, el autor, que ya hab\u00eda citado muy poco antes a la \u00abconcepci\u00f3n \u201cdial\u00e9ctica\u201d de la naturaleza\u00bb, entra de lleno en la famosa \u00abtrilog\u00eda\u00bb de la dial\u00e9ctica de la naturaleza, la sociedad y el pensamiento, pero sin nombrarla. La importancia de esas ideas de Prigogine es innegable porque, sumadas a otras muchas que se est\u00e1n generando al calor del avance del pensamiento cient\u00edfico-cr\u00edtico sobre la unidad entre la naturaleza y la especie humana<sup><a href=\"https:\/\/kaosenlared.net\/la-covid-19-el-sentido-comun-y-la-politica-iii-de-iii\/#sdfootnote124sym\">124<\/a><\/sup>&nbsp;sustentada en el uso de herramientas<sup><a href=\"https:\/\/kaosenlared.net\/la-covid-19-el-sentido-comun-y-la-politica-iii-de-iii\/#sdfootnote125sym\">125<\/a><\/sup>&nbsp;y del fuego \u00abdomesticado\u00bb<sup><a href=\"https:\/\/kaosenlared.net\/la-covid-19-el-sentido-comun-y-la-politica-iii-de-iii\/#sdfootnote126sym\">126<\/a><\/sup>, han ayudado a desmantelar la c\u00f3moda pasividad conservadora del sentido com\u00fan. Las herramientas median entre la naturaleza y nuestra especie, son un nexo inserto en el metabolismo socionatural. Las herramientas y la praxis definen este metabolismo siempre dentro de las contradicciones sociales.<\/p>\n\n\n\n<p>Por tanto, lo primero que debemos hacer es adquirir un visi\u00f3n cr\u00edtica, o sea, verdadera, de los avances de las ciencias que desautorizan el sentido com\u00fan. Aunque sean muy reveladoras las sorpresas de G. Binnig: \u00abQu\u00e9 idea m\u00e1s curiosa la de que una constante no sea constante\u00bb<sup><a href=\"https:\/\/kaosenlared.net\/la-covid-19-el-sentido-comun-y-la-politica-iii-de-iii\/#sdfootnote127sym\">127<\/a><\/sup>; o el atrevimiento de D. R. Garc\u00eda al decir que la materia y la antimateria son una \u00abunidad de contrarios\u00bb<sup><a href=\"https:\/\/kaosenlared.net\/la-covid-19-el-sentido-comun-y-la-politica-iii-de-iii\/#sdfootnote128sym\">128<\/a><\/sup>, aunque sea as\u00ed, y lo es, debemos profundizar un poco m\u00e1s. Hemos visto que el texto de Lenin de 1908 \u2013<em>Materialismo y empiriocriticismo\u2013&nbsp;<\/em>ten\u00eda un potencial heur\u00edstico que se increment\u00f3 con sus&nbsp;<em>Cuadernos Filos\u00f3ficos<\/em>. Pero \u00bfqu\u00e9 es la heur\u00edstica? J. R. D\u00edaz Caballero ha publicado un imprescindible texto sobre la heur\u00edstica dial\u00e9ctica, sobre su potencial para organizar la creatividad del pensamiento superando los l\u00edmites y obst\u00e1culos que la frenan o impiden. La define como \u00abun proceder para estimular el pensamiento productivo creador\u00bb<sup><a href=\"https:\/\/kaosenlared.net\/la-covid-19-el-sentido-comun-y-la-politica-iii-de-iii\/#sdfootnote129sym\">129<\/a><\/sup>, y la sintetiza en seis principios:<\/p>\n\n\n\n<p>1) \u00abLas ideas revolucionarias son \u201cextravagantes\u201d, \u201cinsensatas\u201d, y no nacen de forma l\u00f3gicamente argumentada, sino que se fundamentan despu\u00e9s\u00bb. 2) \u00abIdeas extravagantes incitan el pensamiento a la producci\u00f3n nuevas ideas extravagantes\u00bb. 3) \u00abLa teor\u00eda dial\u00e9ctica materialista es susceptible de ser convertida en un conjunto abierto de procedimientos heur\u00edsticos para la estimulaci\u00f3n de la creatividad\u00bb. 4) \u00abLa raz\u00f3n de ser de la heur\u00edstica dial\u00e9ctica es provocar la aparici\u00f3n de ideas, enfoques, conceptos \u201cextravagantes\u201d, \u201cinsensatos\u201d que activen la creatividad en el curso de la reflexi\u00f3n\u00bb. 5) \u00abEn los conceptos que se toman como punto de partida para la b\u00fasqueda creativa en cualquier dominio de la vida social existe un contenido \u201cimpl\u00edcito\u201d, \u201cno revelado\u201d, \u201coculto\u201d, factible de ser \u201creconocido\u201d, \u201crevelado\u201d, \u201cconcientizado\u201d mediante procedimientos heur\u00edsticos dial\u00e9cticos. Y 6) \u00abLos procedimientos de la heur\u00edstica dial\u00e9ctica permiten desplegar la dial\u00e9ctica interna contenida en los conceptos, m\u00e9todos, problemas que analiza el hombre y enriquece con ello el nivel te\u00f3rico de la regi\u00f3n de an\u00e1lisis\u00bb<sup><a href=\"https:\/\/kaosenlared.net\/la-covid-19-el-sentido-comun-y-la-politica-iii-de-iii\/#sdfootnote130sym\">130<\/a><\/sup>.<\/p>\n\n\n\n<p>El mismo Lenin fue tildado de todo cuando public\u00f3 el \u00bf<em>Qu\u00e9 Hacer?<\/em>&nbsp;en 1902, en especial cuando sostuvo que \u00ab\u00a1Hay que so\u00f1ar!\u00bb, y en 1903 cuando denunci\u00f3 el perverso efecto paralizante de la sensatez, nada menos que en el espinoso problema de la opresi\u00f3n nacional. Tambi\u00e9n fue atacado incluso desde dentro del partido en 1905-06 cuando plante\u00f3 que hab\u00eda que \u00ababrir\u00bb el partido a las gentes explotadas; en 1908 cuando debati\u00f3 con la \u00abciencia\u00bb y la \u00abfilosof\u00eda\u00bb, como hemos visto; en 1912-13 cuando indic\u00f3 que se reiniciaba una oleada de luchas cortada de cuajo por el estallido de la IGM; en ese inicio de la guerra cuando plante\u00f3 que hab\u00eda que convertir la guerra interimperialista en guerra civil; en las&nbsp;<em>Tesis de Abril<\/em>&nbsp;de 1917; en la paz de Brets-Litovsk a comienzos de 1918; en sus primeras cr\u00edticas contra la corrupci\u00f3n dentro del bolchevismo en enero de 1919\u2026 y de aqu\u00ed en adelante sobre todo cuando pidi\u00f3 la destituci\u00f3n de Stalin.<\/p>\n\n\n\n<p>Lenin y su grupito, casi siempre empezaban en minor\u00eda porque sus propuestas eran extravagantes e insensatas. M\u00e1s de una vez sostuvo que prefer\u00eda dejar sus responsabilidades en la direcci\u00f3n y quedar en minor\u00eda en la base para, desde all\u00ed, defender sus ideas. En la tradici\u00f3n marxista esta postura es un principio b\u00e1sico explicado as\u00ed por Engels: \u00abHallarse por un momento en minor\u00eda con un programa correcto \u2013en tanto organizaci\u00f3n\u2013 es mejor que tener un gran n\u00famero de seguidores, que s\u00f3lo nominalmente pueden ser considerados como partidarios\u00bb<sup><a href=\"https:\/\/kaosenlared.net\/la-covid-19-el-sentido-comun-y-la-politica-iii-de-iii\/#sdfootnote131sym\">131<\/a><\/sup>. \u00bfPor qu\u00e9? Porque toda novedad provoca resistencia, rechazo activo o pasivo, y tanto m\u00e1s cuanto que eso nuevo rompe el tranquilo paradigma dominante. Los grupos que impulsan lo nuevo deben tener, por tanto, una conciencia profunda, te\u00f3rica y pol\u00edticamente formada y \u00e1gil para resistir las presiones y hasta los ataques de sus hasta ese momento \u00abcamaradas\u00bb.<\/p>\n\n\n\n<p>Ahora mismo tal vez estemos ante una posible marginaci\u00f3n intelectual por parte de los ortodoxos, para con qui\u00e9n se ha atrevido \u2013F. B\u00e1ez Baquet\u2013 a escribir: \u00ab \u00a1Se fastidi\u00f3 la isotrop\u00eda c\u00f3smica, para siempre! \u00a1Se acab\u00f3 esa \u00abtranquilidad\u00bb intelectual! [\u2026] El modelo de Lema\u00eetre, de beat\u00edfica concordancia entre el relato b\u00edblico de la Creaci\u00f3n, y la universal expansi\u00f3n c\u00f3smica, deducible de su interpretaci\u00f3n de las evidencias emp\u00edricas proporcionadas por los resultados de la observaci\u00f3n astron\u00f3mica, ha quedado resquebrajado, si no es que incluso ya roto para siempre.\u00bb<sup><a href=\"https:\/\/kaosenlared.net\/la-covid-19-el-sentido-comun-y-la-politica-iii-de-iii\/#sdfootnote132sym\">132<\/a><\/sup>. H. Krivine nos ha dicho c\u00f3mo y por qu\u00e9 los cient\u00edficos del Renacimiento, todos ellos buenos cristianos, se vieron compelidos a abandonar la lectura literalista de los textos sagrados. Desde hace tiempo ni siquiera la lectura figurada de los textos sagrados se sostiene. C. All\u00e8gre no se refiere expresamente al sentido com\u00fan, pero s\u00ed a su contenido en lo relacionado con los avances cient\u00edficos que han supuesto un verdadero cataclismo para las mentes lineales: El autor propone los siguientes puntos caracter\u00edsticos de la complejidad:<\/p>\n\n\n\n<p>\u00ab1) La muerte del reduccionismo estrecho (simplista, directo). 2) El orden no es importante m\u00e1s que en su relaci\u00f3n con el desorden. La simetr\u00eda s\u00f3lo tiene inter\u00e9s al romperse, pues el orden perfecto es est\u00e9ril. 3) M\u00e1s importante a\u00fan parecen las leyes de organizaci\u00f3n universales, las jerarqu\u00edas de escala. 4) La combinatoria genera la variedad, pero no obedece \u00fanicamente a las leyes del azar. 5) Detr\u00e1s de todo esto hay un gran cataclismo: el derrumbe de las reglas intuitivas, naturales, que los griegos nos hab\u00eda legado: la proporcionalidad entre la intensidad de las causas y la magnitud de los efectos. Estas relaciones, que los matem\u00e1ticos llaman lineales, parecen hoy en d\u00eda limitadas para comprender el mundo. Hay que aceptarlo, vivimos en un mundo no lineal. [\u2026] Estamos muy lejos del mundo determinista y de la ciencia \u201ctriunfalista\u201d del siglo XIX. Y sin embargo, ahora sabemos mucho m\u00e1s\u00bb<sup><a href=\"https:\/\/kaosenlared.net\/la-covid-19-el-sentido-comun-y-la-politica-iii-de-iii\/#sdfootnote133sym\">133<\/a><\/sup>.<\/p>\n\n\n\n<p>Leyendo esto, uno se acuerda de la brillante s\u00edntesis de la dial\u00e9ctica de Lenin realizada por D. Bensa\u00efd: \u00absaltos, saltos, saltos\u00bb<sup><a href=\"https:\/\/kaosenlared.net\/la-covid-19-el-sentido-comun-y-la-politica-iii-de-iii\/#sdfootnote134sym\">134<\/a><\/sup>, o esta otra de Raya Dunayevskaya que le defin\u00eda como \u00abdial\u00e9ctico&nbsp;<em>practicante<\/em>&nbsp;[\u2026] de la dial\u00e9ctica como transformaci\u00f3n en lo opuesto\u00bb<sup><a href=\"https:\/\/kaosenlared.net\/la-covid-19-el-sentido-comun-y-la-politica-iii-de-iii\/#sdfootnote135sym\">135<\/a><\/sup>. Cambios r\u00e1pidos, bruscos inclusos, de cualidad de una cosa en su opuesto que exigen una mente flexible para moverse en la complejidad de las contradicciones, prepar\u00e1ndose para su salto a lo nuevo, porque: \u00abLas propiedades del mundo y sus objetos son emergentes [\u2026] Las relaciones de determinaci\u00f3n se caracterizan por la emergencia del orden a partir del desorden, y la superposici\u00f3n del \u201ccaos\u201d y del \u201canti caos\u201d. En el conocimiento del orden del mundo son tanto m\u00e1s importantes los patrones que se configuran en el devenir de los sistemas, que las determinaciones r\u00edgidas. La predicci\u00f3n es posible, pero dentro de los marcos de la indeterminaci\u00f3n que el propio sistema porta al ser entidad no hecha, devenir\u00bb<sup><a href=\"https:\/\/kaosenlared.net\/la-covid-19-el-sentido-comun-y-la-politica-iii-de-iii\/#sdfootnote136sym\">136<\/a><\/sup>.<\/p>\n\n\n\n<p>O dicho en otras palabras: \u00abTal es precisamente el mensaje de la ciencia actual: el cambio y la evoluci\u00f3n existen por doquier en el universo, en todos los niveles\u00bb<sup><a href=\"https:\/\/kaosenlared.net\/la-covid-19-el-sentido-comun-y-la-politica-iii-de-iii\/#sdfootnote137sym\">137<\/a><\/sup>. Partiendo de este principio comprendemos que los m\u00e1s recientes avances cient\u00edfico-cr\u00edticos confirman que: \u00ab\u00bfNo es acaso esta \u201cactividad espont\u00e1nea\u201d de la materia una clara expresi\u00f3n del comportamiento dial\u00e9ctico de los procesos de la realidad descritos con las limitaciones del caso por los dial\u00e9cticos antiguos que fueron superadas primero por Hegel y luego por el materialismo dial\u00e9ctico\u00bb<sup><a href=\"https:\/\/kaosenlared.net\/la-covid-19-el-sentido-comun-y-la-politica-iii-de-iii\/#sdfootnote138sym\">138<\/a><\/sup>. Aqu\u00ed radica el antagonismo entre la libertad y la necesidad, por un lado, y el sentido com\u00fan por el contrario.<\/p>\n\n\n\n<p>\u00bfC\u00f3mo se resuelve este antagonismo en el caso de la Covid-19 que ha surgido gracias a la zoonosis, es decir la fusi\u00f3n entre la \u00abactividad espont\u00e1nea\u00bb de la materia, la evoluci\u00f3n gen\u00e9tica, y las presiones del capitalismo destruyendo los ecosistemas que imped\u00edan el salto de los pat\u00f3genos de una especie a otra? Antes de responder volvemos a decir que por zoonosis \u2014 concepto que fascinar\u00eda a Engels y a Marx\u2013 se entiende la infecci\u00f3n del animal humano con pat\u00f3genos que portan otros animales mediante un salto adaptativo de los segundos al primero. Gripe, rabia, peste bub\u00f3nica, c\u00f3lera, VIH, SARS, MERS\u2026 son algunas de las infecciones zoon\u00f3ticas que confirmar las leyes y contradicciones de la dial\u00e9ctica de la naturaleza.<\/p>\n\n\n\n<p>Tendiendo en esto en cuenta, y a partir de aqu\u00ed, la respuesta a la pregunta anterior surge de la misma dial\u00e9ctica: \u00abLa forma de entender un virus es aprender a crearlo\u00bb<sup><a href=\"https:\/\/kaosenlared.net\/la-covid-19-el-sentido-comun-y-la-politica-iii-de-iii\/#sdfootnote139sym\">139<\/a><\/sup>, frase esencialmente id\u00e9ntica a aquella de Engels de que el pudin se demuestra comi\u00e9ndolo. Ambas frases nos llevan al \u00abeterno\u00bb debate sobre la definici\u00f3n de lo existente: materialismo o idealismo, el secreto de la vida, de la materia; sobre la epistemolog\u00eda o m\u00e9todo de pensamiento: dial\u00e9ctica o metaf\u00edsica; y sobre la axiolog\u00eda, los valores \u00e9ticos insertos en la ciencia-cr\u00edtica.<\/p>\n\n\n\n<p>Si esta triple reflexi\u00f3n no estructura el debate sobre la Covid-19, no podremos entender en su profunda radicalidad cr\u00edtica, que va m\u00e1s all\u00e1 de lo estrictamente econ\u00f3mico, por qu\u00e9 nos encontramos ante un salto m\u00e1s en la larga cadena de desastres sanitarios ante sucesivas pandemias que tienen, en el fondo, la misma causa. Nos conviene leer esto:<\/p>\n\n\n\n<p>\u00abHist\u00f3ricamente, las plagas han ido acompa\u00f1ando a la industrializaci\u00f3n capitalista, a la vez que iban aplanando el camino para su implantaci\u00f3n. En la Inglaterra del siglo XVIII, el centro capitalista de la \u00e9poca, tuvieron lugar tres pandemias diferentes, de 1709 a 1720, de 1742 a 1760 y de 1768 a 1786. Su origen era el ganado importado del continente europeo. En Inglaterra, el ganado hab\u00eda comenzado a concentrarse de nuevas maneras, de forma que la enfermedad se propag\u00f3 entre la poblaci\u00f3n de forma mucho m\u00e1s agresiva que en el continente. De hecho, los brotes se centraran en las grandes vaquer\u00edas de Londres, que ofrec\u00edan entornos ideales para la intensificaci\u00f3n de los virus.\u00bb<sup><a href=\"https:\/\/kaosenlared.net\/la-covid-19-el-sentido-comun-y-la-politica-iii-de-iii\/#sdfootnote140sym\">140<\/a><\/sup>.<\/p>\n\n\n\n<p>Luego, conforme la industrializaci\u00f3n c\u00e1rnica fue extendi\u00e9ndose a otros pa\u00edses, y seg\u00fan la mundializaci\u00f3n de la ley del valor unida a la expansi\u00f3n colonialista e imperialista destrozaba las fronteras naturales que imped\u00edan el avance de los pat\u00f3genos a las zonas no afectadas, en esta medida aumentaban las pandemias. Tanto es as\u00ed que la propia OMS ha advertido que al acortarse la distancia entre especies se facilita la zoonosis y aumenta los virus<sup><a href=\"https:\/\/kaosenlared.net\/la-covid-19-el-sentido-comun-y-la-politica-iii-de-iii\/#sdfootnote141sym\">141<\/a><\/sup>&nbsp;capaces de infectar al animal humano. Las desnudas lecciones extra\u00eddas con mucho esfuerzo de estas tragedias ha confirmado que la industria c\u00e1rnica es el mayor riesgo de futuras pandemias<sup><a href=\"https:\/\/kaosenlared.net\/la-covid-19-el-sentido-comun-y-la-politica-iii-de-iii\/#sdfootnote142sym\">142<\/a><\/sup>&nbsp;sobre todo la aparici\u00f3n de las llamadas \u00absuperbacterias\u00bb<sup><a href=\"https:\/\/kaosenlared.net\/la-covid-19-el-sentido-comun-y-la-politica-iii-de-iii\/#sdfootnote143sym\">143<\/a><\/sup>&nbsp;con alta capacidad de resistencia a los antibi\u00f3ticos que la industria c\u00e1rnica emplea masivamente. Son tantas las evidencias de los peligros que se agolpan a las puertas de la sociedad burguesa que A. Kucharski ha planteado una reflexi\u00f3n vital: \u00bfqu\u00e9 vendr\u00e1 despu\u00e9s de la COVID-19 teniendo en cuenta que antes hemos sufrido el SARS y el MERS?<sup><a href=\"https:\/\/kaosenlared.net\/la-covid-19-el-sentido-comun-y-la-politica-iii-de-iii\/#sdfootnote144sym\">144<\/a><\/sup><\/p>\n\n\n\n<p>R. Campderrich Bravo, autor de un excelente texto sobre la zoonosis, hace una serie de propuestas destinadas a impedir en la medida de lo posible la aparici\u00f3n de otra pandemia. El autor tambi\u00e9n desarrolla cuestiones axiol\u00f3gicas y epistemol\u00f3gicas como basamento de sus propuestas: revalorizar la salud p\u00fablica; reforzar la solidaridad mundial con una pol\u00edtica progresista de salud; educar a la poblaci\u00f3n en una sanidad preventiva; invertir mucho m\u00e1s en investigaci\u00f3n cient\u00edfica; crear un sistema de prevenci\u00f3n precoz; producir vacunas suficientes y racionalizar su uso; y fomentar el tratamiento conjunto de la salud humana y la salud de otros animales. Y envolvi\u00e9ndolo todo, esta denuncia radical:<\/p>\n\n\n\n<p>\u00ab Para concluir, se advertir\u00e1 de una insuficiencia trascendental que se ha detectado en la bibliograf\u00eda consultada. Dadas la explicaci\u00f3n de c\u00f3mo funcionan las zoonosis y la constataci\u00f3n de que los casos de nuevas zoonosis se han incrementado notablemente en el \u00faltimo medio siglo, resulta extra\u00f1a la &nbsp;ausencia en ella de una reflexi\u00f3n de calado sobre la crisis ecol\u00f3gica, de la cual las actuales enfermedades zoon\u00f3ticas podr\u00edan considerarse en buena medida una manifestaci\u00f3n; la ausencia, en definitiva, de una reflexi\u00f3n sobre hasta qu\u00e9 punto el modelo de sociedad global capitalista en que vivimos deber\u00eda reformarse para evitar la amenaza de una sucesi\u00f3n interminable de pandemias zoon\u00f3ticas.\u00bb<sup><a href=\"https:\/\/kaosenlared.net\/la-covid-19-el-sentido-comun-y-la-politica-iii-de-iii\/#sdfootnote145sym\">145<\/a><\/sup>.<\/p>\n\n\n\n<p>No debe sorprendernos la ausencia de una reflexi\u00f3n de calado sobre la crisis ecol\u00f3gica en la casta intelectual porque, de hacerlo, chocar\u00eda con Marx, y eso le produce miedo por la p\u00e9rdida de sus privilegios. Pero tal reflexi\u00f3n es necesaria por dos razones fundamentales relacionadas: una, porque la Covid-19 ha llevado a su m\u00e1ximo antagonismo por ahora la contradicci\u00f3n entre el capital y la naturaleza, lo que aviva el debate sobre qu\u00e9 socialismo necesitamos, sobre la peligrosa inutilidad de fantas\u00edas reformistas como la de la versi\u00f3n mayoritaria del decrecimiento<sup><a href=\"https:\/\/kaosenlared.net\/la-covid-19-el-sentido-comun-y-la-politica-iii-de-iii\/#sdfootnote146sym\">146<\/a><\/sup>; y otra, porque tanto los debates sobre la pandemia, la crisis socioecol\u00f3gica y socioecon\u00f3mica, el ecosocialismo como fase en la reintegraci\u00f3n de la sociedad comunista en la naturaleza, etc., son imposibles sin la ciencia-cr\u00edtica, sin su armaz\u00f3n dial\u00e9ctico y materialista, tal como la zoonosis ha vuelto a confirmar.<\/p>\n\n\n\n<p>Pues bien, llegados a este punto tenemos que dar la raz\u00f3n a&nbsp;G. Foladori: \u00abLa ciencia moderna, por v\u00eda de la experimentaci\u00f3n en la f\u00edsica, en la qu\u00edmica, en la biolog\u00eda, y en campos interdisciplinarios, est\u00e1 descubriendo lo que la filosof\u00eda dial\u00e9ctica hab\u00eda anunciado hace cien a\u00f1os\u00bb<sup><a href=\"https:\/\/kaosenlared.net\/la-covid-19-el-sentido-comun-y-la-politica-iii-de-iii\/#sdfootnote147sym\">147<\/a><\/sup>. Este autor presenta siete concordancias profundas, por no llamarlas identidades, entre los descubrimientos de las ciencias actuales y lo expuesto por Engels en su obra&nbsp;<em>Dial\u00e9ctica de la naturaleza<\/em>:<\/p>\n\n\n\n<p>Foladori: \u00abLa naturaleza es irreversible y en permanente cambio, pero creando estructuras que resisten al cambio\u00bb. Engels: \u00abLas tendencias se presentan como resultado de m\u00faltiples fuerzas contratendenciales\u00bb<\/p>\n\n\n\n<p>Foladori: \u00abEn determinados momentos surge una&nbsp;<em>transici\u00f3n de fase<\/em>, una estructura nueva\u00bb; Engels: \u00abLos cambios cuantitativos se convierten en alteraciones cualitativas\u00bb.<\/p>\n\n\n\n<p>Foladori: \u00abLos sistemas adaptativos complejos cambian\u00bb. Engels: \u00abLa totalidad es un proceso hist\u00f3rico\u00bb.<\/p>\n\n\n\n<p>Foladori: \u00abLas leyes de la f\u00edsica deben explicar los sistemas adaptativos complejos (inclusive la conciencia y la sociedad)\u00bb. Engels: \u00abLa conciencia es un producto tard\u00edo del desarrollo de la materia. El ser social solo puede surgir del ser org\u00e1nico, y \u00e9ste del ser material inorg\u00e1nico\u00bb.<\/p>\n\n\n\n<p>Foladori: \u00abEl universo es rico en diversidades cualitativas y sorpresas potenciales. Los sistemas complejos presentan resultados imprevistos\u00bb. Engels: \u00abLa realidad siempre es m\u00e1s rica que la teor\u00eda. La interconexi\u00f3n de los elementos de la naturaleza genera resultados imprevistos\u00bb.<\/p>\n\n\n\n<p>Foladori: \u00abEl&nbsp;<em>atractor&nbsp;<\/em>es una regi\u00f3n del espacio de fases que ejerce una atracci\u00f3n \u201cmagn\u00e9tica\u201d sobre todo el sistema\u00bb. Engels: \u00abExiste una jerarqu\u00eda en las relaciones. Las relaciones sociales de producci\u00f3n determinan, en \u00faltima sustancia, al resto\u00bb.<\/p>\n\n\n\n<p>Foladori: \u00abLa previsibilidad es asint\u00f3tica, aunque el movimiento se da dentro de ciertos l\u00edmites\u00bb. Engels: \u00abEl conocimiento es asint\u00f3tico, las posibilidades de libertad est\u00e1n limitadas por las restricciones impuestas por la estructura material pasada\u00bb.<\/p>\n\n\n\n<p>Sin duda, Engels se basaba en esta concepci\u00f3n en la que el futuro est\u00e1 abierto dependiendo su devenir de las condiciones impuestas por el pasado pero tambi\u00e9n de c\u00f3mo incida en el presente la humanidad explotada.&nbsp;La dial\u00e9ctica le permiti\u00f3 a Engels arriesgarse a dar esta opini\u00f3n a todas luces extravagante e insensata en 1878 para el optimismo desarrollista del momento:&nbsp;\u00abLa sociedad corre hacia la ruina como una locomotora cuyo maquinista fuera demasiado d\u00e9bil para abrir la bloqueada v\u00e1lvula de escape\u00bb<sup><a href=\"https:\/\/kaosenlared.net\/la-covid-19-el-sentido-comun-y-la-politica-iii-de-iii\/#sdfootnote148sym\">148<\/a><\/sup>. Es una de tantas advertencias o \u00abprofec\u00edas\u00bb que el movimiento revolucionario ha ido haciendo, basadas en rigurosos estudios de las tendencias dadas.<\/p>\n\n\n\n<p>El criminal poder apocal\u00edptico desarrollado por la \u00abindustria de la matanza de hombres\u00bb<sup><a href=\"https:\/\/kaosenlared.net\/la-covid-19-el-sentido-comun-y-la-politica-iii-de-iii\/#sdfootnote149sym\">149<\/a><\/sup>&nbsp;con la tecnociencia imperialista eleva la \u00abprofec\u00eda\u00bb de Engels a una crisis de supervivencia que somete al sentido com\u00fan a tales presiones que, seg\u00fan act\u00fae la izquierda, pueden lograr que una parte avance hacia lo que Gramsci denominaba un poco enigm\u00e1ticamente \u00abbuen sentido com\u00fan\u00bb, antesala de la conciencia revolucionaria que transforma el arma de la cr\u00edtica en la cr\u00edtica de las armas.<\/p>\n\n\n\n<p>10.- RESUMEN:<\/p>\n\n\n\n<p>\u00bfC\u00f3mo hacer que se cuartee ese sentido com\u00fan que utiliza como reclamo la polic\u00eda m\u00e1s derechista, posibilitando que surja el \u00abbuen sentido com\u00fan\u00bb gramsciano como antesala de la conciencia revolucionaria? Hay que partir del hecho de que la Covid-19 ha puesto al sentido com\u00fan y al pragmatismo que le es inherente ante las dos disyuntivas que m\u00e1s le espantan: una, la cuesti\u00f3n del poder necesario para conquistar la libertad, que conlleva necesariamente otro miedo atroz para ellos, el de la organizaci\u00f3n revolucionaria; y otra, la cuesti\u00f3n del pensamiento libre y cr\u00edtico, necesario para esa libertad, que tambi\u00e9n conlleva otro miedo, el de la necesidad de la autocr\u00edtica que para desarrollar toda su efectividad necesita de una organizaci\u00f3n que la inserte en la teor\u00eda.<\/p>\n\n\n\n<p>Las diversas facciones de la burgues\u00eda espa\u00f1ola y auton\u00f3micas, presionan, por un lado, para que el sentido com\u00fan no caiga en la tentaci\u00f3n de analizar sus miedos y siga atado al sistema; y por otro, para atraerlo a sus intereses espec\u00edficos. Veamos c\u00f3mo ha evolucionado este proceso en ocho fases desde febrero de 2020 hasta ahora.<\/p>\n\n\n\n<p>1) el Gobierno y pr\u00e1cticamente la totalidad de partidos y medios de prensa, aseguraron que la pandemia no era grave, era como una gripe: no quer\u00edan generar dudas peligrosas en el sentido com\u00fan tal cual exist\u00eda entonces.<\/p>\n\n\n\n<p>2) impuso de sopet\u00f3n el primer confinamiento militarizando la vida social, para tranquilizar al sentido com\u00fan demostrando fuerza y decisi\u00f3n y paralizar las luchas al alza desde los \u00faltimos tiempos.<\/p>\n\n\n\n<p>3) la derecha y extrema derecha endurecen el ataque al Gobierno para lograr que sectores del sentido com\u00fan giren hacia el irracionalismo autoritario, contando con el apoyo religioso.<\/p>\n\n\n\n<p>4) ante la gravedad el Gobierno organiza los aplausos a los y las sanitarias, y concede unas pocas ayudas sociales porque empieza a notarse el malestar obrero y popular, para fortalecerse \u00e9l y debilitar la ofensiva de la derecha.<\/p>\n\n\n\n<p>5) presionado por todas partes, el Gobierno inicia el desconfinamiento pero VOX se envalentona para quitarle votos al PP y debilitar m\u00e1s al Gobierno, provocando la ruptura aparente de VOX con el PP y Cs. Parece que el Gobierno se recupera con esta ruptura aparente, dejando algunas responsabilidades menores a los gobiernillos auton\u00f3micos<\/p>\n\n\n\n<p>6) a la vez el Gobierno se endeuda a tope con el capital transnacional, preparando un ataque contra las clases y naciones oprimidas, mientras que aumenta la explotaci\u00f3n y el empobrecimiento. El Gobierno hace lo imposible para que el sentido com\u00fan siga a su lado y no preste o\u00eddos a la derecha y extrema derecha. La izquierda militante se organiza poco a poco.<\/p>\n\n\n\n<p>7) la segunda ola de contagios demuestra que el Gobierno sigue optando por la inmunidad de reba\u00f1o, maltusianismo salvaje, que descarga la muerte sobre el trabajo para que el capital viva; la extrema derecha intenta dirigir el malestar social invertebrado y en un principio parece lograrlo, pero la izquierda militante responde mientras que los reformismos y el poder claman no contra el fascismo sino contra la ira juvenil proletaria.<\/p>\n\n\n\n<p>8) crecen los rumores sobre medidas m\u00e1s restrictivas que afectan sobre todo a las clases y naciones explotadas, a la mujer trabajadora; el Gobierno dosifica la informaci\u00f3n y apoya al capital, la derecha se reorganiza para \u00abatraer al centro\u00bb y el fascismo planea nuevos ataques; la izquierda militante reafirma su antifascismo e intensifica sus esfuerzos concienciadores\u2026<\/p>\n\n\n\n<p>En las dos entregas anteriores de esta serie de tres, y en los textos sobre la Covid-19 y la cuesti\u00f3n del poder, de la sinraz\u00f3n, de la crisis capitalista y de la teor\u00eda marxista de la crisis, hemos visto la enmara\u00f1ada interacci\u00f3n entre lo irracional, la psicopol\u00edtica y el sentido com\u00fan, enmara\u00f1amiento inserto en la dial\u00e9ctica de las leyes y contradicciones del capitalismo. Los miedos at\u00e1vicos que reactiva la pandemia, adem\u00e1s del miedo social al empobrecimiento y la precarizaci\u00f3n absoluta, todo ello en un clima represivo, frenan mucho cuando no anulan la racionalidad del pensamiento, su potencial cr\u00edtico que retrocede ante lo oculto e intangible. Es ahora cuando se vuelve a demostrar el demoledor impacto que ha tenido en la lucha de clases tanto el determinismo economicista como el reformismo pragm\u00e1tico porque las dos grandes corrientes sociopol\u00edticas que sostienen al capitalismo, y que han ayudado a reprimir a la izquierda y a derrotar a la revoluci\u00f3n, tienen al sentido com\u00fan como el \u00fanico encuadre interpretativo de la realidad cotidiana.<\/p>\n\n\n\n<p>Desde la izquierda se ha insistido en que hay que romper esa c\u00e1rcel mediante el avance de la superficial constataci\u00f3n de las diferencias formales a la superaci\u00f3n revolucionaria de las contradicciones, pasando por el desbordamiento de las oposiciones, como se ha explicado arriba. Este proceso aparece de forma expl\u00edcita en la relaci\u00f3n entre Hegel, Lenin y Gramsci, por remitirnos a los autores que hemos estudiado en la segunda entrega, pero est\u00e1 presente con otros nombres en todo el marxismo: la doctrina de la Esencia, es decir, la praxis revolucionaria en el interior de las leyes y contradicciones del capitalismo, la unidad de la teor\u00eda del conocimiento y la teor\u00eda pol\u00edtica de la revoluci\u00f3n comunista. En la segunda entrega no hemos podido extendernos en la doctrina del Concepto, a la que tanta atenci\u00f3n prest\u00f3 Lenin y que tambi\u00e9n vertebra&nbsp;<em>El Capital<\/em>, pero tendremos que recordarla siquiera abstractamente en lo que ahora sigue.<\/p>\n\n\n\n<p>La dial\u00e9ctica de la naturaleza en concatenaci\u00f3n con las leyes y contradicciones del capital ha dado pie al surgimiento de algo nuevo en base al principio de emergencia o de salto cualitativo. La mayor\u00eda inmensa de la militancia, abandonada a la ignorancia por sus organizaciones, desconoce todo ello y fue desbordada ampliamente por el brusco salto cualitativo de la crisis. Atada a la l\u00f3gica formal de la diferencia, no supo ni pudo reaccionar a las restricciones de derechos y a la novedad de la pandemia, siendo incapaz en las primeras semanas de elaborar una alternativa y llevarla a la pr\u00e1ctica. Verdad es que sectores muy reducidos ya respondieron te\u00f3rica y pol\u00edticamente en la segunda mitad de marzo de 2020, pero la pesada inercia plomiza del sentido com\u00fan que infectaba a la militancia retras\u00f3 su respuesta en un contexto que exig\u00eda rapidez y radicalidad.<\/p>\n\n\n\n<p>El sentido com\u00fan cre\u00eda que s\u00f3lo hab\u00eda diferencias entre la Covid-19 y la gripe, pero la realidad le ha superado por todas partes. Se ha demostrado que la Covid-19 no es una gripe \u00abrara\u00bb, sino otra cosa mucho m\u00e1s destructora de la salud a medio plazo aunque no mate a la persona. Lo mismo sucede con el resto de cuestiones a las que el sentido com\u00fan ha de hacer frente: si s\u00f3lo son vulgares diferencias, no hace falta una inversi\u00f3n masiva en la sanidad p\u00fablica, en medidas preventivas, en crear comit\u00e9s obreros y populares que garanticen la esencia democr\u00e1tica de la lucha contra la pandemia en vez de la vigilancia militarizada y la represi\u00f3n policial, en exigir a la sanidad privada que se integre en la lucha colectiva contra la pandemia, en exigir a la industria sanitaria que abarate dr\u00e1sticamente los precios y que generalice las marcas blancas, en exigir al capital que asuma \u00e9l los costos que \u00e9l mismo ha precipitado con su irracionalidad\u2026<\/p>\n\n\n\n<p>Pero siempre hay un poco, un reservorio de experiencia acumulada gracias a la lucha de clases que puede ayudar a la militancia a tomar conciencia en poco tiempo, si existen grupos organizados que pongan a su disposici\u00f3n ese saber acumulado. Exist\u00edan esos colectivos y exist\u00eda una experiencia reciente de lucha: los datos indican que desde 2018 se reactivaba la lucha de clases. Fueron estas bases las que explican que se avanzase en la certidumbre de que la Covid-19 era algo m\u00e1s que una gripe \u00abrara\u00bb por su letalidad: se estaba pensando la transici\u00f3n entre diferencia y oposici\u00f3n, es decir, que la pandemia era esencialmente diferente a la gripe y que por eso era urgente saltar a medidas sanitarias con una base sociopol\u00edtica y econ\u00f3mica m\u00e1s radical que el sistema sanitario establecido ideado para el reciclaje de la fuerza de trabajo en beneficio del capitalismo. Se empez\u00f3 a exigir medidas radicales que cuestionaban este sistema porque la letalidad de la pandemia es cualitativamente m\u00e1s grave que la de la gripe.<\/p>\n\n\n\n<p>Como hemos visto en la segunda entrega, se produce la transici\u00f3n entre lo diferente y lo opuesto cuando se descubre la nueva esencia surgida en el movimiento del problema analizado: ya no sirven las viejas recetas, hay que plantear soluciones m\u00e1s extensas e intensas porque nos encontramos ante una realidad agravada. Hemos avanzado a reivindicaciones sociosanitarias y sociopol\u00edticas, que no solo sanitarias y menos desde la perspectiva burguesa. Tampoco son estrictamente pol\u00edticas en el sentido parlamentario, al gusto del reformismo pragm\u00e1tico, sino que plantean la consciente movilizaci\u00f3n obrera y popular como fuerza decisiva para asustar y amedrentar a la burgues\u00eda, paraliz\u00e1ndola pol\u00edticamente para que ceda en cuestiones en las que jam\u00e1s ceder\u00e1 voluntariamente. Rompemos la alambrada del parlamentarismo, de la l\u00f3gica formal y del sentido com\u00fan y nos adentramos en el campo de batalla de la lucha de clases con la prioridad t\u00e1ctica de vencer a la Covid-19, con la estrategia conducente de la salud burguesa a la salud socialista, y de aqu\u00ed a la salud comunista.<\/p>\n\n\n\n<p>La burgues\u00eda como unidad de clase por encima de sus diferencias regionales, auton\u00f3micas y estatales, comprendi\u00f3 pronto que el fantasma de la salud socialista ya ululaba en muchas de las primeras reivindicaciones planteadas por la izquierda militante a lo largo del mes de marzo de 2020, si no antes. Por esto, a lo largo de las ocho fases descritas arriba, las fuerzas burguesas han adaptado sus decisiones para responder tanto a las pugnas entre ellas como a los signos cada vez m\u00e1s claros de malestar social y de radicalizaci\u00f3n de sectores obreros y populares. Las diversas expresiones del sentido com\u00fan han sido orientadas para reprimir esa radicalizaci\u00f3n incipiente, derrot\u00e1ndola antes de que crezca y amansar con miedo y promesas el malestar social.<\/p>\n\n\n\n<p>Pero dado que esta segunda ola es terrible pero m\u00e1s suave que la tercera que llegar\u00e1, que los datos sobre la cat\u00e1strofe econ\u00f3mica se agolpan a diario, que tienden a endurecerse las exigencias del capital transnacional y de la UE para conceder los vitales pr\u00e9stamos al Estado, y que el fascismo se encabrita mirando al monte, en esta vor\u00e1gine la izquierda militante no tiene m\u00e1s remedio, si quiere crecer, que llegar a la ra\u00edz del problema. Debe pensar la transici\u00f3n, el avance desde la oposici\u00f3n al sistema sanitario y a la pol\u00edtica que lo ampara, a la lucha abierta por la salud socialista, es decir, movilizarse contra la estructura capitalista que est\u00e1 debajo de la salud burguesa.<\/p>\n\n\n\n<p>La liberaci\u00f3n del pensamiento cr\u00edtico de la c\u00e1rcel del sentido com\u00fan s\u00f3lo es definitiva cuando ese pensamiento ha penetrado en la contradicci\u00f3n que define la esencia del problema al que combate, mientras que quedarse en el plano de la oposici\u00f3n, aun siendo un paso importante solo permite descubrir la esencia. La naturaleza de clase del sistema sanitario se descubre cuando se avanza de la diferencia a la oposici\u00f3n, pero la pr\u00e1ctica y la estrategia para desarrollar la salud socialista solo se puede elaborar cuando se descubre la contradicci\u00f3n de la salud burguesa: su l\u00edmite es la vida del capital, no de la humanidad trabajadora que es vista como mula de carga que debe mantenerse activa mientras sea rentable como fuerza de trabajo, luego se le echa a la cuadra de la vejez, de la jubilaci\u00f3n empobrecida hasta que muera.<\/p>\n\n\n\n<p>Ver morir en el abandono m\u00e1s inhumano a miles de ancianas y ancianos en residencias baratas de la industria de la salud, mucha de ella de propiedad cristiana, y en hospitales pobremente acondicionados tras a\u00f1os de desmantelamiento en beneficio de la sanidad privada, esta visi\u00f3n que nos recuerda a los hospicios medievales, ha sacado a la luz una de las expresiones m\u00e1s bestiales de la contradicci\u00f3n que pudre internamente a la salud burguesa. Por si fuera necesaria alguna prueba definitiva, semejante espect\u00e1culo macabro y s\u00e1dico lo dice todo: salud humana y propiedad privada son antag\u00f3nicos.<\/p>\n\n\n\n<p>El sentido com\u00fan nunca podr\u00e1 llegar a este descubrimiento porque la propiedad privada constituye su cemento normativo y el fetichismo de la mercanc\u00eda su anclaje irracional y su opio ideol\u00f3gico. El \u00abbuen sentido com\u00fan\u00bb avanza un poco, tal vez hasta vislumbrar la oposici\u00f3n entre la muy rentable industria de la salud y un sistema p\u00fablico de salud entrampado en el keynesianismo y la socialdemocracia en sus variadas corrientes. Pero no puede dar el salto a la radical lucidez de la contradicci\u00f3n inconciliable entre la vida y el capital, esto s\u00f3lo se logra mediante la conciencia pol\u00edtica, te\u00f3rica y \u00e9tica comunista.<\/p>\n\n\n\n<p>I\u00d1AKI GIL DE SAN VICENTE<\/p>\n\n\n\n<p>EUSKAL HERRIA 5 de noviembre de 2020<\/p>\n\n\n\n<p><a href=\"https:\/\/kaosenlared.net\/la-covid-19-el-sentido-comun-y-la-politica-iii-de-iii\/#sdfootnote1anc\">1<\/a>&nbsp;Her\u00e1clito:&nbsp;<em>De Tales a Dem\u00f3crito. Fragmentos presocr\u00e1ticos<\/em>. Alianza Editorial. Madrid 1988. P. 134.<\/p>\n\n\n\n<p><a href=\"https:\/\/kaosenlared.net\/la-covid-19-el-sentido-comun-y-la-politica-iii-de-iii\/#sdfootnote2anc\">2<\/a>&nbsp;George Novack:&nbsp;<em>Introducci\u00f3n a la l\u00f3gica dial\u00e9ctica.&nbsp;<\/em>Editorial Pluma, Bogot\u00e1 1976, p. 32.<\/p>\n\n\n\n<p><a href=\"https:\/\/kaosenlared.net\/la-covid-19-el-sentido-comun-y-la-politica-iii-de-iii\/#sdfootnote3anc\">3<\/a>&nbsp;Herbert Marcuse:&nbsp;<em>Raz\u00f3n y revoluci\u00f3n.&nbsp;<\/em>Altaya, Barcelona 1994. Pp. 50-51.<\/p>\n\n\n\n<p><a href=\"https:\/\/kaosenlared.net\/la-covid-19-el-sentido-comun-y-la-politica-iii-de-iii\/#sdfootnote4anc\">4<\/a>&nbsp;Andrew Kliman:&nbsp;<em>Reivindicando El Capital de Marx. Una refutaci\u00f3n del mito de su incoherencia.&nbsp;<\/em>El Viejo Topo. Barcelona. 2020. P. 170.<\/p>\n\n\n\n<p><a href=\"https:\/\/kaosenlared.net\/la-covid-19-el-sentido-comun-y-la-politica-iii-de-iii\/#sdfootnote5anc\">5<\/a>&nbsp;R. M. Rodr\u00edguez Magda:&nbsp;<em>La sombra de Saturno. Hacia una teor\u00eda transmoderna.&nbsp;<\/em>Barcelona. Anthropos, 1988, p. 128. Citado por Francisco Erice:&nbsp;<em>En defensa de la raz\u00f3n.&nbsp;<\/em>Siglo XXI Madrid 2020 p, 64.<\/p>\n\n\n\n<p><a href=\"https:\/\/kaosenlared.net\/la-covid-19-el-sentido-comun-y-la-politica-iii-de-iii\/#sdfootnote6anc\">6<\/a>&nbsp;Theodor W. Adorno:&nbsp;<em>Dial\u00e9ctica Negativa.&nbsp;<\/em>Taurus. Madrid 1984, pp. 7-9.<\/p>\n\n\n\n<p><a href=\"https:\/\/kaosenlared.net\/la-covid-19-el-sentido-comun-y-la-politica-iii-de-iii\/#sdfootnote7anc\">7<\/a>&nbsp;Theodor W. Adorno:&nbsp;<em>Dial\u00e9ctica Negativa.&nbsp;<\/em>Taurus. Madrid 1984, p. 27.<\/p>\n\n\n\n<p><a href=\"https:\/\/kaosenlared.net\/la-covid-19-el-sentido-comun-y-la-politica-iii-de-iii\/#sdfootnote8anc\">8<\/a>&nbsp;Theodor W. Adorno:&nbsp;<em>Dial\u00e9ctica Negativa.&nbsp;<\/em>Taurus. Madrid 1984, pp. 230-231.<\/p>\n\n\n\n<p><a href=\"https:\/\/kaosenlared.net\/la-covid-19-el-sentido-comun-y-la-politica-iii-de-iii\/#sdfootnote9anc\">9<\/a>&nbsp;Theodor W. Adorno:&nbsp;<em>Dial\u00e9ctica Negativa.&nbsp;<\/em>Taurus. Madrid 1984, p. 383.<\/p>\n\n\n\n<p><a href=\"https:\/\/kaosenlared.net\/la-covid-19-el-sentido-comun-y-la-politica-iii-de-iii\/#sdfootnote10anc\">10<\/a>&nbsp;Miguel Mazzeo:&nbsp;<em>Theodor W. Adorno perdido en el 68.&nbsp;<\/em>14 de mayo de 2018&nbsp;<a href=\"https:\/\/contrahegemoniaweb.com.ar\/2018\/05\/14\/theodor-w-adorno-perdido-en-el-68-o-cuando-adorno-se-puso-la-gorra-breve-historia-de-un-desencuentro\/\">https:\/\/contrahegemoniaweb.com.ar\/2018\/05\/14\/theodor-w-adorno-perdido-en-el-68-o-cuando-adorno-se-puso-la-gorra-breve-historia-de-un-desencuentro\/<\/a><\/p>\n\n\n\n<p><a href=\"https:\/\/kaosenlared.net\/la-covid-19-el-sentido-comun-y-la-politica-iii-de-iii\/#sdfootnote11anc\">11<\/a>&nbsp;Francisco Erice:&nbsp;<em>En defensa de la raz\u00f3n.&nbsp;<\/em>Siglo XXI, Madrid 2020 pp. 35 y ss.<\/p>\n\n\n\n<p><a href=\"https:\/\/kaosenlared.net\/la-covid-19-el-sentido-comun-y-la-politica-iii-de-iii\/#sdfootnote12anc\">12<\/a>Ernest Mandel:&nbsp;<em>Tratado de econom\u00eda marxista<\/em>. ERA. M\u00e9xico1980. Tomo 3. P. 281.<\/p>\n\n\n\n<p><a href=\"https:\/\/kaosenlared.net\/la-covid-19-el-sentido-comun-y-la-politica-iii-de-iii\/#sdfootnote13anc\">13<\/a>&nbsp;E. V. Ili\u00e9nkov:&nbsp;<em>L\u00f3gica dial\u00e9ctica.&nbsp;<\/em>Progreso. Mosc\u00fa 1977, p. 408.<\/p>\n\n\n\n<p><a href=\"https:\/\/kaosenlared.net\/la-covid-19-el-sentido-comun-y-la-politica-iii-de-iii\/#sdfootnote14anc\">14<\/a>&nbsp;R. Rosdolsky:<em>&nbsp;G\u00e9nesis y estructura de El Capital de Marx.&nbsp;<\/em>Siglo XXI. M\u00e9xico 1978, p, 620.<\/p>\n\n\n\n<p><a href=\"https:\/\/kaosenlared.net\/la-covid-19-el-sentido-comun-y-la-politica-iii-de-iii\/#sdfootnote15anc\">15<\/a>&nbsp;Fran\u00e7ois Bedarida: \u00abLos cr\u00edticos del capitalismo industrial\u00bb&nbsp;<em>Historia General del Socialismo.&nbsp;<\/em>Destino. Barcelona 1976, Vol. 1, pp. 288-302.<\/p>\n\n\n\n<p><a href=\"https:\/\/kaosenlared.net\/la-covid-19-el-sentido-comun-y-la-politica-iii-de-iii\/#sdfootnote16anc\">16<\/a>&nbsp;Michael Roberts:&nbsp;<em>Trabajo y esfuerzo en la crisis del covid-19.&nbsp;<\/em>8 de octubre de 2020&nbsp;<a href=\"https:\/\/www.sinpermiso.info\/printpdf\/textos\/trabajo-y-esfuerzo-en-la-crisis-del-covid-19\">https:\/\/www.sinpermiso.info\/printpdf\/textos\/trabajo-y-esfuerzo-en-la-crisis-del-covid-19<\/a><\/p>\n\n\n\n<p><a href=\"https:\/\/kaosenlared.net\/la-covid-19-el-sentido-comun-y-la-politica-iii-de-iii\/#sdfootnote17anc\">17<\/a>&nbsp;Gorka R. P\u00e9rez:&nbsp;<em>Robots y humanos se repartir\u00e1n por igual los trabajos en 2025<\/em>. 22 de octubre de 2020&nbsp;<a href=\"https:\/\/elpais.com\/economia\/2020-10-21\/robots-y-humanos-se-repartiran-por-igual-los-trabajos-en-2025.html\">https:\/\/elpais.com\/economia\/2020-10-21\/robots-y-humanos-se-repartiran-por-igual-los-trabajos-en-2025.html<\/a><\/p>\n\n\n\n<p><a href=\"https:\/\/kaosenlared.net\/la-covid-19-el-sentido-comun-y-la-politica-iii-de-iii\/#sdfootnote18anc\">18<\/a>&nbsp;Lenin:&nbsp;<em>Cuadernos Filos\u00f3ficos.&nbsp;<\/em>Ayuso. Madrid 1974, p. 168.<\/p>\n\n\n\n<p><a href=\"https:\/\/kaosenlared.net\/la-covid-19-el-sentido-comun-y-la-politica-iii-de-iii\/#sdfootnote19anc\">19<\/a>&nbsp;R. Rosdolsky:&nbsp;<em>G\u00e9nesis y estructura de El Capital de Marx.&nbsp;<\/em>Siglo XXI, M\u00e9xico 1978, pp. 11-14,<\/p>\n\n\n\n<p><a href=\"https:\/\/kaosenlared.net\/la-covid-19-el-sentido-comun-y-la-politica-iii-de-iii\/#sdfootnote20anc\">20<\/a>&nbsp;Marx: \u00abCarta a Engels\u00bb del 10 de octubre de 1868<em>. Correspondencia<\/em>. Cartago. Argentina 1973. P. 209.<\/p>\n\n\n\n<p><a href=\"https:\/\/kaosenlared.net\/la-covid-19-el-sentido-comun-y-la-politica-iii-de-iii\/#sdfootnote21anc\">21<\/a>&nbsp;Daniel Denvir \/ David Harvey:&nbsp;<em>\u00bfPor qu\u00e9 \u201cEl Capital\u201d de Marx sigue siendo importante?<\/em>&nbsp;28 de diciembre de 20018 (<a href=\"https:\/\/www.lahaine.org\/mundo.php\/ipor-que-el-capital-de\">https:\/\/www.lahaine.org\/mundo.php\/ipor-que-el-capital-de<\/a>)<\/p>\n\n\n\n<p><a href=\"https:\/\/kaosenlared.net\/la-covid-19-el-sentido-comun-y-la-politica-iii-de-iii\/#sdfootnote22anc\">22<\/a>&nbsp;Alfonso Fern\u00e1ndez Bustos:&nbsp;<em>Rese\u00f1a de \u201cReivindicando El capital de Marx. Una refutaci\u00f3n del mito de su incoherencia\u201d de Andrew Kliman.<\/em>&nbsp;17 de agosto de 2020&nbsp;<a href=\"https:\/\/marxismocritico.com\/2020\/08\/17\/resena-de-reivindicando\/#more-131663\">https:\/\/marxismocritico.com\/2020\/08\/17\/resena-de-reivindicando\/#more-131663<\/a><\/p>\n\n\n\n<p><a href=\"https:\/\/kaosenlared.net\/la-covid-19-el-sentido-comun-y-la-politica-iii-de-iii\/#sdfootnote23anc\">23<\/a>&nbsp;E. V. Ili\u00e9nkov:&nbsp;<em>L\u00f3gica dial\u00e9ctica.&nbsp;<\/em>Progreso. Mosc\u00fa 1977, pp. 359-360.<\/p>\n\n\n\n<p><a href=\"https:\/\/kaosenlared.net\/la-covid-19-el-sentido-comun-y-la-politica-iii-de-iii\/#sdfootnote24anc\">24<\/a>&nbsp;Owen Jones:&nbsp;<em>El Establishment.&nbsp;<\/em>Seix Barral. Barcelona 2018, p. 371.<\/p>\n\n\n\n<p><a href=\"https:\/\/kaosenlared.net\/la-covid-19-el-sentido-comun-y-la-politica-iii-de-iii\/#sdfootnote25anc\">25<\/a>&nbsp;Fredric Jameson:&nbsp;<em>Representar El Capital.&nbsp;<\/em>FCE. M\u00e9xico, 2013, p. 160.<\/p>\n\n\n\n<p><a href=\"https:\/\/kaosenlared.net\/la-covid-19-el-sentido-comun-y-la-politica-iii-de-iii\/#sdfootnote26anc\">26<\/a>&nbsp;Jonathan Aldred:&nbsp;<em>Esta pandemia ha revelado la inutilidad de la econom\u00eda ortodoxa.&nbsp;<\/em>12 de julio de 2020&nbsp;<a href=\"https:\/\/www.sinpermiso.info\/textos\/esta-pandemia-ha-revelado-la-inutilidad-de-la-economia-ortodoxa\">https:\/\/www.sinpermiso.info\/textos\/esta-pandemia-ha-revelado-la-inutilidad-de-la-economia-ortodoxa<\/a><\/p>\n\n\n\n<p><a href=\"https:\/\/kaosenlared.net\/la-covid-19-el-sentido-comun-y-la-politica-iii-de-iii\/#sdfootnote27anc\">27<\/a>&nbsp;Michael Roberts:&nbsp;<em>COVID, inflaci\u00f3n y teor\u00eda del valor.&nbsp;<\/em>22 de agosto de 2020&nbsp;<a href=\"https:\/\/www.sinpermiso.info\/textos\/covid-inflacion-y-la-teoria-marxista-del-valor\">https:\/\/www.sinpermiso.info\/textos\/covid-inflacion-y-la-teoria-marxista-del-valor<\/a><\/p>\n\n\n\n<p><a href=\"https:\/\/kaosenlared.net\/la-covid-19-el-sentido-comun-y-la-politica-iii-de-iii\/#sdfootnote28anc\">28<\/a>&nbsp;Paula Bach:&nbsp;<em>Hay una debilidad cada vez m\u00e1s profunda en la econom\u00eda capitalista.&nbsp;<\/em>15 de julio de 2020&nbsp;<a href=\"http:\/\/www.izquierdadiario.es\/Paula-Bach-Hay-una-debilidad-cada-vez-mas-profunda-en-la-economia-capitalista\">http:\/\/www.izquierdadiario.es\/Paula-Bach-Hay-una-debilidad-cada-vez-mas-profunda-en-la-economia-capitalista<\/a><\/p>\n\n\n\n<p><a href=\"https:\/\/kaosenlared.net\/la-covid-19-el-sentido-comun-y-la-politica-iii-de-iii\/#sdfootnote29anc\">29<\/a>&nbsp;Michael Roberts:&nbsp;<em>Para acabar con la crisis del Covid-19, \u00bfvuelta a Keynes?&nbsp;<\/em>2 de octubre de 2020&nbsp;<a href=\"https:\/\/www.sinpermiso.info\/textos\/para-acabar-con-la-crisis-del-covid-19-vuelta-a-keynes\">https:\/\/www.sinpermiso.info\/textos\/para-acabar-con-la-crisis-del-covid-19-vuelta-a-keynes<\/a><\/p>\n\n\n\n<p><a href=\"https:\/\/kaosenlared.net\/la-covid-19-el-sentido-comun-y-la-politica-iii-de-iii\/#sdfootnote30anc\">30<\/a>&nbsp;A. Tena:&nbsp;<em>Entrevista a Antonio Turiel, autor del libro Petrocalipsis: El decrecimiento econ\u00f3mico es inevitable, tendremos que decidir si lo hacemos por las buenas o por las malas.&nbsp;<\/em>5 de octubre de 2020&nbsp;<a href=\"https:\/\/kaosenlared.net\/antonio-turiel-el-decrecimiento-economico-es-inevitable-tendremos-que-decidir-si-lo-hacemos-por-las-buenas-o-por-las-malas\/\">https:\/\/kaosenlared.net\/antonio-turiel-el-decrecimiento-economico-es-inevitable-tendremos-que-decidir-si-lo-hacemos-por-las-buenas-o-por-las-malas\/<\/a>&nbsp;V\u00e9ase tambi\u00e9n: Antonio Turiel:&nbsp;<em>\u00bfQu\u00e9 es el Peak Oil?&nbsp;<\/em>7 de octubre de 2020&nbsp;<a href=\"https:\/\/www.lahaine.org\/mm_ss_est_esp.php\/ique-es-el-peak-oil\">https:\/\/www.lahaine.org\/mm_ss_est_esp.php\/ique-es-el-peak-oil<\/a><\/p>\n\n\n\n<p><a href=\"https:\/\/kaosenlared.net\/la-covid-19-el-sentido-comun-y-la-politica-iii-de-iii\/#sdfootnote31anc\">31<\/a>&nbsp;Andreas Malm:&nbsp;<em>Para detener el cambio clim\u00e1tico necesitamos un leninismo ecol\u00f3gico.&nbsp;<\/em>22 de junio de 2020&nbsp;<a href=\"https:\/\/www.lahaine.org\/?s=Revista+Jacobin&amp;sentence=a_sentence&amp;disp=search\">https:\/\/www.lahaine.org\/?s=Revista+Jacobin&amp;sentence=a_sentence&amp;disp=search<\/a><\/p>\n\n\n\n<p><a href=\"https:\/\/kaosenlared.net\/la-covid-19-el-sentido-comun-y-la-politica-iii-de-iii\/#sdfootnote32anc\">32<\/a>&nbsp;Michael Roberts:&nbsp;<em>La cortina de humo (literal) del FMI.&nbsp;<\/em>25 de octubre de 2020&nbsp;<a href=\"https:\/\/www.sinpermiso.info\/textos\/la-cortina-de-humo-literal-del-fmi\">https:\/\/www.sinpermiso.info\/textos\/la-cortina-de-humo-literal-del-fmi<\/a><\/p>\n\n\n\n<p><a href=\"https:\/\/kaosenlared.net\/la-covid-19-el-sentido-comun-y-la-politica-iii-de-iii\/#sdfootnote33anc\">33<\/a>&nbsp;Ernest Mandel:&nbsp;<em>Introducci\u00f3n al marxismo.&nbsp;<\/em>Akal, Madrid 1977, pp. 58-62.<\/p>\n\n\n\n<p><a href=\"https:\/\/kaosenlared.net\/la-covid-19-el-sentido-comun-y-la-politica-iii-de-iii\/#sdfootnote34anc\">34<\/a>&nbsp;Marx:&nbsp;<em>El Capital.&nbsp;<\/em>FCE, M\u00e9xico, Libro I, 1973, pp. 517-606.<\/p>\n\n\n\n<p><a href=\"https:\/\/kaosenlared.net\/la-covid-19-el-sentido-comun-y-la-politica-iii-de-iii\/#sdfootnote35anc\">35<\/a>&nbsp;Marx:&nbsp;<em>El Capital.&nbsp;<\/em>FCE, M\u00e9xico, Libro III 1973, pp. 232-239.<\/p>\n\n\n\n<p><a href=\"https:\/\/kaosenlared.net\/la-covid-19-el-sentido-comun-y-la-politica-iii-de-iii\/#sdfootnote36anc\">36<\/a>&nbsp;MPR:&nbsp;<em>La econom\u00eda brit\u00e1nica padece su peor crisis econ\u00f3mica de los \u00faltimos 300 a\u00f1os.&nbsp;<\/em>15 de julio de 2020&nbsp;<a href=\"https:\/\/movimientopoliticoderesistencia.blogspot.com\/2020\/07\/la-economia-britanica-padece-su-peor.html\">https:\/\/movimientopoliticoderesistencia.blogspot.com\/2020\/07\/la-economia-britanica-padece-su-peor.html<\/a><\/p>\n\n\n\n<p><a href=\"https:\/\/kaosenlared.net\/la-covid-19-el-sentido-comun-y-la-politica-iii-de-iii\/#sdfootnote37anc\">37<\/a>&nbsp;Agencias:&nbsp;<em>El PIB de EEUU cae un 32,9% en el segundo trimestre por el Covid-19, el mayor descenso de su historia.&nbsp;<\/em>30 de julio de 2020&nbsp;<a href=\"https:\/\/www.europapress.es\/economia\/macroeconomia-00338\/noticia-pib-eeuu-cae-329-segundo-trimestre-covid-19-mayor-descenso-historia-20200730144738.html\">https:\/\/www.europapress.es\/economia\/macroeconomia-00338\/noticia-pib-eeuu-cae-329-segundo-trimestre-covid-19-mayor-descenso-historia-20200730144738.html<\/a><\/p>\n\n\n\n<p><a href=\"https:\/\/kaosenlared.net\/la-covid-19-el-sentido-comun-y-la-politica-iii-de-iii\/#sdfootnote38anc\">38<\/a>&nbsp;O. Ugarteche y J. Zabaleta:&nbsp;<em>C\u00f3mo va la pandemia en la econom\u00eda mundial: Primer semestre de 2020.&nbsp;<\/em>22 de agosto de 2020&nbsp;<a href=\"https:\/\/www.nuevatribuna.es\/articulo\/global\/como-va-pandemia-economia-mundial-primer-semestre-2020\/20200822192042178449.html\">https:\/\/www.nuevatribuna.es\/articulo\/global\/como-va-pandemia-economia-mundial-primer-semestre-2020\/20200822192042178449.html<\/a><\/p>\n\n\n\n<p><a href=\"https:\/\/kaosenlared.net\/la-covid-19-el-sentido-comun-y-la-politica-iii-de-iii\/#sdfootnote39anc\">39<\/a>&nbsp;Eduardo Cam\u00edn:&nbsp;<em>La ca\u00edda del comercio mundial y las dudas del capitalismo entre perspectivas y realidades.&nbsp;<\/em>29 de agosto de 2020&nbsp;<a href=\"https:\/\/rebelion.org\/la-caida-del-comercio-mundial-y-las-dudas-del-capitalismo-entre-perspectivas-y-realidades\/\">https:\/\/rebelion.org\/la-caida-del-comercio-mundial-y-las-dudas-del-capitalismo-entre-perspectivas-y-realidades\/<\/a><\/p>\n\n\n\n<p><a href=\"https:\/\/kaosenlared.net\/la-covid-19-el-sentido-comun-y-la-politica-iii-de-iii\/#sdfootnote40anc\">40<\/a>&nbsp;Higinio Polo:&nbsp;<em>Adictos a la deuda y al caos.&nbsp;<\/em>7 de octubre de 2020&nbsp;<a href=\"https:\/\/www.lahaine.org\/mundo.php\/adictos-a-la-deuda-y\">https:\/\/www.lahaine.org\/mundo.php\/adictos-a-la-deuda-y<\/a><\/p>\n\n\n\n<p><a href=\"https:\/\/kaosenlared.net\/la-covid-19-el-sentido-comun-y-la-politica-iii-de-iii\/#sdfootnote41anc\">41<\/a>&nbsp;Carmen Reinhart:&nbsp;<em>El Banco Mundial admite que ha empezado una econom\u00eda de guerra.&nbsp;<\/em>16 de octubre de 2020&nbsp;<a href=\"https:\/\/mpr21.info\/el-banco-mundial-admite-que-ha-empezado-una-economia-de-guerra\/\">https:\/\/mpr21.info\/el-banco-mundial-admite-que-ha-empezado-una-economia-de-guerra\/<\/a><\/p>\n\n\n\n<p><a href=\"https:\/\/kaosenlared.net\/la-covid-19-el-sentido-comun-y-la-politica-iii-de-iii\/#sdfootnote42anc\">42<\/a>&nbsp;Sputnik:&nbsp;<em>Estados Unidos proh\u00edbe a Kiev comprar la vacuna rusa contra la Covid-19.&nbsp;<\/em>21 de octubre de 2020&nbsp;<a href=\"https:\/\/insurgente.org\/ucrania-estados-unidos-prohibe-a-kiev-comprar-la-vacuna-rusa-contra-la-covid-19\/\">https:\/\/insurgente.org\/ucrania-estados-unidos-prohibe-a-kiev-comprar-la-vacuna-rusa-contra-la-covid-19\/<\/a><\/p>\n\n\n\n<p><a href=\"https:\/\/kaosenlared.net\/la-covid-19-el-sentido-comun-y-la-politica-iii-de-iii\/#sdfootnote43anc\">43<\/a>&nbsp;Gustavo Capdevilla:&nbsp;<em>La pobreza mundial, mucho m\u00e1s cruda de lo cre\u00eddo.&nbsp;<\/em>7 de julio de 2020&nbsp;<a href=\"https:\/\/www.ipsnoticias.net\/2020\/07\/la-pobreza-mundial-mucho-mas-cruda-lo-creido\/\">https:\/\/www.ipsnoticias.net\/2020\/07\/la-pobreza-mundial-mucho-mas-cruda-lo-creido\/<\/a><\/p>\n\n\n\n<p><a href=\"https:\/\/kaosenlared.net\/la-covid-19-el-sentido-comun-y-la-politica-iii-de-iii\/#sdfootnote44anc\">44<\/a>&nbsp;Alejandro Fierro:&nbsp;<em>Un nuevo sentido com\u00fan de \u00e9poca.&nbsp;<\/em>11 de febrero de 2016&nbsp;<a href=\"https:\/\/rebelion.org\/un-nuevo-sentido-comun-de-epoca\/\">https:\/\/rebelion.org\/un-nuevo-sentido-comun-de-epoca\/<\/a><\/p>\n\n\n\n<p><a href=\"https:\/\/kaosenlared.net\/la-covid-19-el-sentido-comun-y-la-politica-iii-de-iii\/#sdfootnote45anc\">45<\/a>&nbsp;Truthout:&nbsp;<em>La crisis conduce a la privatizaci\u00f3n de la polic\u00eda en m\u00e1s de 40 pa\u00edses capitalistas.&nbsp;<\/em>6 de septiembre de 2020&nbsp;<a href=\"https:\/\/mpr21.info\/la-crisis-conduce-la-privatizacion-de-la-policia-en-mas-de-40-paises-capitalistas\/\">https:\/\/mpr21.info\/la-crisis-conduce-la-privatizacion-de-la-policia-en-mas-de-40-paises-capitalistas\/<\/a><\/p>\n\n\n\n<p><a href=\"https:\/\/kaosenlared.net\/la-covid-19-el-sentido-comun-y-la-politica-iii-de-iii\/#sdfootnote46anc\">46<\/a>&nbsp;Andr\u00e9s Gil:&nbsp;<em>El 155 y el sentido com\u00fan de la \u00e9poca: Carl Smith va ganando a Antonio Gramsci.&nbsp;<\/em>21 de octubre de 2017.&nbsp;<a href=\"https:\/\/www.eldiario.es\/politica\/sentido-carl-schmitt-antonio-gramsci_1_3113331.html\">https:\/\/www.eldiario.es\/politica\/sentido-carl-schmitt-antonio-gramsci_1_3113331.html<\/a><\/p>\n\n\n\n<p><a href=\"https:\/\/kaosenlared.net\/la-covid-19-el-sentido-comun-y-la-politica-iii-de-iii\/#sdfootnote47anc\">47<\/a>&nbsp;Antonio Maqueda:&nbsp;<em>Madrid amplia la brecha de riqueza con Catalu\u00f1a justo antes de la pandemia.&nbsp;<\/em>27 de julio de 2020&nbsp;<a href=\"https:\/\/elpais.com\/economia\/2020-07-27\/madrid-amplia-la-brecha-de-riqueza-con-cataluna-justo-antes-de-la-pandemia.html\">https:\/\/elpais.com\/economia\/2020-07-27\/madrid-amplia-la-brecha-de-riqueza-con-cataluna-justo-antes-de-la-pandemia.html<\/a><\/p>\n\n\n\n<p><a href=\"https:\/\/kaosenlared.net\/la-covid-19-el-sentido-comun-y-la-politica-iii-de-iii\/#sdfootnote48anc\">48<\/a>&nbsp;J. Alem\u00e1n, E. Laclau:&nbsp;<em>\u00bfPor qu\u00e9 los significantes vac\u00edos son importantes para la pol\u00edtica?&nbsp;<\/em>22 de julio de 2003&nbsp;<a href=\"https:\/\/wapol.org\/fr\/las_escuelas\/TemplateArticulo.asp?intTipoPagina=4&amp;intEdicion=1&amp;intIdiomaPublicacion=5&amp;intArticulo=303&amp;intIdiomaArticulo=1&amp;intPublicacion=4\">https:\/\/wapol.org\/fr\/las_escuelas\/TemplateArticulo.asp?intTipoPagina=4&amp;intEdicion=1&amp;intIdiomaPublicacion=5&amp;intArticulo=303&amp;intIdiomaArticulo=1&amp;intPublicacion=4<\/a><\/p>\n\n\n\n<p><a href=\"https:\/\/kaosenlared.net\/la-covid-19-el-sentido-comun-y-la-politica-iii-de-iii\/#sdfootnote49anc\">49<\/a>&nbsp;Joaqu\u00edn Estefan\u00eda:&nbsp;<em>El \u2018sentido com\u00fan\u2019 de nuestra \u00e9poca.&nbsp;<\/em>12 de abril de 2020&nbsp;<a href=\"https:\/\/www.costadelsolfm.org\/2020\/04\/12\/joaquin-estefania-el-sentido-comun-de-nuestra-epoca\/\">https:\/\/www.costadelsolfm.org\/2020\/04\/12\/joaquin-estefania-el-sentido-comun-de-nuestra-epoca\/<\/a><\/p>\n\n\n\n<p><a href=\"https:\/\/kaosenlared.net\/la-covid-19-el-sentido-comun-y-la-politica-iii-de-iii\/#sdfootnote50anc\">50<\/a>&nbsp;Ignacio Fariza:&nbsp;<em>Maurice Obstfeld: \u201cSoy mucho m\u00e1s optimista sobre el futuro pospandemia de Europa que sobre el de EEUU.&nbsp;<\/em>30 de agosto de 2020&nbsp;<a href=\"https:\/\/elpais.com\/economia\/2020-08-29\/maurice-obstfeld-soy-mucho-mas-optimista-sobre-el-futuro-pospandemia-de-europa-que-sobre-el-de-ee-uu.html\">https:\/\/elpais.com\/economia\/2020-08-29\/maurice-obstfeld-soy-mucho-mas-optimista-sobre-el-futuro-pospandemia-de-europa-que-sobre-el-de-ee-uu.html<\/a><\/p>\n\n\n\n<p><a href=\"https:\/\/kaosenlared.net\/la-covid-19-el-sentido-comun-y-la-politica-iii-de-iii\/#sdfootnote51anc\">51<\/a>&nbsp;Agencias:&nbsp;<em>Un grupo de multimillonarios pide pagar m\u00e1s impuestos por el Covid-19.&nbsp;<\/em>14 de julio de 2020&nbsp;<a href=\"https:\/\/www.lavanguardia.com\/economia\/20200714\/482307625095\/multimillonarios-impuestos-covid.html\">https:\/\/www.lavanguardia.com\/economia\/20200714\/482307625095\/multimillonarios-impuestos-covid.html<\/a><\/p>\n\n\n\n<p><a href=\"https:\/\/kaosenlared.net\/la-covid-19-el-sentido-comun-y-la-politica-iii-de-iii\/#sdfootnote52anc\">52<\/a>&nbsp;Lola Gal\u00e1n:&nbsp;<em>El club de los ricos liderado por Jeff Bezos alza su poder.&nbsp;<\/em>23 de agosto de 2020&nbsp;<a href=\"https:\/\/elpais.com\/economia\/2020-08-22\/el-club-de-ricos-liderado-por-jeff-bezos-alza-su-poder.html\">https:\/\/elpais.com\/economia\/2020-08-22\/el-club-de-ricos-liderado-por-jeff-bezos-alza-su-poder.html<\/a><\/p>\n\n\n\n<p><a href=\"https:\/\/kaosenlared.net\/la-covid-19-el-sentido-comun-y-la-politica-iii-de-iii\/#sdfootnote53anc\">53<\/a>&nbsp;Isabel Ortiz y R. Jolly:&nbsp;<em>\u00bfEst\u00e1 el FMI empujando a los l\u00edderes financieros mundiales a caminar a ciegas hacia una mayor austeridad?&nbsp;<\/em>20 de octubre de 2020&nbsp;<a href=\"https:\/\/rebelion.org\/esta-el-fmi-empujando-a-los-lideres-financieros-mundiales-a-caminar-a-ciegas-hacia-una-mayor-austeridad\/\">https:\/\/rebelion.org\/esta-el-fmi-empujando-a-los-lideres-financieros-mundiales-a-caminar-a-ciegas-hacia-una-mayor-austeridad\/<\/a><\/p>\n\n\n\n<p><a href=\"https:\/\/kaosenlared.net\/la-covid-19-el-sentido-comun-y-la-politica-iii-de-iii\/#sdfootnote54anc\">54<\/a>&nbsp;Alan Macleod:&nbsp;<em>El FMI se aprovecha de la pandemia para allanar el camino de la privatizaci\u00f3n en 81 pa\u00edses.&nbsp;<\/em>25 de octubre de 2020&nbsp;<a href=\"https:\/\/www.elsaltodiario.com\/privatizaciones\/fmi-aprovecha-pandemia-allanar-camino-privatizacion-81-paises#:~:text=Privatizaciones-,El%20FMI%20se%20aprovecha%20de%20la%20pandemia%20para%20allanar%20el,la%\">https:\/\/www.elsaltodiario.com\/privatizaciones\/fmi-aprovecha-pandemia-allanar-camino-privatizacion-81-paises#:~:text=Privatizaciones-,El%20FMI%20se%20aprovecha%20de%20la%20pandemia%20para%20allanar%20el,la%<\/a><\/p>\n\n\n\n<p><a href=\"https:\/\/kaosenlared.net\/la-covid-19-el-sentido-comun-y-la-politica-iii-de-iii\/#sdfootnote55anc\">55<\/a>&nbsp;Estaban Mercatante:&nbsp;<em>Cr\u00edtica anticapitalista y fetichismo tecnol\u00f3gico.&nbsp;<\/em>6 de agosto de 2020&nbsp;<a href=\"http:\/\/www.izquierdadiario.es\/Critica-anticapitalista-y-fetichismo-tecnologico\">http:\/\/www.izquierdadiario.es\/Critica-anticapitalista-y-fetichismo-tecnologico<\/a><\/p>\n\n\n\n<p><a href=\"https:\/\/kaosenlared.net\/la-covid-19-el-sentido-comun-y-la-politica-iii-de-iii\/#sdfootnote56anc\">56<\/a>&nbsp;Adelante Noticias:&nbsp;<em>Secuestro y sentido com\u00fan.&nbsp;<\/em>24 de septiembre de 2020&nbsp;<a href=\"https:\/\/www.resumenlatinoamericano.org\/2020\/09\/23\/paraguay-secuestro-y-sentido-comun\/\">https:\/\/www.resumenlatinoamericano.org\/2020\/09\/23\/paraguay-secuestro-y-sentido-comun\/<\/a><\/p>\n\n\n\n<p><a href=\"https:\/\/kaosenlared.net\/la-covid-19-el-sentido-comun-y-la-politica-iii-de-iii\/#sdfootnote57anc\">57<\/a>&nbsp;Nicol\u00e1s Centuri\u00f3n:&nbsp;<em>Es el sentido com\u00fan, est\u00fapido: Derecha y shock econ\u00f3mico.&nbsp;<\/em>20 de septiembre de 2020&nbsp;<a href=\"https:\/\/kaosenlared.net\/uruguay-es-el-sentido-comun-estupido-derechas-y-shock-economico\/\">https:\/\/kaosenlared.net\/uruguay-es-el-sentido-comun-estupido-derechas-y-shock-economico\/<\/a><\/p>\n\n\n\n<p><a href=\"https:\/\/kaosenlared.net\/la-covid-19-el-sentido-comun-y-la-politica-iii-de-iii\/#sdfootnote58anc\">58<\/a>&nbsp;Marcos Cuevas:&nbsp;<em>El pragmatismo: un sentido com\u00fan de \u00e9poca en Am\u00e9rica Latina.&nbsp;<\/em>a\u00f1o 9, n\u00fam. 34, enero-marzo, 2018. ISSN: 2007-2309.&nbsp;<a href=\"http:\/\/pacarinadelsur.com\/home\/saberes-y-horizontes\/1593-el-pragmatismo-un-sentido-comun-de-epoca-en-america-latina\">http:\/\/pacarinadelsur.com\/home\/saberes-y-horizontes\/1593-el-pragmatismo-un-sentido-comun-de-epoca-en-america-latina<\/a><\/p>\n\n\n\n<p><a href=\"https:\/\/kaosenlared.net\/la-covid-19-el-sentido-comun-y-la-politica-iii-de-iii\/#sdfootnote59anc\">59<\/a>&nbsp;Errekabarren Taldea:&nbsp;<em>Creando la izquierda abertzale (I de IV)&nbsp;<\/em>4 de mayo de 2020&nbsp;<a href=\"https:\/\/www.boltxe.eus\/2018\/05\/04\/creando-la-izquierda-abertzale-i-de-iv\/\">https:\/\/www.boltxe.eus\/2018\/05\/04\/creando-la-izquierda-abertzale-i-de-iv\/<\/a><\/p>\n\n\n\n<p><a href=\"https:\/\/kaosenlared.net\/la-covid-19-el-sentido-comun-y-la-politica-iii-de-iii\/#sdfootnote60anc\">60<\/a>&nbsp;Benjamin Mateus:&nbsp;<em>La Declaraci\u00f3n de Great Barrington: la pol\u00edtica global del capitalismo de inmunidad colectiva.&nbsp;<\/em>15 de octubre de 2020&nbsp;<a href=\"https:\/\/www.wsws.org\/es\/articles\/2020\/10\/15\/barr-o15.html\">https:\/\/www.wsws.org\/es\/articles\/2020\/10\/15\/barr-o15.html<\/a>&nbsp;y Andr\u00e9 Damon:&nbsp;<em>La Declaraci\u00f3n de Great Barrington: un manifiesto de muerte.&nbsp;<\/em>16 de octubre de 2020&nbsp;<a href=\"https:\/\/www.wsws.org\/es\/articles\/2020\/10\/17\/pers-o17.html\">https:\/\/www.wsws.org\/es\/articles\/2020\/10\/17\/pers-o17.html<\/a><\/p>\n\n\n\n<p><a href=\"https:\/\/kaosenlared.net\/la-covid-19-el-sentido-comun-y-la-politica-iii-de-iii\/#sdfootnote61anc\">61<\/a>&nbsp;Fran\u00e7ois Chesnais:&nbsp;<em>La originalidad absoluta de la crisis sanitaria y econ\u00f3mica mundial.&nbsp;<\/em>23 de octubre de 2020&nbsp;<a href=\"https:\/\/vientosur.info\/la-originalidad-absoluta-de-la-crisis-sanitaria-y-economica-mundial\/\">https:\/\/vientosur.info\/la-originalidad-absoluta-de-la-crisis-sanitaria-y-economica-mundial\/<\/a><\/p>\n\n\n\n<p><a href=\"https:\/\/kaosenlared.net\/la-covid-19-el-sentido-comun-y-la-politica-iii-de-iii\/#sdfootnote62anc\">62<\/a>&nbsp;Andr\u00e9s Lund Medina:&nbsp;<em>Ciencia y pr\u00e1cticas m\u00e9dicas enajenadas por el capitalismo.&nbsp;<\/em>24 de octubre de 2020&nbsp;<a href=\"https:\/\/rebelion.org\/ciencia-y-practica-medicas-enajenadas-por-el-capitalismmo\/\">https:\/\/rebelion.org\/ciencia-y-practica-medicas-enajenadas-por-el-capitalismmo\/<\/a><\/p>\n\n\n\n<p><a href=\"https:\/\/kaosenlared.net\/la-covid-19-el-sentido-comun-y-la-politica-iii-de-iii\/#sdfootnote63anc\">63<\/a>&nbsp;Marx:&nbsp;<em>El Capital.&nbsp;<\/em>FCE, M\u00e9xico, Libro III 1973, p. 247.<\/p>\n\n\n\n<p><a href=\"https:\/\/kaosenlared.net\/la-covid-19-el-sentido-comun-y-la-politica-iii-de-iii\/#sdfootnote64anc\">64<\/a>&nbsp;Corsino Vela:&nbsp;<em>La sociedad implosiva.&nbsp;<\/em>Muturreko burutazioak. Bilbo 2015, pp. 155-156.<\/p>\n\n\n\n<p><a href=\"https:\/\/kaosenlared.net\/la-covid-19-el-sentido-comun-y-la-politica-iii-de-iii\/#sdfootnote65anc\">65<\/a>&nbsp;Zaira Rodr\u00edguez Ugidos:&nbsp;<em>Problemas de la l\u00f3gica dial\u00e9ctica.&nbsp;<\/em>Editorial Pueblo y Educaci\u00f3n. La Habana 1986, p. 131.<\/p>\n\n\n\n<p><a href=\"https:\/\/kaosenlared.net\/la-covid-19-el-sentido-comun-y-la-politica-iii-de-iii\/#sdfootnote66anc\">66<\/a>&nbsp;J. M. P\u00e9rez Fern\u00e1ndez:&nbsp;<em>Problemas filos\u00f3ficos de las ciencias modernas.&nbsp;<\/em>Contracanto. Madrid, 1989, pp. 200-201.<\/p>\n\n\n\n<p><a href=\"https:\/\/kaosenlared.net\/la-covid-19-el-sentido-comun-y-la-politica-iii-de-iii\/#sdfootnote67anc\">67<\/a>&nbsp;Katharine Viner y Naomi Klein:&nbsp;<em>El virus obliga a pensar en interdependencias que el capitalismo nos ense\u00f1a a no pensar.&nbsp;<\/em>18 de julio de 2020&nbsp;<a href=\"https:\/\/www.lahaine.org\/mundo.php\/el-virus-obliga-a-pensar\">https:\/\/www.lahaine.org\/mundo.php\/el-virus-obliga-a-pensar<\/a><\/p>\n\n\n\n<p><a href=\"https:\/\/kaosenlared.net\/la-covid-19-el-sentido-comun-y-la-politica-iii-de-iii\/#sdfootnote68anc\">68<\/a>&nbsp;Rafael Jerez Mir:&nbsp;<em>Filosof\u00eda y sociedad.&nbsp;<\/em>Ayuso, Madrid, 1975, pp. 33 y ss.<\/p>\n\n\n\n<p><a href=\"https:\/\/kaosenlared.net\/la-covid-19-el-sentido-comun-y-la-politica-iii-de-iii\/#sdfootnote69anc\">69<\/a>&nbsp;Robert Havemann: \u00abFinitud e infinitud\u00bb.&nbsp;<em>Dial\u00e9ctica sin dogma.&nbsp;<\/em>Ariel. Barcelona 1971, pp. 77-92.<\/p>\n\n\n\n<p><a href=\"https:\/\/kaosenlared.net\/la-covid-19-el-sentido-comun-y-la-politica-iii-de-iii\/#sdfootnote70anc\">70<\/a>&nbsp;Javier de Lorenzo: \u00abDe la noci\u00f3n de algoritmo al ordenador. La complejidad computacional\u00bb AA.VV.:&nbsp;<em>El legado filos\u00f3fico y cient\u00edfico del siglo XX.&nbsp;<\/em>C\u00e1tedra, Madrid 2005, pp. 751-753.<\/p>\n\n\n\n<p><a href=\"https:\/\/kaosenlared.net\/la-covid-19-el-sentido-comun-y-la-politica-iii-de-iii\/#sdfootnote71anc\">71<\/a>&nbsp;Cristina Marzal:&nbsp;<em>Computaci\u00f3n cu\u00e1ntica.&nbsp;<\/em>1 de julio de 2020&nbsp;<a href=\"https:\/\/www.revistaejercitos.com\/2020\/07\/01\/la-computacion-cuantica-y-sus-implicaciones-para-la-ciberdefensa\/\">https:\/\/www.revistaejercitos.com\/2020\/07\/01\/la-computacion-cuantica-y-sus-implicaciones-para-la-ciberdefensa\/<\/a><\/p>\n\n\n\n<p><a href=\"https:\/\/kaosenlared.net\/la-covid-19-el-sentido-comun-y-la-politica-iii-de-iii\/#sdfootnote72anc\">72<\/a>&nbsp;Cesare Marchi:&nbsp;<em>Grandes pecadores, grandes catedrales.&nbsp;<\/em>Seix Barral, Barcelona 1988, p. 159.<\/p>\n\n\n\n<p><a href=\"https:\/\/kaosenlared.net\/la-covid-19-el-sentido-comun-y-la-politica-iii-de-iii\/#sdfootnote73anc\">73<\/a>&nbsp;Pascal Charbonnat:&nbsp;<em>Historia de las filosof\u00edas materialistas<\/em>, Biblioteca Burid\u00e1n, Barcelona 2010, p.<\/p>\n\n\n\n<p>141.<\/p>\n\n\n\n<p><a href=\"https:\/\/kaosenlared.net\/la-covid-19-el-sentido-comun-y-la-politica-iii-de-iii\/#sdfootnote74anc\">74<\/a>&nbsp;Francisco L. Lisi: \u00abEl fin del paganismo y de la filosof\u00eda: Proclo\u00bb,&nbsp;<em>Debats,<\/em>&nbsp;n\u00ba 90, Instituci\u00f3 Alfons el Magn\u00e0nim, Val\u00e8ncia, oto\u00f1o 2005, p. 89.<\/p>\n\n\n\n<p><a href=\"https:\/\/kaosenlared.net\/la-covid-19-el-sentido-comun-y-la-politica-iii-de-iii\/#sdfootnote75anc\">75<\/a>&nbsp;Karlheinz Deschner:&nbsp;<em>Opus Diaboli,<\/em>&nbsp;Yalde, Zaragoza 1990, p. 163.<\/p>\n\n\n\n<p><a href=\"https:\/\/kaosenlared.net\/la-covid-19-el-sentido-comun-y-la-politica-iii-de-iii\/#sdfootnote76anc\">76<\/a>&nbsp;E. Mitre-Cristina Granda:&nbsp;<em>Las grandes herej\u00edas de la Europa cristiana.&nbsp;<\/em>ITSMO, Madrid 1983, p. 28.<\/p>\n\n\n\n<p><a href=\"https:\/\/kaosenlared.net\/la-covid-19-el-sentido-comun-y-la-politica-iii-de-iii\/#sdfootnote77anc\">77<\/a>&nbsp;Jos\u00e9 F. W. Lora Cam:&nbsp;<em>Filosof\u00eda<\/em>, Juan Gutenberg Ediciones, Per\u00fa, 2013, p. 177.<\/p>\n\n\n\n<p><a href=\"https:\/\/kaosenlared.net\/la-covid-19-el-sentido-comun-y-la-politica-iii-de-iii\/#sdfootnote78anc\">78<\/a>&nbsp;Hubert Krivine:&nbsp;<em>La Tierra. De los mitos al saber.<\/em>Biblioteca Burid\u00e1n. Barcelona 2012 p. 263.<\/p>\n\n\n\n<p><a href=\"https:\/\/kaosenlared.net\/la-covid-19-el-sentido-comun-y-la-politica-iii-de-iii\/#sdfootnote79anc\">79<\/a>&nbsp;Hubert Krivine:&nbsp;<em>La Tierra. De los mitos al saber.&nbsp;<\/em>Biblioteca Burid\u00e1n. Barcelona 2012 p. 269.<\/p>\n\n\n\n<p><a href=\"https:\/\/kaosenlared.net\/la-covid-19-el-sentido-comun-y-la-politica-iii-de-iii\/#sdfootnote80anc\">80<\/a>&nbsp;Juan Samaja:&nbsp;<em>Introducci\u00f3n a la epistemolog\u00eda dial\u00e9ctica.&nbsp;<\/em>Lugar Editorial. Buenos Aires 1994, p. 102.<\/p>\n\n\n\n<p><a href=\"https:\/\/kaosenlared.net\/la-covid-19-el-sentido-comun-y-la-politica-iii-de-iii\/#sdfootnote81anc\">81<\/a>&nbsp;Juan Samaja:&nbsp;<em>Introducci\u00f3n a la epistemolog\u00eda dial\u00e9ctica.&nbsp;<\/em>Lugar Editorial. Buenos Aires 1994, p. 126.<\/p>\n\n\n\n<p><a href=\"https:\/\/kaosenlared.net\/la-covid-19-el-sentido-comun-y-la-politica-iii-de-iii\/#sdfootnote82anc\">82<\/a>&nbsp;Concepci\u00f3n Cruz Rojo:&nbsp;<em>Ciencia y pol\u00edtica: la guerra de la vacuna contra el COVID-19.&nbsp;<\/em>15 de julio de 2020&nbsp;<a href=\"https:\/\/rebelion.org\/ciencia-y-politica-la-guerra-de-la-vacuna-contra-el-covid-19\/\">https:\/\/rebelion.org\/ciencia-y-politica-la-guerra-de-la-vacuna-contra-el-covid-19\/<\/a><\/p>\n\n\n\n<p><a href=\"https:\/\/kaosenlared.net\/la-covid-19-el-sentido-comun-y-la-politica-iii-de-iii\/#sdfootnote83anc\">83<\/a>&nbsp;Xavier Roca-Ferrer:&nbsp;<em>Historia del ate\u00edsmo femenino en Occidente,<\/em>&nbsp;Arpa, Barcelona 2018, p. 306.<\/p>\n\n\n\n<p><a href=\"https:\/\/kaosenlared.net\/la-covid-19-el-sentido-comun-y-la-politica-iii-de-iii\/#sdfootnote84anc\">84<\/a>&nbsp;Naroa Mart\u00ednez y Helena Matute:&nbsp;<em>El sexismo en los algoritmos: una discriminaci\u00f3n subestimada.&nbsp;<\/em>24 de junio de 2020&nbsp;<a href=\"https:\/\/blogs.publico.es\/otrasmiradas\/34545\/el-sexismo-en-los-algoritmos-una-discriminacion-subestimada\/\">https:\/\/blogs.publico.es\/otrasmiradas\/34545\/el-sexismo-en-los-algoritmos-una-discriminacion-subestimada\/<\/a><\/p>\n\n\n\n<p><a href=\"https:\/\/kaosenlared.net\/la-covid-19-el-sentido-comun-y-la-politica-iii-de-iii\/#sdfootnote85anc\">85<\/a>&nbsp;EFE:&nbsp;<em>Una brecha de g\u00e9nero en el coronavirus: los hombres dominan el 85 por ciento de los \u00f3rganos de decisi\u00f3n.&nbsp;<\/em>2 de octubre de 2020&nbsp;<a href=\"https:\/\/www.publico.es\/internacional\/coronavirus-brecha-genero-coronavirus-hombres-dominan-85-organos-decision.html\">https:\/\/www.publico.es\/internacional\/coronavirus-brecha-genero-coronavirus-hombres-dominan-85-organos-decision.html<\/a><\/p>\n\n\n\n<p><a href=\"https:\/\/kaosenlared.net\/la-covid-19-el-sentido-comun-y-la-politica-iii-de-iii\/#sdfootnote86anc\">86<\/a>&nbsp;Carolina Mart\u00ednez Pulido:&nbsp;<em>El papel de la mujer en la evoluci\u00f3n humana.&nbsp;<\/em>Biblioteca Nueva. Madrid 2003, p. 545.<\/p>\n\n\n\n<p><a href=\"https:\/\/kaosenlared.net\/la-covid-19-el-sentido-comun-y-la-politica-iii-de-iii\/#sdfootnote87anc\">87<\/a>&nbsp;Redacci\u00f3n:&nbsp;<em>Varios centros de salud de Madrid aparecen con pintadas negacionistas el d\u00eda de las concentraciones en apoyo a la Atenci\u00f3n Primaria.&nbsp;<\/em>29 de octubre de 2020&nbsp;<a href=\"https:\/\/www.eldiario.es\/sociedad\/ultima-hora-coronavirus-espana-mundo-29-de-octubre_6_6371017_1055134.html\">https:\/\/www.eldiario.es\/sociedad\/ultima-hora-coronavirus-espana-mundo-29-de-octubre_6_6371017_1055134.html<\/a><\/p>\n\n\n\n<p><a href=\"https:\/\/kaosenlared.net\/la-covid-19-el-sentido-comun-y-la-politica-iii-de-iii\/#sdfootnote88anc\">88<\/a>&nbsp;Rafael Silva:&nbsp;<em>El negacionismo como activismo de la ignorancia.&nbsp;<\/em>21 de agosto de 2020&nbsp;<a href=\"https:\/\/contrainformacion.es\/el-negacionismo-como-activismo-de-la-ignorancia\/\">https:\/\/contrainformacion.es\/el-negacionismo-como-activismo-de-la-ignorancia\/<\/a><\/p>\n\n\n\n<p><a href=\"https:\/\/kaosenlared.net\/la-covid-19-el-sentido-comun-y-la-politica-iii-de-iii\/#sdfootnote89anc\">89<\/a>&nbsp;Carlos del Castillo:&nbsp;<em>Grupos negacionistas preparan nuevas protestas para este fin de semana: piden a los polic\u00edas que se unan y \u201cllevar banderas LGTB\u201d para \u201cmostrar diversidad\u201d.&nbsp;<\/em>3 de noviembre de 2020&nbsp;<a href=\"https:\/\/www.eldiario.es\/tecnologia\/grupos-negacionistas-preparan-nuevas-protestas-semana-piden-policias-unan-llevar-banderas-lgtb-mostrar-diversid\">https:\/\/www.eldiario.es\/tecnologia\/grupos-negacionistas-preparan-nuevas-protestas-semana-piden-policias-unan-llevar-banderas-lgtb-mostrar-diversid<\/a><\/p>\n\n\n\n<p><a href=\"https:\/\/kaosenlared.net\/la-covid-19-el-sentido-comun-y-la-politica-iii-de-iii\/#sdfootnote90anc\">90<\/a>&nbsp;Mariama Correia:&nbsp;<em>Bolsonaro destina a pol\u00e9micas entidades cristianas el 70% de los fondos para la lucha contra la drogadicci\u00f3n.&nbsp;<\/em>5 de septiembre de 2020&nbsp;<a href=\"https:\/\/www.eldiario.es\/internacional\/bolsonaro-destina-polemicas-entidades-cristianas-70-fondos-lucha-drogadiccion_1_6198275.html\">https:\/\/www.eldiario.es\/internacional\/bolsonaro-destina-polemicas-entidades-cristianas-70-fondos-lucha-drogadiccion_1_6198275.html<\/a><\/p>\n\n\n\n<p><a href=\"https:\/\/kaosenlared.net\/la-covid-19-el-sentido-comun-y-la-politica-iii-de-iii\/#sdfootnote91anc\">91<\/a>&nbsp;El\u00edas Camhaji:&nbsp;<em>El Gobierno de Trump prest\u00f3 cientos de miles de d\u00f3lares a La Luz del Mundo mientras su l\u00edder esperaba un juicio por abusos.&nbsp;<\/em>5 de septiembre de 2020&nbsp;<a href=\"https:\/\/elpais.com\/mexico\/2020-09-05\/el-gobierno-de-trump-presto-cientos-de-miles-de-dolares-a-la-luz-del-mundo-mientras-su-lider-esperaba-un-juicio-por-abusos.html\">https:\/\/elpais.com\/mexico\/2020-09-05\/el-gobierno-de-trump-presto-cientos-de-miles-de-dolares-a-la-luz-del-mundo-mientras-su-lider-esperaba-un-juicio-por-abusos.html<\/a><\/p>\n\n\n\n<p><a href=\"https:\/\/kaosenlared.net\/la-covid-19-el-sentido-comun-y-la-politica-iii-de-iii\/#sdfootnote92anc\">92<\/a>&nbsp;Ramzy Baroud:&nbsp;<em>Los \u201csionistas-cristianos\u201d dictan la agenda del Partido Republicano.&nbsp;<\/em>7 de agosto de 2020&nbsp;<a href=\"https:\/\/rebelion.org\/los-sionistas-cristianos-dictan-la-agenda-del-partido-republicano\/\">https:\/\/rebelion.org\/los-sionistas-cristianos-dictan-la-agenda-del-partido-republicano\/<\/a><\/p>\n\n\n\n<p><a href=\"https:\/\/kaosenlared.net\/la-covid-19-el-sentido-comun-y-la-politica-iii-de-iii\/#sdfootnote93anc\">93<\/a>&nbsp;N. Bassil, K. Pourhamzavi y G. Bayarri:&nbsp;<em>La cuesti\u00f3n del fascismo. Bonapartismo y crisis contempor\u00e1nea de la hegemon\u00eda neoliberal.&nbsp;<\/em>23 de octubre de 2020&nbsp;<a href=\"https:\/\/kaosenlared.net\/la-cuestion-del-fascismo-bonapartismo-y-crisis-contemporanea-de-la-hegemonia-neoliberal\/\">https:\/\/kaosenlared.net\/la-cuestion-del-fascismo-bonapartismo-y-crisis-contemporanea-de-la-hegemonia-neoliberal\/<\/a><\/p>\n\n\n\n<p><a href=\"https:\/\/kaosenlared.net\/la-covid-19-el-sentido-comun-y-la-politica-iii-de-iii\/#sdfootnote94anc\">94<\/a>&nbsp;William E. Robinson:&nbsp;<em>Trump y la amenaza fascista en EEUU.&nbsp;<\/em>3 de noviembre de 2020&nbsp;<a href=\"https:\/\/www.lahaine.org\/mundo.php\/trump-y-la-amenaza-fascista\">https:\/\/www.lahaine.org\/mundo.php\/trump-y-la-amenaza-fascista<\/a><\/p>\n\n\n\n<p><a href=\"https:\/\/kaosenlared.net\/la-covid-19-el-sentido-comun-y-la-politica-iii-de-iii\/#sdfootnote95anc\">95<\/a>&nbsp;GKS:&nbsp;<em>Salaketa kanpaina eta mobilizazioak abiatu ditu GKSk, \u201cburgesiaren zuzeneko diktaduraren aurka.&nbsp;<\/em>2020ko urriaren 30a&nbsp;<a href=\"https:\/\/gedar.eus\/aktualitatea\/mugimendusozialista\/salaketa-kanpaina-eta-mobilizazioak-abiatu-ditu-gksk-burgesiaren-zuzeneko-diktaduraren-aurka\/\">https:\/\/gedar.eus\/aktualitatea\/mugimendusozialista\/salaketa-kanpaina-eta-mobilizazioak-abiatu-ditu-gksk-burgesiaren-zuzeneko-diktaduraren-aurka\/<\/a><\/p>\n\n\n\n<p><a href=\"https:\/\/kaosenlared.net\/la-covid-19-el-sentido-comun-y-la-politica-iii-de-iii\/#sdfootnote96anc\">96<\/a>&nbsp;ERNAI:&nbsp;<em>La salud es un derecho, no es la excusa para vulnerar derechos y libertades pol\u00edticas.&nbsp;<\/em>1 de noviembre de 2020&nbsp;<a href=\"https:\/\/www.resumenlatinoamericano.org\/2020\/11\/01\/euskal-herria-movilizacion-de-jovenes-vascos-la-salud-es-un-derecho-no-la-excusa-para-vulnerar-derechos-y-libertades-politicas\/\">https:\/\/www.resumenlatinoamericano.org\/2020\/11\/01\/euskal-herria-movilizacion-de-jovenes-vascos-la-salud-es-un-derecho-no-la-excusa-para-vulnerar-derechos-y-libertades-politicas\/<\/a><\/p>\n\n\n\n<p><a href=\"https:\/\/kaosenlared.net\/la-covid-19-el-sentido-comun-y-la-politica-iii-de-iii\/#sdfootnote97anc\">97<\/a>&nbsp;Nuria Alabao y Pastora Filigrana:&nbsp;<em>En defensa de la organizaci\u00f3n social y las protestas.&nbsp;<\/em>1 de noviembre de 2020&nbsp;<a href=\"https:\/\/www.lahaine.org\/est_espanol.php\/en-defensa-de-la-organizacion\">https:\/\/www.lahaine.org\/est_espanol.php\/en-defensa-de-la-organizacion<\/a><\/p>\n\n\n\n<p><a href=\"https:\/\/kaosenlared.net\/la-covid-19-el-sentido-comun-y-la-politica-iii-de-iii\/#sdfootnote98anc\">98<\/a>&nbsp;Miguel \u00c1ngel Conejos Montalar:&nbsp;<em>Las calles, ser\u00e1n siempre nuestras?&nbsp;<\/em>2 de noviembre de 2020&nbsp;<a href=\"https:\/\/www.lahaine.org\/mm_ss_est_esp.php\/las-calles-seran-siempre-nuestras\">https:\/\/www.lahaine.org\/mm_ss_est_esp.php\/las-calles-seran-siempre-nuestras<\/a><\/p>\n\n\n\n<p><a href=\"https:\/\/kaosenlared.net\/la-covid-19-el-sentido-comun-y-la-politica-iii-de-iii\/#sdfootnote99anc\">99<\/a>&nbsp;IzCa:&nbsp;<em>Son el R\u00e9gimen y su Sistema los que practican la barbarie.&nbsp;<\/em>3 de noviembre de 2020&nbsp;<a href=\"https:\/\/izca.net\/2020\/11\/03\/son-el-regimen-y-su-sistema-los-que-practican-la-barbarie\/\">https:\/\/izca.net\/2020\/11\/03\/son-el-regimen-y-su-sistema-los-que-practican-la-barbarie\/<\/a><\/p>\n\n\n\n<p><a href=\"https:\/\/kaosenlared.net\/la-covid-19-el-sentido-comun-y-la-politica-iii-de-iii\/#sdfootnote100anc\">100<\/a>&nbsp;Jos\u00e9 Antequera:&nbsp;<em>El caos de Ayuso traspasa las fronteras.&nbsp;<\/em>4 de agosto de 2020&nbsp;<a href=\"https:\/\/diario16.com\/el-caos-de-ayuso-traspasa-fronteras-the-telegraph-responsabiliza-a-madrid-de-la-segunda-ola-de-covid-en-europa\/\">https:\/\/diario16.com\/el-caos-de-ayuso-traspasa-fronteras-the-telegraph-responsabiliza-a-madrid-de-la-segunda-ola-de-covid-en-europa\/<\/a><\/p>\n\n\n\n<p><a href=\"https:\/\/kaosenlared.net\/la-covid-19-el-sentido-comun-y-la-politica-iii-de-iii\/#sdfootnote101anc\">101<\/a>&nbsp;Tremending:&nbsp;<em>En solo 3 minutos, 4 mentiras.&nbsp;<\/em>6 de agosto de 2020&nbsp;<a href=\"https:\/\/www.publico.es\/tremending\/2020\/09\/06\/en-solo-3-minutos-4-mentiras-enredos-falsedades-y-algun-que-otro-dislate-de-ayuso-en-la-sexta-noche\/\">https:\/\/www.publico.es\/tremending\/2020\/09\/06\/en-solo-3-minutos-4-mentiras-enredos-falsedades-y-algun-que-otro-dislate-de-ayuso-en-la-sexta-noche\/<\/a><\/p>\n\n\n\n<p><a href=\"https:\/\/kaosenlared.net\/la-covid-19-el-sentido-comun-y-la-politica-iii-de-iii\/#sdfootnote102anc\">102<\/a>&nbsp;Jos\u00e9 Lav\u00edn:&nbsp;<em>Menos rastreadores y m\u00e1s curas, la receta de Ayuso para \u201cbendecir\u201d los rebrotes.&nbsp;<\/em>24 de julio de 2020&nbsp;<a href=\"https:\/\/www.izquierdadiario.es\/Menos-rastreadores-y-mas-curas-la-receta-de-Ayuso-para-bendecir-los-rebrotes\">https:\/\/www.izquierdadiario.es\/Menos-rastreadores-y-mas-curas-la-receta-de-Ayuso-para-bendecir-los-rebrotes<\/a><\/p>\n\n\n\n<p><a href=\"https:\/\/kaosenlared.net\/la-covid-19-el-sentido-comun-y-la-politica-iii-de-iii\/#sdfootnote103anc\">103<\/a>&nbsp;Eduardo Bayona:&nbsp;<em>Un negocio como Dios manda: la Iglesia gana m\u00e1s de 90 millones limpios en tres a\u00f1os.&nbsp;<\/em>6 de agosto de 2020&nbsp;<a href=\"https:\/\/www.publico.es\/sociedad\/negocio-dios-manda-iglesia-gana-90-millones-limpios-tres-anos.html\">https:\/\/www.publico.es\/sociedad\/negocio-dios-manda-iglesia-gana-90-millones-limpios-tres-anos.html<\/a><\/p>\n\n\n\n<p><a href=\"https:\/\/kaosenlared.net\/la-covid-19-el-sentido-comun-y-la-politica-iii-de-iii\/#sdfootnote104anc\">104<\/a>&nbsp;Elena Campos-S\u00e1nchez:&nbsp;<em>Las pseudoterapias matan (tambi\u00e9n en pandemia) y no estamos haciendo nada.&nbsp;<\/em>18 de octubre de 2020&nbsp;<a href=\"https:\/\/rebelion.org\/las-pseudoterapias-matan-tambien-en-pandemia-y-no-estamos-haciendo-nada\/\">https:\/\/rebelion.org\/las-pseudoterapias-matan-tambien-en-pandemia-y-no-estamos-haciendo-nada\/<\/a><\/p>\n\n\n\n<p><a href=\"https:\/\/kaosenlared.net\/la-covid-19-el-sentido-comun-y-la-politica-iii-de-iii\/#sdfootnote105anc\">105<\/a>&nbsp;AA.VV.:&nbsp;<em>Primer manifiesto mundial contra las pseudiciencias m\u00e9dicas.&nbsp;<\/em>24 de octubre de 2020&nbsp;<a href=\"https:\/\/www.sinpermiso.info\/textos\/primer-manifiesto-mundial-contra-las-pseudociencias-medicas\">https:\/\/www.sinpermiso.info\/textos\/primer-manifiesto-mundial-contra-las-pseudociencias-medicas<\/a><\/p>\n\n\n\n<p><a href=\"https:\/\/kaosenlared.net\/la-covid-19-el-sentido-comun-y-la-politica-iii-de-iii\/#sdfootnote106anc\">106<\/a>&nbsp;Juan Manuel Zaragoza Bernal:&nbsp;<em>De la ciencia, la pol\u00edtica y otras cosas.&nbsp;<\/em>7 de octubre de 2020&nbsp;<a href=\"https:\/\/rebelion.org\/de-la-ciencia-la-politica-y-otras-cosas\/\">https:\/\/rebelion.org\/de-la-ciencia-la-politica-y-otras-cosas\/<\/a><\/p>\n\n\n\n<p><a href=\"https:\/\/kaosenlared.net\/la-covid-19-el-sentido-comun-y-la-politica-iii-de-iii\/#sdfootnote107anc\">107<\/a>&nbsp;Daniel Galvalizi:&nbsp;<em>En el nuevo sistema econ\u00f3mico votar desaparecer\u00e1 y decidir\u00e1n comit\u00e9s de expertos<\/em>. 30 de octubre de 2020&nbsp;<a href=\"https:\/\/www.naiz.eus\/eu\/actualidad\/noticia\/20201030\/en-el-nuevo-sistema-economico-votar-desaparecera-y-decidira-comites-de-expertos\">https:\/\/www.naiz.eus\/eu\/actualidad\/noticia\/20201030\/en-el-nuevo-sistema-economico-votar-desaparecera-y-decidira-comites-de-expertos<\/a><\/p>\n\n\n\n<p><a href=\"https:\/\/kaosenlared.net\/la-covid-19-el-sentido-comun-y-la-politica-iii-de-iii\/#sdfootnote108anc\">108<\/a>&nbsp;Erich Fromm:&nbsp;<em>El miedo a la libertad<\/em>. Planeta-Agostini Barcelona 1985, p. 157<\/p>\n\n\n\n<p><a href=\"https:\/\/kaosenlared.net\/la-covid-19-el-sentido-comun-y-la-politica-iii-de-iii\/#sdfootnote109anc\">109<\/a>&nbsp;AA.VV.:&nbsp;<em>Glosario sobre la Teor\u00eda Social de Niklas Lumann.&nbsp;<\/em>Anthropos. M\u00e9xico 1995, pp. 66-67.<\/p>\n\n\n\n<p><a href=\"https:\/\/kaosenlared.net\/la-covid-19-el-sentido-comun-y-la-politica-iii-de-iii\/#sdfootnote110anc\">110<\/a>&nbsp;Niklas Lhumann:&nbsp;<em>Poder.&nbsp;<\/em>Anthropos. Barcelona 1975, p. 47.<\/p>\n\n\n\n<p><a href=\"https:\/\/kaosenlared.net\/la-covid-19-el-sentido-comun-y-la-politica-iii-de-iii\/#sdfootnote111anc\">111<\/a>&nbsp;R. Levins: \u00abLa dial\u00e9ctica y la teor\u00eda de los sistemas\u00bb,&nbsp;<em>Marx Ahora<\/em>, Ediciones Cubanas. La Habana N. \u00ba 20\/2005, p. 95.<\/p>\n\n\n\n<p><a href=\"https:\/\/kaosenlared.net\/la-covid-19-el-sentido-comun-y-la-politica-iii-de-iii\/#sdfootnote112anc\">112<\/a>&nbsp;R. Levins: \u00cddem. p. 97.<\/p>\n\n\n\n<p><a href=\"https:\/\/kaosenlared.net\/la-covid-19-el-sentido-comun-y-la-politica-iii-de-iii\/#sdfootnote113anc\">113<\/a>&nbsp;Larissa Adler: \u00abLo formal y lo informal en las sociedades contempor\u00e1neas\u00bb.&nbsp;<em>Encuentros con la complejidad.&nbsp;<\/em>Siglo XXI. M\u00e9xico 2011. Pp. 73-89.<\/p>\n\n\n\n<p><a href=\"https:\/\/kaosenlared.net\/la-covid-19-el-sentido-comun-y-la-politica-iii-de-iii\/#sdfootnote114anc\">114<\/a>&nbsp;S. L\u00f3pez Arnal-J. Santiago Mart\u00ednez: \u00abPropuestas para una pol\u00edtica de orientaci\u00f3n socialista. Aproximaci\u00f3n a la tesis de Manuel Sacrist\u00e1n\u00bb.&nbsp;<em>El valor de la ciencia.&nbsp;<\/em>El Viejo Topo. Barcelona, 2001. P. 346.<\/p>\n\n\n\n<p><a href=\"https:\/\/kaosenlared.net\/la-covid-19-el-sentido-comun-y-la-politica-iii-de-iii\/#sdfootnote115anc\">115<\/a>&nbsp;S. L\u00f3pez Arnal-J. Santiago Mart\u00ednez: \u00abPropuestas para una pol\u00edtica de orientaci\u00f3n socialista. Aproximaci\u00f3n a la tesis de Manuel Sacrist\u00e1n\u00bb.&nbsp;<em>El valor de la ciencia.&nbsp;<\/em>El Viejo Topo. Barcelona, 2001. Pp. 349-350.<\/p>\n\n\n\n<p><a href=\"https:\/\/kaosenlared.net\/la-covid-19-el-sentido-comun-y-la-politica-iii-de-iii\/#sdfootnote116anc\">116<\/a>&nbsp;MPR21:&nbsp;<em>Un contratista de la CIA adjudica el dinero entregado por Trump a las multinacionales para fabricar vacunas.&nbsp;<\/em>7 de octubre de 2020&nbsp;<a href=\"https:\/\/mpr21.info\/un-contratista-de-la-cia-adjudica-el-dinero-entregado-por-trump-a-las-multinacionales-para-fabricar-vacunas\/\">https:\/\/mpr21.info\/un-contratista-de-la-cia-adjudica-el-dinero-entregado-por-trump-a-las-multinacionales-para-fabricar-vacunas\/<\/a><\/p>\n\n\n\n<p><a href=\"https:\/\/kaosenlared.net\/la-covid-19-el-sentido-comun-y-la-politica-iii-de-iii\/#sdfootnote117anc\">117<\/a>&nbsp;Reynaldo Saccone:&nbsp;<em>Vacunas, el negocio redondo de las multinacionales.&nbsp;<\/em>3 de septiembre de 2020&nbsp;<a href=\"https:\/\/contrainformacion.es\/vacunas-el-negocio-redondo-de-las-multinacionales\/\">https:\/\/contrainformacion.es\/vacunas-el-negocio-redondo-de-las-multinacionales\/<\/a><\/p>\n\n\n\n<p><a href=\"https:\/\/kaosenlared.net\/la-covid-19-el-sentido-comun-y-la-politica-iii-de-iii\/#sdfootnote118anc\">118<\/a>&nbsp;Jes\u00fas Mediavilla:&nbsp;<em>Empleo m\u00e9dico: 40% m\u00e1s de paro que hace un a\u00f1o pese a la pandemia de Covid.&nbsp;<\/em>12 de agosto de 2020&nbsp;<a href=\"https:\/\/www.redaccionmedica.com\/secciones\/empleo\/empleo-medico-40-mas-de-paro-que-hace-un-ano-pese-a-la-pandemia-de-covid-1335\">https:\/\/www.redaccionmedica.com\/secciones\/empleo\/empleo-medico-40-mas-de-paro-que-hace-un-ano-pese-a-la-pandemia-de-covid-1335<\/a><\/p>\n\n\n\n<p><a href=\"https:\/\/kaosenlared.net\/la-covid-19-el-sentido-comun-y-la-politica-iii-de-iii\/#sdfootnote119anc\">119<\/a>&nbsp;Lola Mor\u00f3n:&nbsp;<em>La ciencia es compleja.&nbsp;<\/em>28 de junio de 2020&nbsp;<a href=\"https:\/\/elpais.com\/elpais\/2020\/06\/23\/eps\/1592907958_684774.html\">https:\/\/elpais.com\/elpais\/2020\/06\/23\/eps\/1592907958_684774.html<\/a><\/p>\n\n\n\n<p><a href=\"https:\/\/kaosenlared.net\/la-covid-19-el-sentido-comun-y-la-politica-iii-de-iii\/#sdfootnote120anc\">120<\/a>&nbsp;Ilya Prigogine:&nbsp;<em>El fin de las certidumbres.&nbsp;<\/em>Taurus, Madrid 1997, p. 7.<\/p>\n\n\n\n<p><a href=\"https:\/\/kaosenlared.net\/la-covid-19-el-sentido-comun-y-la-politica-iii-de-iii\/#sdfootnote121anc\">121<\/a>&nbsp;Ilya Prigogine:&nbsp;<em>El fin de las certidumbres.&nbsp;<\/em>Taurus, Madrid 1997, p. 13<\/p>\n\n\n\n<p><a href=\"https:\/\/kaosenlared.net\/la-covid-19-el-sentido-comun-y-la-politica-iii-de-iii\/#sdfootnote122anc\">122<\/a>&nbsp;Ilya Prigogine:&nbsp;<em>El fin de las certidumbres.&nbsp;<\/em>Taurus, Madrid 1997, pp. 22-22.<\/p>\n\n\n\n<p><a href=\"https:\/\/kaosenlared.net\/la-covid-19-el-sentido-comun-y-la-politica-iii-de-iii\/#sdfootnote123anc\">123<\/a>&nbsp;Ilya Prigogine:&nbsp;<em>El fin de las certidumbres.&nbsp;<\/em>Taurus, Madrid 1997, p. 209.<\/p>\n\n\n\n<p><a href=\"https:\/\/kaosenlared.net\/la-covid-19-el-sentido-comun-y-la-politica-iii-de-iii\/#sdfootnote124anc\">124<\/a>&nbsp;Ignacio Bravo F.&nbsp;<em>El m\u00e9todo marxista y la ciencia natural.&nbsp;<\/em>Marxismoyrevolucion.org&nbsp;<a href=\"http:\/\/docplayer.es\/116190963-El-metodo-marxista-y-la-ciencia-natural-por-ignacio-bravo-f.html\">http:\/\/docplayer.es\/116190963-El-metodo-marxista-y-la-ciencia-natural-por-ignacio-bravo-f.html<\/a><\/p>\n\n\n\n<p><a href=\"https:\/\/kaosenlared.net\/la-covid-19-el-sentido-comun-y-la-politica-iii-de-iii\/#sdfootnote125anc\">125<\/a>&nbsp;Rogney Piedra Arencibia: \u00abEl papel del trabajo en el desarrollo del pensamiento humano\u00bb&nbsp;<em>Hybris. Revista de Filosof\u00eda.&nbsp;<\/em>Vol. 9 N\u00ba 2. Cuba. Noviembre 2018, pp. 173-206.&nbsp;<a href=\"http:\/\/revistas.cenaltes.cl\/index.php\/hybris\/article\/view\/255\">http:\/\/revistas.cenaltes.cl\/index.php\/hybris\/article\/view\/255<\/a><\/p>\n\n\n\n<p><a href=\"https:\/\/kaosenlared.net\/la-covid-19-el-sentido-comun-y-la-politica-iii-de-iii\/#sdfootnote126anc\">126<\/a>&nbsp;Edward O. Wilson:&nbsp;<em>Nuestra especie se forj\u00f3 hablando alrededor del fuego: del d\u00eda sobre cosas pr\u00e1cticas, de noche sobre mitos.&nbsp;<\/em>13 de julio de 2020&nbsp;<a href=\"https:\/\/elpais.com\/ideas\/2020-07-13\/nuestra-especie-se-forjo-hablando-alrededor-del-fuego-de-dia-sobre-cosas-practicas-de-noche-sobre-mitos.html\">https:\/\/elpais.com\/ideas\/2020-07-13\/nuestra-especie-se-forjo-hablando-alrededor-del-fuego-de-dia-sobre-cosas-practicas-de-noche-sobre-mitos.html<\/a><\/p>\n\n\n\n<p><a href=\"https:\/\/kaosenlared.net\/la-covid-19-el-sentido-comun-y-la-politica-iii-de-iii\/#sdfootnote127anc\">127<\/a>&nbsp;G. Binnig:&nbsp;<em>Desde la nada. Sobre la creatividad de la naturaleza y del ser humano<\/em>, Galaxia Gutenberg, Barcelona 1996, p. 115.<\/p>\n\n\n\n<p><a href=\"https:\/\/kaosenlared.net\/la-covid-19-el-sentido-comun-y-la-politica-iii-de-iii\/#sdfootnote128anc\">128<\/a>&nbsp;David Rodrigo Garc\u00eda Col\u00edn Carrillo: \u00abMaterialismo dial\u00e9ctico y ciencia\u00bb.&nbsp;<em>El materialismo dial\u00e9ctico y la ciencia.&nbsp;<\/em>Marxismo Hoy, Madrid N\u00ba 15, Mayo 2006, pp. 73 y ss.<\/p>\n\n\n\n<p><a href=\"https:\/\/kaosenlared.net\/la-covid-19-el-sentido-comun-y-la-politica-iii-de-iii\/#sdfootnote129anc\">129<\/a>&nbsp;Jos\u00e9 Ricardo D\u00edaz Caballero:&nbsp;<em>M\u00e1s all\u00e1 del paradigma,<\/em>&nbsp;Ciencias Sociales, La Habana, 2012, p. 15.<\/p>\n\n\n\n<p><a href=\"https:\/\/kaosenlared.net\/la-covid-19-el-sentido-comun-y-la-politica-iii-de-iii\/#sdfootnote130anc\">130<\/a>&nbsp;Jos\u00e9 Ricardo D\u00edaz Caballero:&nbsp;<em>M\u00e1s all\u00e1 del paradigma,<\/em>&nbsp;Ciencias Sociales, La Habana, 2012, pp. 20-22.<\/p>\n\n\n\n<p><a href=\"https:\/\/kaosenlared.net\/la-covid-19-el-sentido-comun-y-la-politica-iii-de-iii\/#sdfootnote131anc\">131<\/a>&nbsp;Engels: \u00abCarta a Bernstein del 28 de noviembre de 1882\u00bb \u00abMarx y Engels y el concepto de partido\u00bb.&nbsp;<em>Teor\u00eda marxista del partido pol\u00edtico.&nbsp;<\/em>P y P. C\u00f3rdoba, Argentina 1971, p. 129.<\/p>\n\n\n\n<p><a href=\"https:\/\/kaosenlared.net\/la-covid-19-el-sentido-comun-y-la-politica-iii-de-iii\/#sdfootnote132anc\">132<\/a>&nbsp;Francisco B\u00e1ez Baquet:&nbsp;<em>Cosmolog\u00eda, hacia un cambio de paradigma.&nbsp;<\/em>25 de julio de 2020&nbsp;<a href=\"https:\/\/rebelion.org\/wp-content\/uploads\/2020\/07\/COSMOS.Il-y-aurait-4.pdf\">https:\/\/rebelion.org\/wp-content\/uploads\/2020\/07\/COSMOS.Il-y-aurait-4.pdf<\/a><\/p>\n\n\n\n<p><a href=\"https:\/\/kaosenlared.net\/la-covid-19-el-sentido-comun-y-la-politica-iii-de-iii\/#sdfootnote133anc\">133<\/a>&nbsp;Claude All\u00e8gre:&nbsp;<em>La derrota de Plat\u00f3n o la ciencia del siglo XX.&nbsp;<\/em>FCE, M\u00e9xico 2003, pp. 223-224.<\/p>\n\n\n\n<p><a href=\"https:\/\/kaosenlared.net\/la-covid-19-el-sentido-comun-y-la-politica-iii-de-iii\/#sdfootnote134anc\">134<\/a>&nbsp;Daniel Bensa\u00efd:&nbsp;<em>Lenin: \u00a1Saltos! \u00a1Saltos! \u00a1Saltos!&nbsp;<\/em>Julio 2002&nbsp;<a href=\"https:\/\/www.marxists.org\/espanol\/bensaid\/2002\/001.htm\">https:\/\/www.marxists.org\/espanol\/bensaid\/2002\/001.htm<\/a><\/p>\n\n\n\n<p><a href=\"https:\/\/kaosenlared.net\/la-covid-19-el-sentido-comun-y-la-politica-iii-de-iii\/#sdfootnote135anc\">135<\/a>&nbsp;R. Dunayevskaya:&nbsp;<em>Filosof\u00eda y revoluci\u00f3n<\/em>, Siglo XXI, M\u00e9xico 2009, p. 112.<\/p>\n\n\n\n<p><a href=\"https:\/\/kaosenlared.net\/la-covid-19-el-sentido-comun-y-la-politica-iii-de-iii\/#sdfootnote136anc\">136<\/a>&nbsp;C. C. J. Delgado D\u00edaz: \u00abComplejidad \u00bb.&nbsp;<em>Filosof\u00eda, pol\u00edtica y dial\u00e9ctica Materialismo y Empiriocriticismo.&nbsp;<\/em>Editorial Pol\u00edtica. La Habana. 2014, p. 151.<\/p>\n\n\n\n<p><a href=\"https:\/\/kaosenlared.net\/la-covid-19-el-sentido-comun-y-la-politica-iii-de-iii\/#sdfootnote137anc\">137<\/a>&nbsp;Michel Claessens:&nbsp;<em>Los descubrimientos cient\u00edficos contempor\u00e1neos<\/em>. Gedisa. Barcelona 1996, p. 161.<\/p>\n\n\n\n<p><a href=\"https:\/\/kaosenlared.net\/la-covid-19-el-sentido-comun-y-la-politica-iii-de-iii\/#sdfootnote138anc\">138<\/a>&nbsp;Romelia Pino Freire y Edwin Pedrero Gonmz\u00e1lez: \u00abHistoria y filosof\u00eda de la ciencia. \u00bfUn tema de actualidad?\u00bb\u201d.&nbsp;<em>Revista Cubana de Ciencias Sociales<\/em>. N\u00ba 35 La Habana 2004, p. 62.<\/p>\n\n\n\n<p><a href=\"https:\/\/kaosenlared.net\/la-covid-19-el-sentido-comun-y-la-politica-iii-de-iii\/#sdfootnote139anc\">139<\/a>&nbsp;Nu\u00f1o Dom\u00ednguez:&nbsp;<em>Los cient\u00edficos que crean nuevos coronavirus infecciosos para salvar vidas.&nbsp;<\/em>20 de octubre de 2020&nbsp;<a href=\"https:\/\/elpais.com\/ciencia\/2020-10-19\/los-cientificos-que-crean-nuevos-coronavirus-infecciosos-para-salvar-vidas.html\">https:\/\/elpais.com\/ciencia\/2020-10-19\/los-cientificos-que-crean-nuevos-coronavirus-infecciosos-para-salvar-vidas.html<\/a><\/p>\n\n\n\n<p><a href=\"https:\/\/kaosenlared.net\/la-covid-19-el-sentido-comun-y-la-politica-iii-de-iii\/#sdfootnote140anc\">140<\/a>&nbsp;Trinchera:&nbsp;<em>Entre el Covid y la crisis.&nbsp;<\/em>25 de octubre de 2020&nbsp;<a href=\"https:\/\/trincheraor.com\/f\/entre-el-covid-y-la-crisis\">https:\/\/trincheraor.com\/f\/entre-el-covid-y-la-crisis<\/a><\/p>\n\n\n\n<p><a href=\"https:\/\/kaosenlared.net\/la-covid-19-el-sentido-comun-y-la-politica-iii-de-iii\/#sdfootnote141anc\">141<\/a>&nbsp;RT:&nbsp;<em>La OMS alerta del aumento de virus capaces de pasar de animales a humanos.&nbsp;<\/em>22 de septiembre de 2020&nbsp;<a href=\"https:\/\/rebelion.org\/la-oms-alerta-del-aumento-de-virus-capaces-de-pasar-de-animales-a-humanos\/\">https:\/\/rebelion.org\/la-oms-alerta-del-aumento-de-virus-capaces-de-pasar-de-animales-a-humanos\/<\/a><\/p>\n\n\n\n<p><a href=\"https:\/\/kaosenlared.net\/la-covid-19-el-sentido-comun-y-la-politica-iii-de-iii\/#sdfootnote142anc\">142<\/a>&nbsp;El Salto:&nbsp;<em>Un estudio se\u00f1ala a las granjas como industriales como el mayor riesgo de futuras pandemias.&nbsp;<\/em>24 de septiembre de 2020&nbsp;<a href=\"https:\/\/www.elsaltodiario.com\/coronavirus\/estudio-senala-granjas-industriales-mayor-riesgo-futuras-pandemias\">https:\/\/www.elsaltodiario.com\/coronavirus\/estudio-senala-granjas-industriales-mayor-riesgo-futuras-pandemias<\/a><\/p>\n\n\n\n<p><a href=\"https:\/\/kaosenlared.net\/la-covid-19-el-sentido-comun-y-la-politica-iii-de-iii\/#sdfootnote143anc\">143<\/a>&nbsp;FADA:&nbsp;<em>Superbacterias en las granjas industriales: la amenaza oculta de la pandemia.&nbsp;<\/em>16 de octubre de 2020&nbsp;<a href=\"http:\/\/faada.org\/nuestra-accion-1362-superbacterias-en-granjas-industriales-la-amenaza-oculta-de-la-pandemia?utm_campaign=octubre&amp;utm_medium=email&amp;utm_source=acumba\">http:\/\/faada.org\/nuestra-accion-1362-superbacterias-en-granjas-industriales-la-amenaza-oculta-de-la-pandemia?utm_campaign=octubre&amp;utm_medium=email&amp;utm_source=acumba<\/a><\/p>\n\n\n\n<p><a href=\"https:\/\/kaosenlared.net\/la-covid-19-el-sentido-comun-y-la-politica-iii-de-iii\/#sdfootnote144anc\">144<\/a>&nbsp;Adam Kucharski:&nbsp;<em>En 18 a\u00f1os hemos tenido el SARS, el MERS y la COVID-19, no hay raz\u00f3n para que no surja otro virus.&nbsp;<\/em>14 de agosto de 2020&nbsp;<a href=\"https:\/\/www.eldiario.es\/sociedad\/covid-19-gobiernos-ciudadanos-coronavirus_128_6157247.html\">https:\/\/www.eldiario.es\/sociedad\/covid-19-gobiernos-ciudadanos-coronavirus_128_6157247.html<\/a><\/p>\n\n\n\n<p><a href=\"https:\/\/kaosenlared.net\/la-covid-19-el-sentido-comun-y-la-politica-iii-de-iii\/#sdfootnote145anc\">145<\/a>&nbsp;Ram\u00f3n Campderrich Bravo:&nbsp;<em>Zoonosis: breve nota informativa.&nbsp;<\/em>25 de agosto de 2020&nbsp;<a href=\"http:\/\/www.mientrastanto.org\/boletin-193\/notas\/zoonosis-breve-nota-informativa\">http:\/\/www.mientrastanto.org\/boletin-193\/notas\/zoonosis-breve-nota-informativa<\/a><\/p>\n\n\n\n<p><a href=\"https:\/\/kaosenlared.net\/la-covid-19-el-sentido-comun-y-la-politica-iii-de-iii\/#sdfootnote146anc\">146<\/a>&nbsp;Michael L\u00f6wy:&nbsp;<em>Ecosocialismo y\/o decrecimiento.&nbsp;<\/em>30 de octubre de 2020&nbsp;<a href=\"https:\/\/vientosur.info\/ecosocialismo-y-o-decrecimiento\/\">https:\/\/vientosur.info\/ecosocialismo-y-o-decrecimiento\/<\/a><\/p>\n\n\n\n<p><a href=\"https:\/\/kaosenlared.net\/la-covid-19-el-sentido-comun-y-la-politica-iii-de-iii\/#sdfootnote147anc\">147<\/a>&nbsp;G. Foladori,&nbsp;<em>Entre la complejidad y la dial\u00e9ctica de la naturaleza. Volviendo sobre los pasos de Engels,<\/em>&nbsp;Cuadernos de Amigos de la Unesco, Caun, Madrid, 1997, pp. 8 y ss.<\/p>\n\n\n\n<p><a href=\"https:\/\/kaosenlared.net\/la-covid-19-el-sentido-comun-y-la-politica-iii-de-iii\/#sdfootnote148anc\">148<\/a>&nbsp;Engels:&nbsp;<em>Anti-D\u00fchring<\/em>, Grijalbo, M\u00e9xico, 1968, pp.149-150.<\/p>\n\n\n\n<p><a href=\"https:\/\/kaosenlared.net\/la-covid-19-el-sentido-comun-y-la-politica-iii-de-iii\/#sdfootnote149anc\">149<\/a>&nbsp;Marx: \u00abCarta a Engels, 7 de julio de 1866\u00bb.&nbsp;<em>Cartas sobre El Capital.&nbsp;<\/em>Ediciones Bolsillo. Barcelona, 1974. P. 119.<\/p>\n","protected":false},"excerpt":{"rendered":"<p>I\u00f1aki Gil De San Vicente Fuente: Kaos en la Red \u00abEl hombre necio gusta de pasmarse ante cualquier razonamiento\u00bb1 \u00abEn c\u00edrculos intelectuales burgueses se tiene en gran estima al sentido com\u00fan como m\u00e9todo de pensamiento y gu\u00eda de acci\u00f3n [\u2026] Lamentablemente, los ide\u00f3logos burgueses y peque\u00f1o- burgueses nos informan poco sobre el contenido l\u00f3gico del [&hellip;]<\/p>\n","protected":false},"author":1,"featured_media":1005,"comment_status":"open","ping_status":"open","sticky":false,"template":"","format":"standard","meta":{"footnotes":""},"categories":[4],"tags":[],"_links":{"self":[{"href":"http:\/\/www.movimientocaamanista.com\/index.php?rest_route=\/wp\/v2\/posts\/3338"}],"collection":[{"href":"http:\/\/www.movimientocaamanista.com\/index.php?rest_route=\/wp\/v2\/posts"}],"about":[{"href":"http:\/\/www.movimientocaamanista.com\/index.php?rest_route=\/wp\/v2\/types\/post"}],"author":[{"embeddable":true,"href":"http:\/\/www.movimientocaamanista.com\/index.php?rest_route=\/wp\/v2\/users\/1"}],"replies":[{"embeddable":true,"href":"http:\/\/www.movimientocaamanista.com\/index.php?rest_route=%2Fwp%2Fv2%2Fcomments&post=3338"}],"version-history":[{"count":1,"href":"http:\/\/www.movimientocaamanista.com\/index.php?rest_route=\/wp\/v2\/posts\/3338\/revisions"}],"predecessor-version":[{"id":3339,"href":"http:\/\/www.movimientocaamanista.com\/index.php?rest_route=\/wp\/v2\/posts\/3338\/revisions\/3339"}],"wp:featuredmedia":[{"embeddable":true,"href":"http:\/\/www.movimientocaamanista.com\/index.php?rest_route=\/wp\/v2\/media\/1005"}],"wp:attachment":[{"href":"http:\/\/www.movimientocaamanista.com\/index.php?rest_route=%2Fwp%2Fv2%2Fmedia&parent=3338"}],"wp:term":[{"taxonomy":"category","embeddable":true,"href":"http:\/\/www.movimientocaamanista.com\/index.php?rest_route=%2Fwp%2Fv2%2Fcategories&post=3338"},{"taxonomy":"post_tag","embeddable":true,"href":"http:\/\/www.movimientocaamanista.com\/index.php?rest_route=%2Fwp%2Fv2%2Ftags&post=3338"}],"curies":[{"name":"wp","href":"https:\/\/api.w.org\/{rel}","templated":true}]}}