{"id":3421,"date":"2020-11-25T11:18:04","date_gmt":"2020-11-25T11:18:04","guid":{"rendered":"http:\/\/www.movimientocaamanista.com\/?p=3421"},"modified":"2020-11-25T11:18:06","modified_gmt":"2020-11-25T11:18:06","slug":"la-autocritica-necesaria-no-basta-con-tener-el-gobierno-hay-que-tener-el-poder-popular","status":"publish","type":"post","link":"http:\/\/www.movimientocaamanista.com\/?p=3421","title":{"rendered":"La autocr\u00edtica necesaria: \u201cNo basta con tener el gobierno, hay que tener el poder popular\u201d"},"content":{"rendered":"\n<p>Alina Duarte<\/p>\n\n\n\n<p>Fuente: <a href=\"https:\/\/rebelion.org\/la-autocritica-necesaria-no-basta-con-tener-el-gobierno-hay-que-tener-el-poder-popular\/\">Rebeli\u00f3n<\/a><\/p>\n\n\n\n<p><strong>Aunque la ultraderecha y sus grupos paramilitares buscaron impedirlo por todas las v\u00edas posibles, Luis Arce Catacora asumi\u00f3 la presidencia de Bolivia y Evo Morales dej\u00f3 el exilio para volver a casa.<\/strong><\/p>\n\n\n\n<p>Luego de un a\u00f1o de profunda crisis econ\u00f3mica, pol\u00edtica y social, consecuencia de un golpe de Estado y un gobierno de facto caracterizado por su \u00edmpetu represivo, racista y de corrupci\u00f3n, el pueblo boliviano tiene de nuevo un gobierno democr\u00e1ticamente electo. Con ello, se abren los caminos, debates y propuestas de acci\u00f3n para retomar y fortalecer el llamado \u201cproceso de cambio\u201d inaugurado en el a\u00f1o 2006 con la llegada de Evo Morales a la presidencia.<\/p>\n\n\n\n<p>Sin embargo, m\u00e1s all\u00e1 del demoledor 55,11% en las urnas en las pasadas elecciones del 18 de octubre, es importante se\u00f1alar que Bolivia no respira vientos de continuidad sino de cambio. La resistencia, las organizaciones y los movimientos sociales se han oxigenado, renovado y fortalecido luego de decenas de muertos, perseguidos pol\u00edticos y exiliados, incluido el mismo ex presidente Evo Morales.<\/p>\n\n\n\n<p>Pero aunque Evo, su ex gabinete, el Movimiento Al Socialismo (MAS) y en general el pueblo, vuelven al Palacio de Gobierno con la cabeza en alto y con el respaldo de millones, la autocr\u00edtica parece ser la carta m\u00e1s fuerte que el MAS tiene para avanzar. Es tambi\u00e9n la lecci\u00f3n m\u00e1s grande para ofrecer a la regi\u00f3n y a los procesos de emancipaci\u00f3n popular que sortean los dilemas de lo que parece esbozar una segunda ola progresista en la regi\u00f3n latinoamericana.<\/p>\n\n\n\n<p><strong>La autocr\u00edtica y el poder popular<\/strong><\/p>\n\n\n\n<p>El MAS, formalmente MAS-IPSP (Instrumento Pol\u00edtico por la Soberan\u00eda de los Pueblos), retorna al poder y se enfrenta a un gran reto, volver a los or\u00edgenes de lo que, si bien al exterior se proyecta o se entiende como un partido pol\u00edtico, a lo interno se prioriza el apellido, el \u201cinstrumento pol\u00edtico\u201d. Este \u00faltimo, hoy se reconfigura para disputar el poder a la par que permita formar cuadros y combatir los rezagos del golpismo y los errores del proceso de cambio.<\/p>\n\n\n\n<p>\u201cNecesitamos un instrumento que nos ayude a luchar por la revoluci\u00f3n y por el poder (\u2026) Se sabe qu\u00e9 es lo que ya no queremos: racismo, oligarcas, exclusi\u00f3n, pero necesitamos construir con la gente el socialismo comunitario y por eso hay que seguir luchando\u201d, dice el soci\u00f3logo y quien fuera el encargado de la formaci\u00f3n ciudadana en la Vicepresidencia del Estado Plurinacional, Juan Carlos Pinto Quintanilla, durante una entrevista de la autora en La Paz, tres d\u00edas despu\u00e9s de los comicios presidenciales que dieron la victoria al binomio Arce-Choquehuanca.<\/p>\n\n\n\n<p>Durante la charla, la autocr\u00edtica y el reconocimiento de los errores que permitieron que se asestara un golpe de Estado, a pesar de la solidez que se cre\u00eda tener institucionalmente, es una constante, siendo fundamental en el an\u00e1lisis el rol de la poblaci\u00f3n.<\/p>\n\n\n\n<p><strong>No basta con tener gobierno<\/strong><\/p>\n\n\n\n<p>\u201cNecesitamos no solo la voluntad de la gente para sostener el proceso, tambi\u00e9n su repolitizaci\u00f3n. Significa que las dirigencias en este camino paralelo tienen que irse renovando, se tienen que fortalecer porque siempre se ha pensado que es suficiente con que estemos en el gobierno. Se ha visto que no era suficiente hacer obras [de infraestructura] si no existe consciencia de la gente sobre lo que iban a defender, y para defender tienen que tener una percepci\u00f3n del horizonte pol\u00edtico sobre el que hay que trabajar y construir con ellos. Por eso tambi\u00e9n estamos empujando el tema del poder popular como un eje importante que se debe construir, no basta con tener el gobierno. Hay que ver c\u00f3mo lo descentralizamos para que el poder real est\u00e9 en la gente\u201d.<\/p>\n\n\n\n<p><strong>La complejidad a la que se enfrentan es evidente<\/strong><\/p>\n\n\n\n<p>El Movimiento Al Socialismo no naci\u00f3 como un partido y a lo interno se manifiesta la pluralidad de posturas pol\u00edticas que si bien aportaron a la victoria, g\u00e9nesis y conformaci\u00f3n del proceso de cambio, \u201cel ser justamente tan diverso ha generado una debilidad de no fortalecer un eje de discusi\u00f3n\u201d, dice Pinto Quintanilla.\u201cTodos han participado desde su perspectiva, desde su visi\u00f3n para construir un mundo alternativo al neoliberal pero a veces esa construcci\u00f3n no es suficiente en la medida en que ya en este gobierno progresista que hemos tenido. Los ejes vuelven a ser el mercado capitalista y vuelven a ser el llenar necesidades fundamentales de la gente pero no en ir m\u00e1s all\u00e1 del capitalismo\u201d, se\u00f1ala Pinto Quintanilla.<\/p>\n\n\n\n<p>En estos claroscuros coincide Am\u00e9rica Maceda Llanque, quien forma parte del Feminismo Comunitario Abya Yala: \u201cLa autocr\u00edtica es lo que m\u00e1s tenemos para ofrecer\u201d.<\/p>\n\n\n\n<p>Agrega que \u201chay que ser cr\u00edticas y autocr\u00edticas dentro del proceso de cambio. Si bien se han mejorado las condiciones materiales de la poblaci\u00f3n, esto no ha sido acompa\u00f1ado por un proceso de formaci\u00f3n pol\u00edtica, de conciencia, de autoconsciencia y de autocr\u00edtica, y por eso tambi\u00e9n los errores los hemos tenido que pagar el pueblo boliviano\u201d.<\/p>\n\n\n\n<p>Cabe se\u00f1alar que mientras Bolivia fue uno de los pa\u00edses con mayor crecimiento econ\u00f3mico de la regi\u00f3n durante la \u00faltima d\u00e9cada (crecimiento anual del PIB de 4.9% entre 2006 y 2019), al recorrer las calles de La Paz, las y los militantes del MAS tienen claro que el crecimiento y desarrollo econ\u00f3mico (donde uno de sus art\u00edfices principales fue precisamente Luis Arce), no fueron suficientes para sostener un proceso que permiti\u00f3, con relativa facilidad, un golpe de Estado.<\/p>\n\n\n\n<p><strong>Un l\u00edder comunitario al poder y el efecto de desmovilizaci\u00f3n<\/strong><\/p>\n\n\n\n<p>Pero descifrar con precisi\u00f3n cient\u00edfica y bistur\u00ed qu\u00e9 permiti\u00f3 en Bolivia un golpe de esta magnitud, no es tarea f\u00e1cil. Sin embargo Am\u00e9rica Maceda esboza algunos de los factores: la desmovilizaci\u00f3n de los movimientos sociales, la burocratizaci\u00f3n y hasta la derechizaci\u00f3n de ciertos sectores dentro del Gobierno:<\/p>\n\n\n\n<p>\u201cLos 14 a\u00f1os nos han desmovilizado a las organizaciones sociales a pesar de que tenemos una historia y una memoria sindical org\u00e1nica muy fuerte en Bolivia y una lucha espec\u00edficamente contra quienes ten\u00edan el poder que era una clase social dominante, una clase pol\u00edtica que respond\u00eda a una realidad colonial, capitalista, la \u00e9lite del pa\u00eds Unos pocos que gobernaban y que pr\u00e1cticamente exclu\u00edan a la mayor parte de la poblaci\u00f3n que era ind\u00edgena originario-campesina. F\u00edsicamente ten\u00edamos al enemigo en el Estado, en el poder (\u2026) Identificabas f\u00edsicamente d\u00f3nde estaba tu enemigo, era quien ostentaba el poder\u201d, explica Maceda. \u201cPero cuando uno de nosotros, un hermano, un dirigente cocalero, un dirigente ind\u00edgena campesino, ind\u00edgena originario, asume el poder a trav\u00e9s de un proceso democr\u00e1tico, de una revoluci\u00f3n democr\u00e1tica y cultural como la hemos llamado, el enemigo ya no est\u00e1 f\u00edsicamente ah\u00ed y lo perdemos de vista f\u00edsicamente. Nos desmovilizamos, cuando en realidad el enemigo segu\u00eda ah\u00ed, segu\u00eda siendo el capitalismo, el patriarcado, el colonialismo pero no lo pod\u00edamos identificar f\u00edsicamente\u201d. Agrega que \u201centonces, no le pod\u00edas hacer una movilizaci\u00f3n a tu compa\u00f1ero hermano presidente, no le pod\u00edas hacer una protesta, una marcha. Yeso ha burocratizado tambi\u00e9n a las organizaciones sociales\u201d.<\/p>\n\n\n\n<p>Un a\u00f1o despu\u00e9s del golpe, los errores, las cr\u00edticas sobre el escenario previo y posterior abonan a una nueva discusi\u00f3n, la de las tareas y retos al que se enfrentan tras unos comicios electorales que dieron una aplastante victoria al MAS.<\/p>\n\n\n\n<p><strong>\u201cLas revoluciones las hacemos los pueblos organizados\u201d<\/strong><\/p>\n\n\n\n<p>\u201cLa tarea de las organizaciones sociales era seguir profundizando el proceso de cambio, seguir mandatando, decirle al gobierno, que es compa\u00f1ero y amigo, qu\u00e9 es lo que ten\u00eda que hacer y esa es la parte que nos toca ahora asumir a nosotros. Si bien el gobierno como tal se ha burocratizado y se ha derechizado en su momento con pol\u00edticas que eran contradictorias con lo que se planteaba del vivir bien -errores que se han cometido-, por otro lado, la poblaci\u00f3n, las organizaciones sociales, los movimientos sociales han entrado en esa l\u00f3gica de querer ser gobierno cuando la tarea fundamental para nosotras por lo menos, es hacer la revoluci\u00f3n democr\u00e1tica cultural que es el camino que hemos elegido como proceso de cambio boliviano porque sabemos que los gobiernos no hacen las revoluciones, las revoluciones las hacemos los pueblos, los pueblos organizados\u201d.<\/p>\n\n\n\n<p>Seg\u00fan este an\u00e1lisis, ser un \u201cmovimiento de movimientos\u201d que conquiste el poder popular, sigue siendo un gran reto.<\/p>\n\n\n\n<p><strong>Los otros factores clave<\/strong><\/p>\n\n\n\n<p>A veces dejados de lado, no quisi\u00e9ramos omitir dos factores a consideraci\u00f3n sobre todo para ser tomados en cuenta para quienes adoptan una agenda anticapitalista, antiimperialista, antifascista, en defensa de la vida, en distintas latitudes del planeta.<\/p>\n\n\n\n<p>El primero, es la solidaridad internacional. La necesidad de replantearse la existencia de organismos internacionales y regionales como el ALBA y la UNASUR, desarticulados por gobiernos de derecha en la regi\u00f3n que por su parte se reconfiguraron en torno a la injerencia e intervencionismo como la Organizaci\u00f3n de Estados Americanos y su Grupo de Lima, retumb\u00f3 fuerte.<\/p>\n\n\n\n<p>La necesidad de que M\u00e9xico tomara una postura decisiva y sin titubeos durante el golpe de Estado y a una Argentina que reci\u00e9n llegaba al poder mediando la salida de Evo Morales por su territorio, deber\u00edan encender todas las alertas de que sin organizaci\u00f3n internacionalista, la desarticulaci\u00f3n fascista e imperialista de las batallas progresistas es m\u00e1s f\u00e1cil.<\/p>\n\n\n\n<p>Pero no s\u00f3lo a nivel gubernamental, la solidaridad internacional mostr\u00f3 que la presi\u00f3n en embajadas, debates, pronunciamientos y campa\u00f1as en redes sociales ejercieron en primer t\u00e9rmino una visibilizaci\u00f3n del golpismo y en segundo, una presi\u00f3n clave sobre organismos y gobiernos orquestadores o legitimadores de las atrocidades del gobierno de facto de Jeanine A\u00f1ez.<\/p>\n\n\n\n<p>El segundo factor, pero no menor, fue el del periodismo que se neg\u00f3 a llamar \u201crenuncia\u201d al golpe de Estado, que a pesar del bloqueo medi\u00e1tico internacional disput\u00f3 las narrativas impuestas por los grandes medios corporativos y organismos internacionales voceros de los intereses de la oligarqu\u00eda.<\/p>\n\n\n\n<p>Mientras el gobierno de facto apresur\u00f3 el paso en sacar del aire a medios internacionales como Telesur y RT, y en cerrar estaciones de televisi\u00f3n y radio e imponer una nueva l\u00ednea editorial en los medios de comunicaci\u00f3n, las redes sociales lograron romper el cerco medi\u00e1tico. Medios como Kawsachun Coca y su versi\u00f3n en ingl\u00e9s Kawsachun News, autofinanciadas por las Federaciones del Tr\u00f3pico de Cochabamba, pese al asedio, continuaron su labor.<\/p>\n\n\n\n<p><strong>Los riesgos post-golpe<\/strong><\/p>\n\n\n\n<p>Estar resistiendo un golpe de Estado les ha fortalecido ante los planteamientos, sobre todo en redes sociales, sobre la posibilidad que la administraci\u00f3n de Arce-Choquehuanca pueda llegar a tratarse de un gobierno reaccionario como el de Lenin Moreno en Ecuador: las risas de quienes han estado en las barricadas no se hacen esperar. A lo interno del MAS, en las calles y en su militancia parece no existir siquiera ese temor. El proceso de cambio busca descentralizarse. Si bien por una parte tienen dirigentes, por otro, tienen bases movilizadas.<\/p>\n\n\n\n<p>No obstante, los riesgos s\u00ed existen. Los grupos de ultraderecha contin\u00faan organizados. Con oraciones, amenazas, bloqueos y\/o armas, intentaron neutralizar la victoria popular y aferrarse a un golpe de Estado a todas luces derrotado.<\/p>\n\n\n\n<p>Con s\u00edmbolos nazis y discursos de odio, el Comit\u00e9 C\u00edvico Santa Cruz y la Juventud Cochala han encabezado la defensa golpista asegurando sin pruebas, como un a\u00f1o atr\u00e1s, que en el pasado 18 de octubre se ha orquestado un fraude. Y aunque el mismo Tribunal Supremo Electoral, la Organizaci\u00f3n de Estados Americanos y hasta el Departamento de Estado de EE. UU. les ha dado la espalda, no cesan de clamar anomal\u00edas electorales.<\/p>\n\n\n\n<p>Las acciones de los grupos de ultraderecha no se reducen a declaraciones, bloqueos o rezos. A\u00fan desconociendo a los autores materiales e intelectuales, la noche del 5 de noviembre, es decir, una semana despu\u00e9s de los comicios electorales, se registr\u00f3 una explosi\u00f3n en la sede de campa\u00f1a del Movimiento Al Socialismo en La Paz, mientras el entonces candidato electo Luis Arce se encontraba adentro.<\/p>\n\n\n\n<p>Acabar con la impunidad de la que gozaron estos grupos paramilitares tambi\u00e9n deber\u00e1 estar en la agenda del gobierno entrante.<\/p>\n\n\n\n<p><strong>Posdatas para el presente y futuro<\/strong><\/p>\n\n\n\n<p>A su regreso a Bolivia, el pasado 9 de noviembre, frente a cientos de personas que le esperaban en la frontera argentino-boliviana, Evo resumi\u00f3 los retos inmediatos:<\/p>\n\n\n\n<p>\u201cVamos a seguir trabajando. Ahora lo que nos toca es cuidar a Lucho (Luis Arce) Presidente, defender nuestro proceso de cambio. La derecha no muere, no duerme. El imperio siempre est\u00e1 mirando nuestros recursos naturales, pero con esta experiencia, con m\u00e1s fuerza [se] acabaron los tiempos de llorar sin organizarnos. Como siempre, parir nuevos programas sociales, nuevas pol\u00edticas econ\u00f3micas, vamos a levantar con Lucho nuestra econom\u00eda, una econom\u00eda fundamentalmente al servicio de la gente m\u00e1s humilde\u201d.<\/p>\n\n\n\n<p>Y es que bien el golpismo fue derrocado, a\u00fan falta combatir sus rezagos tanto en las fuerzas militares, como en una sociedad profundamente golpeada social y econ\u00f3micamente. Faltar\u00e1 echar abajo las barreras de una democracia burguesa que impide el avance y consolidaci\u00f3n del poder popular, del socialismo comunitario, del llamado Buen Vivir, del Sumak Kawsay (quechua), del Suma Qama\u00f1a (aymara).<\/p>\n\n\n\n<p>Construir dirigencias que manden obedeciendo, que se encuentren a la altura de una sociedad consciente y con las heridas del fascismo a flor de piel. Una reestructuraci\u00f3n de medios de comunicaci\u00f3n comprometidos con la emancipaci\u00f3n de los pueblos. Fortalecer la solidaridad internacionalista tanto gubernamental como entre militantes a favor de la vida y de ese otro mundo posible. Todos estos son algunos de los puntos que hoy Bolivia, quien dio una muestra hist\u00f3rica de dignidad al mundo, a\u00fan tiene en el tintero.<\/p>\n\n\n\n<p>Si quienes militan por la vida y ese otro mundo posible desde el periodismo, la academia, los barrios, las f\u00e1bricas, las organizaciones y movimientos sociales, las comunas y las distintas trincheras dentro y fuera de las instituciones, no rescatan los errores, cr\u00edticas, los debates y lecciones de quienes vencieron al fascismo en pleno siglo XXI, que no nos sorprenda que la ultraderecha, con un nuevo rostro, vuelva a costarnos sangre, muerte y desesperanza.<\/p>\n","protected":false},"excerpt":{"rendered":"<p>Alina Duarte Fuente: Rebeli\u00f3n Aunque la ultraderecha y sus grupos paramilitares buscaron impedirlo por todas las v\u00edas posibles, Luis Arce Catacora asumi\u00f3 la presidencia de Bolivia y Evo Morales dej\u00f3 el exilio para volver a casa. Luego de un a\u00f1o de profunda crisis econ\u00f3mica, pol\u00edtica y social, consecuencia de un golpe de Estado y un [&hellip;]<\/p>\n","protected":false},"author":1,"featured_media":3149,"comment_status":"open","ping_status":"open","sticky":false,"template":"","format":"standard","meta":{"footnotes":""},"categories":[5,3],"tags":[],"_links":{"self":[{"href":"http:\/\/www.movimientocaamanista.com\/index.php?rest_route=\/wp\/v2\/posts\/3421"}],"collection":[{"href":"http:\/\/www.movimientocaamanista.com\/index.php?rest_route=\/wp\/v2\/posts"}],"about":[{"href":"http:\/\/www.movimientocaamanista.com\/index.php?rest_route=\/wp\/v2\/types\/post"}],"author":[{"embeddable":true,"href":"http:\/\/www.movimientocaamanista.com\/index.php?rest_route=\/wp\/v2\/users\/1"}],"replies":[{"embeddable":true,"href":"http:\/\/www.movimientocaamanista.com\/index.php?rest_route=%2Fwp%2Fv2%2Fcomments&post=3421"}],"version-history":[{"count":1,"href":"http:\/\/www.movimientocaamanista.com\/index.php?rest_route=\/wp\/v2\/posts\/3421\/revisions"}],"predecessor-version":[{"id":3422,"href":"http:\/\/www.movimientocaamanista.com\/index.php?rest_route=\/wp\/v2\/posts\/3421\/revisions\/3422"}],"wp:featuredmedia":[{"embeddable":true,"href":"http:\/\/www.movimientocaamanista.com\/index.php?rest_route=\/wp\/v2\/media\/3149"}],"wp:attachment":[{"href":"http:\/\/www.movimientocaamanista.com\/index.php?rest_route=%2Fwp%2Fv2%2Fmedia&parent=3421"}],"wp:term":[{"taxonomy":"category","embeddable":true,"href":"http:\/\/www.movimientocaamanista.com\/index.php?rest_route=%2Fwp%2Fv2%2Fcategories&post=3421"},{"taxonomy":"post_tag","embeddable":true,"href":"http:\/\/www.movimientocaamanista.com\/index.php?rest_route=%2Fwp%2Fv2%2Ftags&post=3421"}],"curies":[{"name":"wp","href":"https:\/\/api.w.org\/{rel}","templated":true}]}}