{"id":3427,"date":"2020-11-30T00:32:47","date_gmt":"2020-11-30T00:32:47","guid":{"rendered":"http:\/\/www.movimientocaamanista.com\/?p=3427"},"modified":"2020-11-30T00:32:48","modified_gmt":"2020-11-30T00:32:48","slug":"exigen-renuncia-de-ginammattei-quien-pide-apoyo-de-almagro","status":"publish","type":"post","link":"http:\/\/www.movimientocaamanista.com\/?p=3427","title":{"rendered":"Exigen renuncia de Ginammattei, quien pide apoyo de Almagro"},"content":{"rendered":"\n<p>Gerardo Villagr\u00e1n del Corral<\/p>\n\n\n\n<p>Fuente: <a href=\"https:\/\/rebelion.org\/exigen-renuncia-de-ginammattei-quien-pide-apoyo-de-almagro\/\">Rebeli\u00f3n<\/a><\/p>\n\n\n\n<p>Miles de guatemaltecos siguen en las calles en reclamo de la renuncia del presidente conservador Alejandro Giammattei, a quien reprochan no destinar suficientes recursos a combatir la pobreza y la desigualdad, mientras \u00e9ste continu\u00f3 la dura represi\u00f3n e invoc\u00f3 la Carta Democr\u00e1tica Interamericana.<\/p>\n\n\n\n<p>Aprobada en 2001, la citada carta implementa una serie de medidas para restablecer el orden democr\u00e1tico en las naciones que la invocan, y para garantizar el respeto a los derechos humanos fundamentales. Giammattei a\u00f1adi\u00f3 que se comunic\u00f3 con el secretario general de la Organizaci\u00f3n de Estados Americanos (OEA), Luis Almagro, para hacer valer el di\u00e1logo, y expres\u00f3 su apertura a una negociaci\u00f3n inclusiva que propicie un entendimiento entre los sectores de la sociedad.<\/p>\n\n\n\n<p>La situaci\u00f3n de gran inestabilidad pol\u00edtica estall\u00f3 luego de que el s\u00e1bado una enorme manifestaci\u00f3n popular realizada en la parte hist\u00f3rica de Ciudad de Guatemala, la capital, finalizara con numerosos incidentes y con el incendio de parte de las instalaciones del edificio en que funciona el Parlamento.<\/p>\n\n\n\n<p>Hay sospechas de que fue una operaci\u00f3n planeada por el gobierno para quitarle legitimidad a las protestas. Quienes asaltaron el edificio legislativo iban vestidos de negro y llevaban palos para romper las ventanas del edificio, pero en ning\u00fan momento fueron detenidos por los polic\u00edas presentes en el lugar, de acuerdo a lo que inform\u00f3 el diario guatemalteco&nbsp;<em>El Peri\u00f3dico<\/em>.<\/p>\n\n\n\n<p>Una suspicacia adicional caus\u00f3 el hecho de que el Congreso el s\u00e1bado no estaba vallado, como s\u00ed lo hab\u00eda estado horas antes de la aprobaci\u00f3n del presupuesto. Referentes pol\u00edticos y sociales del pa\u00eds expresaron que las acciones vand\u00e1licas en el Parlamento pretenden quitarle legitimidad a la enorme manifestaci\u00f3n, que se llev\u00f3 a cabo en un clima general de tranquilidad hasta la violenta irrupci\u00f3n de la Polic\u00eda<\/p>\n\n\n\n<p>Seg\u00fan cifras oficiales, uno de cada dos ni\u00f1os menores de cinco a\u00f1os sufre de desnutrici\u00f3n cr\u00f3nica en el pa\u00eds, y casi 60% de la poblaci\u00f3n guatemalteca vive por debajo de la l\u00ednea de pobreza.<\/p>\n\n\n\n<p>El mandatario anunci\u00f3 que los actos de protesta no son sino un medio a trav\u00e9s del cual grupos minoritarios buscan forzar un verdadero golpe de Estado. En un comunicado previo, la OEA reconoci\u00f3 el derecho a protestar, pero se pronunci\u00f3 en contra del vandalismo denunciado por autoridades, el cual ha sido negado por voceros de los manifestantes.<\/p>\n\n\n\n<p>La Alianza por las Reformas \u2013que congrega a 40 organizaciones sociales\u2013 exigi\u00f3 la renuncia del ministro de Gobierno, Gendri Reyes, tras la represi\u00f3n del s\u00e1bado. El vicepresidente, Guillermo Castillo, que se hab\u00eda desmarcado de Giammattei y le reclam\u00f3 su dimisi\u00f3n, pidi\u00f3 al Ministerio P\u00fablico que investigue la quema de oficinas del Congreso pero tambi\u00e9n la represi\u00f3n policial.<\/p>\n\n\n\n<p>El presupuesto aprobado deja amplios espacios para la corrupci\u00f3n \u2013un mal profundamente enquistado en el pa\u00eds\u2013 porque no estipula mecanismos de control apropiados para garantizar el debido uso de los recursos, otorg\u00e1ndole m\u00e1s recursos a ministerios que han sido focos de enormes irregularidades en los \u00faltimos a\u00f1os, como los de&nbsp;Comunicaciones, Infraestructura y Vivienda.<\/p>\n\n\n\n<p>La protesta del s\u00e1bado dej\u00f3 un saldo de al menos 15 manifestantes y 12 polic\u00edas heridos, y m\u00e1s de una treintena de detenidos. La represi\u00f3n policial se extendi\u00f3 a varios departamentos del pa\u00eds.<\/p>\n\n\n\n<p>El Congreso aprob\u00f3 pr\u00e9stamos por m\u00e1s de 3 mil 800 millones de d\u00f3lares para atender la pandemia, pero apenas 15 por ciento de esos recursos lleg\u00f3 a los guatemaltecos. La &nbsp;&nbsp; &nbsp;Covid-19 ha dejado casi 120 mil contagios y m\u00e1s de cuatro mil muertos en este pa\u00eds de 17 millones de habitantes.<\/p>\n\n\n\n<p><strong>El porqu\u00e9 de las protestas<\/strong><\/p>\n\n\n\n<p>El Congreso, en su mayor\u00eda integrado por el oficialismo y partidos afines, aprob\u00f3 un presupuesto para 2021 de casi 12 mil 800 millones de d\u00f3lares, 25 por ciento m\u00e1s abultado que el de este a\u00f1o. La mayor\u00eda de los fondos est\u00e1n dirigidos a infraestructuras con el sector privado y no prev\u00e9 aumentos para salud ni educaci\u00f3n, ni tampoco para combatir la pobreza y la desnutrici\u00f3n infantil.<\/p>\n\n\n\n<p>El Congreso tambi\u00e9n se design\u00f3 unos 65 mil d\u00f3lares para comidas de diputados, algo que indign\u00f3 a la poblaci\u00f3n porque en ese momento la tormenta&nbsp;<em>Iota<\/em>&nbsp;entraba al pa\u00eds causando destrozos, dejando incomunicadas y sin alimentos a comunidades pobres \u2013ya afectadas por el paso reciente de otro potente meteoro&nbsp;<em>Eta<\/em>\u2013 que dejaron 59 muertos y casi 100 desaparecidos.<\/p>\n\n\n\n<p>Todo ello se produjo en un contexto en el que los hospitales est\u00e1n sin medicinas, los m\u00e9dicos sin pagos y los n\u00fameros de afectados por la pandemia suben. La econom\u00eda se ha resentido, decenas de miles de personas han perdido sus trabajos y los precios de alimentos y otros bienes han subido.<\/p>\n\n\n\n<p>Por ello, se convoc\u00f3 a manifestar a distintas \u201cplazas\u201d del pa\u00eds, incluyendo la \u201cPlaza de la Constituci\u00f3n\u201d (antiguo Parque Central), exigiendo la renuncia del presidente y de los congresistas, el cese a la corrupci\u00f3n y la anulaci\u00f3n del presupuesto 2021. Pero tambi\u00e9n se portaban miles de carteles con la exigencia de una Asamblea Constituyente.<\/p>\n\n\n\n<p>Las interrogantes se repiten: \u00bfSe est\u00e1 a las puertas de otro ciclo de protestas similar al de 2015, cuando se produjeron multitudinarias manifestaciones contra la corrupci\u00f3n del gobierno de Otto P\u00e9rez Molina y Roxana Baldetti? &nbsp;\u00bfAlcanzar\u00e1 niveles de confrontaci\u00f3n violentos?<\/p>\n\n\n\n<p>Lo que queda claro es que existe un sentimiento de c\u00f3lera e indignaci\u00f3n en contra del gobierno, que fue expresado de distintas formas (pac\u00edficas y violentas), mientras \u00e9ste no puede ni quiere dar una respuesta a las exigencias ciudadanas&nbsp; intenta ampararse en la OEA para reprimir \u201cdemocr\u00e1ticamente\u201d al pueblo.<\/p>\n","protected":false},"excerpt":{"rendered":"<p>Gerardo Villagr\u00e1n del Corral Fuente: Rebeli\u00f3n Miles de guatemaltecos siguen en las calles en reclamo de la renuncia del presidente conservador Alejandro Giammattei, a quien reprochan no destinar suficientes recursos a combatir la pobreza y la desigualdad, mientras \u00e9ste continu\u00f3 la dura represi\u00f3n e invoc\u00f3 la Carta Democr\u00e1tica Interamericana. Aprobada en 2001, la citada carta [&hellip;]<\/p>\n","protected":false},"author":1,"featured_media":3428,"comment_status":"open","ping_status":"open","sticky":false,"template":"","format":"standard","meta":{"footnotes":""},"categories":[5,3],"tags":[],"_links":{"self":[{"href":"http:\/\/www.movimientocaamanista.com\/index.php?rest_route=\/wp\/v2\/posts\/3427"}],"collection":[{"href":"http:\/\/www.movimientocaamanista.com\/index.php?rest_route=\/wp\/v2\/posts"}],"about":[{"href":"http:\/\/www.movimientocaamanista.com\/index.php?rest_route=\/wp\/v2\/types\/post"}],"author":[{"embeddable":true,"href":"http:\/\/www.movimientocaamanista.com\/index.php?rest_route=\/wp\/v2\/users\/1"}],"replies":[{"embeddable":true,"href":"http:\/\/www.movimientocaamanista.com\/index.php?rest_route=%2Fwp%2Fv2%2Fcomments&post=3427"}],"version-history":[{"count":1,"href":"http:\/\/www.movimientocaamanista.com\/index.php?rest_route=\/wp\/v2\/posts\/3427\/revisions"}],"predecessor-version":[{"id":3429,"href":"http:\/\/www.movimientocaamanista.com\/index.php?rest_route=\/wp\/v2\/posts\/3427\/revisions\/3429"}],"wp:featuredmedia":[{"embeddable":true,"href":"http:\/\/www.movimientocaamanista.com\/index.php?rest_route=\/wp\/v2\/media\/3428"}],"wp:attachment":[{"href":"http:\/\/www.movimientocaamanista.com\/index.php?rest_route=%2Fwp%2Fv2%2Fmedia&parent=3427"}],"wp:term":[{"taxonomy":"category","embeddable":true,"href":"http:\/\/www.movimientocaamanista.com\/index.php?rest_route=%2Fwp%2Fv2%2Fcategories&post=3427"},{"taxonomy":"post_tag","embeddable":true,"href":"http:\/\/www.movimientocaamanista.com\/index.php?rest_route=%2Fwp%2Fv2%2Ftags&post=3427"}],"curies":[{"name":"wp","href":"https:\/\/api.w.org\/{rel}","templated":true}]}}