{"id":3464,"date":"2020-12-04T10:50:20","date_gmt":"2020-12-04T10:50:20","guid":{"rendered":"http:\/\/www.movimientocaamanista.com\/?p=3464"},"modified":"2020-12-15T01:27:25","modified_gmt":"2020-12-15T01:27:25","slug":"la-doble-vida-de-friedrich-engels-el-hombre-sin-el-que-quizas-no-habrias-oido-hablar-de-karl-marx","status":"publish","type":"post","link":"http:\/\/www.movimientocaamanista.com\/?p=3464","title":{"rendered":"La doble vida de Friedrich Engels, el hombre sin el que quiz\u00e1s no habr\u00edas o\u00eddo hablar de Karl Marx"},"content":{"rendered":"\n<p>Dalia Ventura<\/p>\n\n\n\n<p>Fuente: <a href=\"https:\/\/kaosenlared.net\/la-doble-vida-de-friedrich-engels-el-hombre-sin-el-que-quizas-no-habrias-oido-hablar-de-karl-marx\/\">Kaos en la Red<\/a><\/p>\n\n\n\n<p>Un empresario industrial amante del champ\u00e1n que disfrutaba de la cacer\u00eda de zorros, un cr\u00edtico literario y un distinguido caballero victoriano\u2026 no suena como una descripci\u00f3n del t\u00edpico defensor de la revoluci\u00f3n proletaria o del coautor del Manifiesto Comunista.<\/p>\n\n\n\n<p>Sin embargo, Friedrich Engels era todas esas cosas y m\u00e1s.<\/p>\n\n\n\n<p>Aunque se mantuvo deliberadamente a la sombra de su compa\u00f1ero de armas, Karl Marx, sin \u00e9l uno de los pensadores m\u00e1s influyentes de nuestra \u00e9poca y la inspiraci\u00f3n de movimientos socialistas y comunistas en todo el mundo podr\u00eda haber sido poco m\u00e1s que un oscuro intelectual alem\u00e1n.<\/p>\n\n\n\n<p><strong>Y el siglo XX podr\u00eda haber tomado un rumbo muy distinto<\/strong><\/p>\n\n\n\n<p>Fue Engels quien posibilit\u00f3 que escribiera sus principales obras, de hecho \u00e9l mismo escribi\u00f3 un par de cl\u00e1sicos, y constantemente le daba a Marx ideas cruciales, an\u00e1lisis e informaci\u00f3n detallada\u2026 adem\u00e1s de dinero.<\/p>\n\n\n\n<p>Entre tanto, viv\u00eda una vida doble, pase\u00e1ndose sin problema entre ricos capitalistas y trabajadores indigentes; luchando por un cambio revolucionario mientras ganaba una fortuna en el mercado de valores.<\/p>\n\n\n\n<p>Sin importar si te fascina o detestas la ideolog\u00eda, este socio de Marx es un hombre al que merece la pena conocer.<\/p>\n\n\n\n<p><strong>Un chico rebelde<\/strong><\/p>\n\n\n\n<p>La vida de Engels abarc\u00f3 la mayor parte del siglo XIX -de 1820 a 1895- as\u00ed que fue testigo, y part\u00edcipe, de los enormes cambios sociales y pol\u00edticos que se extendieron por Europa durante esa \u00e9poca.<\/p>\n\n\n\n<p>Naci\u00f3 hace 200 a\u00f1os en la ciudad prusiana de Barmen, en el seno de una familia muy pr\u00f3spera y muy piadosa, dos caracter\u00edsticas que determinaron el curso de su vida.<\/p>\n\n\n\n<p><strong>Se rebel\u00f3 contra ambas<\/strong>&nbsp;usando la pluma, la cual empu\u00f1\u00f3 desde temprana edad, escribiendo desde poemas que denunciaban injusticias hasta un libreto para una \u00f3pera infantil sobre el derrocamiento de una oligarqu\u00eda corrupta en la Roma medieval.<\/p>\n\n\n\n<figure class=\"wp-block-image\"><img decoding=\"async\" src=\"https:\/\/news.files.bbci.co.uk\/include\/idt2\/assets\/897ac729-b1eb-49d7-acda-07dc06a0e19f\" alt=\"Padre de Engels\"\/><figcaption>Se ha vuelto m\u00e1s educado, exteriormente, pero a pesar de los severos castigos, ni siquiera el miedo a ellos parece ense\u00f1arle la obediencia incondicional\u201d Friedrich Engels Padre<\/figcaption><\/figure>\n\n\n\n<p>Cuando ten\u00eda 18 a\u00f1os, su padre, cansado de lidiar con su revoltoso hijo, lo envi\u00f3 a Bremen a entrenarse en una firma de exportaci\u00f3n.<\/p>\n\n\n\n<p><strong>La terrible miseria<\/strong><\/p>\n\n\n\n<p>Fue en Bremen donde Engels empez\u00f3 a desarrollar la habilidad de vivir esa doble vida que garantizar\u00eda que tanto \u00e9l como Marx pudieran dejar su legado.<\/p>\n\n\n\n<p>En p\u00fablico era un aplicado aprendiz de negocios, que iba de copas, cantaba en un coro, nadaba a la perfecci\u00f3n, practicaba esgrima y equitaci\u00f3n.<\/p>\n\n\n\n<p>En privado le\u00eda textos liberales y revolucionarios, y escrib\u00eda art\u00edculos period\u00edsticos bajo el alias de Friedrich Oswald, quiz\u00e1s para ahorrarle pesares a su madre.<\/p>\n\n\n\n<figure class=\"wp-block-image\"><img decoding=\"async\" src=\"https:\/\/news.files.bbci.co.uk\/include\/idt2\/assets\/6c21ef0c-9ba2-43ff-88da-e4d5a67114b4\" alt=\"Friedrich Engels\"\/><figcaption>Si no fuera por mi madre, que tiene un excepcional acervo de humanidad y a quien amo, no se me ocurrir\u00eda hacer la m\u00e1s insignificante concesi\u00f3n a mi intolerante y desp\u00f3tico padre\u201d Friedrich Engels<\/figcaption><\/figure>\n\n\n\n<p>Con solo 19 a\u00f1os, escribi\u00f3 sobre la dif\u00edcil situaci\u00f3n de los obreros de las f\u00e1bricas cuyo trabajo estaba \u201c<em><strong>destinado a despojarlos de toda la fuerza y entusiasmo por la vida<\/strong><\/em>\u201c.<\/p>\n\n\n\n<p>Denunci\u00f3 la \u201c<em>terrible miseria entre las clases bajas<\/em>\u201c, particularmente el destino de los ni\u00f1os de edad escolar que, cuenta, \u201c<em>se ven privados de educaci\u00f3n y crecen en las f\u00e1bricas, solo para que el due\u00f1o de la f\u00e1brica no tenga que darle a un adulto, cuyo lugar ocupan, el doble del salario que a un ni\u00f1o<\/em>.<\/p>\n\n\n\n<p>\u201c<em>Los ricos due\u00f1os de las f\u00e1bricas, sin embargo, tienen una conciencia flexible, y causar la muerte de un ni\u00f1o m\u00e1s o menos no condena a un alma pietista al Infierno,&nbsp;<\/em><em><strong>especialmente si va a la iglesia dos veces cada domingo<\/strong><\/em>\u201c.<\/p>\n\n\n\n<p>Esas duras cr\u00edticas a la religi\u00f3n consonaban con las de un grupo de fil\u00f3sofos de izquierda conocidos como&nbsp;<strong>los j\u00f3venes hegelianos<\/strong>&nbsp;(<em>Junghegelianer<\/em>), seguidores del trabajo de Georg Hegel, con los que se mezcl\u00f3 m\u00e1s tarde en Berl\u00edn, a donde fue asignado por el ej\u00e9rcito de Prusia durante su servicio militar.<\/p>\n\n\n\n<p>\u201cHegel ya hab\u00eda muerto, pero segu\u00eda siendo como una estrella de rock filos\u00f3fica\u201d, aclara el polit\u00f3logo alem\u00e1n Christian Krell de la Fundaci\u00f3n Friedrich Ebert, en conversaci\u00f3n con la BBC.<\/p>\n\n\n\n<p>\u201cEngels no s\u00f3lo aprendi\u00f3 de este grupo el laicismo sino tambi\u00e9n la idea de que la historia est\u00e1 dirigida hacia cierta meta, que hay una fuerza guiadora que es esp\u00edritu, raz\u00f3n, etc.\u201d.<\/p>\n\n\n\n<p>Pero luego, un importante evento modific\u00f3 su perspectiva respecto a esto \u00faltimo: su encuentro con uno de los primeros comunistas alemanes, Moses Hess.<\/p>\n\n\n\n<figure class=\"wp-block-image\"><img decoding=\"async\" src=\"https:\/\/i1.wp.com\/ichef.bbci.co.uk\/news\/640\/cpsprodpb\/BEB0\/production\/_115661884_dd877041-bfee-47a0-bff1-34d263175282.jpg?w=640&amp;ssl=1\" alt=\"Friedrich Engels\"\/><figcaption>Hay quienes lo describen como el Che Guevara de su \u00e9poca, pues proven\u00eda de un entorno privilegiado, pero lo rechaz\u00f3 para luchar por la liberaci\u00f3n de los trabajadores, por la justicia y el socialismo.<\/figcaption><\/figure>\n\n\n\n<p>\u201cEngels lleg\u00f3 a la conclusi\u00f3n, tras hablar con Hess, de que no era el idealismo sino el materialismo lo que moldea los eventos de la historia: es la manera en la que la riqueza est\u00e1 distribuida en la sociedad lo que importa, no las ideas o cierto esp\u00edritu\u201d, se\u00f1ala Krell.<\/p>\n\n\n\n<p><strong>En el coraz\u00f3n de la Revoluci\u00f3n Industrial<\/strong><\/p>\n\n\n\n<p>Engels habl\u00f3 con Hess cuando iba camino a Manchester para continuar con su formaci\u00f3n empresarial en Ermer &amp; Engels, una f\u00e1brica copropiedad de su familia.<\/p>\n\n\n\n<p>Si su padre albergaba alguna esperanza de que la lejan\u00eda ayudar\u00eda a borrar sus ideas revolucionarias nacidas en Alemania, no pod\u00eda haberlo mandado a un lugar menos apropiado.<\/p>\n\n\n\n<p>En el Manchester de 1842 se conjugaba&nbsp;<strong>lo m\u00e1s glorioso con lo m\u00e1s nefasto de la era industrial temprana<\/strong>.<\/p>\n\n\n\n<p>A pesar de que en su trabajo se codeaba con los ejecutivos de la textilera, de que su hogar era digno del soltero burgu\u00e9s y de que, como de costumbre, se deleitaba con gustos de un caballero adinerado, el lado m\u00e1s oscuro de esa realidad era omnipresente.<\/p>\n\n\n\n<p>Y Engels pronto tuvo una gu\u00eda ideal para explorarlo: Mary Burns, una inglesa descendiente de irlandeses, nativa de ese mundo desconocido que el joven alem\u00e1n estaba ansioso por descubrir.<\/p>\n\n\n\n<figure class=\"wp-block-image\"><img decoding=\"async\" src=\"https:\/\/i0.wp.com\/ichef.bbci.co.uk\/news\/640\/cpsprodpb\/18200\/production\/_115661889_gettyimages-588178762.jpg?w=640&amp;ssl=1\" alt=\"F\u00e1brica de algod\u00f3n\"\/><figcaption>La vida en el coraz\u00f3n de la Revoluci\u00f3n Industrial era tremendamente ardua para muchos.<\/figcaption><\/figure>\n\n\n\n<p>Para cuando Engels regres\u00f3 a Alemania en 1844 ten\u00eda todo lo necesario para escribir el que se convertir\u00eda en uno de sus libros m\u00e1s conocidos: \u201cLa situaci\u00f3n de la clase obrera en Inglaterra\u201d.<\/p>\n\n\n\n<p>\u201c<em>La \u00fanica diferencia en comparaci\u00f3n con la antigua esclavitud abierta es que el trabajador de&nbsp;<\/em><em>hoy parece&nbsp;<\/em><em>libre porque&nbsp;<\/em><em><strong>no&nbsp;<\/strong><\/em><em><strong>es vendido<\/strong><\/em><em><strong>&nbsp;de una vez por todas, sino poco a poco<\/strong><\/em><em><strong>,<\/strong><\/em><em><strong>&nbsp;por d\u00eda, semana, a\u00f1o<\/strong><\/em>,&nbsp;<em>y porque ning\u00fan due\u00f1o lo vende a otro, sino que&nbsp;<\/em><em><strong>se ve obligado a venderse a s\u00ed mismo<\/strong><\/em>\u201c.<\/p>\n\n\n\n<p>Aunque hab\u00eda otros denunciando las injusticias del capitalismo temprano, su libro era \u201c\u00fanico pues fue&nbsp;<strong>uno de los primeros ejemplos de investigaci\u00f3n emp\u00edrica<\/strong>\u201c, subraya el polit\u00f3logo Krell.<\/p>\n\n\n\n<p>\u201c\u00c9l fue a donde los obreros, vivi\u00f3 y habl\u00f3 con ellos\u2026 hizo lo que hoy llamamos trabajo de campo, as\u00ed que sus conclusiones surgen de la vida real no de un escritorio, y eso era nuevo.<\/p>\n\n\n\n<p>\u201cAdem\u00e1s, combin\u00f3 ese an\u00e1lisis emp\u00edrico con un mensaje pol\u00edtico de que los obreros pod\u00edan unirse, luchar por sus propios intereses y cambiar la historia.<\/p>\n\n\n\n<p>\u201cLo interesante es que esa idea de que los obreros pod\u00edan convertirse en una clase social y que esa clase pod\u00eda liderar la revoluci\u00f3n&nbsp;<strong>se la dio Engels a Marx<\/strong>\u201c.<\/p>\n\n\n\n<p><strong>Amigos del alma<\/strong><\/p>\n\n\n\n<p>El libro fue publicado en alem\u00e1n en 1945 y, curiosamente, fue traducido al ingl\u00e9s s\u00f3lo 40 a\u00f1os m\u00e1s tarde.<\/p>\n\n\n\n<p>Pero si eso te parece raro, ese mismo a\u00f1o Engels termin\u00f3 otro texto que s\u00f3lo fue publicado 80 a\u00f1os despu\u00e9s.<\/p>\n\n\n\n<p>Se trataba de \u201cLa ideolog\u00eda alemana\u201d, la primera obra que escribi\u00f3 con otro periodista alem\u00e1n hijo de una familia acomodada, editor del diario&nbsp;<em>Rheinische Zeitung<\/em>&nbsp;para el que \u00e9l hab\u00eda escrito: Karl Marx.<\/p>\n\n\n\n<figure class=\"wp-block-image\"><img decoding=\"async\" src=\"https:\/\/i0.wp.com\/ichef.bbci.co.uk\/news\/640\/cpsprodpb\/7090\/production\/_115661882_e-y-m-diario.jpg?w=640&amp;ssl=1\" alt=\"Friedrich Engels (derecha) con Karl Marx (izquierda) hablando con los trabajadores portuarios.\"\/><figcaption><em>Friedrich Engels (derecha) con Karl Marx (izquierda) hablando con los trabajadores portuarios.<\/em><\/figcaption><\/figure>\n\n\n\n<p>Engels y Marx se hab\u00edan conocido tres a\u00f1os antes pero no simpatizaron.&nbsp;<strong>Su primer encuentro fue breve y poco amable<\/strong>.<\/p>\n\n\n\n<p>Pero dos a\u00f1os m\u00e1s tarde se volvieron a encontrar en Par\u00eds y pasaron diez d\u00edas juntos durante los cuales cimentaron una amistad estrecha y sin fin.<\/p>\n\n\n\n<p>Engels ten\u00eda entonces 24 a\u00f1os, Marx 26. Inmediatamente comenzaron a trabajar juntos.<\/p>\n\n\n\n<p>Hasta entonces Marx se hab\u00eda concentrado principalmente en el estudio de filosof\u00eda, historia, leyes y matem\u00e1ticas, y fue Engels quien le sugiri\u00f3 que le prestara atenci\u00f3n a la econom\u00eda pol\u00edtica,&nbsp;<strong>un consejo crucial<\/strong>.<\/p>\n\n\n\n<p>Libre al fin de las cadenas del trabajo que detestaba, Engels pudo ser, entre 1845 y 1850, lo que anhelaba: un activista pol\u00edtico\u2026 subvencionado por su familia.<\/p>\n\n\n\n<p>En el continente europeo el esp\u00edritu revolucionario estaba tomando impulso alimentado por el descontento no s\u00f3lo del proletariado sino tambi\u00e9n de la clase media y con Marx en Bruselas, en 1848, escribieron \u201cEl Manifiesto Comunista\u201d, que iba a influir en la historia mundial\u2026<\/p>\n\n\n\n<p>\u2026 pero no en lo que estaba a puertas.<\/p>\n\n\n\n<p><strong>1848<\/strong><\/p>\n\n\n\n<p>En todo el continente, desde Par\u00eds hasta Palermo, los liberales se levantaron contra los gobiernos conservadores.<\/p>\n\n\n\n<p>Los primeros indicios de rebeli\u00f3n se produjeron en enero, en Sicilia; en febrero cay\u00f3 la monarqu\u00eda francesa; en pocos meses Alemania, Austria, Hungr\u00eda e Italia eran cautivos del fervor revolucionario.<\/p>\n\n\n\n<p>Solo a unos pocos pa\u00edses, en particular Reino Unido y Rusia, les pas\u00f3 de lado.<\/p>\n\n\n\n<p>Los rebeldes luchaban por el nacionalismo, la justicia social y los derechos civiles, y estaban&nbsp;<strong>dispuestos a batallar en las calles hasta vencer o morir<\/strong>.<\/p>\n\n\n\n<p>Engels no se limit\u00f3 a producir material escrito con Marx, sino que adem\u00e1s empu\u00f1\u00f3 las armas.<\/p>\n\n\n\n<p>Decenas de miles de personas perdieron la vida; pero se logr\u00f3 poco de valor duradero, y al final del a\u00f1o las revoluciones liberales hab\u00edan sido duramente derrotadas.<\/p>\n\n\n\n<p>\u00bfY \u201cEl Manifiesto Comunista?\u201d.<\/p>\n\n\n\n<figure class=\"wp-block-image\"><img decoding=\"async\" src=\"https:\/\/news.files.bbci.co.uk\/include\/idt2\/assets\/9b221719-33d3-4e0c-9304-e54fd8426393\" alt=\"Manifiesto Comunista libro\"\/><figcaption>Un espectro se cierne sobre Europa: el espectro del comunismo\u201d Manifiesto Comunista<\/figcaption><\/figure>\n\n\n\n<p>Sus \u00faltimas palabras escritas ese a\u00f1o parec\u00edan un llamado a lo que ocurri\u00f3:<\/p>\n\n\n\n<p>\u201c<em>Tiemblen, si quieren, las clases gobernantes, ante la perspectiva de una revoluci\u00f3n comunista. Los proletarios, con ella, no tienen nada que perder, como no sea sus cadenas. Tienen, en cambio,&nbsp;<\/em><em><strong>un mundo entero que ganar<\/strong><\/em><em>. \u00a1Proletarios de todos los pa\u00edses, un\u00edos!<\/em>\u201c.<\/p>\n\n\n\n<p>Sin embargo, no tuvo casi ninguna influencia en las revoluciones europeas de ese a\u00f1o, ni varias de los a\u00f1os siguientes.<\/p>\n\n\n\n<p>\u201c<strong>Hay un enorme contraste entre la popularidad del Manifiesto ahora y entonces<\/strong>. Hoy en d\u00eda es -aparte de literatura religiosa- uno de los textos m\u00e1s populares jam\u00e1s escritos en el mundo. Ha inspirado a millones, cambiado la historia. Pero cuando fue publicado casi nadie lo not\u00f3 y qued\u00f3 en el olvido por casi dos d\u00e9cadas\u201d, se\u00f1ala Krell.<\/p>\n\n\n\n<p>\u201cEn la d\u00e9cada de 1870, cuando el socialismo se volvi\u00f3 m\u00e1s popular, se public\u00f3 otro libro de Engels,&nbsp;<em>Anti-D\u00fchring<\/em><em>,<\/em>&nbsp;en el que establec\u00eda los principios del socialismo cient\u00edfico en lenguaje m\u00e1s accesible y claro, que gener\u00f3 inter\u00e9s en ese texto original que hoy en d\u00eda es como la biblia de los revolucionarios\u201d.<\/p>\n\n\n\n<p>Gran parte del texto se basaba en una obra anterior de Engels llamada \u201cPrincipios del comunismo\u201d, particularmente la 1\u00aa y 2\u00aa, que son las m\u00e1s emotivas y agitadoras, y las m\u00e1s le\u00eddas.<\/p>\n\n\n\n<p><strong>Las cadenas otra vez<\/strong><\/p>\n\n\n\n<p>En 1850 Engels no tuvo m\u00e1s remedio que capitular.<\/p>\n\n\n\n<p>No s\u00f3lo la revoluci\u00f3n europea hab\u00eda fracasado, sino que su familia hab\u00eda perdido la paciencia y suspendido la ayuda econ\u00f3mica.<\/p>\n\n\n\n<p>Era eso lo que le hab\u00eda permitido no s\u00f3lo a \u00e9l sino tambi\u00e9n a su gran amigo Marx dedicarse a luchar por la justicia. Ahora, ambos depend\u00edan de los beneficios que solo&nbsp;<strong>su participaci\u00f3n activa dentro del sistema capitalista les pod\u00eda dar<\/strong>.<\/p>\n\n\n\n<figure class=\"wp-block-image\"><img decoding=\"async\" src=\"https:\/\/i1.wp.com\/ichef.bbci.co.uk\/news\/640\/cpsprodpb\/1BD6\/production\/_115662170_engels-y-marx-vitral.jpg?w=640&amp;ssl=1\" alt=\"Vitral con Engels y Marx\"\/><figcaption>Los amigos no ten\u00edan de qu\u00e9 vivir, as\u00ed que Engels volvi\u00f3 a su doble vida.<\/figcaption><\/figure>\n\n\n\n<p>Volvi\u00f3 a Manchester, a Ermer &amp; Engels y a su doble vida.<\/p>\n\n\n\n<p>\u201c<em>Los seis d\u00edas de la semana, de diez a cuatro, era comerciante, que supervisaba la correspondencia, en muchos idiomas, de su firma y se dirig\u00eda a la Bolsa<\/em>\u201c, cuenta Paul Lafargue, autor de \u201cEl derecho a la pereza\u201d y yerno de Marx en sus \u201cRecuerdos personales de Engels\u201d.<\/p>\n\n\n\n<p>\u201c<em>Por la noche, libre de la esclavitud comercial, regresaba a su peque\u00f1a casa,&nbsp;<\/em><em><strong>donde volv\u00eda a ser un hombre libre<\/strong><\/em>\u201c.<\/p>\n\n\n\n<p>Esa \u201cpeque\u00f1a casa\u201d era uno de sus dos hogares, en el que viv\u00eda con su amante de clase trabajadora Mary Burns y su hermana, y futura esposa, Lizzie.<\/p>\n\n\n\n<p>El otro era \u201crespetable\u201d y encajaba con su imagen de hombre de negocios soltero que \u201c<em>no solo participaba en la vida industrial de Manchester, sino que tambi\u00e9n de sus placeres<\/em>\u201c, cuenta Lafargue, quien agrega que quiz\u00e1s aquellos con los que asist\u00eda a banquetes y jugaba deportes no sab\u00edan de su otra vida.<\/p>\n\n\n\n<p>\u201c<em>Los ingleses son extraordinariamente discretos, y no&nbsp;<\/em><em>se meten<\/em><em>&nbsp;en cosas que no les conciernen<\/em>&nbsp;(\u2026)&nbsp;<em><strong>El hombre a quien Marx consideraba el hombre m\u00e1s erudito de Europa s\u00f3lo era considerado un compa\u00f1ero alegre<\/strong><\/em><em>&nbsp;que disfrutaba de sus copa<\/em>s\u201d.<strong>Su familia en Londres<\/strong><\/p>\n\n\n\n<p>Con sus ingresos Engels mantuvo a Marx y su familia en Londres durante 19 a\u00f1os, permiti\u00e9ndole dedicarse a su gran tarea, la redacci\u00f3n de&nbsp;<em>Das Kapital<\/em>(\u201cEl capital\u201d).<\/p>\n\n\n\n<figure class=\"wp-block-image\"><img decoding=\"async\" src=\"https:\/\/i1.wp.com\/ichef.bbci.co.uk\/news\/640\/cpsprodpb\/89BC\/production\/_113306253_1--1.gif?w=640&amp;ssl=1\" alt=\"Eleanor, en el medio, junto a sus hermanas Jenny (izquierda) y Laura. Las acompa\u00f1an su padre, Karl Marx, y su amigo, Federico Engels.\"\/><figcaption>Federico Engels con Marx y sus hijas, quien lo consideraban como un segundo padre.<\/figcaption><\/figure>\n\n\n\n<p>Aunque separados, los amigos \u201c<em><strong>vivieron juntos en pensamiento<\/strong><\/em><em>. Casi todos los d\u00edas durante 17 a\u00f1os mantuvieron correspondencia y as\u00ed se mantuvieron informados sobre el progreso de sus estudios y comunicaron sus pensamientos sobre asuntos pol\u00edticos<\/em>\u201c, como cuenta Lafargue.<\/p>\n\n\n\n<p>El primer volumen de \u201cEl capital\u201d fue publicado en 1867.<\/p>\n\n\n\n<p>No obstante, las ideas de Marx s\u00f3lo empezaron a conocerse ampliamente gracias a la publicaci\u00f3n de&nbsp;<em>Anti-D\u00fchring<\/em>, \u201cque provee una versi\u00f3n sencilla y abreviada de las ideas de Marx\u2026 o realmente&nbsp;<strong>la versi\u00f3n de Engels de las teor\u00edas de Marx<\/strong>\u201c, le dice a la BBC Jonathan Sperber, profesor em\u00e9rito de la Universidad de Missouri y autor de&nbsp;<em>Karl Marx: A Nineteenth-Century Life<\/em><em>.<\/em><\/p>\n\n\n\n<figure class=\"wp-block-image\"><img decoding=\"async\" src=\"https:\/\/news.files.bbci.co.uk\/include\/idt2\/assets\/0632717c-80ae-45a3-b8d7-79c4d7f0a237\" alt=\"Estatua de Marx y Engels\"\/><figcaption>\u00abSiempre fui feliz de tocar el segundo viol\u00edn de un primer viol\u00edn tan espl\u00e9ndido como Marx\u00bb Fredrich Engels<\/figcaption><\/figure>\n\n\n\n<p>En esa alternativa al intimidante \u201cEl capital\u201d, \u201cMarx aparece como el Charles Darwin del mundo social, pues Engels present\u00f3 su teor\u00eda como el equivalente a las de Darwin sobre la evoluci\u00f3n de las especies.<\/p>\n\n\n\n<p>\u201c<strong>As\u00ed que<\/strong>&nbsp;<strong>los primeros seguidores de Marx lo descubrieron gracias a Engels<\/strong>\u201c.<\/p>\n\n\n\n<p>Cuando en 1869, tras asegurarse m\u00e1s que suficiente dinero para mantenerse a s\u00ed mismo y a Marx por el resto de su vida, Engels finalmente pudo dejar el trabajo y volver a sus actividades pol\u00edticas y estudios, se sinti\u00f3 renacido.<\/p>\n\n\n\n<p><strong>El genio<\/strong><\/p>\n\n\n\n<p>Marx muri\u00f3 en 1883.<\/p>\n\n\n\n<p>Engels no s\u00f3lo sigui\u00f3 manteniendo a su familia, sino que dej\u00f3 a un lado sus estudios sobre filosof\u00eda universal del conocimiento, a los que hab\u00eda dedicado una d\u00e9cada, para terminar \u201cEl capital\u201d, que hab\u00eda quedado inconcluso.<\/p>\n\n\n\n<p>Lo que ambos crearon, que bien podr\u00eda haberse llamado \u201cEngelismo\u201d, se conoce como Marxismo, algo que Engels defendi\u00f3 enf\u00e1ticamente.<\/p>\n\n\n\n<figure class=\"wp-block-image\"><img decoding=\"async\" src=\"https:\/\/news.files.bbci.co.uk\/include\/idt2\/assets\/1cfd3b2c-b27f-4240-92b4-b665f028e146\" alt=\"\"\/><figcaption>Marx era un genio; los dem\u00e1s, a lo sumo, talentosos. Sin \u00e9l la teor\u00eda no ser\u00eda hoy lo que es. Por eso lleva leg\u00edtimamente su nombre\u201d. Fredrich Engels<\/figcaption><\/figure>\n\n\n\n<p>A su muerte, hace 125 a\u00f1os, las hijas de Marx heredaron su para entonces considerable fortuna, pues entre el sinn\u00famero de conocimientos que este \u00edcono de la izquierda hab\u00eda adquirido en sus casi 75 a\u00f1os de vida estaba la habilidad de invertir astutamente en el mercado burs\u00e1til.<\/p>\n","protected":false},"excerpt":{"rendered":"<p>Dalia Ventura Fuente: Kaos en la Red Un empresario industrial amante del champ\u00e1n que disfrutaba de la cacer\u00eda de zorros, un cr\u00edtico literario y un distinguido caballero victoriano\u2026 no suena como una descripci\u00f3n del t\u00edpico defensor de la revoluci\u00f3n proletaria o del coautor del Manifiesto Comunista. Sin embargo, Friedrich Engels era todas esas cosas y [&hellip;]<\/p>\n","protected":false},"author":1,"featured_media":3465,"comment_status":"open","ping_status":"open","sticky":false,"template":"","format":"standard","meta":{"footnotes":""},"categories":[4],"tags":[],"_links":{"self":[{"href":"http:\/\/www.movimientocaamanista.com\/index.php?rest_route=\/wp\/v2\/posts\/3464"}],"collection":[{"href":"http:\/\/www.movimientocaamanista.com\/index.php?rest_route=\/wp\/v2\/posts"}],"about":[{"href":"http:\/\/www.movimientocaamanista.com\/index.php?rest_route=\/wp\/v2\/types\/post"}],"author":[{"embeddable":true,"href":"http:\/\/www.movimientocaamanista.com\/index.php?rest_route=\/wp\/v2\/users\/1"}],"replies":[{"embeddable":true,"href":"http:\/\/www.movimientocaamanista.com\/index.php?rest_route=%2Fwp%2Fv2%2Fcomments&post=3464"}],"version-history":[{"count":1,"href":"http:\/\/www.movimientocaamanista.com\/index.php?rest_route=\/wp\/v2\/posts\/3464\/revisions"}],"predecessor-version":[{"id":3466,"href":"http:\/\/www.movimientocaamanista.com\/index.php?rest_route=\/wp\/v2\/posts\/3464\/revisions\/3466"}],"wp:featuredmedia":[{"embeddable":true,"href":"http:\/\/www.movimientocaamanista.com\/index.php?rest_route=\/wp\/v2\/media\/3465"}],"wp:attachment":[{"href":"http:\/\/www.movimientocaamanista.com\/index.php?rest_route=%2Fwp%2Fv2%2Fmedia&parent=3464"}],"wp:term":[{"taxonomy":"category","embeddable":true,"href":"http:\/\/www.movimientocaamanista.com\/index.php?rest_route=%2Fwp%2Fv2%2Fcategories&post=3464"},{"taxonomy":"post_tag","embeddable":true,"href":"http:\/\/www.movimientocaamanista.com\/index.php?rest_route=%2Fwp%2Fv2%2Ftags&post=3464"}],"curies":[{"name":"wp","href":"https:\/\/api.w.org\/{rel}","templated":true}]}}