{"id":3481,"date":"2020-12-05T11:15:07","date_gmt":"2020-12-05T11:15:07","guid":{"rendered":"http:\/\/www.movimientocaamanista.com\/?p=3481"},"modified":"2020-12-05T11:15:09","modified_gmt":"2020-12-05T11:15:09","slug":"la-precipitacion-de-reino-unido-al-aprobar-la-vacuna-de-pfizer-puede-fomentar-el-miedo-a-la-vacunacion","status":"publish","type":"post","link":"http:\/\/www.movimientocaamanista.com\/?p=3481","title":{"rendered":"La precipitaci\u00f3n de Reino Unido al aprobar la vacuna de Pfizer puede fomentar el miedo a la vacunaci\u00f3n"},"content":{"rendered":"\n<p>Carmen \u00c1lvarez Dom\u00ednguez<\/p>\n\n\n\n<p>Fuente: <a href=\"https:\/\/rebelion.org\/la-precipitacion-de-reino-unido-al-aprobar-la-vacuna-de-pfizer-puede-fomentar-el-miedo-a-la-vacunacion\/\">Rebeli\u00f3n<\/a><\/p>\n\n\n\n<p>Reino Unido se ha convertido en el&nbsp;<a href=\"https:\/\/cnnespanol.cnn.com\/2020\/12\/02\/las-5-claves-que-debes-saber-sobre-la-vacuna-de-pfizer-biontech-contra-el-coronavirus\/\">primer pa\u00eds<\/a>&nbsp;en aprobar la&nbsp;<a href=\"https:\/\/www.theguardian.com\/society\/2020\/dec\/02\/pfizer-biontech-covid-vaccine-wins-licence-for-use-in-the-uk\">vacuna de Pfizer<\/a>, con el objetivo de comenzar la vacunaci\u00f3n dentro de diez d\u00edas.<\/p>\n\n\n\n<p>Lo ha hecho as\u00ed porque Reino Unido tiene su propia agencia del medicamento, la&nbsp;<a href=\"https:\/\/www.gov.uk\/government\/organisations\/medicines-and-healthcare-products-regulatory-agency\">MHRA<\/a>, y puede hacer uso de ella. Hasta ahora no sol\u00eda hacerlo debido a la pol\u00edtica conjunta de la Uni\u00f3n Europea.<\/p>\n\n\n\n<p>Aunque Espa\u00f1a tambi\u00e9n cuenta con su propia agencia del medicamento, (la&nbsp;<a href=\"https:\/\/www.aemps.gob.es\/\">Agencia Espa\u00f1ola del Medicamento y Productos Sanitarios<\/a>), en este pa\u00eds solamente se aprueba lo que se autoriza tambi\u00e9n en Europa. Sin embargo, el pa\u00eds art\u00edfice del Brexit, al estar fuera del sistema europeo a partir del 31 de diciembre de este a\u00f1o, puede seguir su propia regulaci\u00f3n sin ataduras.<\/p>\n\n\n\n<p>En Estados Unidos, la&nbsp;<a href=\"https:\/\/www.fda.gov\/home\">FDA<\/a>&nbsp;(Food and Drug Administration) va m\u00e1s aparejada a lo que se decide en la agencia europea, la EMA (<a href=\"https:\/\/www.ema.europa.eu\/en\">European Medicines Agency<\/a>). Estas dos entidades han decidido no comenzar la vacunaci\u00f3n hasta que no se eval\u00faen los resultados de los&nbsp;<a href=\"https:\/\/theconversation.com\/por-que-es-una-buena-noticia-que-se-suspendan-los-ensayos-de-una-vacuna-145883\">ensayos cl\u00ednicos<\/a>&nbsp;y se revisen los datos brutos.<\/p>\n\n\n\n<p><strong>\u00bfEs segura esta vacuna?<\/strong><\/p>\n\n\n\n<p>Las vacunas de mRNA, como la de Moderna y la de Pfizer, no han generado graves&nbsp;<a href=\"https:\/\/theconversation.com\/vacunas-contra-la-covid-19-como-funcionan-y-en-que-fase-esta-cada-proyecto-149181\">efectos adversos<\/a>, hasta ahora. Mientras que las vacunas de adenovirus, como la de&nbsp;<a href=\"https:\/\/theconversation.com\/la-vacuna-de-oxford-contra-covid-19-que-sabemos-sobre-su-seguridad-y-eficacia-145193\">AstraZeneca\/Oxford<\/a>, s\u00ed han ido reportando varios efectos adversos.<\/p>\n\n\n\n<p>En estas vacunas la seguridad ya est\u00e1 probada. Pero no hay que fijarse solamente en la seguridad, sino&nbsp;<a href=\"https:\/\/theconversation.com\/por-que-no-se-puede-ni-se-debe-fabricar-una-vacuna-para-la-covid-19-en-un-tiempo-record-145464\">tambi\u00e9n en la eficacia<\/a>. Es decir, hay que preguntarse:&nbsp;<em>\u00bfSirve para lo que la hemos preparado? \u00bfVa a servir solo para personas asintom\u00e1ticas? \u00bfY para los casos graves?<\/em>.<\/p>\n\n\n\n<p>Hay que tener en cuenta que los ensayos cl\u00ednicos se hacen con gente sana, casi nunca se incluyen pacientes. De hecho, en el caso de Pfizer no se han incluido, o al menos no han revelado estos datos.<\/p>\n\n\n\n<p>Por eso, a la hora de tomar una decisi\u00f3n, hay que atender a estos dos conceptos y esperar hasta el final de los ensayos cl\u00ednicos. Sin embargo, las empresas tienen prioridades y probablemente en Reino Unido la decisi\u00f3n haya ido de la mano de una cuesti\u00f3n pol\u00edtica, en la que la urgencia ha favorecido que la agencia reguladora vaya m\u00e1s r\u00e1pido.<\/p>\n\n\n\n<p><strong>Una decisi\u00f3n precipitada podr\u00eda tener resultados nefastos<\/strong><\/p>\n\n\n\n<p>Es preocupante pensar que esta decisi\u00f3n pueda tener un efecto terrible. En Espa\u00f1a siempre se ha confiado en las vacunas. De hecho, los movimientos&nbsp;<a href=\"https:\/\/www.vacunas.org\/?s=antivacunas&amp;id_catsearch=0\">antivacunas son baj\u00edsimos<\/a>. Pero noticias como esta podr\u00edan crear el efecto contrario.<\/p>\n\n\n\n<p>Es decir, la gente que antes confiaba en la vacunaci\u00f3n para preservar la salud global puede comenzar a tener miedo a hacerlo ahora. Podr\u00e1n pensar que las cosas no se est\u00e1n haciendo bien.<\/p>\n\n\n\n<p>En el caso europeo, la agencia europea ha confirmado que&nbsp;<a href=\"https:\/\/www.aemps.gob.es\/informa\/notasinformativas\/laaemps\/2020-laaemps\/la-ema-recibe-la-solicitud-de-autorizacion-condicional-de-las-vacunas-contra-la-covid-19-de-biontech-pfizer-y-moderna\/?lang=en\">esperar\u00e1 tres semanas<\/a>&nbsp;m\u00e1s para que los expertos eval\u00faen los resultados de los ensayos cl\u00ednicos. Puede ser que esto implique tener que trabajar durante las 24 horas del d\u00eda, porque estamos ante una situaci\u00f3n de emergencia. Pero hasta que no tengan todos los datos brutos en conjunto, no los evaluar\u00e1n.<\/p>\n\n\n\n<p>Esta es la decisi\u00f3n correcta, \u00bfporque? Porque si no lo hacemos as\u00ed, daremos la imagen a la poblaci\u00f3n de que todas las normas se pueden cambiar. Creer\u00e1n que estas vacunas no son tan seguras. Con esta decisi\u00f3n, los movimientos antivacunas pueden crecer y provocar que la gente que no ten\u00eda miedo a vacunarse ahora s\u00ed lo tenga.<\/p>\n\n\n\n<p>Es importante que la poblaci\u00f3n sepa esta informaci\u00f3n puesto que ahora realmente la seguridad no es lo que se esta evaluando. Esto se eval\u00faa en las primeras fases. Ahora se est\u00e1 estudiando la eficacia. Es decir, se pretende determinar para qu\u00e9 y para qui\u00e9n ser\u00e1 \u00fatil.<\/p>\n\n\n\n<p><strong>La vacuna no va a acabar con la pandemia<\/strong><\/p>\n\n\n\n<p>Tener una vacuna no significa que acabe la pandemia. Ser\u00e1 una cuesti\u00f3n global. Hasta ahora hemos generado una&nbsp;<a href=\"https:\/\/www.ciberisciii.es\/noticias\/el-estudio-ene-covid-concluye-que-un-5-de-la-poblacion-espanola-tiene-anticuerpos\">inmunidad de grupo muy peque\u00f1a<\/a>. De hecho, en los sitios donde m\u00e1s inmunidad ha habido, como Madrid, no hemos tenido m\u00e1s de un 12 %.<\/p>\n\n\n\n<p>Por eso es importante que los medios de comunicaci\u00f3n, los pol\u00edticos y los sanitarios hagan una buena educaci\u00f3n e informen de que tener una vacuna no significa que el virus se haya ido. Hay que seguir manteniendo las medidas de distanciamiento, mascarillas, etc. La vacuna previene, pero no evita al 100 % ni elimina al virus, no es un f\u00e1rmaco antiviral.<\/p>\n\n\n\n<p>Para que la pandemia de coronavirus termine, habr\u00e1 que esperar a que todos tengamos una buena inmunidad. Con las vacunas lo lograremos m\u00e1s r\u00e1pido. Hace falta que nos demos cuenta de que la salud no es algo individual. En el caso de la vacunaci\u00f3n, la salud es algo colectivo.<\/p>\n\n\n\n<p><strong>Una decisi\u00f3n europea<\/strong><\/p>\n\n\n\n<p>Esta es la raz\u00f3n por la que en la Uni\u00f3n Europea no queremos tener distintas regulaciones en una cuesti\u00f3n sanitaria como en esta. Todos los pa\u00edses de la Uni\u00f3n Europea estamos muy cerca. En cuanto empieza una ola, r\u00e1pidamente se extiende a los dem\u00e1s pa\u00edses. Al virus le da igual si est\u00e1s en Madrid, en Berl\u00edn o en Par\u00eds.<\/p>\n\n\n\n<p>Por eso, todas las decisiones relacionadas con la vacuna deben estar unificadas, pues estamos intentado unificar nuestro propio sistema sanitario continuamente. Si no lo hacemos as\u00ed, no lo lograremos.<\/p>\n\n\n\n<p><strong>\u00bfCu\u00e1ndo llegar\u00e1 la vacuna a Espa\u00f1a?<\/strong><\/p>\n\n\n\n<p>A Espa\u00f1a la vacuna llegar\u00e1 cuando la EMA lo eval\u00fae. Es decir, se prev\u00e9 que sea dentro de tres semanas, que es cuando acaba el ensayo cl\u00ednico. En ese momento tendremos todos los datos y los evaluadores los estudiar\u00e1n. Lo van a hacer en tiempo r\u00e9cord, s\u00ed. Pero evaluar\u00e1n todo en conjunto. En Reino Unido solo est\u00e1n evaluando cosas parciales, por no esperar tres semanas m\u00e1s.<\/p>\n\n\n\n<p>La seguridad tiene que primar porque estamos provocando que la gente deje de creer que vacunarse es seguro. La decisi\u00f3n de Reino Unido ha sido demasiado precipitada. No les importaba esperar tres semanas m\u00e1s.<\/p>\n\n\n\n<p><strong><a href=\"https:\/\/theconversation.com\/profiles\/carmen-alvarez-dominguez-1151987\">Carmen \u00c1lvarez Dom\u00ednguez<\/a><\/strong>. Bioqu\u00edmica y bi\u00f3loga molecular, profesora de Procesos Sanitarios en la Facultad de Educaci\u00f3n e investigadora en Inmunoterapia, UNIR \u2013 Universidad Internacional de La Rioja<\/p>\n","protected":false},"excerpt":{"rendered":"<p>Carmen \u00c1lvarez Dom\u00ednguez Fuente: Rebeli\u00f3n Reino Unido se ha convertido en el&nbsp;primer pa\u00eds&nbsp;en aprobar la&nbsp;vacuna de Pfizer, con el objetivo de comenzar la vacunaci\u00f3n dentro de diez d\u00edas. Lo ha hecho as\u00ed porque Reino Unido tiene su propia agencia del medicamento, la&nbsp;MHRA, y puede hacer uso de ella. Hasta ahora no sol\u00eda hacerlo debido a [&hellip;]<\/p>\n","protected":false},"author":1,"featured_media":3350,"comment_status":"open","ping_status":"open","sticky":false,"template":"","format":"standard","meta":{"footnotes":""},"categories":[5,3],"tags":[],"_links":{"self":[{"href":"http:\/\/www.movimientocaamanista.com\/index.php?rest_route=\/wp\/v2\/posts\/3481"}],"collection":[{"href":"http:\/\/www.movimientocaamanista.com\/index.php?rest_route=\/wp\/v2\/posts"}],"about":[{"href":"http:\/\/www.movimientocaamanista.com\/index.php?rest_route=\/wp\/v2\/types\/post"}],"author":[{"embeddable":true,"href":"http:\/\/www.movimientocaamanista.com\/index.php?rest_route=\/wp\/v2\/users\/1"}],"replies":[{"embeddable":true,"href":"http:\/\/www.movimientocaamanista.com\/index.php?rest_route=%2Fwp%2Fv2%2Fcomments&post=3481"}],"version-history":[{"count":1,"href":"http:\/\/www.movimientocaamanista.com\/index.php?rest_route=\/wp\/v2\/posts\/3481\/revisions"}],"predecessor-version":[{"id":3482,"href":"http:\/\/www.movimientocaamanista.com\/index.php?rest_route=\/wp\/v2\/posts\/3481\/revisions\/3482"}],"wp:featuredmedia":[{"embeddable":true,"href":"http:\/\/www.movimientocaamanista.com\/index.php?rest_route=\/wp\/v2\/media\/3350"}],"wp:attachment":[{"href":"http:\/\/www.movimientocaamanista.com\/index.php?rest_route=%2Fwp%2Fv2%2Fmedia&parent=3481"}],"wp:term":[{"taxonomy":"category","embeddable":true,"href":"http:\/\/www.movimientocaamanista.com\/index.php?rest_route=%2Fwp%2Fv2%2Fcategories&post=3481"},{"taxonomy":"post_tag","embeddable":true,"href":"http:\/\/www.movimientocaamanista.com\/index.php?rest_route=%2Fwp%2Fv2%2Ftags&post=3481"}],"curies":[{"name":"wp","href":"https:\/\/api.w.org\/{rel}","templated":true}]}}