{"id":3500,"date":"2020-12-08T01:52:42","date_gmt":"2020-12-08T01:52:42","guid":{"rendered":"http:\/\/www.movimientocaamanista.com\/?p=3500"},"modified":"2020-12-14T10:57:48","modified_gmt":"2020-12-14T10:57:48","slug":"internacontinuidad-del-foro-pro-constituyente-1er-intercambio-continental","status":"publish","type":"post","link":"http:\/\/www.movimientocaamanista.com\/?p=3500","title":{"rendered":"INTERNACONTINUIDAD DEL FORO PRO-CONSTITUYENTE 1er INTERCAMBIO CONTINENTAL"},"content":{"rendered":"\n<p>A todos\/as los\/as activistas y militantes de IR-Mando.<\/p>\n\n\n\n<p>Apreciados\/as camaradas:<\/p>\n\n\n\n<p>Nuestro espacio unitario ha reiniciado los esfuerzos para darle continuidad a nuestro FORO PRO-CONSTITUYENTE que ha realizado ya 5 fruct\u00edferas RONDAS, en las que hemos avanzado significativamente en lo relacionado con el an\u00e1lisis de la presente crisis del Poder Constituido y la necesidad de impulsar un Proceso Constituyente, que parta de la progresiva construcci\u00f3n de un Poder Popular Constituyente  ( forjado en el curso de las luchas y rebeld\u00edas populares) y asuma lo relacionado con:<\/p>\n\n\n\n<ul><li>La destituci\u00f3n de las degradadas y corrompidas instituciones vigentes y su anti-democr\u00e1tica plataforma jur\u00eddico-pol\u00edtica (Proceso Destituyente).<\/li><li>El establecimiento de un Nuevo Gobierno de corta duraci\u00f3n sustentado por el Poder Constituyente .<\/li><li>La convocatoria y organizaci\u00f3n de una Asamblea Constituyente Popular y Soberana, con una amplia participaci\u00f3n de las fuerzas transformadoras y la diversidad popular, que elabore una Nueva Constituci\u00f3n sobre la base de los aportes de esas fuerzas, que siente las bases para establecer una  Nueva Institucionalidad  y los lineamientos fundamentales para crear una Nueva Sociedad, justa, soberana y solidaria.<br> En la ruta de relanzamiento de este importante espacio para el despliegue de una estrategia de ruptura, superaci\u00f3n de lo viejo y de creaci\u00f3n de lo nuevo, nos proponemos realizar en lo inmediato, <strong>el pr\u00f3ximo 12 de diciembre del a\u00f1o en curso, un FORO VIRTUAL PRO-CONSTITUYENTE <\/strong>abierto, con una amplia participaci\u00f3n de organizaciones, movimientos y personas interesadas en el tema y con la modalidad de <strong>1er INTERCAMBIO CONTINENTAL<\/strong>, que adem\u00e1s de recapitular lo hasta ahora  alcanzado en este trascendente esfuerzo de elaboraci\u00f3n de nuestras propuestas alternativas, examinaremos  la actualidad de la crisis del poder constituido luego del cambio de gobierno, recibiremos los aportes de las experiencias de otros pa\u00edses de la regi\u00f3n y  nuevas contribuciones de los\/as participantes que permitan enriquecer lo logrado.<br> Este evento lo realizaremos <strong>V\u00cdA ZOOM- ID: 87397248177 \/C\u00f3digo de acceso: 192420, de 3:00 pm a 7:00 pm de la tarde del s\u00e1bado 12 de diciembre del 2020. <\/strong><br> Contar\u00e1 con la participaci\u00f3n de dos  dirigentes del PSUV  (Venezuela), <strong>Julio Ch\u00e1vez y Fernando Rivera<\/strong>, de un camarada chileno, <strong>Carlos Casanueva<\/strong>, y estamos haciendo gestiones para la participaci\u00f3n de un compa\u00f1ero peruano. Todos con experiencias y conocimientos en el tema.<br> Procuraremos garantizar una sala virtual de amplia participaci\u00f3n, as\u00ed como conexiones directas para su trasmisi\u00f3n por  las redes sociales y grabaci\u00f3n para su posterior difusi\u00f3n y empleo en los procesos formativos.<br> Es necesaria una amplia participaci\u00f3n de nuestra militancia y su contribuci\u00f3n de cara a su realizaci\u00f3n; contribuyendo a su difusi\u00f3n, estudiando y reflexionando sobre el tema, acopiando ideas que puedan enriquecer el debate  e invitando el mayor n\u00famero de personas vinculadas a los movimientos sociales en lucha, a las izquierdas y al pensamiento y la acci\u00f3n transformadora.<br>                                                     Un abrazo fraternal,<br>                                             Comit\u00e9 Ejecutivo IR-Mando<\/li><\/ul>\n","protected":false},"excerpt":{"rendered":"<p>A todos\/as los\/as activistas y militantes de IR-Mando. Apreciados\/as camaradas: Nuestro espacio unitario ha reiniciado los esfuerzos para darle continuidad a nuestro FORO PRO-CONSTITUYENTE que ha realizado ya 5 fruct\u00edferas RONDAS, en las que hemos avanzado significativamente en lo relacionado con el an\u00e1lisis de la presente crisis del Poder Constituido y la necesidad de impulsar [&hellip;]<\/p>\n","protected":false},"author":1,"featured_media":3445,"comment_status":"open","ping_status":"open","sticky":false,"template":"","format":"standard","meta":{"footnotes":""},"categories":[5,16],"tags":[],"_links":{"self":[{"href":"http:\/\/www.movimientocaamanista.com\/index.php?rest_route=\/wp\/v2\/posts\/3500"}],"collection":[{"href":"http:\/\/www.movimientocaamanista.com\/index.php?rest_route=\/wp\/v2\/posts"}],"about":[{"href":"http:\/\/www.movimientocaamanista.com\/index.php?rest_route=\/wp\/v2\/types\/post"}],"author":[{"embeddable":true,"href":"http:\/\/www.movimientocaamanista.com\/index.php?rest_route=\/wp\/v2\/users\/1"}],"replies":[{"embeddable":true,"href":"http:\/\/www.movimientocaamanista.com\/index.php?rest_route=%2Fwp%2Fv2%2Fcomments&post=3500"}],"version-history":[{"count":1,"href":"http:\/\/www.movimientocaamanista.com\/index.php?rest_route=\/wp\/v2\/posts\/3500\/revisions"}],"predecessor-version":[{"id":3501,"href":"http:\/\/www.movimientocaamanista.com\/index.php?rest_route=\/wp\/v2\/posts\/3500\/revisions\/3501"}],"wp:featuredmedia":[{"embeddable":true,"href":"http:\/\/www.movimientocaamanista.com\/index.php?rest_route=\/wp\/v2\/media\/3445"}],"wp:attachment":[{"href":"http:\/\/www.movimientocaamanista.com\/index.php?rest_route=%2Fwp%2Fv2%2Fmedia&parent=3500"}],"wp:term":[{"taxonomy":"category","embeddable":true,"href":"http:\/\/www.movimientocaamanista.com\/index.php?rest_route=%2Fwp%2Fv2%2Fcategories&post=3500"},{"taxonomy":"post_tag","embeddable":true,"href":"http:\/\/www.movimientocaamanista.com\/index.php?rest_route=%2Fwp%2Fv2%2Ftags&post=3500"}],"curies":[{"name":"wp","href":"https:\/\/api.w.org\/{rel}","templated":true}]}}