{"id":3508,"date":"2020-12-11T11:24:29","date_gmt":"2020-12-11T11:24:29","guid":{"rendered":"http:\/\/www.movimientocaamanista.com\/?p=3508"},"modified":"2020-12-11T11:24:35","modified_gmt":"2020-12-11T11:24:35","slug":"que-esta-pasando-en-cuba-en-estos-momentos","status":"publish","type":"post","link":"http:\/\/www.movimientocaamanista.com\/?p=3508","title":{"rendered":"\u00bfQu\u00e9 est\u00e1 pasando en Cuba en estos momentos?"},"content":{"rendered":"\n<p>Ernesto Daranas<\/p>\n\n\n\n<p>Fuente: <a href=\"https:\/\/rebelion.org\/que-esta-pasando-en-cuba-en-estos-momentos\/\">Rebeli\u00f3n<\/a><\/p>\n\n\n\n<p>Un joven saca una pancarta que dice: \u201cLibertad. No m\u00e1s represi\u00f3n. #free-Denis\u201d. La enarbola frente a decenas de personas que hacen una cola en pleno bulevar de San Rafael. Los polic\u00edas que pasan por su lado no interfieren. Algunos presentes sacan sus m\u00f3viles y filman durante unos pocos minutos hasta que los polic\u00edas, ya con refuerzos, se deciden a detener al muchacho. Entonces, varios de los presentes, sobre todo mujeres, comienzan a exigir que lo suelten, a lo que se suman otros gritos opuestos al arresto.<\/p>\n\n\n\n<p>De ese mismo modo he visto a Luis Manuel Otero Alc\u00e1ntara caminar sin compa\u00f1\u00eda por las calles de mi barrio. Algunos vecinos lo saludan y otros que no lo conocen personalmente murmullan a su paso. Nadie le grita traidor, terrorista o mercenario.<\/p>\n\n\n\n<p>En Las Tunas, la gente protesta por la apertura de una nueva tienda en MLC. En las redes, el acad\u00e9mico y jurista Julio Antonio Fern\u00e1ndez es defendido por colegas, amigos y ciudadanos luego de haber sido cuestionado p\u00fablicamente por ofrecer asesor\u00eda legal al grupo 27N. En un centro de estudios del pa\u00eds, los j\u00f3venes se resisten a corear las arengas que les propone uno de sus compa\u00f1eros. El ensayista y cr\u00edtico de cine Joel del R\u00edo es censurado en el diario&nbsp;<em>Juventud Rebelde<\/em>&nbsp;por cuestionar -en Facebook- al periodista Humberto L\u00f3pez.<\/p>\n\n\n\n<p>Nuestros medios no reflejan nada de esto, pero no pueden evitar referirse a esas dos noches de desvelo en que los cubanos de la Isla y del mundo compartieron las directas de las mujeres del MSI, seguidas de las im\u00e1genes de los j\u00f3venes frente al MINCULT.<\/p>\n\n\n\n<p>\u00bfQu\u00e9 nos indican estos hechos? \u00bfCu\u00e1les son las razones de esta crisis, m\u00e1s all\u00e1 del MSI y el 27N? \u00bfPor qu\u00e9 tanta gente empieza a reaccionar de otra manera? \u00bfCu\u00e1l es la relaci\u00f3n que los ciudadanos empiezan a tener con los medios de comunicaci\u00f3n y de qu\u00e9 manera esos medios est\u00e1n definiendo la imagen que se tiene del Estado? \u00bfQu\u00e9 est\u00e1 pasando realmente en Cuba en estos momentos?<\/p>\n\n\n\n<p>No dispongo de tiempo para organizar mis ideas. S\u00e9 que todos tenemos nuestras propias respuestas a estas preguntas, pero no quiero dejar de compartir algunas impresiones sueltas:<\/p>\n\n\n\n<ul><li>Las demandas presentadas al MINCULT son la expresi\u00f3n del sentir de una cantidad creciente de cubanos. De eso trata realmente este momento, mucho m\u00e1s all\u00e1 del MSI y de los artistas. El pa\u00eds no puede dividirse en torno a eso y se deben abordar de una vez las diferencias. Compartir la misma visi\u00f3n pol\u00edtica o ideol\u00f3gica no puede ser una condici\u00f3n&nbsp;<em>sine qua non<\/em>&nbsp;para el di\u00e1logo.<\/li><li>Respaldar a cualquiera que sea sometido a represi\u00f3n por el libre ejercicio de sus ideas no significa que necesariamente se piense como ellos. Lo que ocurre es que el peso del Estado no puede caer de esa forma sobre todo el que disiente. En Cuba hay juicios sumarios y gente presa, detenida, sitiada o expulsada de su trabajo solamente por sus ideas. Eso debe cesar. Existen derechos b\u00e1sicos que deben ser respetados, presentes en esa propia Constituci\u00f3n de la que&nbsp;<em>Granma<\/em>, en su editorial del 1ro de diciembre, solo cita el Art\u00edculo 4 referido a la traici\u00f3n a la Patria.<\/li><\/ul>\n\n\n\n<ul><li>El gobierno no es la Patria, pensar diferente al gobierno no es ser un traidor a Cuba y ceder frente a la intimidaci\u00f3n es someterse a los intransigentes que han frenado los cambios que el socialismo cubano ha demandado. Ellos tambi\u00e9n pueden ser vistos como contrarrevolucionarios, autores de un interminable \u201cgolpe blando\u201d. Son tambi\u00e9n responsables de esta crisis.<\/li><li>La estrategia de descr\u00e9dito impune frente a cualquier disidencia est\u00e1 agotada, sobre todo, cuando se niega el derecho a r\u00e9plica de los que est\u00e1n siendo acusados. Las redes han cambiado definitivamente la manera en la que los ciudadanos, en especial los m\u00e1s j\u00f3venes, se relacionan con los medios. Es una generaci\u00f3n habituada a acceder a fuentes, contrastarlas, emitir sus criterios y reconocer el de otros.<\/li><li>Pese a haber transitado por una crisis que ya toma m\u00e1s de tres d\u00e9cadas, el ideal de la Revoluci\u00f3n sigue latente en muchos cubanos. Sin embargo, la gesti\u00f3n gubernamental quiz\u00e1s nunca ha sido tan cuestionada como en estos momentos, incluso por los propios revolucionarios. La sociedad cubana est\u00e1 ofreciendo claras se\u00f1ales de la necesidad de un modelo mucho m\u00e1s participativo, que traduzca en hechos concretos ese Estado de Derecho al que aspiramos.<\/li><li>Desde su mismo origen, la Revoluci\u00f3n ha sido objeto de programas de injerencias externas, pero meter cada cr\u00edtica en ese mismo saco la a\u00edsla de su propia realidad, con el contrasentido de que depende cada vez m\u00e1s del aporte del exilio y de la normalizaci\u00f3n de las relaciones con los Estados Unidos. \u00bfHasta cu\u00e1ndo va a dilatarse entonces la posibilidad de un di\u00e1logo interno que asuma de una vez nuestra rica diversidad nacional y el derecho del cubano a ser el m\u00e1ximo responsable de su propio desarrollo?<\/li><li>La econom\u00eda es la mejor expresi\u00f3n de la pol\u00edtica, mientras que la cultura es el espacio donde las verdaderas inquietudes de la naci\u00f3n son expresadas, m\u00e1s all\u00e1 de lo que reflejan nuestros medios. Frente a eso, la existencia de una prensa y un arte independientes resulta imprescindible.<\/li><li>El Estado debe resolver las contradicciones entre su discurso pol\u00edtico y su proyecci\u00f3n econ\u00f3mica. Son los hechos los que demuestran el rumbo que realmente van tomando las cosas. La presencia militar en la econom\u00eda, su impopular dolarizaci\u00f3n, el freno a la iniciativa privada, los hoteles de lujo levantados entre vecindarios en ruinas y una inversi\u00f3n en turismo muy superior a la que se realiza en la agricultura son solo algunas de las contradicciones de las reformas en un pa\u00eds con serios problemas en materia de alimentaci\u00f3n, insumos, vivienda y derechos civiles. Buena parte de la censura que padecen los artistas se debe al abordaje de estos temas, por lo tanto, hablar de cultura es imposible sin tocar estos aspectos.<\/li><li>Entre nuestras m\u00e1s caras realidades est\u00e1 el \u00e9xodo masivo de j\u00f3venes en busca de las oportunidades que han debido encontrar en su pa\u00eds. Si la crisis de los \u00faltimos 30 a\u00f1os no comienza a revertirse, muchos de los que estuvieron en el Parque Trillo y en el MINCULT terminar\u00e1n emigrando por igual. Simplemente, no hay dos juventudes cubanas, del mismo modo en que no hay dos pueblos. Cuba es una sola, un gran recipiente con cerca de 14 millones de voces, visiones y criterios dispersos por el mundo. El Estado debe representarlos a todos, y cada cubano ha de tener claro que sus compatriotas no est\u00e1n obligados a pensar y actuar como ellos. Durante d\u00e9cadas, la necesidad de subsistir nos ha privado de la noci\u00f3n de futuro, la que ha sido reemplazada por la obsesi\u00f3n de partir. Ese futuro es ahora el de los j\u00f3venes de hoy, sin excepci\u00f3n de ninguno. Cuba ha de ser para cada uno de ellos un lugar de oportunidades, esperanzas y sue\u00f1os.<\/li><\/ul>\n\n\n\n<p>Conozco a muchos de los j\u00f3venes que estuvieron frente al MINCULT y comparto la esencia de las demandas presentadas. A diferencia de lo que ha pasado con muchos de ellos, una parte de mi obra la he hecho con las instituciones de la cultura cubana; no me han faltado encontronazos, pero hasta hoy ninguna ha sido objeto de censura. Eso es lo que exijo para todo artista y para cualquier cubano.<\/p>\n\n\n\n<p><strong>Ernesto Daranas, director cubano de cine. Entre su filmograf\u00eda se encuentran los largometrajes&nbsp;<em>Los dioses rotos<\/em>,&nbsp;<em>Conducta<\/em>&nbsp;y&nbsp;<em>Sergio y Serguei<\/em>.<\/strong><\/p>\n","protected":false},"excerpt":{"rendered":"<p>Ernesto Daranas Fuente: Rebeli\u00f3n Un joven saca una pancarta que dice: \u201cLibertad. No m\u00e1s represi\u00f3n. #free-Denis\u201d. La enarbola frente a decenas de personas que hacen una cola en pleno bulevar de San Rafael. Los polic\u00edas que pasan por su lado no interfieren. Algunos presentes sacan sus m\u00f3viles y filman durante unos pocos minutos hasta que [&hellip;]<\/p>\n","protected":false},"author":1,"featured_media":3509,"comment_status":"open","ping_status":"open","sticky":false,"template":"","format":"standard","meta":{"footnotes":""},"categories":[5,3],"tags":[],"_links":{"self":[{"href":"http:\/\/www.movimientocaamanista.com\/index.php?rest_route=\/wp\/v2\/posts\/3508"}],"collection":[{"href":"http:\/\/www.movimientocaamanista.com\/index.php?rest_route=\/wp\/v2\/posts"}],"about":[{"href":"http:\/\/www.movimientocaamanista.com\/index.php?rest_route=\/wp\/v2\/types\/post"}],"author":[{"embeddable":true,"href":"http:\/\/www.movimientocaamanista.com\/index.php?rest_route=\/wp\/v2\/users\/1"}],"replies":[{"embeddable":true,"href":"http:\/\/www.movimientocaamanista.com\/index.php?rest_route=%2Fwp%2Fv2%2Fcomments&post=3508"}],"version-history":[{"count":1,"href":"http:\/\/www.movimientocaamanista.com\/index.php?rest_route=\/wp\/v2\/posts\/3508\/revisions"}],"predecessor-version":[{"id":3510,"href":"http:\/\/www.movimientocaamanista.com\/index.php?rest_route=\/wp\/v2\/posts\/3508\/revisions\/3510"}],"wp:featuredmedia":[{"embeddable":true,"href":"http:\/\/www.movimientocaamanista.com\/index.php?rest_route=\/wp\/v2\/media\/3509"}],"wp:attachment":[{"href":"http:\/\/www.movimientocaamanista.com\/index.php?rest_route=%2Fwp%2Fv2%2Fmedia&parent=3508"}],"wp:term":[{"taxonomy":"category","embeddable":true,"href":"http:\/\/www.movimientocaamanista.com\/index.php?rest_route=%2Fwp%2Fv2%2Fcategories&post=3508"},{"taxonomy":"post_tag","embeddable":true,"href":"http:\/\/www.movimientocaamanista.com\/index.php?rest_route=%2Fwp%2Fv2%2Ftags&post=3508"}],"curies":[{"name":"wp","href":"https:\/\/api.w.org\/{rel}","templated":true}]}}