{"id":3568,"date":"2020-12-22T23:48:59","date_gmt":"2020-12-22T23:48:59","guid":{"rendered":"http:\/\/www.movimientocaamanista.com\/?p=3568"},"modified":"2020-12-22T23:49:01","modified_gmt":"2020-12-22T23:49:01","slug":"trascendencia-de-jose-vicente-rangel-al-reconocimiento-eterno-de-los-pueblos-de-nuestra-america","status":"publish","type":"post","link":"http:\/\/www.movimientocaamanista.com\/?p=3568","title":{"rendered":"TRASCENDENCIA DE JOS\u00c9 VICENTE RANGEL  AL RECONOCIMIENTO ETERNO DE LOS PUEBLOS DE NUESTRA AM\u00c9RICA"},"content":{"rendered":"\n<p>Sentimos profundamente\nla partida de esta crucial e intensa cotidianidad del querido y respetado\ncamarada Jos\u00e9 Vicente Rangel.<\/p>\n\n\n\n<p>Conscientes de la trascendencia de su obra para la\ncontinuidad del combate emancipador de los pueblos oprimidos, rendimos\nmerecidos honores a su pensamiento y &nbsp;a su persistente y valioso accionar\nrevolucionario.<\/p>\n\n\n\n<p>Siempre lo recordaremos. <\/p>\n\n\n\n<p>Jam\u00e1s dejar\u00e1 de ser un referente del talento y la\nintegridad \u00e9tico-moral al servicio de la liberaci\u00f3n de su pueblo, de Nuestra\nAm\u00e9rica y del Mundo, que ahora traspasa la vida terrenal para recibir el\nreconocimiento eterno.<\/p>\n\n\n\n<p>Combatiente ejemplar frente a todo lo que signific\u00f3\nexplotaci\u00f3n, exclusi\u00f3n social, opresi\u00f3n de mayor\u00edas y minor\u00edas, dependencia del\nimperio y corrupci\u00f3n pol\u00edtica a todo lo largo y ancho de la ignominiosa IV\nREP\u00daBLICA.<\/p>\n\n\n\n<p>Voz altiva y orientadora.<\/p>\n\n\n\n<p>Militante de la revoluci\u00f3n bolivariana, Canciller y\nVicepresidente en su fase inicial. Inseparable y leal colaborador de alto\ncalibre del Comandante Ch\u00e1vez.<\/p>\n\n\n\n<p>Siempre solidario con la lucha de los pueblos\nlatino-caribe\u00f1os.<\/p>\n\n\n\n<p>Nunca lo olvidaremos, jam\u00e1s podr\u00e1 ser ignorado.<\/p>\n\n\n\n<p>&nbsp;Jos\u00e9 Vicente es de los muertos que no deben\nllamarse muertos, que trasciende de su vida f\u00edsica a la galer\u00eda de los grandes\nh\u00e9roes e inolvidables ejemplos de dignidad y decoro.<\/p>\n\n\n\n<p>Nos unimos al dolor de sus familiares, del PSUV, de\nlas fuerzas chavistas, del Gobierno del Presidente Maduro y de su bravo pueblo,\ntodos en pie de lucha contra el decadente Coloso del Norte. Pero tambi\u00e9n nos\nsumamos al orgullo colectivo que motivan sus extraordinarios e invaluables\naportes a la causa del socialismo y la liberaci\u00f3n de la Patria Grande.<\/p>\n\n\n\n<p>Nos comprometemos como <strong>Movimiento Continental Bolivariano-MCB<\/strong>\na asumir su apreciado y hermoso legado.<\/p>\n\n\n\n<p>&nbsp;&nbsp;&nbsp;&nbsp;&nbsp;&nbsp;&nbsp;&nbsp;&nbsp;&nbsp;&nbsp;&nbsp;&nbsp;&nbsp;&nbsp;&nbsp;&nbsp;&nbsp;&nbsp;&nbsp;&nbsp;&nbsp;&nbsp;&nbsp;&nbsp;&nbsp;&nbsp;&nbsp;&nbsp;&nbsp;&nbsp;&nbsp;&nbsp;&nbsp;&nbsp;\n\u00a1HASTA LA VICTORIA SIEMPRE!<\/p>\n\n\n\n<p><strong>Carlos Casanueva Troncoso.\u2013 Secretario General.<\/strong><\/p>\n\n\n\n<p><strong>Narciso Isa Conde.- Coordinador de la Presidencia\nColectiva.<\/strong><\/p>\n","protected":false},"excerpt":{"rendered":"<p>Sentimos profundamente la partida de esta crucial e intensa cotidianidad del querido y respetado camarada Jos\u00e9 Vicente Rangel. Conscientes de la trascendencia de su obra para la continuidad del combate emancipador de los pueblos oprimidos, rendimos merecidos honores a su pensamiento y &nbsp;a su persistente y valioso accionar revolucionario. Siempre lo recordaremos. Jam\u00e1s dejar\u00e1 de [&hellip;]<\/p>\n","protected":false},"author":1,"featured_media":3569,"comment_status":"open","ping_status":"open","sticky":false,"template":"","format":"standard","meta":{"footnotes":""},"categories":[5,3],"tags":[],"_links":{"self":[{"href":"http:\/\/www.movimientocaamanista.com\/index.php?rest_route=\/wp\/v2\/posts\/3568"}],"collection":[{"href":"http:\/\/www.movimientocaamanista.com\/index.php?rest_route=\/wp\/v2\/posts"}],"about":[{"href":"http:\/\/www.movimientocaamanista.com\/index.php?rest_route=\/wp\/v2\/types\/post"}],"author":[{"embeddable":true,"href":"http:\/\/www.movimientocaamanista.com\/index.php?rest_route=\/wp\/v2\/users\/1"}],"replies":[{"embeddable":true,"href":"http:\/\/www.movimientocaamanista.com\/index.php?rest_route=%2Fwp%2Fv2%2Fcomments&post=3568"}],"version-history":[{"count":1,"href":"http:\/\/www.movimientocaamanista.com\/index.php?rest_route=\/wp\/v2\/posts\/3568\/revisions"}],"predecessor-version":[{"id":3570,"href":"http:\/\/www.movimientocaamanista.com\/index.php?rest_route=\/wp\/v2\/posts\/3568\/revisions\/3570"}],"wp:featuredmedia":[{"embeddable":true,"href":"http:\/\/www.movimientocaamanista.com\/index.php?rest_route=\/wp\/v2\/media\/3569"}],"wp:attachment":[{"href":"http:\/\/www.movimientocaamanista.com\/index.php?rest_route=%2Fwp%2Fv2%2Fmedia&parent=3568"}],"wp:term":[{"taxonomy":"category","embeddable":true,"href":"http:\/\/www.movimientocaamanista.com\/index.php?rest_route=%2Fwp%2Fv2%2Fcategories&post=3568"},{"taxonomy":"post_tag","embeddable":true,"href":"http:\/\/www.movimientocaamanista.com\/index.php?rest_route=%2Fwp%2Fv2%2Ftags&post=3568"}],"curies":[{"name":"wp","href":"https:\/\/api.w.org\/{rel}","templated":true}]}}