{"id":3599,"date":"2020-12-26T13:36:07","date_gmt":"2020-12-26T13:36:07","guid":{"rendered":"http:\/\/www.movimientocaamanista.com\/?p=3599"},"modified":"2020-12-26T13:36:09","modified_gmt":"2020-12-26T13:36:09","slug":"revolucion-cultural-es-lucidez-y-es-socialismo-a-proposito-del-reciente-debate-cubano","status":"publish","type":"post","link":"http:\/\/www.movimientocaamanista.com\/?p=3599","title":{"rendered":"Revoluci\u00f3n cultural es lucidez y es socialismo \u2014 a prop\u00f3sito del reciente debate cubano \u2014"},"content":{"rendered":"\n<p>N\u00e9stor Kohan<\/p>\n\n\n\n<p>Fuente: <a href=\"https:\/\/medium.com\/la-tiza\/revoluci%C3%B3n-cultural-es-lucidez-y-es-socialismo-a-prop%C3%B3sito-del-reciente-debate-cubano-e22248c44793\">La Tizza<\/a><\/p>\n\n\n\n<blockquote class=\"wp-block-quote\"><p>Con dolor y no poca angustia publico estas l\u00edneas. No dejo de pensar en la amistad. Valor \u00e9tico supremo para un vecino de mi barrio llamado Epicuro.<\/p><p>Escrib\u00ed este texto en una noche de insomnio hace exactamente una semana. Lo reelabor\u00e9 muchas veces. Dud\u00e9 mucho en publicarlo. Lo compart\u00ed en privado con compa\u00f1eros y compa\u00f1eras de M\u00e9xico, Chile, estado espa\u00f1ol, El Salvador y Argentina. Tambi\u00e9n, con tres o cuatro amigas y amigos de Cuba. Les ped\u00ed opini\u00f3n. Escuch\u00e9 y le\u00ed observaciones diversas, incluso encontradas entre s\u00ed. Decid\u00ed entonces no publicarlo, sobre todo privilegiando la amistad. Los lectores y lectoras iniciales me insistieron en que deb\u00eda publicarlo. Me resist\u00ed. No quiero meter la pata afirmando algo desatinado.<\/p><p>Sin embargo, al leer el excelente art\u00edculo de Llanisca Lugo: \u00abNo sintamos verg\u00fcenza de querer la revoluci\u00f3n\u00bb cambi\u00e9 de opini\u00f3n. Aqu\u00ed est\u00e1 finalmente.<\/p><\/blockquote>\n\n\n\n<p><a target=\"_blank\" rel=\"noreferrer noopener\" href=\"https:\/\/medium.com\/la-tiza\/no-sintamos-verg%C3%BCenza-de-querer-la-revoluci%C3%B3n-7139550b7c8d\">No sintamos verg\u00fcenza de querer la revoluci\u00f3nPor Llanisca Lugomedium.com<\/a><\/p>\n\n\n\n<p>Vivimos la crisis capitalista m\u00e1s profunda de la historia mundial. M\u00e1s aguda incluso que las de 1929, 1973-74 y 2007-2008. Una crisis multidimensional, estructural, sist\u00e9mica \u2014 distinta de las crisis c\u00edclicas de sobreproducci\u00f3n de capitales y mercanc\u00edas as\u00ed como de las de subconsumo, inflaci\u00f3n y estancamiento \u2014 . Esta crisis no es s\u00f3lo financiera, tambi\u00e9n es productiva, ecol\u00f3gica, demogr\u00e1fica y sanitaria. La especie humana est\u00e1 en peligro, como alertara Fidel en 1992. El planeta cruje. El capitalismo nos lleva de forma acelerada al abismo, si no lo frenamos a tiempo.<\/p>\n\n\n\n<p>En medio de esta crisis de alcance mundial, la pandemia del COVID-19 ha hecho temblar las econom\u00edas m\u00e1s poderosas del planeta.<\/p>\n\n\n\n<p>Mientras Estados Unidos ha superado los 300,000 muertos en menos de un a\u00f1o \u2014 n\u00famero equivalente al de sus fallecidos en cinco guerras de Vietnam \u2014 , la administraci\u00f3n neofascista del magnate Donald Trump llega a su fin. Todo en medio de un circo electoral \u2014 con acusaciones de fraude y resistencia a dejar el cargo \u2014 t\u00edpico de una potencia\u2026 bananera. En escasos d\u00edas, el gran admirador de la supremac\u00eda blanca, heredero del Ku Klux Klan, mis\u00f3gino y atropellador, deber\u00e1 dejar la famosa casa de paredes blancas.<\/p>\n\n\n\n<p>Por contraposici\u00f3n con esa tragedia humanitaria que desangra a Estados Unidos, ocurrida inmediatamente despu\u00e9s de que estallara la rebeli\u00f3n afrodescendiente m\u00e1s importante de los \u00faltimos cincuenta a\u00f1os, por todo el mundo circula el pedido de Premio Nobel para la brigada m\u00e9dica internacionalista \u00abHenry Reeve\u00bb de la revoluci\u00f3n cubana. Cuando las grandes potencias se disputan el negocio ultramillonario de la vacuna del COVID-19, Cuba trabaja a todo vapor en sus propias vacunas \u00abSoberana 01\u00bb y \u00ab02\u00bb.<a href=\"https:\/\/www.telesurtv.net\/news\/cuba-covid-candidatos-vacunales-soberana-resultados-20201202-0033.html\" target=\"_blank\" rel=\"noreferrer noopener\">Vacunas cubanas contra Covid-19 muestran resultados positivosEl director del Instituto Finlay de Vacunas, Vicente V\u00e9rez, anunci\u00f3 este mi\u00e9rcoles en su cuenta en la red social\u2026www.telesurtv.net<\/a><\/p>\n\n\n\n<p>En ese singular contexto geopol\u00edtico global, que excede de lejos el microclima de La Habana\u2026 hab\u00eda que correr el eje de atenci\u00f3n. \u00a1Con urgencia!<\/p>\n\n\n\n<blockquote class=\"wp-block-quote\"><p>\u00bfC\u00f3mo permitir que Cuba, un peque\u00f1o pa\u00eds que perdi\u00f3 por segunda vez el petr\u00f3leo \u2014 primero el sovi\u00e9tico, luego el venezolano \u2014 , siga en el centro de atenci\u00f3n de la opini\u00f3n p\u00fablica mundial por su pol\u00edtica sanitaria y su solidaridad internacionalista inquebrantable? Era necesario que se desplazara la agenda de debate internacional sobre la mayor de las Antillas. \u00a1Que ocurra algo ya!<\/p><\/blockquote>\n\n\n\n<p>\u00a1Se necesitaba un \u00abescandalete\u00bb en forma perentoria! Y no en el 2021, sino ANTES que&nbsp;<em>\u00ab<\/em>el energ\u00fameno de la Casa Blanca<em>\u00bb<\/em>&nbsp;\u2014 como lo denominaba Walter Mart\u00ednez en TELESUR \u2014 entregue el cetro imperial y se reemplacen todos los equipos y estaciones de la contrainsurgencia global.<\/p>\n\n\n\n<p>S\u00ed. Ten\u00eda que pasar \u00abalgo\u00bb\u2026 y, enorme casualidad, al fin sucedi\u00f3. Todo de manera \u00abespont\u00e1nea\u00bb, porque as\u00ed debe ser.<\/p>\n\n\n\n<p>Entonces nos enteramos del&nbsp;<em>\u00ab<\/em>Movimiento<em>\u00bb<\/em>&nbsp;San Isidro y el&nbsp;<em>affaire<\/em>&nbsp;que lo rode\u00f3.<\/p>\n\n\n\n<p>La cobertura medi\u00e1tica internacional fue autom\u00e1tica, como no pod\u00eda ocurrir de otro modo. Incluso el diario&nbsp;<em>El Pa\u00eds<\/em>&nbsp;de Espa\u00f1a, baluarte del&nbsp;<em>\u00ab<\/em>periodismo independiente<em>\u00bb<\/em>&nbsp;que durante a\u00f1os hizo silencio frente a la tortura de j\u00f3venes vascos y vascas, particip\u00f3 activamente de la movida con uno de sus colaboradores.<a href=\"https:\/\/elpais.com\/internacional\/2020-11-27\/la-policia-cubana-desaloja-la-sede-del-movimiento-san-isidro-y-detiene-a-varios-integrantes.html\" target=\"_blank\" rel=\"noreferrer noopener\">La polic\u00eda cubana desaloja la sede del Movimiento San Isidro y detiene a varios integrantes durante\u2026La polic\u00eda cubana irrumpi\u00f3 la noche de este jueves en la sede el Movimiento San Isidro, una red de activistas que lleva\u2026elpais.com<\/a><\/p>\n\n\n\n<p>En La Florida \u2014 Estados Unidos \u2014 hab\u00eda clima de fiesta. Hasta un hombre tan sutil y refinado como Mike Pompeo, reconocid\u00edsimo y prestigioso experto en cuestiones est\u00e9ticas \u2014 se comenta que se sabe de memoria la&nbsp;<em>Cr\u00edtica del juicio<\/em>&nbsp;de Kant, en idioma original, y&nbsp;<em>La distinci\u00f3n<\/em>&nbsp;de Pierre Bourdieu y suele dictar conferencias en El Pent\u00e1gono sobre la herencia de Andr\u00e9 Breton \u2014 descorch\u00f3 una botella car\u00edsima de champ\u00e1n. Estaba euf\u00f3rico. Y lo hizo saber en p\u00fablico, desfilando por varios medios de Miami.<a href=\"https:\/\/adncuba.com\/tags\/mike-pompeo\" target=\"_blank\" rel=\"noreferrer noopener\">Mike PompeoEl canciller cubano Bruno Rodr\u00edguez Parrilla dijo que el secretario de Estado de EE.UU. Mike Pompeo miente sobre el\u2026adncuba.com<\/a><\/p>\n\n\n\n<p>Atenci\u00f3n. Estamos hablando de prensa&nbsp;<em>\u00ab<\/em>seria<em>\u00bb<\/em>,&nbsp;<em>\u00ab<\/em>democr\u00e1tica<em>\u00bb<\/em>&nbsp;y&nbsp;<em>\u00ab<\/em>equidistante<em>\u00bb<\/em>. De esa que promueve reemplazar el 10 de diciembre como&nbsp;<em>\u00ab<\/em>D\u00eda Mundial de los Derechos Humanos<em>\u00bb<\/em>&nbsp;por&nbsp;<em>\u00ab<\/em>D\u00eda Mundial del Anticomunismo<em>\u00bb<\/em>.<a href=\"https:\/\/adncuba.com\/noticias-de-cuba\/migracion\/miami-declara-el-10-de-diciembre-dia-del-anticomunismo\" target=\"_blank\" rel=\"noreferrer noopener\">Miami declara el 10 de diciembre D\u00eda del AnticomunismoCuba notific\u00f3 este domingo 20 de diciembre 103 nuevos casos de Covid-19, lo que marca el cuarto d\u00eda consecutivo en que\u2026adncuba.com<\/a><\/p>\n\n\n\n<p>Entonces un hermano chileno, de esos imprescindibles, combatiente internacionalista de la revoluci\u00f3n latinoamericana, me env\u00eda preocupado un&nbsp;<em>\u00ab<\/em>Manifiesto<em>\u00bb<\/em>&nbsp;o carta o llamamiento \u2014&nbsp;<em>\u00ab<\/em>Articulaci\u00f3n plebeya<em>\u00bb<\/em>&nbsp;\u2014 , firmado, para mi sorpresa y desconcierto, por varios amigos y amigas, compa\u00f1eros y compa\u00f1eras y tambi\u00e9n por alg\u00fan que otro tr\u00e1nsfuga que conozco.<\/p>\n\n\n\n<blockquote class=\"wp-block-quote\"><p>Con dolor veo que mis amigos y los sinverg\u00fcenzas, aparecen all\u00ed\u2026 \u00a1todos mezclados!, como en el tango&nbsp;<em>Cambalache<\/em>&nbsp;de E.S. Disc\u00e9polo.<\/p><\/blockquote>\n\n\n\n<p><a href=\"https:\/\/eltoque.com\/articulacion-plebeya-a-proposito-de-los-sucesos-en-el-ministerio-de-cultura\/\" target=\"_blank\" rel=\"noreferrer noopener\">Articulaci\u00f3n plebeya a prop\u00f3sito de los sucesos en el Ministerio de Cultura | elTOQUERechazamos cualquier acci\u00f3n violenta y represiva, y reivindicamos el respeto a los espacios de di\u00e1logo dentro del marco\u2026eltoque.com<\/a><\/p>\n\n\n\n<p>Cuba, perd\u00f3n, la revoluci\u00f3n cubana, es parte de mi historia, mi identidad, mis alegr\u00edas y tristezas.<\/p>\n\n\n\n<blockquote class=\"wp-block-quote\"><p>\u00bfPuedo callarme? Ser\u00eda lo m\u00e1s saludable. Pero no me sale. Nunca me sali\u00f3.<\/p><\/blockquote>\n\n\n\n<p>Confieso que desprecio y he despreciado toda mi vida a los obsecuentes, los chupamedias sumisos y obedientes, los que siempre asienten y aplauden, sea lo que sea. No lo invent\u00e9 yo. Lo aprend\u00ed de mi padre. Tambi\u00e9n de mi maestro Ernesto Giudici. Y de tantos maestros y maestras de vida que me ense\u00f1aron a mantener los principios, contra viento y marea. Fernando Mart\u00ednez Heredia incluido, por supuesto.<\/p>\n\n\n\n<p>No fui obsecuente con quienes m\u00e1s am\u00e9, las queridas Madres de Plaza de Mayo, a las que dediqu\u00e9 los mejores a\u00f1os de mi vida juvenil. Por no compartir algunas de sus posturas y giros pol\u00edticos, no me qued\u00f3 m\u00e1s remedio que alejarme de ese movimiento, al que sigo queriendo y respetando. Como las quer\u00eda mucho, quiz\u00e1s fui debilucho a la hora de alertarlas sobre la operaci\u00f3n de inteligencia que, a trav\u00e9s de un personaje sombr\u00edo se intent\u00f3 implementar contra ellas para tratar de ensuciarlas con dinero, desprestigiarlas, quit\u00e1ndoles ese oleo sagrado de dignidad y resistencia reconocido en todo el mundo. Fui d\u00e9bil por privilegiar afectos.<\/p>\n\n\n\n<p>Y lo mismo me pas\u00f3 con John Holloway y su teor\u00eda disparatada de&nbsp;<em>\u00ab<\/em>cambiar el mundo sin tomar el poder<em>\u00bb<\/em>&nbsp;\u2014 simplificaci\u00f3n esquem\u00e1tica y poco representativa del zapatismo rebelde \u2014 . Como John era un amigo, una buena persona, sencillo y modesto, y yo lo sent\u00eda querible, no me anim\u00e9 a darle duro por un libro que hizo estragos en el movimiento popular durante muchos a\u00f1os. Hasta que finalmente comprend\u00ed que a veces hay que hacer un moment\u00e1neo par\u00e9ntesis en los afectos personales y criticar lo que har\u00e1 mucho da\u00f1o si no se detiene a tiempo.<\/p>\n\n\n\n<p>No, nunca fui obsecuente ni&nbsp;<em>\u00ab<\/em>oficialista<em>\u00bb<\/em>. Quise mucho y admir\u00e9 a Hugo Ch\u00e1vez, a quien tuve el honor de conocer personalmente. Siempre lo defend\u00ed. Pero cuando cometi\u00f3 el grav\u00edsimo error de entregar a un revolucionario colombiano al narco-estado vecino, lo critiqu\u00e9 p\u00fablicamente, sin perderle el cari\u00f1o. Tampoco fui obsecuente con Evo Morales, ya que despu\u00e9s de m\u00e1s de una d\u00e9cada en el gobierno no logr\u00f3 construir una defensa propia, independiente de la polic\u00eda y el ej\u00e9rcito convencionales. No obstante, denunci\u00e9 desde el minuto uno el golpe de estado que cierto posmodernismo&nbsp;<em>\u00ab<\/em>progre<em>\u00bb<\/em>&nbsp;\u2014 financiado por\u2026 \u2014 apoy\u00f3 de forma c\u00f3mplice.<\/p>\n\n\n\n<p>\u00bfY frente a Cuba y Fidel? Tambi\u00e9n tuve el honor de conocer al Comandante y conversar largamente con \u00e9l. Una de las grandes alegr\u00edas de mi vida. Escrib\u00ed sobre \u00e9l un libro biogr\u00e1fico, acerca de su trayectoria pol\u00edtico-intelectual.<\/p>\n\n\n\n<p>El libro lleva por t\u00edtulo&nbsp;<em>Fidel<\/em>. Se public\u00f3 en varios pa\u00edses, incluido Estados Unidos \u2014 donde me insultaron a gusto y&nbsp;<em>piacere<\/em>&nbsp;\u2014 . Hasta donde tengo noticias, no se public\u00f3 en Cuba. Jam\u00e1s me quej\u00e9. El mundo es m\u00e1s ancho que el ombliguito propio, incluso para un argentino \u2014 no, por favor no hagan m\u00e1s chistes sobre argentinos, susp\u00e9ndanlos durante media hora aunque sea \u2014 .<\/p>\n\n\n\n<p>De modo que, frente a la asfixiante, ininterrumpida y creciente agresividad del imperialismo \u2014 el&nbsp;<em>\u00ab<\/em>duro<em>\u00bb<\/em>&nbsp;y el&nbsp;<em>\u00ab<\/em>sonriente<em>\u00bb<\/em>, la contrainsurgencia de los halcones y la m\u00e1s&nbsp;<em>\u00ab<\/em>suave<em>\u00bb<\/em>, de las falsas palomas \u2014 , as\u00ed como frente a la socialdemocracia neocolonial, la poblada galaxia oenegera \u2014 ONGs \u2014 y esa inmensa orquesta que aparenta interpretar m\u00faltiples partituras pero en realidad repite un mismo estribillo con entonaciones apenas distinguibles, siempre defend\u00ed a las madres de plaza de mayo \u2014 en sus varias l\u00edneas internas \u2014 , al proceso ind\u00edgena y popular del estado plurinacional de Bolivia, a la revoluci\u00f3n bolivariana de Venezuela y, por supuesto, a la revoluci\u00f3n cubana.<\/p>\n\n\n\n<blockquote class=\"wp-block-quote\"><p>Sin desconocer en ninguno de estos casos falencias, limitaciones ni defectos, tom\u00e9 posici\u00f3n tratando, siempre, de no perder la br\u00fajula, el eje de la lucha de clases y las relaciones de fuerza, como suger\u00eda otro vecino de mi barrio \u2014 que sab\u00eda un poquito de estrategia \u2014 llamado Gramsci.<\/p><\/blockquote>\n\n\n\n<p>Saturnino Longoria, personaje de la conocida novela&nbsp;<em>Cuatro manos&nbsp;<\/em>de Paco Ignacio Taibo II, hab\u00eda perdido la memoria por anciano. Y no le preocupaba en lo m\u00e1s m\u00ednimo. S\u00f3lo le importaba algo muy simple:<\/p>\n\n\n\n<blockquote class=\"wp-block-quote\"><p>saber de qu\u00e9 lado de la barricada est\u00e1n los compa\u00f1eros del propio campo y de cual otro est\u00e1 el enemigo. Esa distinci\u00f3n es la clave del asunto \u2014 \u00a1<em>\u00ab<\/em>simplismo binario<em>\u00bb<\/em>! gritar\u00eda despotricando Jacques Derrida y sus franquicias criollas \u2014 . Quien no lo tenga en claro se resbalar\u00e1, lenta o r\u00e1pidamente, por la pendiente de barro que en su declive s\u00f3lo conduce a una deshonrosa capitulaci\u00f3n pol\u00edtica, intelectual y, en \u00faltima instancia, moral.<\/p><\/blockquote>\n\n\n\n<p>\u00bfPero acaso no existen matices ni colores intermedios? Por supuesto que s\u00ed. Ahora bien, la paleta multicolor, a la larga o a la corta, se enfrenta al dilema de caminos que se bifurcan. O termina enriqueciendo el arco\u00edris que envuelve y abraza las tonalidades del rojo o culmina siendo cubierta por el polvo gris, triste y opaco, del d\u00f3lar y el euro.<\/p>\n\n\n\n<p>Ante el promocionado&nbsp;<em>affaire<\/em>&nbsp;del&nbsp;<em>\u00ab<\/em>Movimiento<em>\u00bb<\/em>&nbsp;San Isidro y la pol\u00e9mica cubana que lo sucedi\u00f3 al terminar este 2020, vuelvo sobre aquel llamamiento de algunos intelectuales y artistas de Cuba \u2014 porque hablan en nombre de las mayor\u00edas pero, se lo admita o no, son apenas algunos y algunas \u2014 . Me refiero, reitero, al mencionado&nbsp;<em>\u00ab<\/em>Articulaci\u00f3n plebeya<em>\u00bb<\/em>.<\/p>\n\n\n\n<p>Aunque breve, encuentro en \u00e9l se\u00f1ales parpadeantes que me da\u00f1an la vista y, por momentos, me hacen salir agua de los ojos. Destaco algunos pocos n\u00facleos problem\u00e1ticos. Poquitos, para no saturar el esp\u00edritu.<\/p>\n\n\n\n<p>\u2014&nbsp;<strong><em>\u00ab<\/em>RECONCILIACI\u00d3N<em>\u00bb<\/em><\/strong>. Ay, ay, ay\u2026\u2026\u2026. \u00bfReconciliaci\u00f3n? \u00bfCon la gusanera extremista y revanchista de la Florida, basti\u00f3n de la extrema derecha de Estados Unidos?<\/p>\n\n\n\n<p>Me viene inmediatamente a la memoria la consigna de mis hermanos y hermanas de HIJOS [de desaparecidos y desaparecidas]:&nbsp;<em>\u00ab<\/em>Ni olvido ni perd\u00f3n. No nos reconciliamos. No perdonamos<em>\u00bb<\/em>. A\u00f1os despu\u00e9s, muchos, me enter\u00e9 que esa consigna de HIJOS, propia de Argentina, ven\u00eda de muy lejos, de las guerrillas del gueto de Varsovia que combat\u00edan a los nazis. Yo no lo sab\u00eda. Quiz\u00e1s la militancia de HIJOS tampoco. Pero no creo en la&nbsp;<em>\u00ab<\/em>reconciliaci\u00f3n<em>\u00bb<\/em>&nbsp;con la extrema derecha, con el supremacismo racista y mis\u00f3gino, con el neofascismo y los nost\u00e1lgicos de Monroe, Ford y Hitler, cada d\u00eda m\u00e1s envalentonados a escala mundial. Se presenten reivindicando la memoria de F\u00e9lix Rodr\u00edguez, el verdugo cubano-americano de la Florida que asesin\u00f3 al Che Guevara a sangre fr\u00eda en Bolivia o con sonrisas amables, propias de la contrainsurgencia&nbsp;<em>\u00ab<\/em>soft<em>\u00bb<\/em>&nbsp;y las&nbsp;<em>\u00ab<\/em>revoluciones de colores<em>\u00bb<\/em>&nbsp;que intentan reinstalar la econom\u00eda capitalista en sus antiguas posesiones perdidas en 1959.<\/p>\n\n\n\n<p>\u2014&nbsp;<strong><em>\u00ab<\/em>SUPERAR EL LENGUAJE POL\u00cdTICO POLARIZANTE<em>\u00bb<\/em><\/strong>. Uy, uy, uy\u2026\u2026. \u00bfSe agot\u00f3 la pol\u00edtica, como predicaba Daniel Bell, el ex izquierdista, m\u00e1s tarde converso, devenido gur\u00fa de las altas finanzas y la revista&nbsp;<em>Fortune<\/em>? \u00bfAdi\u00f3s al proletariado?, como sol\u00eda despedirse, con el reloj fuera de hora, Andr\u00e9 Gorz. \u00bfFin de las grandes narrativas?, seg\u00fan decretaba Jean-Fran\u00e7ois Lyotard, exactamente el mismo a\u00f1o en que sub\u00eda al poder Margaret Thatcher.<\/p>\n\n\n\n<p>\u2014&nbsp;<strong><em>\u00ab<\/em>ARTICULACI\u00d3N DE TODAS LAS IDEOLOG\u00cdAS<em>\u00bb<\/em><\/strong>. \u00a1Rec\u00f3rcholis, Batman!\u2026.. \u00bfO sea que se han evaporado la lucha de clases, las luchas nacionales y anticoloniales, la resistencia de dos siglos frente al soberbio anexionismo de Monroe y Adams? \u00bfTodo se ha vuelto equivalente, intercambiable y homologable? \u00bfDa lo mismo simpatizar con el Ku Klux Klan, la doctrina social de la Iglesia sacerdotal, la teolog\u00eda de la liberaci\u00f3n y su mensaje prof\u00e9tico, la socialdemocracia liberal o el marxismo revolucionario? \u00bfEstas ideolog\u00edas se han convertido en simples recursos ret\u00f3ricos y comodines intercambiables?<\/p>\n\n\n\n<p>\u2014&nbsp;<strong><em>\u00ab<\/em>REALIZACI\u00d3N PLENA DE LA REP\u00daBLICA DEMOCR\u00c1TICA Y EL ESTADO DE DERECHO<em>\u00bb<\/em><\/strong>&nbsp;Hmmm\u2026\u2026. O sea que \u00bfhasta luego, queridos V.I.Lenin, Pietr Stucka y Eugeni B.Paschukanis; bienvenido Hans Kelsen? \u00bfHasta siempre Karl Marx? \u00bf<em>Welcome&nbsp;<\/em>Isaiah Berlin, Karl Popper y Norberto Bobbio? \u00a1Ahora s\u00ed que retornar\u00edan a La Habana, como en aquellos viejos buenos tiempos de la Constituci\u00f3n de 1940, la \u00ablibertad negativa\u00bb de Berlin, la \u00absociedad abierta\u00bb de Popper y la \u00abdemocracia procedimental\u00bb de Bobbio!<\/p>\n\n\n\n<p>Houston\u2026 \u00bfMe copian? Estamos en problemas.<\/p>\n\n\n\n<p>En tan cortas l\u00edneas del&nbsp;<em>\u00ab<\/em>Manifiesto<em>\u00bb<\/em>, la lista de gui\u00f1os inconfundibles contin\u00faa, en una direcci\u00f3n un\u00edvoca. Y cansa. Agota.<\/p>\n\n\n\n<blockquote class=\"wp-block-quote\"><p>Principalmente el esp\u00edritu fetichista que se arrodilla \u2014 \u00bfingenuamente? \u2014 ante la letra jur\u00eddica impresa creyendo que la ley no es expresi\u00f3n hist\u00f3rica de una correlaci\u00f3n de fuerzas y de poder entre las clases sociales sino el demiurgo autosuficiente que, por s\u00ed mismo, generar\u00eda realidad a partir de la simple deducci\u00f3n l\u00f3gica de su norma fundamental.<\/p><\/blockquote>\n\n\n\n<p>Fetichismo jur\u00eddico que corre parejo con la idealizaci\u00f3n pol\u00edtica y cultural, pretendidamente inocente, de la REP\u00daBLICA NEOCOLONIAL PREVIA a 1959.<\/p>\n\n\n\n<p>Seamos transparentes. Abandonemos los eufemismos y dialoguemos con la mano en el coraz\u00f3n. Esa insistencia obsesiva por cantar loas a la imaginaria panacea&nbsp;<em>\u00ab<\/em>REPUBLICANA<em>\u00bb<\/em>&nbsp;est\u00e1 inspirada, palmo a palmo, paso a paso, mil\u00edmetro a mil\u00edmetro, por intelectuales eurocomunistas, ex miembros de los stalinismos&nbsp;<em>aggiornados<\/em>&nbsp;del Occidente europeo que en los \u201970 se jubilaron, abandonando la lucha, y se convirtieron en apologistas acr\u00edticos de una&nbsp;<em>\u00ab<\/em>REP\u00daBLICA<em>\u00bb<\/em>&nbsp;que en la pr\u00e1ctica terrenal y mundana dej\u00f3 intacto el r\u00e9gimen de la transici\u00f3n espa\u00f1ola post-franquista, con su bandera de s\u00f3lo dos colores y sus instituciones represivas. \u00bfO no?<\/p>\n\n\n\n<p>Digamos la verdad, sin miedo. S\u00f3lo la verdad es revolucionaria. Idealizar hasta el paroxismo la vida cultural de la Cuba PREVIA a Fidel y al Che, puede sonar muy refinado, ex\u00f3tico y hasta original frente a la vulgata de los antiguos manuales y una cristalizaci\u00f3n pedag\u00f3gica que termina despolitizando a la juventud, aburrida de rituales vac\u00edos de contenido. Pero en la lucha pol\u00edtica de Nuestra Am\u00e9rica, en pleno siglo XXI, ese camino trillado camina a paso de tortuga y marcha varios kil\u00f3metros atr\u00e1s del reformismo sincero y con aspiraciones radicales de un Salvador Allende, por no mencionar otros reformismos muchos menos genuinos y dignos de respeto que el del noble l\u00edder chileno sacrificado en septiembre de 1973.<\/p>\n\n\n\n<p>No vamos a analizar una por una las firmas del llamado al&nbsp;<em>\u00ab<\/em>di\u00e1logo<em>\u00bb<\/em>&nbsp;cubano que circula por las redes. No somos detectives ni nos interesa esa profesi\u00f3n, salvo que se trate de novelas. Pero tampoco somos ingenuos. All\u00ed aparecen algunos amigos y amigas que mucho queremos y respetamos pero tambi\u00e9n otros personajes, m\u00e1s bien detestables, que he tenido la oportunidad de conocer personalmente\u2026 como un curioso ex sopl\u00f3n que tuvo el atrevimiento en sus \u00e9pocas de OFICIALISMO EXTREMO Y SECTARIO de acusar a Fernando Mart\u00ednez Heredia de&nbsp;<em>\u00ab<\/em>trotskista<em>\u00bb<\/em>&nbsp;\u2014 \u00a1como si fuera el pecado m\u00e1s horrendo! \u2014 para luego desertar de la revoluci\u00f3n cubana, mientras hoy, desde el exterior, posa de&nbsp;<em>\u00ab<\/em>experto en procesos democr\u00e1ticos<em>\u00bb<\/em>, siempre con el correspondiente financiamiento a la mano, por supuesto. Una simple ladilla para hacer rima con su apellido. Punto y aparte.<\/p>\n\n\n\n<p>Y s\u00ed, tambi\u00e9n amigos \u2014 algunos de ellos entra\u00f1ables, por eso el dolor que siento \u2014 con los que he compartido veinte a\u00f1os de luchas, risas y fraternidad por los mismos ideales. Pero con quienes, debo reconocerlo, sin perder la amistad y el compa\u00f1erismo fraternal, he discutido no pocas veces, para ser sincero.<\/p>\n\n\n\n<p>En una de esas discusiones, escuch\u00e9 que me dec\u00edan&nbsp;<em>\u00ab<\/em>Aqu\u00ed, N\u00e9stor, [se trata de Cuba. N.K.], hay una DICTADURA<em>\u00bb<\/em>&nbsp;[sic]. Luego de refrenar mi tentaci\u00f3n de carcajada, les pregunt\u00e9:&nbsp;<em>\u00ab<\/em>\u00bfUstedes alguna vez han estado presos? Yo s\u00ed. \u00bfUstedes alguna vez han enfrentado a la infanter\u00eda de la polic\u00eda con sus bastones, sus escopetas y fusiles recortados? Obviamente la respuesta fue negativa. Y continu\u00e9: \u00bfUstedes han participado en manifestaciones donde las fuerzas de represi\u00f3n y sus carros de asalto disparan los proyectiles de gases lacrim\u00f3genos directamente a la cara de la gente que se manifiesta? \u2014 en el a\u00f1o 2001 a una ex novia del pasado le partieron la frente, casi le sacan el ojo derecho y a m\u00ed me provocaron una herida en el cuero cabelludo \u2014 . Por supuesto que tuvieron que reconocer que no. Aunque, insistentes, me alzaron la voz indignados diciendo:&nbsp;<em>\u00ab<\/em>\u00a1Pero aqu\u00ed nos escuchan los tel\u00e9fonos, N\u00e9stor!<em>\u00bb<\/em>. Y ah\u00ed s\u00ed pegu\u00e9 una carcajada. Y les respond\u00ed:&nbsp;<em>\u00ab<\/em>\u00bfY ustedes creen que en Argentina no nos escuchan el tel\u00e9fono, no nos leen los correos electr\u00f3nicos, no nos vigilan ni nos fotograf\u00edan en cada actividad pol\u00edtica?<em>\u00bb<\/em>. Cualquier militante de Argentina lo sabe de memoria. El intercambio sigui\u00f3\u2026, siempre en un tono amigable y camaraderil, pero aquella noche habanera, al dormirme, me tuve que tomar una pastilla de BUSCAPINA por el dolor de est\u00f3mago que ten\u00eda. Esa discusi\u00f3n, casi surrealista, me generaba \u00e1cido estomacal. \u00a1C\u00f3mo se notaba que no hab\u00edan conocido una dictadura de verdad!<\/p>\n\n\n\n<p>En otra de las discusiones, algunos a\u00f1os despu\u00e9s, me ton\u00e9 el atrevimiento de dar un consejo. Como si fuera un viejo sabiondo y no un don nadie, simple militante de base.&nbsp;<em>\u00ab<\/em>No aceptes dinero de la gente que te ofrece un blog de internet \u00abpara que escribas lo que t\u00fa quieras\u00bb. \u2014 En realidad la frase exacta que pronunci\u00e9, en buen tono porte\u00f1o de Argentina, fue:&nbsp;<em>\u00ab<\/em>para que escribas lo que vos quer\u00e9s<em>\u00bb<\/em>&nbsp;\u2014 .&nbsp;<em>\u00ab<\/em>NADA ES GRATIS, hermano. Si te ofrecen eso, siempre hay un peaje que pagar. Y nunca confundas al Vaticano con Camilo Torres\u2026 porque no son y nunca fueron lo mismo<em>\u00bb<\/em>. Evidentemente no he sido un buen consejero. No me han hecho caso. Pero bueno, yo se los dije, como dir\u00eda un t\u00edo de la familia.<\/p>\n\n\n\n<p>Por eso me duele muy adentro ver gente valiosa, l\u00facida, inteligente, erudita y comprometida, de extensa y sincera trayectoria revolucionaria, enredada y mezclada con desertores confesos, integrando una misma lista tan heterog\u00e9nea donde<\/p>\n\n\n\n<blockquote class=\"wp-block-quote\"><p>los admiradores de Julio Antonio Mella y Antonio Guiteras terminan ensuciados figurando junto a personajes despreciables que hace largos a\u00f1os ya no tienen nada que ver no s\u00f3lo con la revoluci\u00f3n cubana en ninguna de sus muchas vertientes y diferentes corrientes pol\u00edtico-culturales sino tampoco con las otras luchas emancipatorias de Nuestra Am\u00e9rica.<\/p><\/blockquote>\n\n\n\n<p>Y hablo de las diferentes corrientes pol\u00edtico-culturales, porque la revoluci\u00f3n cubana, desde su gestaci\u00f3n, siempre ha sido plural \u00bfo no? Un pluralismo que no estuvo exento de conflictos, agudas pol\u00e9micas, tiras y aflojes \u2014 Remito a la entrevista que le hice en La Habana, en enero de 1993 [en medio de un apag\u00f3n del per\u00edodo especial] a Fernando Mart\u00ednez Heredia:&nbsp;<em>\u00ab<\/em>Cuba y el pensamiento cr\u00edtico<em>\u00bb<\/em>, recopilada en varias antolog\u00edas, de CLACSO y de otras instituciones y ediciones \u2014 .<\/p>\n\n\n\n<p>Quiz\u00e1s en el pasado, cuando se form\u00f3 tremendo l\u00edo aquella vez en que unos bur\u00f3cratas de la TV cubana pretendieron rendirle tributo a un antiguo censor del mal llamado&nbsp;<em>\u00ab<\/em>quinquenio gris<em>\u00bb<\/em>, hubo muchos errores de las autoridades cubanas. No lo s\u00e9. Es para pensarlo. Creo que algunos manejos no del todo inteligentes empujaron a muchos j\u00f3venes inquietos, sanamente rebeldes, iconoclastas y heterodoxos \u2014 \u00a1como debe ser toda revoluci\u00f3n! \u2014 a romper amarras o terminar descreyendo de la mera posibilidad de dar batallas al interior de la revoluci\u00f3n. Me acuerdo que mi fallecida amiga Celia Hart me env\u00edo al correo electr\u00f3nico la inmensa madeja de estocadas que se tiraban en uno y otro sentido. Creo que aquella ocasi\u00f3n fue un punto de inflexi\u00f3n. \u00bfSer\u00e1 irreversible? No tenemos la bola de cristal y lamentablemente no creemos en el tarot.<\/p>\n\n\n\n<p>Humildemente creemos que este nuevo conflicto podr\u00e1 desenredarse en un sentido positivo y revolucionario, en una direcci\u00f3n opuesta a la contrainsurgencia&nbsp;<em>\u00ab<\/em>soft<em>\u00bb<\/em>&nbsp;promocionada desde gringolandia, si prima la lucidez. S\u00ed, es verdad. Como sol\u00eda decir el viejo Alfredo Guevara. Con lucidez. Y privilegiando la cultura como tanto insist\u00edan Armando Hart D\u00e1valos y Roberto Fern\u00e1ndez Retamar.<\/p>\n\n\n\n<blockquote class=\"wp-block-quote\"><p>Pero eso s\u00ed. En el dif\u00edcil y tensionado juego entre el proyecto y el poder, entre la utop\u00eda y el realismo, quienes de verdad quieran dialogar deber\u00edan hacerlo \u2014 como me imagino que recomendar\u00eda Fernando Mart\u00ednez Heredia, si no me equivoco\u2026 pues tampoco creo en los or\u00e1culos \u2014 sin perder por un segundo de vista el horizonte innegociable de la revoluci\u00f3n socialista [donde dice&nbsp;<em>\u00ab<\/em>socialista<em>\u00bb<\/em>&nbsp;debe leerse:&nbsp;<strong>SOCIALISTA<\/strong>].<\/p><\/blockquote>\n\n\n\n<p>No el&nbsp;<em>\u00ab<\/em>socialismo democr\u00e1tico<em>\u00bb<\/em>&nbsp;neocolonial de Felipe Gonz\u00e1lez que introdujo, sin verg\u00fcenza alguna, a Espa\u00f1a en la OTAN ni el&nbsp;<em>\u00ab<\/em>socialismo democr\u00e1tico<em>\u00bb<\/em>&nbsp;de M\u00e1rio Soares en Portugal \u2014 condecorado por Frank Carlucci, jerarca de la CIA, por haber desmantelado en 1975 la revoluci\u00f3n de los claveles encabezada por el general marxista Vasco Gon\u00e7alvez \u2014 . Tampoco el&nbsp;<em>\u00ab<\/em>socialismo democr\u00e1tico<em>\u00bb<\/em>&nbsp;de Carlos Andr\u00e9s P\u00e9rez en Venezuela que reprimi\u00f3 salvajemente a su pueblo en 1989 \u2014 dejando como secuela m\u00e1s de 3.000 muertos y desaparecidos \u2014 contra el cual se insurreccion\u00f3 Hugo Ch\u00e1vez con su propuesta de socialismo bolivariano del siglo XXI.<\/p>\n\n\n\n<blockquote class=\"wp-block-quote\"><p>Sino el socialismo&nbsp;<em>\u00ab<\/em>a la cubana<em>\u00bb<\/em>&nbsp;que no es otro que el socialismo martiano de Fidel y el Che.<\/p><\/blockquote>\n\n\n\n<p>Revoluci\u00f3n socialista, la cubana, que durante d\u00e9cadas ha sido y seguir\u00e1 siendo la \u00fanica vacuna y el \u00fanico ant\u00eddoto para garantizar la autodeterminaci\u00f3n nacional y popular de Cuba frente a las pretensiones anexionistas de Estados Unidos, sea en su versi\u00f3n neofascista, sea en su presentaci\u00f3n light y&nbsp;<em>\u00ab<\/em>soft<em>\u00bb<\/em>, igualmente imperialista. Porque nadar alegremente en las enso\u00f1aciones imaginarias de una eventual socialdemocracia cubana \u2014 lo mismo que un socialcristianismo \u2014 no llevar\u00e1 a la isla hacia las costas y acantilados de Suecia o Noruega sino hacia el triste vasallaje de Puerto Rico. Antip\u00e1tico, pero hay que decirlo claramente. Nobleza obliga.<\/p>\n\n\n\n<blockquote class=\"wp-block-quote\"><p>En ning\u00fan lugar del mundo existen democracias sin apellido, sin determinaciones espec\u00edficas, desnudas, puras y v\u00edrgenes, sin ropaje alguno. Puramente&nbsp;<em>\u00ab<\/em>procedimentales<em>\u00bb<\/em>.<\/p><\/blockquote>\n\n\n\n<p>Toda profundizaci\u00f3n democr\u00e1tica y participativa, sustentada en el poder popular y comunal a escala nacional, regional e incluso barrial, es deseable, imprescindible e impostergable. Siempre y cuando se haga apuntando hacia el socialismo y rechazando las manzanas envenenadas de la contrainsurgencia&nbsp;<em>\u00ab<\/em>amable<em>\u00bb<\/em>&nbsp;que apuesta a cooptar, con elegancia y estilo, a algunos segmentos de la sociedad civil cubana, especialmente en el campo de la cultura, las ciencias sociales y el arte \u2014quien no nos crea est\u00e1 en todo su derecho, pero le recordamos y sugerimos el maravilloso libro de Frances Stonor Sounders:&nbsp;<em>La CIA y la guerra fr\u00eda cultural<\/em>, editado en Cuba [se puede descargar gratis en el siguiente link: \u2014<a href=\"https:\/\/www.lahaine.org\/mundo.php\/libro-la-cia-y-la\" target=\"_blank\" rel=\"noreferrer noopener\">[Libro] La CIA y la guerra fr\u00eda culturalFrances Stonor Saunders, Who Paid the Piper: The CIA and the Cultural Cold War [Qui\u00e9n pag\u00f3 al gaitero: La CIA y la\u2026www.lahaine.org<\/a><\/p>\n\n\n\n<blockquote class=\"wp-block-quote\"><p>Quien convoque a&nbsp;<em>\u00ab<\/em>LA DEMOCRACIA EN GENERAL<em>\u00bb<\/em>&nbsp;\u2014 en abstracto \u2014 ,<strong>&nbsp;lo quiera o no, sea consciente o no<\/strong>, nos invita a cruzar el charco<\/p><\/blockquote>\n\n\n\n<p>y ya sabemos c\u00f3mo termin\u00f3 Jes\u00fas D\u00edaz, uno de los m\u00e1s brillantes intelectuales cubanos del proceso que se inici\u00f3 con el Moncada o, si ustedes prefieren, en 1959 [Jes\u00fas D\u00edaz (1941\u20132002), junto con Fernando Mart\u00ednez Heredia y Aurelio Alonso Tejada, entre otros y otras, tambi\u00e9n form\u00f3 parte de&nbsp;<em>Pensamiento Cr\u00edtico<\/em>. Transitaba con luz propia la esfera art\u00edstica \u2014 era guionista de cine \u2014 y las ciencias sociales \u2014 un gran conocedor, en detalle, de la obra de Lenin \u2014 . Pero a diferencia de Mart\u00ednez Heredia y Alonso Tejada, no tuvo la perseverancia suficiente que caracteriza tanto a los corredores de marat\u00f3n como a la militancia revolucionaria de por vida. Corri\u00f3 r\u00e1pido y se cans\u00f3 pronto. Por eso termin\u00f3 perdiendo sus mejores batallas y mordi\u00f3 el anzuelo, dilapidando sus saberes, su prestigio y su rebeld\u00eda, aceptando la invitaci\u00f3n turbia y tentadora que siempre estar\u00e1 ah\u00ed, a la mano, para el campo art\u00edstico y el campo intelectual, mientras exista el imperialismo. Un final triste y solitario, aunque previsible para quien no tenga constancia en la larga marat\u00f3n de la lucha popular].<\/p>\n\n\n\n<p>Ese camino, regado de sonrisas y caricias de los poderosos,&nbsp;<em>\u00ab<\/em>apoyos altruistas<em>\u00bb<\/em>, palmaditas en la espalda y financiamientos&nbsp;<em>\u00ab<\/em>desinteresados<em>\u00bb<\/em>, repleto de alabanzas envenenadas\u2026 es un callej\u00f3n sin salida. Jes\u00fas D\u00edaz termin\u00f3 neg\u00e1ndose a s\u00ed mismo, enterrando casi de manera masoquista su propia historia y su propia obra.<\/p>\n\n\n\n<p>Dice el refr\u00e1n popular: Roma no paga traidores. Tampoco lo han hecho nunca ni la Ford, la NED o la USAID, ni el Bundesbank o la Fundaci\u00f3n Ebert \u2014 que lleva el nombre, dicho sea de paso, de uno de los responsables del asesinato de Rosa Luxemburg \u2014 , ni el Banco Ambrosiano o la Fundaci\u00f3n Vaticana.<\/p>\n\n\n\n<p>\u00a1Lucidez, lucidez, lucidez! Es decir: m\u00e1s y mejor socialismo. Esto vale \u2014 humildemente as\u00ed pensamos, como internacionalistas solidarios con la revoluci\u00f3n cubana \u2014 para todo el mundo involucrado en el debate.<\/p>\n\n\n\n<blockquote class=\"wp-block-quote\"><p>En cuanto a las instituciones cubanas: lo m\u00e1s sabio e inteligente ser\u00eda evitar cualquier tentaci\u00f3n dogm\u00e1tica de caza de brujas, demonizaciones arbitrarias o sectarismos estrechos. Tensar artificialmente la cuerda y provocar rupturas, sin distinguir entre (a) reclamos justos y leg\u00edtimos, y (b) provocaciones mercenarias; constituir\u00eda hoy una gran torpeza a la hora de defender la revoluci\u00f3n cubana frente al imperialismo crepuscular.<\/p><\/blockquote>\n\n\n\n<p>En cuanto a quienes redactaron y acompa\u00f1aron el&nbsp;<em>\u00ab<\/em>Manifiesto<em>\u00bb<\/em>: si se ha ganado un prestigio personal merecido, un reconocimiento popular y un afecto juvenil por haber trabajado pacientemente durante d\u00e9cadas en la l\u00ednea antiimperialista de Mella y Guiteras, y en el horizonte cultural revolucionario de Alejo Carpentier y Tom\u00e1s Guti\u00e9rrez Alea, \u00bfvale la pena rifarlo y despilfarrarlo todo aceptando caricias envenenadas del enemigo? Modestamente, y siempre con la mano fraternal en el coraz\u00f3n, pensando en Mart\u00ed y en Epicuro, sospechamos que no.<\/p>\n\n\n\n<p>Con afecto y con dolor, pero con esperanza,<\/p>\n","protected":false},"excerpt":{"rendered":"<p>N\u00e9stor Kohan Fuente: La Tizza Con dolor y no poca angustia publico estas l\u00edneas. No dejo de pensar en la amistad. Valor \u00e9tico supremo para un vecino de mi barrio llamado Epicuro. Escrib\u00ed este texto en una noche de insomnio hace exactamente una semana. Lo reelabor\u00e9 muchas veces. Dud\u00e9 mucho en publicarlo. Lo compart\u00ed en [&hellip;]<\/p>\n","protected":false},"author":1,"featured_media":3600,"comment_status":"open","ping_status":"open","sticky":false,"template":"","format":"standard","meta":{"footnotes":""},"categories":[5,3],"tags":[],"_links":{"self":[{"href":"http:\/\/www.movimientocaamanista.com\/index.php?rest_route=\/wp\/v2\/posts\/3599"}],"collection":[{"href":"http:\/\/www.movimientocaamanista.com\/index.php?rest_route=\/wp\/v2\/posts"}],"about":[{"href":"http:\/\/www.movimientocaamanista.com\/index.php?rest_route=\/wp\/v2\/types\/post"}],"author":[{"embeddable":true,"href":"http:\/\/www.movimientocaamanista.com\/index.php?rest_route=\/wp\/v2\/users\/1"}],"replies":[{"embeddable":true,"href":"http:\/\/www.movimientocaamanista.com\/index.php?rest_route=%2Fwp%2Fv2%2Fcomments&post=3599"}],"version-history":[{"count":1,"href":"http:\/\/www.movimientocaamanista.com\/index.php?rest_route=\/wp\/v2\/posts\/3599\/revisions"}],"predecessor-version":[{"id":3601,"href":"http:\/\/www.movimientocaamanista.com\/index.php?rest_route=\/wp\/v2\/posts\/3599\/revisions\/3601"}],"wp:featuredmedia":[{"embeddable":true,"href":"http:\/\/www.movimientocaamanista.com\/index.php?rest_route=\/wp\/v2\/media\/3600"}],"wp:attachment":[{"href":"http:\/\/www.movimientocaamanista.com\/index.php?rest_route=%2Fwp%2Fv2%2Fmedia&parent=3599"}],"wp:term":[{"taxonomy":"category","embeddable":true,"href":"http:\/\/www.movimientocaamanista.com\/index.php?rest_route=%2Fwp%2Fv2%2Fcategories&post=3599"},{"taxonomy":"post_tag","embeddable":true,"href":"http:\/\/www.movimientocaamanista.com\/index.php?rest_route=%2Fwp%2Fv2%2Ftags&post=3599"}],"curies":[{"name":"wp","href":"https:\/\/api.w.org\/{rel}","templated":true}]}}