{"id":3605,"date":"2020-12-26T13:55:27","date_gmt":"2020-12-26T13:55:27","guid":{"rendered":"http:\/\/www.movimientocaamanista.com\/?p=3605"},"modified":"2020-12-26T13:55:29","modified_gmt":"2020-12-26T13:55:29","slug":"y-si-en-otro-pais-alguien-pidiera-una-intervencion-militar-de-ee-uu","status":"publish","type":"post","link":"http:\/\/www.movimientocaamanista.com\/?p=3605","title":{"rendered":"\u00bfY si en otro pa\u00eds alguien pidiera una intervenci\u00f3n militar de EE.UU.?"},"content":{"rendered":"\n<p>Jos\u00e9 Manzaneda<\/p>\n\n\n\n<p>Fuente: <a href=\"https:\/\/rebelion.org\/y-si-en-otro-pais-alguien-pidiera-una-intervencion-militar-de-ee-uu\/\">Rebeli\u00f3n<\/a><\/p>\n\n\n\n<p>\u00bfHan le\u00eddo en la prensa occidental, alguna nota, alg\u00fan editorial, que condene el asesinato de los cinco cient\u00edficos iran\u00edes asesinados por los servicios secretos de Israel?<\/p>\n\n\n\n<p>\u201c\u00bfQui\u00e9n fue la primera persona en recibir la vacuna contra el coronavirus en el mundo?\u201d, titulaba un medio de Per\u00fa, en referencia a Margaret Keenan (1). Pero esta brit\u00e1nica ni ha sido la \u201cprimera persona\u201d, ni ha recibido \u201cla vacuna\u201d, sino una de ellas, la estadounidense Pfizer (2). De hecho, la vacuna china Sinopharm ya hab\u00eda sido aplicada a un mill\u00f3n de personas (3), y la rusa Sputnik se comenz\u00f3 a suministrar tres d\u00edas antes que en Reino Unido (4). Nada que interese a la prensa occidental, si no es para asociarlo con las \u201cjugadas geopol\u00edticas de Vladimir Putin\u201d (5) o con \u201clas ambiciones de Rusia\u201d (6).<\/p>\n\n\n\n<p>\u201cAvalista\u201d de unas \u201cfraudulentas elecciones\u201d (7), \u00abagente de una dictadura criminal\u00bb (8), \u201crespaldo (de una) (\u2026) narcodictadura\u201d (9), \u201cverg\u00fcenza\u201d por \u201cel papel\u00f3n que ha hecho\u201d en Venezuela (10), a donde \u201cha ido (\u2026) a contar mentiras\u00bb (11)\u2026&nbsp;<strong>Es el nuevo saco de golpes de toda la prensa espa\u00f1ola: el expresidente Jos\u00e9 Luis Rodr\u00edguez Zapatero, cuyo pecado ha sido acudir como observador a las recientes elecciones parlamentarias de Venezuela<\/strong>&nbsp;y criticar las sanciones internacionales contra este pa\u00eds (12). Un absoluto linchamiento en tertulias, editoriales, columnas de opini\u00f3n\u2026 incluso de los medios cercanos a su partido, como la Cadena Ser o&nbsp;<em>El Pa\u00eds<\/em>&nbsp;(13). As\u00ed es la pluralidad informativa y de opini\u00f3n que luego venden a pa\u00edses\u2026 como Cuba.<\/p>\n\n\n\n<p>En efecto, el 6 de diciembre hubo elecciones parlamentarias en Venezuela. Y en Ruman\u00eda. La participaci\u00f3n fue muy similar en ambos pa\u00edses, cercana al 32 %. Pero, mientras&nbsp;<strong>en Ruman\u00eda la abstenci\u00f3n \u201cse explica \u2013seg\u00fan la agencia EFE- en gran parte por la pandemia\u201d (14)&nbsp;<\/strong>o, a lo sumo -seg\u00fan France 24- por cierta \u201cdesilusi\u00f3n\u201d con \u201cla clase pol\u00edtica\u00bb (15),&nbsp;<strong>en Venezuela es un \u201cgrito de protesta\u201d (16) contra un \u201cfraude\u201d (17),<\/strong>&nbsp;una \u201cfarsa\u201d (18) o una \u201cburla electoral\u201d (19). Aunque all\u00ed hubiera 107 partidos, 14 mil candidaturas (20) y 200 observadores internacionales (21). En contraste, el sector de la oposici\u00f3n que boicote\u00f3 las elecciones, realiz\u00f3, d\u00edas despu\u00e9s, su propia consulta, en la que se pod\u00eda participar de manera digital y, sin control de identidad, daba lugar a miles de irregularidades comprobadas (22) (23). Pero para la prensa internacional fue\u2026 todo un \u201c\u00e9xito\u201d (24).<\/p>\n\n\n\n<p>Por cierto, los resultados de los comicios parlamentarios de Venezuela se conocieron unas horas despu\u00e9s del cierre de los colegios. En EEUU, solo han tardado\u2026 \u00a140 d\u00edas! (25).<\/p>\n\n\n\n<p>\u201cSalir del armario en Honduras te expone a ser asesinado; no hacerlo, al suicidio\u201d. As\u00ed titulaba&nbsp;<em>El Pa\u00eds<\/em>&nbsp;un interesante reportaje que mencionaba 357 asesinatos de odio por orientaci\u00f3n sexual en aquel pa\u00eds en los \u00faltimos cuatro a\u00f1os (26). A finales de noviembre le\u00edamos tambi\u00e9n que una transexual cubana era asesinada a pu\u00f1aladas por su novio en Miami (27). Pero donde hay homofobia institucional, nos siguen diciendo, es en Cuba, un pa\u00eds donde son raros estos cr\u00edmenes y con importantes avances legales en los \u00faltimos a\u00f1os (28). Por cierto,&nbsp;<strong>\u00bfse imaginan que el presidente cubano afirmara, como hizo el de Brasil Jair Bolsonaro, que, frente al coronavirus, su pa\u00eds debe \u201cdejar de ser un pa\u00eds de maricas\u00bb (29)?<\/strong>&nbsp;Entonces s\u00ed, tendr\u00edamos un monumental esc\u00e1ndalo medi\u00e1tico que condenar\u00eda a Cuba como \u201cEstado hom\u00f3fobo\u201d.<\/p>\n\n\n\n<p>Hace unas semanas era asesinado, mediante una ametralladora dirigida por sat\u00e9lite, el cient\u00edfico iran\u00ed Mohsen Fajrizad\u00e9.&nbsp;<strong>Es el quinto cient\u00edfico del programa nuclear de Ir\u00e1n asesinado por los servicios secretos de Israel (30).<\/strong>&nbsp;Por su lado, EE.UU. ejecut\u00f3, a comienzos de a\u00f1o, al general iran\u00ed Qassem Soleimani (31). Pero \u00bfhan le\u00eddo, en la prensa occidental, alguna nota, alg\u00fan editorial, que condene estos actos o los califique siquiera de \u201cterrorismo de Estado\u201d? Ahora imaginen qu\u00e9 dir\u00edan \u2013y qu\u00e9 pasar\u00eda- si los servicios secretos de Ir\u00e1n \u2013un pa\u00eds sin armamento nuclear- ejecutaran a un miembro del Departamento de Defensa de EEUU \u2013que cuenta con seis mil cabezas nucleares- o del equipo cient\u00edfico de Israel \u2013Estado con no menos de 100- (32).<\/p>\n\n\n\n<p>Imaginen tambi\u00e9n&nbsp;<strong>las consecuencias medi\u00e1ticas y pol\u00edticas si en Cuba, en una rueda de prensa, un activista de EE.UU. pidiera la intervenci\u00f3n militar en su pa\u00eds<\/strong>&nbsp;debido a la brutal represi\u00f3n policial. Pues escuchen lo que dice en Miami Orlando Guti\u00e9rrez-Boronat, de una organizaci\u00f3n \u201canticastrista\u201d que, en los \u00faltimos 15 a\u00f1os, ha recibido siete millones de d\u00f3lares del Gobierno de EE.UU. para sus campa\u00f1as contra Cuba (33):&nbsp;<em>\u00abNo se puede permitir un derramamiento de sangre del pueblo cubano en las calles de Cuba. Y con toda moral pedimos que la comunidad internacional, encabezada por los EEUU, ponga fin a este r\u00e9gimen de oprobio. (\u2026) Es leg\u00edtimo y pedimos una intervenci\u00f3n internacional liderada por EE.UU. para derrocar ese r\u00e9gimen y ponerle fin\u00bb&nbsp;<\/em>(34) (35).<\/p>\n\n\n\n<p>Y no pasa nada. \u00bfHasta cu\u00e1ndo?<\/p>\n\n\n\n<p>Edici\u00f3n: Jon Ojanguren. Presentaci\u00f3n: L\u00e1zaro Oramas. Edici\u00f3n gr\u00e1fica: Esther J\u00e1vega.<\/p>\n\n\n\n<p>(1)&nbsp;&nbsp;<a href=\"https:\/\/gestion.pe\/mundo\/vacuna-covid-19-quien-fue-la-primera-persona-en-recibir-la-vacuna-contra-el-coronavirus-en-el-mundo-pfizer-biontech-nndc-noticia\/\" rel=\"noreferrer noopener\" target=\"_blank\">https:\/\/gestion.pe\/mundo\/vacuna-covid-19-quien-fue-la-primera-persona-en-recibir-la-vacuna-contra-el-coronavirus-en-el-mundo-pfizer-biontech-nndc-noticia\/<\/a><\/p>\n\n\n\n<p>(2)&nbsp;&nbsp;<a href=\"https:\/\/twitter.com\/pascual_serrano\/status\/1336361626224762881\" rel=\"noreferrer noopener\" target=\"_blank\">https:\/\/twitter.com\/pascual_serrano\/status\/1336361626224762881<\/a><\/p>\n\n\n\n<p>(3)&nbsp;&nbsp;<a href=\"https:\/\/www.niusdiario.es\/sociedad\/sanidad\/millon-chinos-vacunado-coronavirus-vacuna-laboratorio-sinopharm_18_3046320251.html\" rel=\"noreferrer noopener\" target=\"_blank\">https:\/\/www.niusdiario.es\/sociedad\/sanidad\/millon-chinos-vacunado-coronavirus-vacuna-laboratorio-sinopharm_18_3046320251.html<\/a><\/p>\n\n\n\n<p>(4)&nbsp;&nbsp;<a href=\"https:\/\/actualidad.rt.com\/actualidad\/376446-efectividad-vacuna-rusa-sputnik-aumenta-segunda-dosis\" rel=\"noreferrer noopener\" target=\"_blank\">https:\/\/actualidad.rt.com\/actualidad\/376446-efectividad-vacuna-rusa-sputnik-aumenta-segunda-dosis<\/a><\/p>\n\n\n\n<p>(5)&nbsp;&nbsp;<a href=\"https:\/\/www.clarin.com\/mundo\/vacuna-rusa-sputnik-v-jugada-geopolitica-vladimir-putin_0_L9dn_oLom.html\" rel=\"noreferrer noopener\" target=\"_blank\">https:\/\/www.clarin.com\/mundo\/vacuna-rusa-sputnik-v-jugada-geopolitica-vladimir-putin_0_L9dn_oLom.html<\/a><\/p>\n\n\n\n<p>(6)&nbsp;&nbsp;<a href=\"https:\/\/www.bbc.com\/mundo\/noticias-55230975\" rel=\"noreferrer noopener\" target=\"_blank\">https:\/\/www.bbc.com\/mundo\/noticias-55230975<\/a><\/p>\n\n\n\n<p>(7)&nbsp;&nbsp;<a href=\"https:\/\/www.elboletin.com\/noticia\/202209\/opinion\/telegrama-para-jose-luis-rodriguez-zapatero.html\" rel=\"noreferrer noopener\" target=\"_blank\">https:\/\/www.elboletin.com\/noticia\/202209\/opinion\/telegrama-para-jose-luis-rodriguez-zapatero.html<\/a><\/p>\n\n\n\n<p>(8)&nbsp;&nbsp;<a href=\"https:\/\/www.libertaddigital.com\/espana\/2020-12-10\/alvarez-de-toledo-defiende-quitar-zapatero-todos-privilegios-agente-de-una-dictadura-criminal-venezuela-nicolas-maduro-6688964\/\" rel=\"noreferrer noopener\" target=\"_blank\">https:\/\/www.libertaddigital.com\/espana\/2020-12-10\/alvarez-de-toledo-defiende-quitar-zapatero-todos-privilegios-agente-de-una-dictadura-criminal-venezuela-nicolas-maduro-6688964\/<\/a><\/p>\n\n\n\n<p>(9)&nbsp;&nbsp;<a href=\"https:\/\/www.larazon.es\/deportes\/20201209\/7g6njflmpvdhbbw3bdbtkbwyta.html\" rel=\"noreferrer noopener\" target=\"_blank\">https:\/\/www.larazon.es\/deportes\/20201209\/7g6njflmpvdhbbw3bdbtkbwyta.html<\/a><\/p>\n\n\n\n<p>(10)&nbsp;&nbsp;&nbsp;&nbsp;&nbsp;&nbsp;&nbsp;<a href=\"https:\/\/m.europapress.es\/nacional\/noticia-ayuso-critica-papelon-zapatero-venezuela-avalar-elecciones-propia-ue-no-reconoce-20201209101504.html\" rel=\"noreferrer noopener\" target=\"_blank\">https:\/\/m.europapress.es\/nacional\/noticia-ayuso-critica-papelon-zapatero-venezuela-avalar-elecciones-propia-ue-no-reconoce-20201209101504.html<\/a><\/p>\n\n\n\n<p>(11)&nbsp;&nbsp;&nbsp;&nbsp;&nbsp;&nbsp;&nbsp;<a href=\"https:\/\/www.20minutos.es\/noticia\/4502854\/0\/leopoldo-lopez-arremete-en-el-programa-de-ana-rosa-contra-zapatero-ha-ido-a-venezuela-a-contar-mentiras\/\" rel=\"noreferrer noopener\" target=\"_blank\">https:\/\/www.20minutos.es\/noticia\/4502854\/0\/leopoldo-lopez-arremete-en-el-programa-de-ana-rosa-contra-zapatero-ha-ido-a-venezuela-a-contar-mentiras\/<\/a><\/p>\n\n\n\n<p>(12)&nbsp;&nbsp;&nbsp;&nbsp;&nbsp;&nbsp;&nbsp;<a href=\"https:\/\/www.youtube.com\/watch?v=P8utzOwuhGk\" rel=\"noreferrer noopener\" target=\"_blank\">https:\/\/www.youtube.com\/watch?v=P8utzOwuhGk<\/a><\/p>\n\n\n\n<p>(13)&nbsp;&nbsp;&nbsp;&nbsp;&nbsp;&nbsp;&nbsp;<a href=\"https:\/\/elpais.com\/espana\/2020-12-08\/el-gobierno-se-desmarca-del-respaldo-de-zapatero-al-regimen-de-maduro.html\" rel=\"noreferrer noopener\" target=\"_blank\">https:\/\/elpais.com\/espana\/2020-12-08\/el-gobierno-se-desmarca-del-respaldo-de-zapatero-al-regimen-de-maduro.html<\/a><\/p>\n\n\n\n<p>(14)&nbsp;&nbsp;&nbsp;&nbsp;&nbsp;&nbsp;&nbsp;<a href=\"https:\/\/www.rtve.es\/noticias\/20201207\/izquierda-rumana-da-sorpresa-elecciones-generales-disputa-victoria-centroderecha\/2059352.shtml\" rel=\"noreferrer noopener\" target=\"_blank\">https:\/\/www.rtve.es\/noticias\/20201207\/izquierda-rumana-da-sorpresa-elecciones-generales-disputa-victoria-centroderecha\/2059352.shtml<\/a><\/p>\n\n\n\n<p>(15)&nbsp;&nbsp;&nbsp;&nbsp;&nbsp;&nbsp;&nbsp;<a href=\"https:\/\/www.france24.com\/es\/europa\/20201207-rumania-elecciones-legislativas-victoria-izquierda-primer-ministro-interino\" rel=\"noreferrer noopener\" target=\"_blank\">https:\/\/www.france24.com\/es\/europa\/20201207-rumania-elecciones-legislativas-victoria-izquierda-primer-ministro-interino<\/a><\/p>\n\n\n\n<p>(16)&nbsp;&nbsp;&nbsp;&nbsp;&nbsp;&nbsp;&nbsp;<a href=\"https:\/\/elpais.com\/internacional\/2020-12-12\/venezuela-o-la-abstencion-como-grito-de-protesta.html\" rel=\"noreferrer noopener\" target=\"_blank\">https:\/\/elpais.com\/internacional\/2020-12-12\/venezuela-o-la-abstencion-como-grito-de-protesta.html<\/a><\/p>\n\n\n\n<p>(17)&nbsp;&nbsp;&nbsp;&nbsp;&nbsp;&nbsp;&nbsp;<a href=\"https:\/\/www.infobae.com\/america\/venezuela\/2020\/12\/10\/el-regimen-de-maduro-publico-los-numeros-finales-del-fraude-electoral-tendra-mas-del-90-de-las-bancas-en-su-parlamento\/\" rel=\"noreferrer noopener\" target=\"_blank\">https:\/\/www.infobae.com\/america\/venezuela\/2020\/12\/10\/el-regimen-de-maduro-publico-los-numeros-finales-del-fraude-electoral-tendra-mas-del-90-de-las-bancas-en-su-parlamento\/<\/a><\/p>\n\n\n\n<p>(18)&nbsp;&nbsp;&nbsp;&nbsp;&nbsp;&nbsp;&nbsp;<a href=\"https:\/\/www.lavozdegalicia.es\/noticia\/internacional\/2020\/12\/10\/chavismo-vuelve-dominar-parlamento-venezolano-tras-farsa-electoral\/00031607600055858172647.htm\" rel=\"noreferrer noopener\" target=\"_blank\">https:\/\/www.lavozdegalicia.es\/noticia\/internacional\/2020\/12\/10\/chavismo-vuelve-dominar-parlamento-venezolano-tras-farsa-electoral\/00031607600055858172647.htm<\/a><\/p>\n\n\n\n<p>(19)&nbsp;&nbsp;&nbsp;&nbsp;&nbsp;&nbsp;&nbsp;<a href=\"https:\/\/360radio.com.co\/no-reconocemos-burla-electoral-en-venezuela-ivan-duque\/\" rel=\"noreferrer noopener\" target=\"_blank\">https:\/\/360radio.com.co\/no-reconocemos-burla-electoral-en-venezuela-ivan-duque\/<\/a><\/p>\n\n\n\n<p>(20)&nbsp;&nbsp;&nbsp;&nbsp;&nbsp;&nbsp;&nbsp;<a href=\"http:\/\/spanish.xinhuanet.com\/2020-09\/06\/c_139345811.htm\" rel=\"noreferrer noopener\" target=\"_blank\">http:\/\/spanish.xinhuanet.com\/2020-09\/06\/c_139345811.htm<\/a><\/p>\n\n\n\n<p>(21)&nbsp;&nbsp;&nbsp;&nbsp;&nbsp;&nbsp;&nbsp;<a href=\"https:\/\/www.prensa-latina.cu\/index.php?o=rn&amp;id=415850&amp;SEO=presidente-de-venezuela-recibe-a-observadores-internacionales\" rel=\"noreferrer noopener\" target=\"_blank\">https:\/\/www.prensa-latina.cu\/index.php?o=rn&amp;id=415850&amp;SEO=presidente-de-venezuela-recibe-a-observadores-internacionales<\/a><\/p>\n\n\n\n<p>(22)&nbsp;&nbsp;&nbsp;&nbsp;&nbsp;&nbsp;&nbsp;<a href=\"https:\/\/twitter.com\/planwac\/status\/1336298423167934465\" rel=\"noreferrer noopener\" target=\"_blank\">https:\/\/twitter.com\/planwac\/status\/1336298423167934465<\/a><\/p>\n\n\n\n<p>(23)&nbsp;&nbsp;&nbsp;&nbsp;&nbsp;&nbsp;&nbsp;<a href=\"https:\/\/twitter.com\/EconJoseJimenez\/status\/1336320378944192514\" rel=\"noreferrer noopener\" target=\"_blank\">https:\/\/twitter.com\/EconJoseJimenez\/status\/1336320378944192514<\/a><\/p>\n\n\n\n<p>(24)&nbsp;&nbsp;&nbsp;&nbsp;&nbsp;&nbsp;&nbsp;<a href=\"https:\/\/www.elmundo.es\/internacional\/2020\/12\/13\/5fd57bbdfdddff5d408b469b.html\" rel=\"noreferrer noopener\" target=\"_blank\">https:\/\/www.elmundo.es\/internacional\/2020\/12\/13\/5fd57bbdfdddff5d408b469b.html<\/a><\/p>\n\n\n\n<p>(25)&nbsp;&nbsp;&nbsp;&nbsp;&nbsp;&nbsp;&nbsp;<a href=\"https:\/\/www.antena3.com\/noticias\/mundo\/elecciones-eeuu\/el-congreso-electoral-de-eeuu-a-punto-de-certificar-la-victoria-de-joe-biden-como-nuevo-presidente_202012145fd7181fd4aa1e00012e1749.html\" rel=\"noreferrer noopener\" target=\"_blank\">https:\/\/www.antena3.com\/noticias\/mundo\/elecciones-eeuu\/el-congreso-electoral-de-eeuu-a-punto-de-certificar-la-victoria-de-joe-biden-como-nuevo-presidente_202012145fd7181fd4aa1e00012e1749.html<\/a><\/p>\n\n\n\n<p>(26)&nbsp;&nbsp;&nbsp;&nbsp;&nbsp;&nbsp;&nbsp;<a href=\"https:\/\/elpais.com\/planeta-futuro\/2020-12-06\/salir-del-armario-en-honduras-te-expone-a-ser-asesinado-no-hacerlo-al-suicidio.html\" rel=\"noreferrer noopener\" target=\"_blank\">https:\/\/elpais.com\/planeta-futuro\/2020-12-06\/salir-del-armario-en-honduras-te-expone-a-ser-asesinado-no-hacerlo-al-suicidio.html<\/a><\/p>\n\n\n\n<p>(27)&nbsp;&nbsp;&nbsp;&nbsp;&nbsp;&nbsp;&nbsp;<a href=\"https:\/\/www.univision.com\/local\/miami-wltv\/transexual-cubana-muy-reconocida-en-el-gremio-lgbt-de-miami-es-asesinada-a-punaladas-por-su-esposo\" rel=\"noreferrer noopener\" target=\"_blank\">https:\/\/www.univision.com\/local\/miami-wltv\/transexual-cubana-muy-reconocida-en-el-gremio-lgbt-de-miami-es-asesinada-a-punaladas-por-su-esposo<\/a><\/p>\n\n\n\n<p>(28)&nbsp;&nbsp;&nbsp;&nbsp;&nbsp;&nbsp;&nbsp;<a href=\"https:\/\/diariodecuba.com\/derechos-humanos\/1605104442_26387.html\" rel=\"noreferrer noopener\" target=\"_blank\">https:\/\/diariodecuba.com\/derechos-humanos\/1605104442_26387.html<\/a><\/p>\n\n\n\n<p>(29)&nbsp;&nbsp;&nbsp;&nbsp;&nbsp;&nbsp;&nbsp;<a href=\"https:\/\/www.lavanguardia.com\/internacional\/20201111\/49407011999\/jair-bolsonaro-coronavirus-tenemos-dejar-pais-maricas-brasil.html\" rel=\"noreferrer noopener\" target=\"_blank\">https:\/\/www.lavanguardia.com\/internacional\/20201111\/49407011999\/jair-bolsonaro-coronavirus-tenemos-dejar-pais-maricas-brasil.html<\/a><\/p>\n\n\n\n<p>(30)&nbsp;&nbsp;&nbsp;&nbsp;&nbsp;&nbsp;&nbsp;<a href=\"https:\/\/www.eldiario.es\/internacional\/muere-asesinado-principal-cientifico-nuclear-irani-ataque-cerca-teheran_1_6465782.html\" rel=\"noreferrer noopener\" target=\"_blank\">https:\/\/www.eldiario.es\/internacional\/muere-asesinado-principal-cientifico-nuclear-irani-ataque-cerca-teheran_1_6465782.html<\/a><\/p>\n\n\n\n<p>(31)&nbsp;&nbsp;&nbsp;&nbsp;&nbsp;&nbsp;&nbsp;<a href=\"https:\/\/www.bbc.com\/mundo\/noticias-internacional-51007831\" rel=\"noreferrer noopener\" target=\"_blank\">https:\/\/www.bbc.com\/mundo\/noticias-internacional-51007831<\/a><\/p>\n\n\n\n<p>(32)&nbsp;&nbsp;&nbsp;&nbsp;&nbsp;&nbsp;&nbsp;<a href=\"https:\/\/es.wikipedia.org\/wiki\/Pa%C3%ADses_con_armas_nucleares\" rel=\"noreferrer noopener\" target=\"_blank\">https:\/\/es.wikipedia.org\/wiki\/Pa%C3%ADses_con_armas_nucleares<\/a><\/p>\n\n\n\n<p>(33)&nbsp;&nbsp;&nbsp;&nbsp;&nbsp;&nbsp;&nbsp;<a href=\"https:\/\/cubasi.cu\/es\/noticia\/usaid-y-terrorista-cubano-orlando-gutierrez-boronat-juntos-en-programa-contra-el-turismo\" rel=\"noreferrer noopener\" target=\"_blank\">https:\/\/cubasi.cu\/es\/noticia\/usaid-y-terrorista-cubano-orlando-gutierrez-boronat-juntos-en-programa-contra-el-turismo<\/a><\/p>\n\n\n\n<p>(34)&nbsp;&nbsp;&nbsp;&nbsp;&nbsp;&nbsp;&nbsp;<a href=\"https:\/\/www.cubainformacion.tv\/contra-cuba\/20201205\/89044\/89044-desde-eeuu-se-paga-la-violencia-y-el-caos-en-cuba-y-se-habla-ya-de-una-intervencion\" rel=\"noreferrer noopener\" target=\"_blank\">https:\/\/www.cubainformacion.tv\/contra-cuba\/20201205\/89044\/89044-desde-eeuu-se-paga-la-violencia-y-el-caos-en-cuba-y-se-habla-ya-de-una-intervencion<\/a><\/p>\n\n\n\n<p>(35)&nbsp;&nbsp;&nbsp;&nbsp;&nbsp;&nbsp;&nbsp;<a rel=\"noreferrer noopener\" href=\"https:\/\/www.diariolasamericas.com\/mundo\/anuncian-ofensiva-global-contra-el-regimen-cuba-n4211765\" target=\"_blank\">https:\/\/www.diariolasamericas.com\/mundo\/anuncian-ofensiva-global-contra-el-regimen-cuba-n4211765<\/a><br><\/p>\n","protected":false},"excerpt":{"rendered":"<p>Jos\u00e9 Manzaneda Fuente: Rebeli\u00f3n \u00bfHan le\u00eddo en la prensa occidental, alguna nota, alg\u00fan editorial, que condene el asesinato de los cinco cient\u00edficos iran\u00edes asesinados por los servicios secretos de Israel? \u201c\u00bfQui\u00e9n fue la primera persona en recibir la vacuna contra el coronavirus en el mundo?\u201d, titulaba un medio de Per\u00fa, en referencia a Margaret Keenan [&hellip;]<\/p>\n","protected":false},"author":1,"featured_media":3408,"comment_status":"open","ping_status":"open","sticky":false,"template":"","format":"standard","meta":{"footnotes":""},"categories":[5,3],"tags":[],"_links":{"self":[{"href":"http:\/\/www.movimientocaamanista.com\/index.php?rest_route=\/wp\/v2\/posts\/3605"}],"collection":[{"href":"http:\/\/www.movimientocaamanista.com\/index.php?rest_route=\/wp\/v2\/posts"}],"about":[{"href":"http:\/\/www.movimientocaamanista.com\/index.php?rest_route=\/wp\/v2\/types\/post"}],"author":[{"embeddable":true,"href":"http:\/\/www.movimientocaamanista.com\/index.php?rest_route=\/wp\/v2\/users\/1"}],"replies":[{"embeddable":true,"href":"http:\/\/www.movimientocaamanista.com\/index.php?rest_route=%2Fwp%2Fv2%2Fcomments&post=3605"}],"version-history":[{"count":1,"href":"http:\/\/www.movimientocaamanista.com\/index.php?rest_route=\/wp\/v2\/posts\/3605\/revisions"}],"predecessor-version":[{"id":3606,"href":"http:\/\/www.movimientocaamanista.com\/index.php?rest_route=\/wp\/v2\/posts\/3605\/revisions\/3606"}],"wp:featuredmedia":[{"embeddable":true,"href":"http:\/\/www.movimientocaamanista.com\/index.php?rest_route=\/wp\/v2\/media\/3408"}],"wp:attachment":[{"href":"http:\/\/www.movimientocaamanista.com\/index.php?rest_route=%2Fwp%2Fv2%2Fmedia&parent=3605"}],"wp:term":[{"taxonomy":"category","embeddable":true,"href":"http:\/\/www.movimientocaamanista.com\/index.php?rest_route=%2Fwp%2Fv2%2Fcategories&post=3605"},{"taxonomy":"post_tag","embeddable":true,"href":"http:\/\/www.movimientocaamanista.com\/index.php?rest_route=%2Fwp%2Fv2%2Ftags&post=3605"}],"curies":[{"name":"wp","href":"https:\/\/api.w.org\/{rel}","templated":true}]}}