{"id":3737,"date":"2021-01-22T00:39:45","date_gmt":"2021-01-22T00:39:45","guid":{"rendered":"http:\/\/www.movimientocaamanista.com\/?p=3737"},"modified":"2021-02-11T10:54:29","modified_gmt":"2021-02-11T10:54:29","slug":"eeuu-poder-supranacional-vs-poder-neofascista","status":"publish","type":"post","link":"http:\/\/www.movimientocaamanista.com\/?p=3737","title":{"rendered":"EEUU: PODER SUPRANACIONAL vs. PODER NEOFASCISTA"},"content":{"rendered":"\n<p>Narciso Isa Conde<\/p>\n\n\n\n<p><em>\u201cLa confrontaci\u00f3n va m\u00e1s all\u00e1 de las tradicionales contradicciones partidistas y de las divisiones al interior de los dos partidos. Est\u00e1 presente a nivel de masas, al interior del Estado profundo y de todo el poder permanente (empresarial, policial, militar, paramilitar y eclesial.\u201d<\/em><\/p>\n\n\n\n<p><strong>E<\/strong>l proceso de concentraci\u00f3n del capital, dentro y fuera de EEUU, ha sido tan bestialmente ascendente como la profundizaci\u00f3n del abismo social&nbsp; entre la poderosa \u00e9lite de los mega-ricos estadounidenses y el empobrecimiento de gran parte de su sociedad, de la humanidad y la Madre Tierra.<\/p>\n\n\n\n<p>Estos procesos -adem\u00e1s de generar y plantear una contradicci\u00f3n de vida muerte para el planeta y sus pobladores- ha tenido la virtud de&nbsp; fracturar en dos grandes bandos mafiosos la clase dominante-gobernante de esa superpotencia mundial; me refiero al choque frontal, cada vez m\u00e1s intenso y agudo, entre los llamados&nbsp; \u201c<strong>globalitas\u201d<\/strong>&nbsp;y &nbsp;los neofascista.<\/p>\n\n\n\n<p>\u00b7&nbsp;&nbsp;&nbsp;&nbsp;&nbsp;&nbsp;&nbsp;&nbsp;&nbsp;<strong>Del Poder-Naci\u00f3n al Poder-Global del Capital<\/strong>.<\/p>\n\n\n\n<p><strong>&nbsp;E<\/strong>n su tiempo, el soci\u00f3logo Wright Mills describi\u00f3 con mucha agudeza el proceso de conformaci\u00f3n de esa \u00e9lite multimillonaria al interior de la sociedad estadounidense; as\u00ed como las nuevas modalidades de sus desbordamientos imperialistas en el plano mundial, originalmente analizados al inicio del Siglo XX por V. I. LENIN y sus antecesores.<\/p>\n\n\n\n<p>Entonces, el asiento nacional de las corporaciones capitalistas-imperialistas y el propio Estado- Naci\u00f3n estadounidense, ten\u00edan&nbsp; una intensa presencia en esos procesos que fueron determinando la conformaci\u00f3n de redes multinacionales de empresas con similares caracter\u00edsticas, articuladas a otros negocios afines; redes consistente en grandes corporaciones con matriz en EE.UU que se expanden y establecen empresas en otras&nbsp; naciones, conformando cadenas empresariales especializadas desde el centro a la periferia del sistema capitalista.<\/p>\n\n\n\n<p>En cada fase las empresas matrices que se tornaron m\u00e1s preeminentes fueron aquellas que m\u00e1s capacidad de renovaci\u00f3n tecnol\u00f3gica mostraron y, en consecuencia, m\u00e1s alta productividad alcanzaron; combinada \u00e9sta con otros factores llamados a incrementar su poder monop\u00f3lico y oligop\u00f3lico, generalmente vinculado a conexiones &nbsp;estatales y&nbsp; partidistas.<\/p>\n\n\n\n<p>As\u00ed, los partidos Dem\u00f3crata-PD y Republicano-PR pasaron a ser los partidos de la gran propiedad y del gran capital altamente concentrado, tanto en la esfera de influencia interna de ese poderoso Estado-Naci\u00f3n, como en el plano internacional.<\/p>\n\n\n\n<p>&nbsp;Esto, acompa\u00f1ado de una agenda com\u00fan bilateral, y de competencias y pugnas moderadas dentro del sistema pol\u00edtico y del Estado Federal (suma de la diversidad de Estados de la federaci\u00f3n); diferencias determinadas casi siempre por las caracter\u00edsticas de sus bases sociales y multirraciales, y el peso de lo conservador y\/o lo liberal al interior de sus estructuras.<\/p>\n\n\n\n<p>Igual se fue conformando una especie de&nbsp;<strong>\u201cEstado profundo\u201d<\/strong>&nbsp;o poder permanente (no sometido a elecciones), con capacidad de arbitraje, imposici\u00f3n y concertaci\u00f3n en funci\u00f3n de los cambios en la correlaci\u00f3n de fuerzas y el car\u00e1cter de las diferencias.<\/p>\n\n\n\n<p>&nbsp;El PD, en la pol\u00edtica interna, &nbsp;por necesidad &nbsp;\u2013en cuanto a la relaci\u00f3n entre lo liberal y conservador, y lo racista y anti-racista- siempre ha tendido a potenciar algo m\u00e1s que el PR los componentes liberales, anti-racistas y los programas sociales. En el PR ha operado una din\u00e1mica inversa.<\/p>\n\n\n\n<p>Ambos partidos finalmente mezclaron&nbsp; sus matrices ideol\u00f3gicas originales con el avance progresivo la concepci\u00f3n neoliberal o neoconservadora y sus impactos en las estructuras partidistas; concepci\u00f3n&nbsp; desarrollada y promovida por los ide\u00f3logos del capitalismo en el contexto de la crisis capitalista de final del siglo XX y de la restructuraci\u00f3n t\u00e9cnica, organizativa e ideol\u00f3gica &nbsp;impuesta desde entonces por las elites dominantes a nivel nacional e internacional.<\/p>\n\n\n\n<p>&nbsp;M\u00e1s recientemente, la vertiginosa acumulaci\u00f3n capitalista estimulada por el patr\u00f3n tecno-cient\u00edfico micro (electr\u00f3nico, inform\u00e1tico, rob\u00f3tico\u2026) -justo en el entronque del desenlace de la modernidad y la entrada a la posmodernidad- provoc\u00f3 un salto cualitativo espectacular en la transnacionalizaci\u00f3n del gran capital y en su proceso de concentraci\u00f3n de riquezas y de poder a escala global.<\/p>\n\n\n\n<p>&nbsp;As\u00ed, con su impronta neoliberal, la mundializaci\u00f3n \u2013denominada desde entonces globalizaci\u00f3n- abri\u00f3 grandes avenidas a las empresas transnacionales, progresivamente colocadas por encima de los Estados establecidos en sus pa\u00edses de origen, incluido EEUU Y todas las potencias capitalistas.&nbsp;<\/p>\n\n\n\n<p>&nbsp; Por encima de las burgues\u00edas imperialistas de factura nacional, se conform\u00f3 una clase capitalista transnacional, una s\u00faper-burgues\u00eda mundial y un poder supranacional cuyos intereses y decisiones privilegian lo global y superan el Estado-Naci\u00f3n<\/p>\n\n\n\n<p>\u00b7&nbsp;&nbsp;&nbsp;&nbsp;&nbsp;&nbsp;&nbsp;&nbsp;&nbsp;<strong>El funcionamiento de las \u00e9lites globalistas<\/strong>.<\/p>\n\n\n\n<p><strong>L<\/strong>os h\u00edper-millonarios m\u00e1s vinculados a las llamadas tecnolog\u00edas de punta y a vertientes empresariales&nbsp; que las alimentan o emplean (inform\u00e1tica, complejo-militar-industrial-financiero, industria aeroespacial, industria farmac\u00e9utica y de salud,&nbsp; energ\u00eda limpia y mega-miner\u00eda), se convirtieron en una \u00e9lite que&nbsp; domina gran parte del dinero, de la propiedad y del mundo; y que operan sin importarle la vida de una gran parte de la humanidad.<\/p>\n\n\n\n<p>De las \u00e9lites del poder en el Estado-Naci\u00f3n -tal y como lo describe el profesor de sociolog\u00eda estadounidense Peter Phillips, quien sigui\u00e9ndole los pasos a W. Mills analiza a profundidad este fen\u00f3meno en su libro&nbsp;<strong>MEGA CAPITALISTA.-Una \u00e9lite que domina el dinero y el mundo<\/strong>, se transit\u00f3 a otra fase de de la concentraci\u00f3n del capital y las riquezas mundiales: del Poder-Naci\u00f3n imperialista al de una<strong>&nbsp;\u201c\u00e9lite transnacional centralizada<\/strong>\u201d<\/p>\n\n\n\n<p>Esa elite \u2013agrega Phillips-&nbsp;<strong>\u201cfunciona &nbsp;como&nbsp; una red no gubernamental formada por personas adineradas, educadas de forma similar, con intereses comunes acerca de c\u00f3mo gestionar, facilitar y proteger una riqueza global concentrada, y garantizar el crecimiento continuo del capital\u201d&nbsp;<\/strong>y al mismo tiempo<strong>&nbsp;\u201cinfluye y utiliza las instituciones controladas por las autoridades gubernamentales \u2013concretamente el Banco Mundial, el Fondo Monetario Internacional (FMI), la OTAN, la Organizaci\u00f3n Mundial del Turismo (OMT), el G7y el G20, entre muchas otras-\u201c,&nbsp;<\/strong>entre las que a m\u00ed me parece importante mencionar la Organizaci\u00f3n Mundial de la Salud (OMS) y la Organizaci\u00f3n Mundial del Comercio (OMS).<\/p>\n\n\n\n<p>Es claro que lo de&nbsp;<strong>\u201cno gubernamental<\/strong>\u201d de esas red hay que relativizarlo, en tanto siendo verdad que no responden a los gobiernos nacionales establecidos, procuran convertirse ser en un&nbsp;<strong>\u201cgobierno mundial<\/strong>\u201d de facto o&nbsp;<strong>\u201cEstado Global\u201d<\/strong>.<\/p>\n\n\n\n<p>El perfil com\u00fan de tales megamillonarios trae al imaginario colectivo de la humanidad a figuras tipo&nbsp;<strong>Bill Gates, Soros, Rockefeller, Elon Musk,<\/strong><strong>&nbsp;<\/strong><strong>Jeff Bezos (Amazon), Mark Zuckerberg (Facebook) y Carlos Slim (Claro)<\/strong>, quienes no por simple coincidencia, son los magnates m\u00e1s ricos del mundo que m\u00e1s capitales y poderes est\u00e1n acumulando en medio de la pandemia y del consiguiente agravamiento de la crisis de salud y la profunda multi-crisis de decadencia que estremece el sistema capitalista-imperialista occidental.<\/p>\n\n\n\n<p>\u00b7&nbsp;&nbsp;&nbsp;&nbsp;&nbsp;&nbsp;&nbsp;&nbsp;<strong>Fascistas-trumpistas vs globalistas.<\/strong><\/p>\n\n\n\n<p><strong>E<\/strong>stos son, entre otros, los denominados&nbsp;<strong>\u201cglobalistas\u201d,<\/strong>&nbsp;que a partir de este 20 de enero, a trav\u00e9s del Partido Dem\u00f3crata y de Biden como instrumentos acceso a las instituciones estatales (en los que influyen determinantemente), retomar\u00e1n el control de la Casa Blanca,&nbsp; concomitante con la mayor\u00eda lograda en ambas c\u00e1maras legislativas.<\/p>\n\n\n\n<p>Su grave problema ahora es que no est\u00e1n solos, ni la tienen f\u00e1cil, en los dos principales terrenos de juego del capitalismo gansterizado: ni en el gran play internacional, ni en la cancha estadounidense.<\/p>\n\n\n\n<p>&nbsp;El poder\u00edo de EEUU y de esa facci\u00f3n como componente fundamental de su poder transnacional,&nbsp; est\u00e1 en declive; gravemente afectado por una crisis de decadencia que se traduce en perdida sensible de su hegemon\u00eda mundial, profundizada en medio de la pandemia.<\/p>\n\n\n\n<p>La unipolaridad mundial se fue a pique. China, Rusia y todo el polo internacional que le lleva la contra a EEUU y sus socios occidentales,&nbsp; incluidos de manera sobresaliente los pueblos en lucha por su liberaci\u00f3n, le ha erosionado su supremac\u00eda econ\u00f3mica, pol\u00edtica y militar; mientras la \u201c<strong>magia\u201d<\/strong>&nbsp;del incremento de la productividad se traslad\u00f3 al Oriente.<\/p>\n\n\n\n<p>La estabilidad interna y la unidad del poder estadounidense, tambi\u00e9n son cosas del pasado. La fractura es profunda y parece irreversible, m\u00e1s all\u00e1 de quien o quienes controlen temporalmente los poderes electivos del Estado Federal.<\/p>\n\n\n\n<p>La confrontaci\u00f3n va m\u00e1s all\u00e1 de las tradicionales contradicciones partidistas y de las divisiones al interior de los dos partidos. Est\u00e1 presente a nivel de masas, al interior del Estado profundo y de todo el poder permanente (empresarial, policial, militar, paramilitar y eclesial.<\/p>\n\n\n\n<p>Los dos bandos, fuertes los dos, al interior de EEUU operan como dos poderes enfrentados.<\/p>\n\n\n\n<p>El relevante componente estadounidense en la conformaci\u00f3n de la clase capitalista transnacional y el poder imperialista global, relegando considerablemente e imponi\u00e9ndose sobre lo nacional, ha creado otra mayor\u00eda chauvinista de corte fascista, que influye en amplias sectores de partido republicano, que gravita dentro y fuera de \u00e9l, y conforma otra \u00e9lite del dinero en el poder nacional.<\/p>\n\n\n\n<p>Esta otra mayor\u00eda -al contar con poder empresarial, militar y masas fanatizadas- erosiona los viejos factores de consensos y arbitrajes internos, nutri\u00e9ndose de los miedos de la clase obrera blanca y la poblaci\u00f3n blanca en general, afectadas por el traslado de &nbsp;capitales y empresas gringas al exterior, y sensiblemente empobrecida por las crisis recurrentes; temerosa por dem\u00e1s del crecimiento de la inmigraci\u00f3n vario-pinta.<\/p>\n\n\n\n<p>&nbsp;Racismo, xenofobia, homofobia, conservadurismos diversos y fundamentalismo religioso, se mezclan&nbsp; y se potencia para ampliar y compactar ese torrente ultraconservador.<\/p>\n\n\n\n<p>Los Trump y los Pompeos abundan por millones. Su fuerza endurecida va m\u00e1s all\u00e1 de la Casa Blanca y del Capitolio, y tiene tanto impacto divisionista como para eventualmente abrir las compuertas de sucesivas fracturas en una naci\u00f3n federada proclive a la secesi\u00f3n y a la disgregaci\u00f3n de sus componentes.<\/p>\n\n\n\n<p>El liderazgo ultranacionalista y neofascista puede no tener el peso mundial de las elites&nbsp;<strong>\u201cglobalistas<\/strong>\u201d, ni tantas garras en el negocio de las armas y de la guerra. Pero mirando hacia el interior de EEUU, su &nbsp;ultra-nacionalismo, su paramilitarismo, su chauvinismo de gran naci\u00f3n, su racismo extremo, y todo lo que representa el&nbsp;<strong>\u201ctrumpismo\u201d<\/strong>, indudablemente han dotado a esa facci\u00f3n de un poder real muy superior al que antes ten\u00eda.<\/p>\n\n\n\n<p>La tozudez, la prepotencia, la violencia y todo lo estramb\u00f3tico que esa facci\u00f3n exhibe, forma parte de un acumulado cultural degradante, que tambi\u00e9n los&nbsp;<strong>\u201cglobalistas<\/strong>\u201d contribuyeron a crear desde la industria del cine, su enorme poder medi\u00e1tico y impronta guerrerista; que ciertamente le sirven para mucho, pero no para controlar su desenfreno en las redes sociales y otros medios.<\/p>\n\n\n\n<p>Estos son atributos que &nbsp;los propios&nbsp;<strong>\u201cglobalistas<\/strong>\u201d y los l\u00edderes&nbsp;<strong>\u201cdem\u00f3cratas<\/strong>\u201d ejercen despiadadamente contra los pueblos que exigimos justicia y demandamos respeto a nuestra dignidad mancillada!<\/p>\n\n\n\n<p>Ese cuadro estadounidense, lejos de presentar vencedores, anuncia nuevas peleas y abre una etapa de confrontaciones agudas, y lejos de disiparse con represalias y represiones administrativas, como el anunciado juicio pol\u00edtico a Trump, bien podr\u00edan agudizarse \u00a1Ya veremos!&nbsp;<\/p>\n","protected":false},"excerpt":{"rendered":"<p>Narciso Isa Conde \u201cLa confrontaci\u00f3n va m\u00e1s all\u00e1 de las tradicionales contradicciones partidistas y de las divisiones al interior de los dos partidos. Est\u00e1 presente a nivel de masas, al interior del Estado profundo y de todo el poder permanente (empresarial, policial, militar, paramilitar y eclesial.\u201d El proceso de concentraci\u00f3n del capital, dentro y fuera [&hellip;]<\/p>\n","protected":false},"author":1,"featured_media":3738,"comment_status":"open","ping_status":"open","sticky":false,"template":"","format":"standard","meta":{"footnotes":""},"categories":[5,16],"tags":[],"_links":{"self":[{"href":"http:\/\/www.movimientocaamanista.com\/index.php?rest_route=\/wp\/v2\/posts\/3737"}],"collection":[{"href":"http:\/\/www.movimientocaamanista.com\/index.php?rest_route=\/wp\/v2\/posts"}],"about":[{"href":"http:\/\/www.movimientocaamanista.com\/index.php?rest_route=\/wp\/v2\/types\/post"}],"author":[{"embeddable":true,"href":"http:\/\/www.movimientocaamanista.com\/index.php?rest_route=\/wp\/v2\/users\/1"}],"replies":[{"embeddable":true,"href":"http:\/\/www.movimientocaamanista.com\/index.php?rest_route=%2Fwp%2Fv2%2Fcomments&post=3737"}],"version-history":[{"count":1,"href":"http:\/\/www.movimientocaamanista.com\/index.php?rest_route=\/wp\/v2\/posts\/3737\/revisions"}],"predecessor-version":[{"id":3739,"href":"http:\/\/www.movimientocaamanista.com\/index.php?rest_route=\/wp\/v2\/posts\/3737\/revisions\/3739"}],"wp:featuredmedia":[{"embeddable":true,"href":"http:\/\/www.movimientocaamanista.com\/index.php?rest_route=\/wp\/v2\/media\/3738"}],"wp:attachment":[{"href":"http:\/\/www.movimientocaamanista.com\/index.php?rest_route=%2Fwp%2Fv2%2Fmedia&parent=3737"}],"wp:term":[{"taxonomy":"category","embeddable":true,"href":"http:\/\/www.movimientocaamanista.com\/index.php?rest_route=%2Fwp%2Fv2%2Fcategories&post=3737"},{"taxonomy":"post_tag","embeddable":true,"href":"http:\/\/www.movimientocaamanista.com\/index.php?rest_route=%2Fwp%2Fv2%2Ftags&post=3737"}],"curies":[{"name":"wp","href":"https:\/\/api.w.org\/{rel}","templated":true}]}}