{"id":3750,"date":"2021-01-23T01:43:22","date_gmt":"2021-01-23T01:43:22","guid":{"rendered":"http:\/\/www.movimientocaamanista.com\/?p=3750"},"modified":"2021-01-23T01:43:23","modified_gmt":"2021-01-23T01:43:23","slug":"coronavirus-y-cuarentena-en-argentina","status":"publish","type":"post","link":"http:\/\/www.movimientocaamanista.com\/?p=3750","title":{"rendered":"Coronavirus y cuarentena en Argentina"},"content":{"rendered":"\n<p>Luis A. Yanes<\/p>\n\n\n\n<p>Fuente: <a href=\"https:\/\/rebelion.org\/coronavirus-y-cuarentena-en-argentina\/\">Rebeli\u00f3n<\/a><\/p>\n\n\n\n<p>A pesar del dictado por parte del Gobierno Argentino del Decreto N\u00b0 297 en Argentina no hubo ni aislamiento social, seguro y obligatorio ni much\u00edsimo menos cuarentena. Esta raz\u00f3n explica el rotundo fracaso que las pol\u00edticas sanitarias respecto a la difusi\u00f3n del Covid 19 a han tenido en nuestro pa\u00eds a pesar del exitismo inicial.<\/p>\n\n\n\n<p>Qu\u00e9 hechos nos permiten concluir que no hubo cuarentena: No existe cuarentena con veinticuatro actividades esenciales autorizadas a trabajar que en la pr\u00e1ctica se convierten en m\u00e1s de sesenta; con el transporte p\u00fablico trabajando a pleno; con ciento cincuenta mil veh\u00edculos ingresando diariamente a la Ciudad de Buenos Aires; con los m\u00e1s de cuatrocientos pasos fronterizos habilitados en especial la gran puerta a la pandemia: Ezeiza; con autorizaciones de circulaci\u00f3n otorgadas alegremente a pr\u00e1cticamente todo aquel que lo solicitara; y sin la obligatoriedad de usar barbijos o tapabocas. Respecto a este \u00faltimo aspecto todos sin excepci\u00f3n, los m\u00e9dicos locales, la OMS y las autoridades de Salud Nacionales y Provinciales, nos dijeron hasta el cansancio que no us\u00e1ramos ese admin\u00edculo. Fueron exactamente los mismos que tiempo despu\u00e9s pontificaban sobre la absoluta necesidad que todos no olvidemos el&nbsp; barbijo. C\u00f3mo es habitual a los hijos de \u201cDios en blanco\u201d [ Gott in Weis, como les dicen en Alemania a los m\u00e9dicos]fueron incapaces de pedir perd\u00f3n por el tremendo error. Sencillamente el mundo debe seguir andando sin ninguna culpa. Un psic\u00f3logo para los galenos, la culpa existe aunque la escondan detr\u00e1s de su soberbia.<\/p>\n\n\n\n<p>Sin embargo este no es el \u00fanico error que el equipo de \u201cexpertos\u201d que asesoraron&nbsp; al Presidente cometieron. Todos ellos son indiscutidos especialistas en el campo de las patolog\u00edas infecciosas, muchos de ellos de reconocido prestigio internacional pero demostraron conocer muy poco respecto a un epifen\u00f3meno de las pandemias y epidemias: la din\u00e1mica de su propagaci\u00f3n. Esto significa para explicarlo de una manera muy sencilla c\u00f3mo una vez declarada una enfermedad&nbsp; en base a que patrones temporales, sociales y espaciales se difunde dentro de un per\u00edodo de tiempo finito<\/p>\n\n\n\n<p>En el \u00e1mbito de la C\u00e1tedra de An\u00e1lisis Espacial de UBA llevamos varias d\u00e9cadas realizando trabajos profesionales orientados a determinar la&nbsp; los criterios de propagaci\u00f3n de cuestiones tan diversas como nuevos productos, innovaciones tecnol\u00f3gicas, pol\u00edticas de marketing, fen\u00f3menos culturales, im\u00e1genes p\u00fablicas de personajes relevantes y naturalmente enfermedades entre otras muchas cuestiones. Estos estudios, que no son nuevos en la historia de la producci\u00f3n de conocimiento cient\u00edfico, ya que datan de m\u00e1s de ciento cincuenta a\u00f1os desde su aparici\u00f3n, cuentan con herramientas matem\u00e1ticas y conceptuales de trabajo de enorme potencia y rigor t\u00e9cnico.<\/p>\n\n\n\n<p>Parad\u00f3jicamente, si a nuestro Equipo de Trabajo lo hubieran consultado respecto a qu\u00e9 hacer para garantizar que la pandemia se propagara c\u00f3mo lo hizo,&nbsp; hubi\u00e9ramos propuesto casi exactamente que se llevaran adelante las acciones que se desarrollaron.<\/p>\n\n\n\n<p>&nbsp;El conjunto de medidas para acompa\u00f1ar la cuarentena que se implementaron, era precisamente lo que hab\u00eda que hacer para garantizar su difusi\u00f3n incontrolable tal como a ha sucedido.<\/p>\n\n\n\n<p>Una Cuarentena en serio ac\u00e1 y en la China es &nbsp;igual y supone un aislamiento absoluto de toda la poblaci\u00f3n. Todav\u00eda estamos a tiempo de hacerlo: Esto supon autorizar como actividades esenciales exclusivamente a Fuerzas de Seguridad y&nbsp; Personal Sanitario;&nbsp; apertura \u00fanicamente de Farmacias y peque\u00f1os supermercados con un sistema de funcionamiento por turnos por barrios como el de las farmacias; ning\u00fan servicio de transporte p\u00fablico; ninguna movilidad espacial en autom\u00f3vil particular; uso obligatorio de barbijos y guantes descartables; criterios extremadamente estrictos para el otorgamiento de permisos de circulaci\u00f3n; cierre absoluto de todos los ingresos al territorio nacional tanto de nativos como de extranjeros sean estos residentes o turistas; invitar a los m\u00e9dicos a que visiten m\u00e1s sus laboratorios que la televisi\u00f3n. Estas medida deber\u00edan prolongarse por al menos un mes. Por todo lo anterior reiteramos a afirmamos taxativamente que en Argentina no hubo cuarentena nunca.<\/p>\n\n\n\n<p><strong>Luis A. Yanes.<\/strong>&nbsp;<strong>Profesor Titular de An\u00e1lisis Espacial.<\/strong>&nbsp;<strong>Departamento de Geograf\u00eda. UBA.<\/strong><\/p>\n","protected":false},"excerpt":{"rendered":"<p>Luis A. Yanes Fuente: Rebeli\u00f3n A pesar del dictado por parte del Gobierno Argentino del Decreto N\u00b0 297 en Argentina no hubo ni aislamiento social, seguro y obligatorio ni much\u00edsimo menos cuarentena. Esta raz\u00f3n explica el rotundo fracaso que las pol\u00edticas sanitarias respecto a la difusi\u00f3n del Covid 19 a han tenido en nuestro pa\u00eds [&hellip;]<\/p>\n","protected":false},"author":1,"featured_media":2134,"comment_status":"open","ping_status":"open","sticky":false,"template":"","format":"standard","meta":{"footnotes":""},"categories":[5,3],"tags":[],"_links":{"self":[{"href":"http:\/\/www.movimientocaamanista.com\/index.php?rest_route=\/wp\/v2\/posts\/3750"}],"collection":[{"href":"http:\/\/www.movimientocaamanista.com\/index.php?rest_route=\/wp\/v2\/posts"}],"about":[{"href":"http:\/\/www.movimientocaamanista.com\/index.php?rest_route=\/wp\/v2\/types\/post"}],"author":[{"embeddable":true,"href":"http:\/\/www.movimientocaamanista.com\/index.php?rest_route=\/wp\/v2\/users\/1"}],"replies":[{"embeddable":true,"href":"http:\/\/www.movimientocaamanista.com\/index.php?rest_route=%2Fwp%2Fv2%2Fcomments&post=3750"}],"version-history":[{"count":1,"href":"http:\/\/www.movimientocaamanista.com\/index.php?rest_route=\/wp\/v2\/posts\/3750\/revisions"}],"predecessor-version":[{"id":3751,"href":"http:\/\/www.movimientocaamanista.com\/index.php?rest_route=\/wp\/v2\/posts\/3750\/revisions\/3751"}],"wp:featuredmedia":[{"embeddable":true,"href":"http:\/\/www.movimientocaamanista.com\/index.php?rest_route=\/wp\/v2\/media\/2134"}],"wp:attachment":[{"href":"http:\/\/www.movimientocaamanista.com\/index.php?rest_route=%2Fwp%2Fv2%2Fmedia&parent=3750"}],"wp:term":[{"taxonomy":"category","embeddable":true,"href":"http:\/\/www.movimientocaamanista.com\/index.php?rest_route=%2Fwp%2Fv2%2Fcategories&post=3750"},{"taxonomy":"post_tag","embeddable":true,"href":"http:\/\/www.movimientocaamanista.com\/index.php?rest_route=%2Fwp%2Fv2%2Ftags&post=3750"}],"curies":[{"name":"wp","href":"https:\/\/api.w.org\/{rel}","templated":true}]}}