{"id":3784,"date":"2021-01-25T10:35:44","date_gmt":"2021-01-25T10:35:44","guid":{"rendered":"http:\/\/www.movimientocaamanista.com\/?p=3784"},"modified":"2021-01-25T10:35:45","modified_gmt":"2021-01-25T10:35:45","slug":"el-bacalao","status":"publish","type":"post","link":"http:\/\/www.movimientocaamanista.com\/?p=3784","title":{"rendered":"EL BACALAO"},"content":{"rendered":"\n<p>Narciso Isa Conde<\/p>\n\n\n\n<p>\u00bfQui\u00e9n  \u201ccorta el bacalao\u201d? \u00bfQui\u00e9n ejerce poder real? Hay quienes piensan que esa es funci\u00f3n del Jefe de Estado, pero no siempre es as\u00ed. En pa\u00edses colonizados mandan los Trump y  Pompeo, y los Biden y  Blinken. Pero ahora no me refiero al poder supremo, sino al r\u00e9gimen colonizado y su poder ejecutivo. \u00bfQui\u00e9n entre su membrec\u00eda \u201ccorta el bacalao\u201d?<\/p>\n\n\n\n<p>Hay quienes aseguran que  en esta colonia manda el Presidente como gobernador de ricos predios imperiales, o como gerente del patrimonio usurpado, administrador de activos del Estado, de sus bienes y propiedades, puertos y aeropuertos, fuentes de energ\u00eda, autov\u00edas y playas. Entienden que eso es lo l\u00f3gico y ciertamente tiene l\u00f3gica. Pero pasa que en estos paisajes no siempre la l\u00f3gica funciona.<\/p>\n\n\n\n<p>Sobre todo cuando en un gobierno de multimillonarios, con fuerte impronta privatizadora, el presidente resulta ser un multimillonario con menor rango que aquellos que previamente han ejercido roles de primeros socios  del Imperio, de subalternos de mayor rango y  propietarios de poderoso grupo empresarial cuasi due\u00f1o del pa\u00eds; disponiendo, en consecuencia, de inmenso poder de compra e inversi\u00f3n en el mercado pol\u00edtico-electoral. <\/p>\n\n\n\n<p>Entonces, camaradas, la l\u00f3gica jer\u00e1rquica se va al carajo y comienzan a producirse mutaciones extra\u00f1as. Un prominente representante de ese emporio privado pasa a ejercer la pol\u00edtica al m\u00e1s alto nivel, y  sin ning\u00fan m\u00e9rito acumulado, es nombrado jefe supremo del gabinete electoral de un  empresario metido a  pol\u00edtico y a candidato presidencial, para convertirse luego en Ministro de la Presidencia; una especie de Primer Ministro del gabinete gubernamental, con m\u00faltiples y sensibles funciones de Estado.<\/p>\n\n\n\n<p>Ese paso -mediado por una gran inversi\u00f3n en el mercado electoral, en un partido convertido en compa\u00f1\u00eda por acciones, y  en un candidato presto a ser su gerente- posibilit\u00f3 convertir esa trilog\u00eda en instrumentos de nuevas alianzas pol\u00edtico-econ\u00f3micas de car\u00e1cter p\u00fablico-privadas; lo que implic\u00f3 un paso audaz hacia la privatizaciones de las funciones de Gobierno y Estado, camino a privatizar lo que queda del patrimonio p\u00fablico y natural de la Naci\u00f3n.<\/p>\n\n\n\n<p>Eso explica que el Premier sea encargado de la venta de activos del Estado a su propio grupo econ\u00f3mico y a otros parecidos (los de mayor poder de compra del pa\u00eds y m\u00e1s pr\u00f3ximos al conc\u00f3n del Imperio); explica que a la vez se le otorgue mucho poder en la creaci\u00f3n de las APPs  y se le escoja para  definir las contrataciones con los abogados nombrados para recuperar recursos multimillonarios robados al Estado. Entonces, est\u00e1 clarito, que ese personaje es quien \u201ccorta el bacalao\u201d, mientras el otro disfruta de costosos figureos teatrales y mediocres espect\u00e1culos televisivos.<\/p>\n","protected":false},"excerpt":{"rendered":"<p>Narciso Isa Conde \u00bfQui\u00e9n \u201ccorta el bacalao\u201d? \u00bfQui\u00e9n ejerce poder real? Hay quienes piensan que esa es funci\u00f3n del Jefe de Estado, pero no siempre es as\u00ed. En pa\u00edses colonizados mandan los Trump y Pompeo, y los Biden y Blinken. Pero ahora no me refiero al poder supremo, sino al r\u00e9gimen colonizado y su poder [&hellip;]<\/p>\n","protected":false},"author":1,"featured_media":3786,"comment_status":"open","ping_status":"open","sticky":false,"template":"","format":"standard","meta":{"footnotes":""},"categories":[5,16],"tags":[],"_links":{"self":[{"href":"http:\/\/www.movimientocaamanista.com\/index.php?rest_route=\/wp\/v2\/posts\/3784"}],"collection":[{"href":"http:\/\/www.movimientocaamanista.com\/index.php?rest_route=\/wp\/v2\/posts"}],"about":[{"href":"http:\/\/www.movimientocaamanista.com\/index.php?rest_route=\/wp\/v2\/types\/post"}],"author":[{"embeddable":true,"href":"http:\/\/www.movimientocaamanista.com\/index.php?rest_route=\/wp\/v2\/users\/1"}],"replies":[{"embeddable":true,"href":"http:\/\/www.movimientocaamanista.com\/index.php?rest_route=%2Fwp%2Fv2%2Fcomments&post=3784"}],"version-history":[{"count":1,"href":"http:\/\/www.movimientocaamanista.com\/index.php?rest_route=\/wp\/v2\/posts\/3784\/revisions"}],"predecessor-version":[{"id":3785,"href":"http:\/\/www.movimientocaamanista.com\/index.php?rest_route=\/wp\/v2\/posts\/3784\/revisions\/3785"}],"wp:featuredmedia":[{"embeddable":true,"href":"http:\/\/www.movimientocaamanista.com\/index.php?rest_route=\/wp\/v2\/media\/3786"}],"wp:attachment":[{"href":"http:\/\/www.movimientocaamanista.com\/index.php?rest_route=%2Fwp%2Fv2%2Fmedia&parent=3784"}],"wp:term":[{"taxonomy":"category","embeddable":true,"href":"http:\/\/www.movimientocaamanista.com\/index.php?rest_route=%2Fwp%2Fv2%2Fcategories&post=3784"},{"taxonomy":"post_tag","embeddable":true,"href":"http:\/\/www.movimientocaamanista.com\/index.php?rest_route=%2Fwp%2Fv2%2Ftags&post=3784"}],"curies":[{"name":"wp","href":"https:\/\/api.w.org\/{rel}","templated":true}]}}