{"id":3812,"date":"2021-02-03T01:11:57","date_gmt":"2021-02-03T01:11:57","guid":{"rendered":"http:\/\/www.movimientocaamanista.com\/?p=3812"},"modified":"2021-02-03T01:11:58","modified_gmt":"2021-02-03T01:11:58","slug":"las-ensenanzas-de-farabundo-marti-se-multiplican","status":"publish","type":"post","link":"http:\/\/www.movimientocaamanista.com\/?p=3812","title":{"rendered":"Las ense\u00f1anzas de Farabundo Mart\u00ed se multiplican"},"content":{"rendered":"\n<p>Movimiento Popular Dominicano (MPD)<\/p>\n\n\n\n<p>Revolucionario, Comunista, que desde joven recorre toda Centroam\u00e9rica y M\u00e9xico regando sus ense\u00f1anzas en favor de los oprimidos.<\/p>\n\n\n\n<p>Su conciencia le nace desde muy jovencito. No dej\u00f3 nunca confundirse de su realidad de cierta comodidad econ\u00f3mica. \u00c9sta realidad no le fue impedimento para convertirse en un Quijote en defensa de los campesinos,<br>\ntrabajadores y desposeidos centroamericanos y de su tierra natal, El Salvador.<\/p>\n\n\n\n<p>En Nicaragua se une al general C\u00e9sar Augusto Sandino,  del cual se convierte en su secretario, y adem\u00e1s en su encargado diplom\u00e1tico cuando viajan a M\u00e9xico en busca de recursos militares.<\/p>\n\n\n\n<p>En 1932, un d\u00eda como hoy, 1 de febrero muere fusilado.<br>\n89 a\u00f1os  despu\u00e9s seguimos recordando y rindiendole homenajes sin reservas.<\/p>\n\n\n\n<p>Sus huellas anti Imperialistas, las mantenemos y las mantendremos para organizar las luchas en favor de los trabajadores, campesinos y masas populares latinoamericanas, y dominicanas en concreto.<\/p>\n\n\n\n<p>Nosotros Movimiento Popular Dominicano (MPD), reafirmamos nuestros compromisos internacionalistas y revolucionarios en estos momentos y los futuros por venir.<\/p>\n\n\n\n<p>Al igual que los que inici\u00f3 Gregorio Urbano Gilbert, qui\u00e9n luch\u00f3 junto al general Sandino y Farabundo Mart\u00ed.<\/p>\n\n\n\n<p>Farabundo Mart\u00ed es la estrella luminosa que alumbra a Am\u00e9rica latina!!<\/p>\n\n\n\n<p>No nos van a rendir, tampoco nos rendiremos!!<\/p>\n\n\n\n<p>Viva la lucha anti Imperialista!!<\/p>\n\n\n\n<p>Febrero: mes del 65 aniversario Rojinegro!!<\/p>\n\n\n\n<p>El Partido de Pablo Mart\u00ednez, El Moreno y El Men Presente!!<\/p>\n\n\n\n<p>Comit\u00e9 Pol\u00edtico del Comit\u00e9 Central.<br>\nDepartamento Internacional.<\/p>\n","protected":false},"excerpt":{"rendered":"<p>Movimiento Popular Dominicano (MPD) Revolucionario, Comunista, que desde joven recorre toda Centroam\u00e9rica y M\u00e9xico regando sus ense\u00f1anzas en favor de los oprimidos. Su conciencia le nace desde muy jovencito. No dej\u00f3 nunca confundirse de su realidad de cierta comodidad econ\u00f3mica. \u00c9sta realidad no le fue impedimento para convertirse en un Quijote en defensa de los [&hellip;]<\/p>\n","protected":false},"author":1,"featured_media":3813,"comment_status":"open","ping_status":"open","sticky":false,"template":"","format":"standard","meta":{"footnotes":""},"categories":[5,16],"tags":[],"_links":{"self":[{"href":"http:\/\/www.movimientocaamanista.com\/index.php?rest_route=\/wp\/v2\/posts\/3812"}],"collection":[{"href":"http:\/\/www.movimientocaamanista.com\/index.php?rest_route=\/wp\/v2\/posts"}],"about":[{"href":"http:\/\/www.movimientocaamanista.com\/index.php?rest_route=\/wp\/v2\/types\/post"}],"author":[{"embeddable":true,"href":"http:\/\/www.movimientocaamanista.com\/index.php?rest_route=\/wp\/v2\/users\/1"}],"replies":[{"embeddable":true,"href":"http:\/\/www.movimientocaamanista.com\/index.php?rest_route=%2Fwp%2Fv2%2Fcomments&post=3812"}],"version-history":[{"count":1,"href":"http:\/\/www.movimientocaamanista.com\/index.php?rest_route=\/wp\/v2\/posts\/3812\/revisions"}],"predecessor-version":[{"id":3814,"href":"http:\/\/www.movimientocaamanista.com\/index.php?rest_route=\/wp\/v2\/posts\/3812\/revisions\/3814"}],"wp:featuredmedia":[{"embeddable":true,"href":"http:\/\/www.movimientocaamanista.com\/index.php?rest_route=\/wp\/v2\/media\/3813"}],"wp:attachment":[{"href":"http:\/\/www.movimientocaamanista.com\/index.php?rest_route=%2Fwp%2Fv2%2Fmedia&parent=3812"}],"wp:term":[{"taxonomy":"category","embeddable":true,"href":"http:\/\/www.movimientocaamanista.com\/index.php?rest_route=%2Fwp%2Fv2%2Fcategories&post=3812"},{"taxonomy":"post_tag","embeddable":true,"href":"http:\/\/www.movimientocaamanista.com\/index.php?rest_route=%2Fwp%2Fv2%2Ftags&post=3812"}],"curies":[{"name":"wp","href":"https:\/\/api.w.org\/{rel}","templated":true}]}}